{"id":18031,"date":"2019-05-13T11:17:28","date_gmt":"2019-05-13T11:17:28","guid":{"rendered":"https:\/\/www.aguarda.es\/?p=18031"},"modified":"2019-05-13T11:23:28","modified_gmt":"2019-05-13T11:23:28","slug":"a-mostra-asociativa-consolidase-na-sua-terceira-edicion","status":"publish","type":"post","link":"https:\/\/www.aguarda.es\/en\/a-mostra-asociativa-consolidase-na-sua-terceira-edicion\/","title":{"rendered":"A Mostra Asociativa consol\u00eddase na s\u00faa terceira edici\u00f3n"},"content":{"rendered":"<p>[vc_row][vc_column][vc_column_text]<\/p>\n<p style=\"text-align: JUSTIFY\">O pasado s\u00e1bado d\u00eda 11 de maio de 2019 a Alameda da Guarda foi o lugar escollido para a celebraci\u00f3n da terceira edici\u00f3n da Mostra Asociativa, un evento multicultural no que as asociaci\u00f3ns da vila foron as protagonistas dando a co\u00f1ecer o seu traballo a todos os asistentes cunha gran programaci\u00f3n de actividades que comezou cun xantar popular no que participaron a meirande parte dos 30 colectivos desta edici\u00f3n.<\/p>\n<p style=\"text-align: JUSTIFY\">\u00c1s 16:00h arrancaba oficialmente esta II Mostra Asociativa cunha actuaci\u00f3n conxunta entre A Boalleira e Na Revolta, nunha xornada cunhas temperaturas excepcionais que promoveron unha afluencia de asistentes que se mantivo ao longo da tarde, aproveitando a diversidade de propostas para todas as idades.<\/p>\n<p style=\"text-align: JUSTIFY\">A Alameda da Guarda converteuse no punto de reuni\u00f3n con stands individuais de cada colectivo, nos que tam\u00e9n se realizaron actividades paralelas e se informou m\u00e1is pormenorizadamente sobre os servizos e obxectivos de cada Asociaci\u00f3n\/colectivo, destacando a realizaci\u00f3n dunha alfombra floral, a pr\u00e1ctica deportiva de remo erg\u00f3metro, un obradoiro de hockey e patinaxe, un obradoiro de decoraci\u00f3n de palma, un obradoiro de henna, un obradoiro de chapas, unha exhibici\u00f3n de skate, xogos, circuito e actividades de airsoft, obradoiro de n\u00f3s mari\u00f1eiros, sopas de letras, aparellos mari\u00f1eiros, photocall entre outras.<\/p>\n<p style=\"text-align: JUSTIFY\">A tarde continuaba intercalando numerosas actividades conxuntas entre varios colectivos coma a Exhibici\u00f3n de Danza Centro Do-Maj\u00f3, a actuaci\u00f3n conxunta entre a Asociaci\u00f3n Vento Mareiro, Rock\u00b4n\u00b4Rolla, Xamaraina e o Coro Arpegios-Cant\u00e1bile, a actuaci\u00f3n da Agrupaci\u00f3n Musical da Guarda, o ser\u00e1n coas actuaci\u00f3ns dos grupos Do Lusco \u00f3 Fusco e Vento Mareiro, a actuaci\u00f3n das Pandereteiras da Agrupaci\u00f3n Cultural Guardesa e xa para por o broche final a actuaci\u00f3n de Xerock.<\/p>\n<p style=\"text-align: JUSTIFY\">Dende o Concello da Guarda se quere agradecer unha vez m\u00e1is o traballo, constancia e compa\u00f1eirismo das asociaci\u00f3ns da vila, o que favorece a realizaci\u00f3n deste tipo de iniciativas, moi importantes para por en valor a colectivos que apostan pola vila e polo dinamismo da mesma, cada unha no seu \u00e1mbito de actuaci\u00f3n.<\/p>\n<h2 style=\"text-align: center\"><strong>GALER\u00cdA<\/strong><\/h2>\n<p>[\/vc_column_text][\/vc_column][\/vc_row][vc_row][vc_column][vc_raw_html]JTNDaWZyYW1lJTIwc3JjJTNEJTIyaHR0cHMlM0ElMkYlMkZ3d3cuZmFjZWJvb2suY29tJTJGcGx1Z2lucyUyRnBvc3QucGhwJTNGaHJlZiUzRGh0dHBzJTI1M0ElMjUyRiUyNTJGd3d3LmZhY2Vib29rLmNvbSUyNTJGbWVkaWElMjUyRnNldCUyNTJGJTI1M0ZzZXQlMjUzRGEuNjMxNjMyODc3MzUyODU2JTI1MjZ0eXBlJTI1M0QzJTI2d2lkdGglM0Q1MDAlMjIlMjB3aWR0aCUzRCUyMjUwMCUyMiUyMGhlaWdodCUzRCUyMjc0NSUyMiUyMHN0eWxlJTNEJTIyYm9yZGVyJTNBbm9uZSUzQm92ZXJmbG93JTNBaGlkZGVuJTIyJTIwc2Nyb2xsaW5nJTNEJTIybm8lMjIlMjBmcmFtZWJvcmRlciUzRCUyMjAlMjIlMjBhbGxvd1RyYW5zcGFyZW5jeSUzRCUyMnRydWUlMjIlMjBhbGxvdyUzRCUyMmVuY3J5cHRlZC1tZWRpYSUyMiUzRSUzQyUyRmlmcmFtZSUzRQ==[\/vc_raw_html][\/vc_column][\/vc_row]<\/p>\n","protected":false},"excerpt":{"rendered":"<p>[vc_row][vc_column][vc_column_text] O pasado s\u00e1bado d\u00eda 11 de maio de 2019 a Alameda da Guarda foi o lugar escollido para a celebraci\u00f3n da terceira edici\u00f3n da Mostra Asociativa, un evento multicultural no que as asociaci\u00f3ns da vila foron as protagonistas dando &hellip; <\/p>\n","protected":false},"author":2,"featured_media":18032,"comment_status":"open","ping_status":"open","sticky":false,"template":"","format":"standard","meta":[],"categories":[34,35,33],"tags":[226,1392,563],"yoast_head":"<!-- This site is optimized with the Yoast SEO plugin v21.1 - https:\/\/yoast.com\/wordpress\/plugins\/seo\/ -->\n<title>A Mostra Asociativa consol\u00eddase na s\u00faa terceira edici\u00f3n - Concello da Guarda<\/title>\n<meta name=\"robots\" content=\"index, follow, max-snippet:-1, max-image-preview:large, max-video-preview:-1\" \/>\n<link rel=\"canonical\" href=\"https:\/\/www.aguarda.es\/en\/a-mostra-asociativa-consolidase-na-sua-terceira-edicion\/\" \/>\n<meta property=\"og:locale\" content=\"en_US\" \/>\n<meta property=\"og:type\" content=\"article\" \/>\n<meta property=\"og:title\" content=\"A Mostra Asociativa consol\u00eddase na s\u00faa terceira edici\u00f3n - Concello da Guarda\" \/>\n<meta property=\"og:description\" content=\"[vc_row][vc_column][vc_column_text] O pasado s\u00e1bado d\u00eda 11 de maio de 2019 a Alameda da Guarda foi o lugar escollido para a celebraci\u00f3n da terceira edici\u00f3n da Mostra Asociativa, un evento multicultural no que as asociaci\u00f3ns da vila foron as protagonistas dando &hellip;\" \/>\n<meta property=\"og:url\" content=\"https:\/\/www.aguarda.es\/en\/a-mostra-asociativa-consolidase-na-sua-terceira-edicion\/\" \/>\n<meta property=\"og:site_name\" content=\"Concello da Guarda\" \/>\n<meta property=\"article:publisher\" content=\"https:\/\/www.facebook.com\/ConcellodaGuarda\" \/>\n<meta property=\"article:published_time\" content=\"2019-05-13T11:17:28+00:00\" \/>\n<meta property=\"article:modified_time\" content=\"2019-05-13T11:23:28+00:00\" \/>\n<meta property=\"og:image\" content=\"https:\/\/www.aguarda.es\/wp-content\/uploads\/2019\/05\/NP-13052019-A-Mostra-Asociativa-consol\u00eddase-na-s\u00faa-terceira-edici\u00f3n.jpg\" \/>\n\t<meta property=\"og:image:width\" content=\"800\" \/>\n\t<meta property=\"og:image:height\" content=\"800\" \/>\n\t<meta property=\"og:image:type\" content=\"image\/jpeg\" \/>\n<meta name=\"author\" content=\"prensa\" \/>\n<meta name=\"twitter:card\" content=\"summary_large_image\" \/>\n<meta name=\"twitter:creator\" content=\"@AGuarda_es\" \/>\n<meta name=\"twitter:site\" content=\"@AGuarda_es\" \/>\n<meta name=\"twitter:label1\" content=\"Written by\" \/>\n\t<meta name=\"twitter:data1\" content=\"prensa\" \/>\n\t<meta name=\"twitter:label2\" content=\"Est. reading time\" \/>\n\t<meta name=\"twitter:data2\" content=\"2 minutes\" \/>\n<script type=\"application\/ld+json\" class=\"yoast-schema-graph\">{\"@context\":\"https:\/\/schema.org\",\"@graph\":[{\"@type\":\"WebPage\",\"@id\":\"https:\/\/www.aguarda.es\/en\/a-mostra-asociativa-consolidase-na-sua-terceira-edicion\/\",\"url\":\"https:\/\/www.aguarda.es\/en\/a-mostra-asociativa-consolidase-na-sua-terceira-edicion\/\",\"name\":\"A Mostra Asociativa consol\u00eddase na s\u00faa terceira edici\u00f3n - Concello da Guarda\",\"isPartOf\":{\"@id\":\"https:\/\/www.aguarda.es\/en\/#website\"},\"datePublished\":\"2019-05-13T11:17:28+00:00\",\"dateModified\":\"2019-05-13T11:23:28+00:00\",\"author\":{\"@id\":\"https:\/\/www.aguarda.es\/en\/#\/schema\/person\/c463ca3006858ffb349d11179d044f21\"},\"breadcrumb\":{\"@id\":\"https:\/\/www.aguarda.es\/en\/a-mostra-asociativa-consolidase-na-sua-terceira-edicion\/#breadcrumb\"},\"inLanguage\":\"en-US\",\"potentialAction\":[{\"@type\":\"ReadAction\",\"target\":[\"https:\/\/www.aguarda.es\/en\/a-mostra-asociativa-consolidase-na-sua-terceira-edicion\/\"]}]},{\"@type\":\"BreadcrumbList\",\"@id\":\"https:\/\/www.aguarda.es\/en\/a-mostra-asociativa-consolidase-na-sua-terceira-edicion\/#breadcrumb\",\"itemListElement\":[{\"@type\":\"ListItem\",\"position\":1,\"name\":\"Portada\",\"item\":\"https:\/\/www.aguarda.es\/en\/\"},{\"@type\":\"ListItem\",\"position\":2,\"name\":\"A Mostra Asociativa consol\u00eddase na s\u00faa terceira edici\u00f3n\"}]},{\"@type\":\"WebSite\",\"@id\":\"https:\/\/www.aguarda.es\/en\/#website\",\"url\":\"https:\/\/www.aguarda.es\/en\/\",\"name\":\"Concello da Guarda\",\"description\":\"P\u00e1xina web do concello da Guarda\",\"potentialAction\":[{\"@type\":\"SearchAction\",\"target\":{\"@type\":\"EntryPoint\",\"urlTemplate\":\"https:\/\/www.aguarda.es\/en\/?s={search_term_string}\"},\"query-input\":\"required name=search_term_string\"}],\"inLanguage\":\"en-US\"},{\"@type\":\"Person\",\"@id\":\"https:\/\/www.aguarda.es\/en\/#\/schema\/person\/c463ca3006858ffb349d11179d044f21\",\"name\":\"prensa\",\"image\":{\"@type\":\"ImageObject\",\"inLanguage\":\"en-US\",\"@id\":\"https:\/\/www.aguarda.es\/en\/#\/schema\/person\/image\/\",\"url\":\"https:\/\/secure.gravatar.com\/avatar\/5f90ef536b0f98306edf5c7a1135ffa1?s=96&d=mm&r=g\",\"contentUrl\":\"https:\/\/secure.gravatar.com\/avatar\/5f90ef536b0f98306edf5c7a1135ffa1?s=96&d=mm&r=g\",\"caption\":\"prensa\"},\"url\":\"https:\/\/www.aguarda.es\/en\/author\/prensa\/\"}]}<\/script>\n<!-- \/ Yoast SEO plugin. -->","yoast_head_json":{"title":"A Mostra Asociativa consol\u00eddase na s\u00faa terceira edici\u00f3n - Concello da Guarda","robots":{"index":"index","follow":"follow","max-snippet":"max-snippet:-1","max-image-preview":"max-image-preview:large","max-video-preview":"max-video-preview:-1"},"canonical":"https:\/\/www.aguarda.es\/en\/a-mostra-asociativa-consolidase-na-sua-terceira-edicion\/","og_locale":"en_US","og_type":"article","og_title":"A Mostra Asociativa consol\u00eddase na s\u00faa terceira edici\u00f3n - Concello da Guarda","og_description":"[vc_row][vc_column][vc_column_text] O pasado s\u00e1bado d\u00eda 11 de maio de 2019 a Alameda da Guarda foi o lugar escollido para a celebraci\u00f3n da terceira edici\u00f3n da Mostra Asociativa, un evento multicultural no que as asociaci\u00f3ns da vila foron as protagonistas dando &hellip;","og_url":"https:\/\/www.aguarda.es\/en\/a-mostra-asociativa-consolidase-na-sua-terceira-edicion\/","og_site_name":"Concello da Guarda","article_publisher":"https:\/\/www.facebook.com\/ConcellodaGuarda","article_published_time":"2019-05-13T11:17:28+00:00","article_modified_time":"2019-05-13T11:23:28+00:00","og_image":[{"width":800,"height":800,"url":"https:\/\/www.aguarda.es\/wp-content\/uploads\/2019\/05\/NP-13052019-A-Mostra-Asociativa-consol\u00eddase-na-s\u00faa-terceira-edici\u00f3n.jpg","type":"image\/jpeg"}],"author":"prensa","twitter_card":"summary_large_image","twitter_creator":"@AGuarda_es","twitter_site":"@AGuarda_es","twitter_misc":{"Written by":"prensa","Est. reading time":"2 minutes"},"schema":{"@context":"https:\/\/schema.org","@graph":[{"@type":"WebPage","@id":"https:\/\/www.aguarda.es\/en\/a-mostra-asociativa-consolidase-na-sua-terceira-edicion\/","url":"https:\/\/www.aguarda.es\/en\/a-mostra-asociativa-consolidase-na-sua-terceira-edicion\/","name":"A Mostra Asociativa consol\u00eddase na s\u00faa terceira edici\u00f3n - Concello da Guarda","isPartOf":{"@id":"https:\/\/www.aguarda.es\/en\/#website"},"datePublished":"2019-05-13T11:17:28+00:00","dateModified":"2019-05-13T11:23:28+00:00","author":{"@id":"https:\/\/www.aguarda.es\/en\/#\/schema\/person\/c463ca3006858ffb349d11179d044f21"},"breadcrumb":{"@id":"https:\/\/www.aguarda.es\/en\/a-mostra-asociativa-consolidase-na-sua-terceira-edicion\/#breadcrumb"},"inLanguage":"en-US","potentialAction":[{"@type":"ReadAction","target":["https:\/\/www.aguarda.es\/en\/a-mostra-asociativa-consolidase-na-sua-terceira-edicion\/"]}]},{"@type":"BreadcrumbList","@id":"https:\/\/www.aguarda.es\/en\/a-mostra-asociativa-consolidase-na-sua-terceira-edicion\/#breadcrumb","itemListElement":[{"@type":"ListItem","position":1,"name":"Portada","item":"https:\/\/www.aguarda.es\/en\/"},{"@type":"ListItem","position":2,"name":"A Mostra Asociativa consol\u00eddase na s\u00faa terceira edici\u00f3n"}]},{"@type":"WebSite","@id":"https:\/\/www.aguarda.es\/en\/#website","url":"https:\/\/www.aguarda.es\/en\/","name":"Concello da Guarda","description":"P\u00e1xina web do concello da Guarda","potentialAction":[{"@type":"SearchAction","target":{"@type":"EntryPoint","urlTemplate":"https:\/\/www.aguarda.es\/en\/?s={search_term_string}"},"query-input":"required name=search_term_string"}],"inLanguage":"en-US"},{"@type":"Person","@id":"https:\/\/www.aguarda.es\/en\/#\/schema\/person\/c463ca3006858ffb349d11179d044f21","name":"prensa","image":{"@type":"ImageObject","inLanguage":"en-US","@id":"https:\/\/www.aguarda.es\/en\/#\/schema\/person\/image\/","url":"https:\/\/secure.gravatar.com\/avatar\/5f90ef536b0f98306edf5c7a1135ffa1?s=96&d=mm&r=g","contentUrl":"https:\/\/secure.gravatar.com\/avatar\/5f90ef536b0f98306edf5c7a1135ffa1?s=96&d=mm&r=g","caption":"prensa"},"url":"https:\/\/www.aguarda.es\/en\/author\/prensa\/"}]}},"_links":{"self":[{"href":"https:\/\/www.aguarda.es\/en\/wp-json\/wp\/v2\/posts\/18031"}],"collection":[{"href":"https:\/\/www.aguarda.es\/en\/wp-json\/wp\/v2\/posts"}],"about":[{"href":"https:\/\/www.aguarda.es\/en\/wp-json\/wp\/v2\/types\/post"}],"author":[{"embeddable":true,"href":"https:\/\/www.aguarda.es\/en\/wp-json\/wp\/v2\/users\/2"}],"replies":[{"embeddable":true,"href":"https:\/\/www.aguarda.es\/en\/wp-json\/wp\/v2\/comments?post=18031"}],"version-history":[{"count":4,"href":"https:\/\/www.aguarda.es\/en\/wp-json\/wp\/v2\/posts\/18031\/revisions"}],"predecessor-version":[{"id":18037,"href":"https:\/\/www.aguarda.es\/en\/wp-json\/wp\/v2\/posts\/18031\/revisions\/18037"}],"wp:featuredmedia":[{"embeddable":true,"href":"https:\/\/www.aguarda.es\/en\/wp-json\/wp\/v2\/media\/18032"}],"wp:attachment":[{"href":"https:\/\/www.aguarda.es\/en\/wp-json\/wp\/v2\/media?parent=18031"}],"wp:term":[{"taxonomy":"category","embeddable":true,"href":"https:\/\/www.aguarda.es\/en\/wp-json\/wp\/v2\/categories?post=18031"},{"taxonomy":"post_tag","embeddable":true,"href":"https:\/\/www.aguarda.es\/en\/wp-json\/wp\/v2\/tags?post=18031"}],"curies":[{"name":"wp","href":"https:\/\/api.w.org\/{rel}","templated":true}]}}