{"id":18038,"date":"2019-05-13T12:04:21","date_gmt":"2019-05-13T12:04:21","guid":{"rendered":"https:\/\/www.aguarda.es\/?p=18038"},"modified":"2019-05-13T12:04:21","modified_gmt":"2019-05-13T12:04:21","slug":"a-guarda-conmemora-este-sabado-o-dia-internacional-dos-museos","status":"publish","type":"post","link":"https:\/\/www.aguarda.es\/en\/a-guarda-conmemora-este-sabado-o-dia-internacional-dos-museos\/","title":{"rendered":"A Guarda conmemora este s\u00e1bado o D\u00eda Internacional dos Museos"},"content":{"rendered":"<p style=\"text-align: justify\">O vindeiro s\u00e1bado d\u00eda 18 de maio cel\u00e9brase o D\u00eda Internacional dos Museos, que este ano se conmemora coa tem\u00e1tica dos Museos coma eixos culturais e futuro das tradici\u00f3ns.<\/p>\n<p style=\"text-align: justify\">O ICOM quere centrar a celebraci\u00f3n deste ano nos novos papeis dos museos coma actores activos en cada comunidade, nunha sociedade en cont\u00ednuo cambio, na que tam\u00e9n os museos se te\u00f1en que adaptar e reinventarse, sendo m\u00e1is interactivos, flexibles e m\u00f3biles, espazo de co\u00f1ecemento onde as persoas compartan e interact\u00faen.<\/p>\n<p style=\"text-align: justify\">Entre as acci\u00f3ns para conmemorar o D\u00eda Internacional dos Museos, dende o Concello da Guarda se organiza unha visita guiada \u00e1s Salinas Romanas do Seixal, aproveitando a segunda fase do proxecto \u00abA Guarda, Mar de Sal\u00bb para a recuperaci\u00f3n e posta en valor das salinas da zona do Seixal e Camposancos, na fachada atl\u00e1ntica sur do termo municipal da Guarda. O proxecto \u00abMar de Sal\u00bb fundam\u00e9ntase na necesidade de sustentar o desenvolvemento patrimonial sobre un s\u00f3lido respaldo cient\u00edfico. O estudo rigoroso das paisaxes do sal e a s\u00faa posta en valor permiten crear un recurso patrimonial posto ao servizo da cidadan\u00eda. Para esta visita guiada, que ter\u00e1 lugar o s\u00e1bado 18 de maio \u00e1s 10:45h, \u00e9 preciso unha inscrici\u00f3n previa no enderezo electr\u00f3nico anabam.anabam@gmail.com ou no tel\u00e9fono 616 180 557. O punto de sa\u00edda ser\u00e1 o Porto da Guarda e a duraci\u00f3n estimada desta visita \u00e9 de 2 horas.<\/p>\n<p style=\"text-align: justify\">Ademais, tam\u00e9n durante a xornada do s\u00e1bado d\u00eda 18 de maio, o acceso ao Monte de Santa Trega ser\u00e1 de balde, contando tam\u00e9n coas visitas guiadas postas en marcha dende o departamento de turismo para co\u00f1ecer m\u00e1is polo mi\u00fado o patrimonio e a historia do Monte Santa Trega.<\/p>\n<p style=\"text-align: justify\">As visitas guiadas realizaranse os s\u00e1bados e domingos dos meses de maio e xu\u00f1o en horario de 11:30h, 12:30h e 17:00h.<\/p>\n<p style=\"text-align: justify\">\u00c1s 11:30h realizarase a visita guiada ao Castro de Santa Trega, que ter\u00e1 como punto de encontro a vivenda reconstru\u00edda do Castro de Santa Trega e que ter\u00e1 unha duraci\u00f3n aproximada de 30 minutos.<\/p>\n<p style=\"text-align: justify\">\u00c1s 12:30h e \u00e1s 17:00h ter\u00e1n lugar d\u00faas novas visitas guiadas ao Monte Santa Trega, con punto de encontro no Museo Arqueol\u00f3xico(MASAT) e que ter\u00e1n unha duraci\u00f3n aproximada de 90 minutos.<\/p>\n<p style=\"text-align: justify\">Estas visitas guiadas son de car\u00e1cter gratu\u00edto e sen inscrici\u00f3n previa. Para grupos de m\u00e1is de 10 persoas \u00e9 preciso facer unha reserva previa chamando ao tel\u00e9fono 986610504.<\/p>\n<p style=\"text-align: justify\">Do mesmo xeito o acceso ao Centro de Interpretaci\u00f3n das Fortalezas do Castelo de Santa Cruz tam\u00e9n ser\u00e1 gratu\u00edto, onde se atopa arestora a Exposici\u00f3n de maquetas e figuras de Prax\u00edteles Gonz\u00e1lez na que se expo\u00f1en varias maquetas do artista rosaleiro, como Ponte do Tamuxe, Igrexa de Santa Mari\u00f1a do Rosal, Mu\u00ed\u00f1o Serradoiro e d\u00faas vivendas rosaleiras, todos este elementos do Rosal. Ademais das maquetas das Catedrais de Santiago e Notre Dame. Completa esta exposici\u00f3n unha selecci\u00f3n das m\u00e1is de 40 esculturas realizadas polo artista. Horario de 11:00h a 14:00h e de 16:00h a 19:00h.<\/p>\n","protected":false},"excerpt":{"rendered":"<p>O vindeiro s\u00e1bado d\u00eda 18 de maio cel\u00e9brase o D\u00eda Internacional dos Museos, que este ano se conmemora coa tem\u00e1tica dos Museos coma eixos culturais e futuro das tradici\u00f3ns. O ICOM quere centrar a celebraci\u00f3n deste ano nos novos papeis &hellip; <\/p>\n","protected":false},"author":2,"featured_media":18039,"comment_status":"open","ping_status":"open","sticky":false,"template":"","format":"standard","meta":[],"categories":[56],"tags":[226,1821,1576],"yoast_head":"<!-- This site is optimized with the Yoast SEO plugin v21.1 - https:\/\/yoast.com\/wordpress\/plugins\/seo\/ -->\n<title>A Guarda conmemora este s\u00e1bado o D\u00eda Internacional dos Museos - Concello da Guarda<\/title>\n<meta name=\"robots\" content=\"index, follow, max-snippet:-1, max-image-preview:large, max-video-preview:-1\" \/>\n<link rel=\"canonical\" href=\"https:\/\/www.aguarda.es\/en\/a-guarda-conmemora-este-sabado-o-dia-internacional-dos-museos\/\" \/>\n<meta property=\"og:locale\" content=\"en_US\" \/>\n<meta property=\"og:type\" content=\"article\" \/>\n<meta property=\"og:title\" content=\"A Guarda conmemora este s\u00e1bado o D\u00eda Internacional dos Museos - Concello da Guarda\" \/>\n<meta property=\"og:description\" content=\"O vindeiro s\u00e1bado d\u00eda 18 de maio cel\u00e9brase o D\u00eda Internacional dos Museos, que este ano se conmemora coa tem\u00e1tica dos Museos coma eixos culturais e futuro das tradici\u00f3ns. O ICOM quere centrar a celebraci\u00f3n deste ano nos novos papeis &hellip;\" \/>\n<meta property=\"og:url\" content=\"https:\/\/www.aguarda.es\/en\/a-guarda-conmemora-este-sabado-o-dia-internacional-dos-museos\/\" \/>\n<meta property=\"og:site_name\" content=\"Concello da Guarda\" \/>\n<meta property=\"article:publisher\" content=\"https:\/\/www.facebook.com\/ConcellodaGuarda\" \/>\n<meta property=\"article:published_time\" content=\"2019-05-13T12:04:21+00:00\" \/>\n<meta property=\"og:image\" content=\"https:\/\/www.aguarda.es\/wp-content\/uploads\/2019\/05\/NP-13052019-A-Guarda-conmemora-este-s\u00e1bado-o-D\u00eda-Internacional-dos-Museos-2.jpg\" \/>\n\t<meta property=\"og:image:width\" content=\"800\" \/>\n\t<meta property=\"og:image:height\" content=\"1131\" \/>\n\t<meta property=\"og:image:type\" content=\"image\/jpeg\" \/>\n<meta name=\"author\" content=\"prensa\" \/>\n<meta name=\"twitter:card\" content=\"summary_large_image\" \/>\n<meta name=\"twitter:creator\" content=\"@AGuarda_es\" \/>\n<meta name=\"twitter:site\" content=\"@AGuarda_es\" \/>\n<meta name=\"twitter:label1\" content=\"Written by\" \/>\n\t<meta name=\"twitter:data1\" content=\"prensa\" \/>\n\t<meta name=\"twitter:label2\" content=\"Est. reading time\" \/>\n\t<meta name=\"twitter:data2\" content=\"3 minutes\" \/>\n<script type=\"application\/ld+json\" class=\"yoast-schema-graph\">{\"@context\":\"https:\/\/schema.org\",\"@graph\":[{\"@type\":\"WebPage\",\"@id\":\"https:\/\/www.aguarda.es\/en\/a-guarda-conmemora-este-sabado-o-dia-internacional-dos-museos\/\",\"url\":\"https:\/\/www.aguarda.es\/en\/a-guarda-conmemora-este-sabado-o-dia-internacional-dos-museos\/\",\"name\":\"A Guarda conmemora este s\u00e1bado o D\u00eda Internacional dos Museos - Concello da Guarda\",\"isPartOf\":{\"@id\":\"https:\/\/www.aguarda.es\/en\/#website\"},\"datePublished\":\"2019-05-13T12:04:21+00:00\",\"dateModified\":\"2019-05-13T12:04:21+00:00\",\"author\":{\"@id\":\"https:\/\/www.aguarda.es\/en\/#\/schema\/person\/c463ca3006858ffb349d11179d044f21\"},\"breadcrumb\":{\"@id\":\"https:\/\/www.aguarda.es\/en\/a-guarda-conmemora-este-sabado-o-dia-internacional-dos-museos\/#breadcrumb\"},\"inLanguage\":\"en-US\",\"potentialAction\":[{\"@type\":\"ReadAction\",\"target\":[\"https:\/\/www.aguarda.es\/en\/a-guarda-conmemora-este-sabado-o-dia-internacional-dos-museos\/\"]}]},{\"@type\":\"BreadcrumbList\",\"@id\":\"https:\/\/www.aguarda.es\/en\/a-guarda-conmemora-este-sabado-o-dia-internacional-dos-museos\/#breadcrumb\",\"itemListElement\":[{\"@type\":\"ListItem\",\"position\":1,\"name\":\"Portada\",\"item\":\"https:\/\/www.aguarda.es\/en\/\"},{\"@type\":\"ListItem\",\"position\":2,\"name\":\"A Guarda conmemora este s\u00e1bado o D\u00eda Internacional dos Museos\"}]},{\"@type\":\"WebSite\",\"@id\":\"https:\/\/www.aguarda.es\/en\/#website\",\"url\":\"https:\/\/www.aguarda.es\/en\/\",\"name\":\"Concello da Guarda\",\"description\":\"P\u00e1xina web do concello da Guarda\",\"potentialAction\":[{\"@type\":\"SearchAction\",\"target\":{\"@type\":\"EntryPoint\",\"urlTemplate\":\"https:\/\/www.aguarda.es\/en\/?s={search_term_string}\"},\"query-input\":\"required name=search_term_string\"}],\"inLanguage\":\"en-US\"},{\"@type\":\"Person\",\"@id\":\"https:\/\/www.aguarda.es\/en\/#\/schema\/person\/c463ca3006858ffb349d11179d044f21\",\"name\":\"prensa\",\"image\":{\"@type\":\"ImageObject\",\"inLanguage\":\"en-US\",\"@id\":\"https:\/\/www.aguarda.es\/en\/#\/schema\/person\/image\/\",\"url\":\"https:\/\/secure.gravatar.com\/avatar\/5f90ef536b0f98306edf5c7a1135ffa1?s=96&d=mm&r=g\",\"contentUrl\":\"https:\/\/secure.gravatar.com\/avatar\/5f90ef536b0f98306edf5c7a1135ffa1?s=96&d=mm&r=g\",\"caption\":\"prensa\"},\"url\":\"https:\/\/www.aguarda.es\/en\/author\/prensa\/\"}]}<\/script>\n<!-- \/ Yoast SEO plugin. -->","yoast_head_json":{"title":"A Guarda conmemora este s\u00e1bado o D\u00eda Internacional dos Museos - Concello da Guarda","robots":{"index":"index","follow":"follow","max-snippet":"max-snippet:-1","max-image-preview":"max-image-preview:large","max-video-preview":"max-video-preview:-1"},"canonical":"https:\/\/www.aguarda.es\/en\/a-guarda-conmemora-este-sabado-o-dia-internacional-dos-museos\/","og_locale":"en_US","og_type":"article","og_title":"A Guarda conmemora este s\u00e1bado o D\u00eda Internacional dos Museos - Concello da Guarda","og_description":"O vindeiro s\u00e1bado d\u00eda 18 de maio cel\u00e9brase o D\u00eda Internacional dos Museos, que este ano se conmemora coa tem\u00e1tica dos Museos coma eixos culturais e futuro das tradici\u00f3ns. O ICOM quere centrar a celebraci\u00f3n deste ano nos novos papeis &hellip;","og_url":"https:\/\/www.aguarda.es\/en\/a-guarda-conmemora-este-sabado-o-dia-internacional-dos-museos\/","og_site_name":"Concello da Guarda","article_publisher":"https:\/\/www.facebook.com\/ConcellodaGuarda","article_published_time":"2019-05-13T12:04:21+00:00","og_image":[{"width":800,"height":1131,"url":"https:\/\/www.aguarda.es\/wp-content\/uploads\/2019\/05\/NP-13052019-A-Guarda-conmemora-este-s\u00e1bado-o-D\u00eda-Internacional-dos-Museos-2.jpg","type":"image\/jpeg"}],"author":"prensa","twitter_card":"summary_large_image","twitter_creator":"@AGuarda_es","twitter_site":"@AGuarda_es","twitter_misc":{"Written by":"prensa","Est. reading time":"3 minutes"},"schema":{"@context":"https:\/\/schema.org","@graph":[{"@type":"WebPage","@id":"https:\/\/www.aguarda.es\/en\/a-guarda-conmemora-este-sabado-o-dia-internacional-dos-museos\/","url":"https:\/\/www.aguarda.es\/en\/a-guarda-conmemora-este-sabado-o-dia-internacional-dos-museos\/","name":"A Guarda conmemora este s\u00e1bado o D\u00eda Internacional dos Museos - Concello da Guarda","isPartOf":{"@id":"https:\/\/www.aguarda.es\/en\/#website"},"datePublished":"2019-05-13T12:04:21+00:00","dateModified":"2019-05-13T12:04:21+00:00","author":{"@id":"https:\/\/www.aguarda.es\/en\/#\/schema\/person\/c463ca3006858ffb349d11179d044f21"},"breadcrumb":{"@id":"https:\/\/www.aguarda.es\/en\/a-guarda-conmemora-este-sabado-o-dia-internacional-dos-museos\/#breadcrumb"},"inLanguage":"en-US","potentialAction":[{"@type":"ReadAction","target":["https:\/\/www.aguarda.es\/en\/a-guarda-conmemora-este-sabado-o-dia-internacional-dos-museos\/"]}]},{"@type":"BreadcrumbList","@id":"https:\/\/www.aguarda.es\/en\/a-guarda-conmemora-este-sabado-o-dia-internacional-dos-museos\/#breadcrumb","itemListElement":[{"@type":"ListItem","position":1,"name":"Portada","item":"https:\/\/www.aguarda.es\/en\/"},{"@type":"ListItem","position":2,"name":"A Guarda conmemora este s\u00e1bado o D\u00eda Internacional dos Museos"}]},{"@type":"WebSite","@id":"https:\/\/www.aguarda.es\/en\/#website","url":"https:\/\/www.aguarda.es\/en\/","name":"Concello da Guarda","description":"P\u00e1xina web do concello da Guarda","potentialAction":[{"@type":"SearchAction","target":{"@type":"EntryPoint","urlTemplate":"https:\/\/www.aguarda.es\/en\/?s={search_term_string}"},"query-input":"required name=search_term_string"}],"inLanguage":"en-US"},{"@type":"Person","@id":"https:\/\/www.aguarda.es\/en\/#\/schema\/person\/c463ca3006858ffb349d11179d044f21","name":"prensa","image":{"@type":"ImageObject","inLanguage":"en-US","@id":"https:\/\/www.aguarda.es\/en\/#\/schema\/person\/image\/","url":"https:\/\/secure.gravatar.com\/avatar\/5f90ef536b0f98306edf5c7a1135ffa1?s=96&d=mm&r=g","contentUrl":"https:\/\/secure.gravatar.com\/avatar\/5f90ef536b0f98306edf5c7a1135ffa1?s=96&d=mm&r=g","caption":"prensa"},"url":"https:\/\/www.aguarda.es\/en\/author\/prensa\/"}]}},"_links":{"self":[{"href":"https:\/\/www.aguarda.es\/en\/wp-json\/wp\/v2\/posts\/18038"}],"collection":[{"href":"https:\/\/www.aguarda.es\/en\/wp-json\/wp\/v2\/posts"}],"about":[{"href":"https:\/\/www.aguarda.es\/en\/wp-json\/wp\/v2\/types\/post"}],"author":[{"embeddable":true,"href":"https:\/\/www.aguarda.es\/en\/wp-json\/wp\/v2\/users\/2"}],"replies":[{"embeddable":true,"href":"https:\/\/www.aguarda.es\/en\/wp-json\/wp\/v2\/comments?post=18038"}],"version-history":[{"count":1,"href":"https:\/\/www.aguarda.es\/en\/wp-json\/wp\/v2\/posts\/18038\/revisions"}],"predecessor-version":[{"id":18041,"href":"https:\/\/www.aguarda.es\/en\/wp-json\/wp\/v2\/posts\/18038\/revisions\/18041"}],"wp:featuredmedia":[{"embeddable":true,"href":"https:\/\/www.aguarda.es\/en\/wp-json\/wp\/v2\/media\/18039"}],"wp:attachment":[{"href":"https:\/\/www.aguarda.es\/en\/wp-json\/wp\/v2\/media?parent=18038"}],"wp:term":[{"taxonomy":"category","embeddable":true,"href":"https:\/\/www.aguarda.es\/en\/wp-json\/wp\/v2\/categories?post=18038"},{"taxonomy":"post_tag","embeddable":true,"href":"https:\/\/www.aguarda.es\/en\/wp-json\/wp\/v2\/tags?post=18038"}],"curies":[{"name":"wp","href":"https:\/\/api.w.org\/{rel}","templated":true}]}}