{"id":18114,"date":"2019-05-21T11:33:10","date_gmt":"2019-05-21T11:33:10","guid":{"rendered":"https:\/\/www.aguarda.es\/?p=18114"},"modified":"2019-05-21T11:33:10","modified_gmt":"2019-05-21T11:33:10","slug":"a-guarda-avanza-no-plan-especial-de-infraestruturas-e-dotacions-da-sangrina","status":"publish","type":"post","link":"https:\/\/www.aguarda.es\/en\/a-guarda-avanza-no-plan-especial-de-infraestruturas-e-dotacions-da-sangrina\/","title":{"rendered":"A Guarda avanza no Plan Especial de infraestruturas e dotaci\u00f3ns da Sangri\u00f1a"},"content":{"rendered":"<p style=\"text-align: justify\">O Concello da Guarda ven de iniciar a tramitaci\u00f3n do expediente de Impacto Ambiental para o Plan de infraestruturas e dotaci\u00f3ns para a zona da Sangri\u00f1a, o que permitir\u00e1 consolidar este espazo para diferentes usos deportivos, comunicaci\u00f3ns, transportes, espazos p\u00fablicos, entre outros.<\/p>\n<p style=\"text-align: justify\">Nesta zona actualmente xa se atopan varios servizos e espazos dotacionais como o IES A Sangri\u00f1a, a Conservatorio Municipal de M\u00fasica, o Pavill\u00f3n Municipal o Campo de F\u00fatbol, a Piscina Municipal o Almac\u00e9n Municipal, o Punto Limpo ou a Casa Cuartel da Guardia Civil.<\/p>\n<p style=\"text-align: justify\">Este Plan Especial pretende ampliar a superficie delimitada como solo de equipamentos no planeamento vixente nunha superficie de 19,323m2 , mellorando as condici\u00f3ns de urbanizaci\u00f3n en 11,174m2 quedando una superficie total de actuaci\u00f3n de 30,497m2 co obxectivo de ofertar unha maior eficacia e coherencia entre a oferta de equipamentos e as necesidades de cada \u00e1mbito territorial, a accesibilidade e cobertura da poboaci\u00f3n, mellorando o atractivo da vila da Guarda, cunha zona de infraestruturas e dotaci\u00f3n perfectamente delimitada.<\/p>\n<p style=\"text-align: justify\">O uso principal previsto para estas parcelas dotacionais \u00e9 o deportivo, tendo un espazo xa reservado para a futura construci\u00f3n dun novo Pavill\u00f3n Municipal para A Guarda, cun aforo aproximado de 1000 espectadores, coa intenci\u00f3n de dar cobertura \u00e1 puxanza en xeral do deporte no concello e a s\u00faa contorna do Baixo Mi\u00f1o, coa s\u00faa correspondente zona de aparcadoiro, incorporando a este plan varias parcelas de titularidade municipal \u00f3 \u00e1mbito de equipamentos existente na zona.<\/p>\n<p style=\"text-align: justify\">A maiores o plan incl\u00fae a ampliaci\u00f3n das zonas verdes existentes con sistema de rego eficientes as\u00ed coma unha iluminaci\u00f3n e novos pavimentados, promovendo o aforro e eficiencia enerx\u00e9tica das instalaci\u00f3ns.<\/p>\n<p style=\"text-align: justify\">O custe previsto para esta urbanizaci\u00f3n, tendo en conta as zonas verdes, os viarios, o acondicionamento de novas parcelas, a conexi\u00f3n de servizos xerais e dem\u00e1is custes asociados ascende a 711.120,05\u20ac.<\/p>\n<p style=\"text-align: center\"><img decoding=\"async\" loading=\"lazy\" class=\"aligncenter size-full wp-image-18115\" src=\"https:\/\/www.aguarda.es\/wp-content\/uploads\/2019\/05\/NP-21052019-A-Guarda-avanza-no-Plan-Especial-de-infraestruturas-e-dotaci\u00f3ns-da-Sangri\u00f1a-1.jpg\" alt=\"\" width=\"800\" height=\"600\" srcset=\"https:\/\/www.aguarda.es\/wp-content\/uploads\/2019\/05\/NP-21052019-A-Guarda-avanza-no-Plan-Especial-de-infraestruturas-e-dotaci\u00f3ns-da-Sangri\u00f1a-1.jpg 800w, https:\/\/www.aguarda.es\/wp-content\/uploads\/2019\/05\/NP-21052019-A-Guarda-avanza-no-Plan-Especial-de-infraestruturas-e-dotaci\u00f3ns-da-Sangri\u00f1a-1-300x225.jpg 300w, https:\/\/www.aguarda.es\/wp-content\/uploads\/2019\/05\/NP-21052019-A-Guarda-avanza-no-Plan-Especial-de-infraestruturas-e-dotaci\u00f3ns-da-Sangri\u00f1a-1-768x576.jpg 768w, https:\/\/www.aguarda.es\/wp-content\/uploads\/2019\/05\/NP-21052019-A-Guarda-avanza-no-Plan-Especial-de-infraestruturas-e-dotaci\u00f3ns-da-Sangri\u00f1a-1-570x428.jpg 570w\" sizes=\"(max-width: 800px) 100vw, 800px\" \/><\/p>\n","protected":false},"excerpt":{"rendered":"<p>O Concello da Guarda ven de iniciar a tramitaci\u00f3n do expediente de Impacto Ambiental para o Plan de infraestruturas e dotaci\u00f3ns para a zona da Sangri\u00f1a, o que permitir\u00e1 consolidar este espazo para diferentes usos deportivos, comunicaci\u00f3ns, transportes, espazos p\u00fablicos, &hellip; <\/p>\n","protected":false},"author":2,"featured_media":18117,"comment_status":"open","ping_status":"open","sticky":false,"template":"","format":"standard","meta":[],"categories":[35,33],"tags":[226,276,1825,1593],"yoast_head":"<!-- This site is optimized with the Yoast SEO plugin v21.1 - https:\/\/yoast.com\/wordpress\/plugins\/seo\/ -->\n<title>A Guarda avanza no Plan Especial de infraestruturas e dotaci\u00f3ns da Sangri\u00f1a - Concello da Guarda<\/title>\n<meta name=\"robots\" content=\"index, follow, max-snippet:-1, max-image-preview:large, max-video-preview:-1\" \/>\n<link rel=\"canonical\" href=\"https:\/\/www.aguarda.es\/en\/a-guarda-avanza-no-plan-especial-de-infraestruturas-e-dotacions-da-sangrina\/\" \/>\n<meta property=\"og:locale\" content=\"en_US\" \/>\n<meta property=\"og:type\" content=\"article\" \/>\n<meta property=\"og:title\" content=\"A Guarda avanza no Plan Especial de infraestruturas e dotaci\u00f3ns da Sangri\u00f1a - Concello da Guarda\" \/>\n<meta property=\"og:description\" content=\"O Concello da Guarda ven de iniciar a tramitaci\u00f3n do expediente de Impacto Ambiental para o Plan de infraestruturas e dotaci\u00f3ns para a zona da Sangri\u00f1a, o que permitir\u00e1 consolidar este espazo para diferentes usos deportivos, comunicaci\u00f3ns, transportes, espazos p\u00fablicos, &hellip;\" \/>\n<meta property=\"og:url\" content=\"https:\/\/www.aguarda.es\/en\/a-guarda-avanza-no-plan-especial-de-infraestruturas-e-dotacions-da-sangrina\/\" \/>\n<meta property=\"og:site_name\" content=\"Concello da Guarda\" \/>\n<meta property=\"article:publisher\" content=\"https:\/\/www.facebook.com\/ConcellodaGuarda\" \/>\n<meta property=\"article:published_time\" content=\"2019-05-21T11:33:10+00:00\" \/>\n<meta property=\"og:image\" content=\"https:\/\/www.aguarda.es\/wp-content\/uploads\/2019\/05\/NP-21052019-A-Guarda-avanza-no-Plan-Especial-de-infraestruturas-e-dotaci\u00f3ns-da-Sangri\u00f1a-5.jpg\" \/>\n\t<meta property=\"og:image:width\" content=\"800\" \/>\n\t<meta property=\"og:image:height\" content=\"600\" \/>\n\t<meta property=\"og:image:type\" content=\"image\/jpeg\" \/>\n<meta name=\"author\" content=\"prensa\" \/>\n<meta name=\"twitter:card\" content=\"summary_large_image\" \/>\n<meta name=\"twitter:creator\" content=\"@AGuarda_es\" \/>\n<meta name=\"twitter:site\" content=\"@AGuarda_es\" \/>\n<meta name=\"twitter:label1\" content=\"Written by\" \/>\n\t<meta name=\"twitter:data1\" content=\"prensa\" \/>\n\t<meta name=\"twitter:label2\" content=\"Est. reading time\" \/>\n\t<meta name=\"twitter:data2\" content=\"2 minutes\" \/>\n<script type=\"application\/ld+json\" class=\"yoast-schema-graph\">{\"@context\":\"https:\/\/schema.org\",\"@graph\":[{\"@type\":\"WebPage\",\"@id\":\"https:\/\/www.aguarda.es\/en\/a-guarda-avanza-no-plan-especial-de-infraestruturas-e-dotacions-da-sangrina\/\",\"url\":\"https:\/\/www.aguarda.es\/en\/a-guarda-avanza-no-plan-especial-de-infraestruturas-e-dotacions-da-sangrina\/\",\"name\":\"A Guarda avanza no Plan Especial de infraestruturas e dotaci\u00f3ns da Sangri\u00f1a - Concello da Guarda\",\"isPartOf\":{\"@id\":\"https:\/\/www.aguarda.es\/en\/#website\"},\"datePublished\":\"2019-05-21T11:33:10+00:00\",\"dateModified\":\"2019-05-21T11:33:10+00:00\",\"author\":{\"@id\":\"https:\/\/www.aguarda.es\/en\/#\/schema\/person\/c463ca3006858ffb349d11179d044f21\"},\"breadcrumb\":{\"@id\":\"https:\/\/www.aguarda.es\/en\/a-guarda-avanza-no-plan-especial-de-infraestruturas-e-dotacions-da-sangrina\/#breadcrumb\"},\"inLanguage\":\"en-US\",\"potentialAction\":[{\"@type\":\"ReadAction\",\"target\":[\"https:\/\/www.aguarda.es\/en\/a-guarda-avanza-no-plan-especial-de-infraestruturas-e-dotacions-da-sangrina\/\"]}]},{\"@type\":\"BreadcrumbList\",\"@id\":\"https:\/\/www.aguarda.es\/en\/a-guarda-avanza-no-plan-especial-de-infraestruturas-e-dotacions-da-sangrina\/#breadcrumb\",\"itemListElement\":[{\"@type\":\"ListItem\",\"position\":1,\"name\":\"Portada\",\"item\":\"https:\/\/www.aguarda.es\/en\/\"},{\"@type\":\"ListItem\",\"position\":2,\"name\":\"A Guarda avanza no Plan Especial de infraestruturas e dotaci\u00f3ns da Sangri\u00f1a\"}]},{\"@type\":\"WebSite\",\"@id\":\"https:\/\/www.aguarda.es\/en\/#website\",\"url\":\"https:\/\/www.aguarda.es\/en\/\",\"name\":\"Concello da Guarda\",\"description\":\"P\u00e1xina web do concello da Guarda\",\"potentialAction\":[{\"@type\":\"SearchAction\",\"target\":{\"@type\":\"EntryPoint\",\"urlTemplate\":\"https:\/\/www.aguarda.es\/en\/?s={search_term_string}\"},\"query-input\":\"required name=search_term_string\"}],\"inLanguage\":\"en-US\"},{\"@type\":\"Person\",\"@id\":\"https:\/\/www.aguarda.es\/en\/#\/schema\/person\/c463ca3006858ffb349d11179d044f21\",\"name\":\"prensa\",\"image\":{\"@type\":\"ImageObject\",\"inLanguage\":\"en-US\",\"@id\":\"https:\/\/www.aguarda.es\/en\/#\/schema\/person\/image\/\",\"url\":\"https:\/\/secure.gravatar.com\/avatar\/5f90ef536b0f98306edf5c7a1135ffa1?s=96&d=mm&r=g\",\"contentUrl\":\"https:\/\/secure.gravatar.com\/avatar\/5f90ef536b0f98306edf5c7a1135ffa1?s=96&d=mm&r=g\",\"caption\":\"prensa\"},\"url\":\"https:\/\/www.aguarda.es\/en\/author\/prensa\/\"}]}<\/script>\n<!-- \/ Yoast SEO plugin. -->","yoast_head_json":{"title":"A Guarda avanza no Plan Especial de infraestruturas e dotaci\u00f3ns da Sangri\u00f1a - Concello da Guarda","robots":{"index":"index","follow":"follow","max-snippet":"max-snippet:-1","max-image-preview":"max-image-preview:large","max-video-preview":"max-video-preview:-1"},"canonical":"https:\/\/www.aguarda.es\/en\/a-guarda-avanza-no-plan-especial-de-infraestruturas-e-dotacions-da-sangrina\/","og_locale":"en_US","og_type":"article","og_title":"A Guarda avanza no Plan Especial de infraestruturas e dotaci\u00f3ns da Sangri\u00f1a - Concello da Guarda","og_description":"O Concello da Guarda ven de iniciar a tramitaci\u00f3n do expediente de Impacto Ambiental para o Plan de infraestruturas e dotaci\u00f3ns para a zona da Sangri\u00f1a, o que permitir\u00e1 consolidar este espazo para diferentes usos deportivos, comunicaci\u00f3ns, transportes, espazos p\u00fablicos, &hellip;","og_url":"https:\/\/www.aguarda.es\/en\/a-guarda-avanza-no-plan-especial-de-infraestruturas-e-dotacions-da-sangrina\/","og_site_name":"Concello da Guarda","article_publisher":"https:\/\/www.facebook.com\/ConcellodaGuarda","article_published_time":"2019-05-21T11:33:10+00:00","og_image":[{"width":800,"height":600,"url":"https:\/\/www.aguarda.es\/wp-content\/uploads\/2019\/05\/NP-21052019-A-Guarda-avanza-no-Plan-Especial-de-infraestruturas-e-dotaci\u00f3ns-da-Sangri\u00f1a-5.jpg","type":"image\/jpeg"}],"author":"prensa","twitter_card":"summary_large_image","twitter_creator":"@AGuarda_es","twitter_site":"@AGuarda_es","twitter_misc":{"Written by":"prensa","Est. reading time":"2 minutes"},"schema":{"@context":"https:\/\/schema.org","@graph":[{"@type":"WebPage","@id":"https:\/\/www.aguarda.es\/en\/a-guarda-avanza-no-plan-especial-de-infraestruturas-e-dotacions-da-sangrina\/","url":"https:\/\/www.aguarda.es\/en\/a-guarda-avanza-no-plan-especial-de-infraestruturas-e-dotacions-da-sangrina\/","name":"A Guarda avanza no Plan Especial de infraestruturas e dotaci\u00f3ns da Sangri\u00f1a - Concello da Guarda","isPartOf":{"@id":"https:\/\/www.aguarda.es\/en\/#website"},"datePublished":"2019-05-21T11:33:10+00:00","dateModified":"2019-05-21T11:33:10+00:00","author":{"@id":"https:\/\/www.aguarda.es\/en\/#\/schema\/person\/c463ca3006858ffb349d11179d044f21"},"breadcrumb":{"@id":"https:\/\/www.aguarda.es\/en\/a-guarda-avanza-no-plan-especial-de-infraestruturas-e-dotacions-da-sangrina\/#breadcrumb"},"inLanguage":"en-US","potentialAction":[{"@type":"ReadAction","target":["https:\/\/www.aguarda.es\/en\/a-guarda-avanza-no-plan-especial-de-infraestruturas-e-dotacions-da-sangrina\/"]}]},{"@type":"BreadcrumbList","@id":"https:\/\/www.aguarda.es\/en\/a-guarda-avanza-no-plan-especial-de-infraestruturas-e-dotacions-da-sangrina\/#breadcrumb","itemListElement":[{"@type":"ListItem","position":1,"name":"Portada","item":"https:\/\/www.aguarda.es\/en\/"},{"@type":"ListItem","position":2,"name":"A Guarda avanza no Plan Especial de infraestruturas e dotaci\u00f3ns da Sangri\u00f1a"}]},{"@type":"WebSite","@id":"https:\/\/www.aguarda.es\/en\/#website","url":"https:\/\/www.aguarda.es\/en\/","name":"Concello da Guarda","description":"P\u00e1xina web do concello da Guarda","potentialAction":[{"@type":"SearchAction","target":{"@type":"EntryPoint","urlTemplate":"https:\/\/www.aguarda.es\/en\/?s={search_term_string}"},"query-input":"required name=search_term_string"}],"inLanguage":"en-US"},{"@type":"Person","@id":"https:\/\/www.aguarda.es\/en\/#\/schema\/person\/c463ca3006858ffb349d11179d044f21","name":"prensa","image":{"@type":"ImageObject","inLanguage":"en-US","@id":"https:\/\/www.aguarda.es\/en\/#\/schema\/person\/image\/","url":"https:\/\/secure.gravatar.com\/avatar\/5f90ef536b0f98306edf5c7a1135ffa1?s=96&d=mm&r=g","contentUrl":"https:\/\/secure.gravatar.com\/avatar\/5f90ef536b0f98306edf5c7a1135ffa1?s=96&d=mm&r=g","caption":"prensa"},"url":"https:\/\/www.aguarda.es\/en\/author\/prensa\/"}]}},"_links":{"self":[{"href":"https:\/\/www.aguarda.es\/en\/wp-json\/wp\/v2\/posts\/18114"}],"collection":[{"href":"https:\/\/www.aguarda.es\/en\/wp-json\/wp\/v2\/posts"}],"about":[{"href":"https:\/\/www.aguarda.es\/en\/wp-json\/wp\/v2\/types\/post"}],"author":[{"embeddable":true,"href":"https:\/\/www.aguarda.es\/en\/wp-json\/wp\/v2\/users\/2"}],"replies":[{"embeddable":true,"href":"https:\/\/www.aguarda.es\/en\/wp-json\/wp\/v2\/comments?post=18114"}],"version-history":[{"count":1,"href":"https:\/\/www.aguarda.es\/en\/wp-json\/wp\/v2\/posts\/18114\/revisions"}],"predecessor-version":[{"id":18119,"href":"https:\/\/www.aguarda.es\/en\/wp-json\/wp\/v2\/posts\/18114\/revisions\/18119"}],"wp:featuredmedia":[{"embeddable":true,"href":"https:\/\/www.aguarda.es\/en\/wp-json\/wp\/v2\/media\/18117"}],"wp:attachment":[{"href":"https:\/\/www.aguarda.es\/en\/wp-json\/wp\/v2\/media?parent=18114"}],"wp:term":[{"taxonomy":"category","embeddable":true,"href":"https:\/\/www.aguarda.es\/en\/wp-json\/wp\/v2\/categories?post=18114"},{"taxonomy":"post_tag","embeddable":true,"href":"https:\/\/www.aguarda.es\/en\/wp-json\/wp\/v2\/tags?post=18114"}],"curies":[{"name":"wp","href":"https:\/\/api.w.org\/{rel}","templated":true}]}}