{"id":18168,"date":"2019-05-24T08:28:51","date_gmt":"2019-05-24T08:28:51","guid":{"rendered":"https:\/\/www.aguarda.es\/?p=18168"},"modified":"2019-05-24T08:28:51","modified_gmt":"2019-05-24T08:28:51","slug":"os-caminos-escolares-seguros-seran-unha-realidade-na-guarda-o-concello-pedira-financiamento-a-deputacion","status":"publish","type":"post","link":"https:\/\/www.aguarda.es\/en\/os-caminos-escolares-seguros-seran-unha-realidade-na-guarda-o-concello-pedira-financiamento-a-deputacion\/","title":{"rendered":"Os Cami\u00f1os escolares seguros ser\u00e1n unha realidade na Guarda. O concello pedir\u00e1 financiamento a Deputaci\u00f3n"},"content":{"rendered":"<p style=\"text-align: justify\">Nas pasadas semanas o equipo redactor do Proxecto de Cami\u00f1os Escolares Seguros na Guarda, ven de avanzar para que o mesmo estea en funcionamento xa no vindeiro ano lectivo.<\/p>\n<p style=\"text-align: justify\">O Proxecto de Cami\u00f1os Escolares Seguros xurde ante a necesidade dun cambio de paradigma na maneira de moverse nas cidades e vilas, mellorando a seguridade vial establecendo rutas seguras ou \u00abSafeRoutestoSchool\u00bb, para que os nenos e nenas realicen os seus desprazamentos entre os seus fogares e os seus centros de ensino con total seguridade.<\/p>\n<p style=\"text-align: justify\">As ideas do pedagogo italiano Francesco Tonucci marcan un novo rumbo para os proxectos de cami\u00f1os escolares, cun novo concepto de cidade, propiciando a autonom\u00eda infantil.<\/p>\n<p style=\"text-align: justify\">Segundo se desprende do segundo informe, no que se recollen varias actividades realizadas tendo como base a mobilidade do alumnado do CEIP Manuel Rodr\u00edguez Sinde, se concl\u00fae que o vial de acceso m\u00e1is empregado neste centro educativo da Guarda \u00e9 a R\u00faa Tui, tanto a p\u00e9 coma en veh\u00edculos, sendo as r\u00faas Coru\u00f1a e Ourense e Avda. Galicia e Dom\u00ednguez Fontenla nas que confl\u00faen os fluxos de mobilidade das persoas en segunda orden en importancia.<\/p>\n<p style=\"text-align: justify\">Deste xeito logrouse ter unha visi\u00f3n concreta dos percorridos realizados d\u00eda a d\u00eda polas familias e alumnos, con datos altamente fidedignos. Neste senso a trav\u00e9s de cuestionarios realizados \u00e1s familias logrouse determinar que unha das maiores preocupaci\u00f3ns dos pais e nais dos alumnos e alumnas \u00e9 o tr\u00e1fico e a seguridade, indicando que o aumento do n\u00famero de veh\u00edculos provoca unha maior inseguridade.<\/p>\n<p style=\"text-align: justify\">Os alumnos e alumnas traballaron en varias sesi\u00f3ns informativas, ao igual que os seus pais, nais e titores, onde se realizaron varias enquisas, debates para obter o m\u00e1ximo de informaci\u00f3n para a elaboraci\u00f3n deste proxecto.<\/p>\n<p style=\"text-align: justify\">De todas as actividades realizadas se prop\u00f3n un trazado como \u00abCami\u00f1o Escolar Seguro\u00bb nun total de 730m de viais, nas r\u00faas Brasilino \u00c1lvarez, Enrique M\u00aa Sesto, Carretera de Circunvalaci\u00f3n, R\u00faa Tui e R\u00faa Ourense.<\/p>\n<p style=\"text-align: center\"><img decoding=\"async\" loading=\"lazy\" class=\"aligncenter size-full wp-image-18171\" src=\"https:\/\/www.aguarda.es\/wp-content\/uploads\/2019\/05\/NP24054.jpg\" alt=\"\" width=\"800\" height=\"600\" srcset=\"https:\/\/www.aguarda.es\/wp-content\/uploads\/2019\/05\/NP24054.jpg 800w, https:\/\/www.aguarda.es\/wp-content\/uploads\/2019\/05\/NP24054-300x225.jpg 300w, https:\/\/www.aguarda.es\/wp-content\/uploads\/2019\/05\/NP24054-768x576.jpg 768w, https:\/\/www.aguarda.es\/wp-content\/uploads\/2019\/05\/NP24054-570x428.jpg 570w\" sizes=\"(max-width: 800px) 100vw, 800px\" \/><\/p>\n","protected":false},"excerpt":{"rendered":"<p>Nas pasadas semanas o equipo redactor do Proxecto de Cami\u00f1os Escolares Seguros na Guarda, ven de avanzar para que o mesmo estea en funcionamento xa no vindeiro ano lectivo. O Proxecto de Cami\u00f1os Escolares Seguros xurde ante a necesidade dun &hellip; <\/p>\n","protected":false},"author":2,"featured_media":18169,"comment_status":"open","ping_status":"open","sticky":false,"template":"","format":"standard","meta":[],"categories":[37,33],"tags":[226,1829,699],"yoast_head":"<!-- This site is optimized with the Yoast SEO plugin v21.1 - https:\/\/yoast.com\/wordpress\/plugins\/seo\/ -->\n<title>Os Cami\u00f1os escolares seguros ser\u00e1n unha realidade na Guarda. O concello pedir\u00e1 financiamento a Deputaci\u00f3n - Concello da Guarda<\/title>\n<meta name=\"robots\" content=\"index, follow, max-snippet:-1, max-image-preview:large, max-video-preview:-1\" \/>\n<link rel=\"canonical\" href=\"https:\/\/www.aguarda.es\/en\/os-caminos-escolares-seguros-seran-unha-realidade-na-guarda-o-concello-pedira-financiamento-a-deputacion\/\" \/>\n<meta property=\"og:locale\" content=\"en_US\" \/>\n<meta property=\"og:type\" content=\"article\" \/>\n<meta property=\"og:title\" content=\"Os Cami\u00f1os escolares seguros ser\u00e1n unha realidade na Guarda. O concello pedir\u00e1 financiamento a Deputaci\u00f3n - Concello da Guarda\" \/>\n<meta property=\"og:description\" content=\"Nas pasadas semanas o equipo redactor do Proxecto de Cami\u00f1os Escolares Seguros na Guarda, ven de avanzar para que o mesmo estea en funcionamento xa no vindeiro ano lectivo. O Proxecto de Cami\u00f1os Escolares Seguros xurde ante a necesidade dun &hellip;\" \/>\n<meta property=\"og:url\" content=\"https:\/\/www.aguarda.es\/en\/os-caminos-escolares-seguros-seran-unha-realidade-na-guarda-o-concello-pedira-financiamento-a-deputacion\/\" \/>\n<meta property=\"og:site_name\" content=\"Concello da Guarda\" \/>\n<meta property=\"article:publisher\" content=\"https:\/\/www.facebook.com\/ConcellodaGuarda\" \/>\n<meta property=\"article:published_time\" content=\"2019-05-24T08:28:51+00:00\" \/>\n<meta property=\"og:image\" content=\"https:\/\/www.aguarda.es\/wp-content\/uploads\/2019\/05\/NP24053.jpg\" \/>\n\t<meta property=\"og:image:width\" content=\"800\" \/>\n\t<meta property=\"og:image:height\" content=\"600\" \/>\n\t<meta property=\"og:image:type\" content=\"image\/jpeg\" \/>\n<meta name=\"author\" content=\"prensa\" \/>\n<meta name=\"twitter:card\" content=\"summary_large_image\" \/>\n<meta name=\"twitter:creator\" content=\"@AGuarda_es\" \/>\n<meta name=\"twitter:site\" content=\"@AGuarda_es\" \/>\n<meta name=\"twitter:label1\" content=\"Written by\" \/>\n\t<meta name=\"twitter:data1\" content=\"prensa\" \/>\n\t<meta name=\"twitter:label2\" content=\"Est. reading time\" \/>\n\t<meta name=\"twitter:data2\" content=\"2 minutes\" \/>\n<script type=\"application\/ld+json\" class=\"yoast-schema-graph\">{\"@context\":\"https:\/\/schema.org\",\"@graph\":[{\"@type\":\"WebPage\",\"@id\":\"https:\/\/www.aguarda.es\/en\/os-caminos-escolares-seguros-seran-unha-realidade-na-guarda-o-concello-pedira-financiamento-a-deputacion\/\",\"url\":\"https:\/\/www.aguarda.es\/en\/os-caminos-escolares-seguros-seran-unha-realidade-na-guarda-o-concello-pedira-financiamento-a-deputacion\/\",\"name\":\"Os Cami\u00f1os escolares seguros ser\u00e1n unha realidade na Guarda. O concello pedir\u00e1 financiamento a Deputaci\u00f3n - Concello da Guarda\",\"isPartOf\":{\"@id\":\"https:\/\/www.aguarda.es\/en\/#website\"},\"datePublished\":\"2019-05-24T08:28:51+00:00\",\"dateModified\":\"2019-05-24T08:28:51+00:00\",\"author\":{\"@id\":\"https:\/\/www.aguarda.es\/en\/#\/schema\/person\/c463ca3006858ffb349d11179d044f21\"},\"breadcrumb\":{\"@id\":\"https:\/\/www.aguarda.es\/en\/os-caminos-escolares-seguros-seran-unha-realidade-na-guarda-o-concello-pedira-financiamento-a-deputacion\/#breadcrumb\"},\"inLanguage\":\"en-US\",\"potentialAction\":[{\"@type\":\"ReadAction\",\"target\":[\"https:\/\/www.aguarda.es\/en\/os-caminos-escolares-seguros-seran-unha-realidade-na-guarda-o-concello-pedira-financiamento-a-deputacion\/\"]}]},{\"@type\":\"BreadcrumbList\",\"@id\":\"https:\/\/www.aguarda.es\/en\/os-caminos-escolares-seguros-seran-unha-realidade-na-guarda-o-concello-pedira-financiamento-a-deputacion\/#breadcrumb\",\"itemListElement\":[{\"@type\":\"ListItem\",\"position\":1,\"name\":\"Portada\",\"item\":\"https:\/\/www.aguarda.es\/en\/\"},{\"@type\":\"ListItem\",\"position\":2,\"name\":\"Os Cami\u00f1os escolares seguros ser\u00e1n unha realidade na Guarda. O concello pedir\u00e1 financiamento a Deputaci\u00f3n\"}]},{\"@type\":\"WebSite\",\"@id\":\"https:\/\/www.aguarda.es\/en\/#website\",\"url\":\"https:\/\/www.aguarda.es\/en\/\",\"name\":\"Concello da Guarda\",\"description\":\"P\u00e1xina web do concello da Guarda\",\"potentialAction\":[{\"@type\":\"SearchAction\",\"target\":{\"@type\":\"EntryPoint\",\"urlTemplate\":\"https:\/\/www.aguarda.es\/en\/?s={search_term_string}\"},\"query-input\":\"required name=search_term_string\"}],\"inLanguage\":\"en-US\"},{\"@type\":\"Person\",\"@id\":\"https:\/\/www.aguarda.es\/en\/#\/schema\/person\/c463ca3006858ffb349d11179d044f21\",\"name\":\"prensa\",\"image\":{\"@type\":\"ImageObject\",\"inLanguage\":\"en-US\",\"@id\":\"https:\/\/www.aguarda.es\/en\/#\/schema\/person\/image\/\",\"url\":\"https:\/\/secure.gravatar.com\/avatar\/5f90ef536b0f98306edf5c7a1135ffa1?s=96&d=mm&r=g\",\"contentUrl\":\"https:\/\/secure.gravatar.com\/avatar\/5f90ef536b0f98306edf5c7a1135ffa1?s=96&d=mm&r=g\",\"caption\":\"prensa\"},\"url\":\"https:\/\/www.aguarda.es\/en\/author\/prensa\/\"}]}<\/script>\n<!-- \/ Yoast SEO plugin. -->","yoast_head_json":{"title":"Os Cami\u00f1os escolares seguros ser\u00e1n unha realidade na Guarda. O concello pedir\u00e1 financiamento a Deputaci\u00f3n - Concello da Guarda","robots":{"index":"index","follow":"follow","max-snippet":"max-snippet:-1","max-image-preview":"max-image-preview:large","max-video-preview":"max-video-preview:-1"},"canonical":"https:\/\/www.aguarda.es\/en\/os-caminos-escolares-seguros-seran-unha-realidade-na-guarda-o-concello-pedira-financiamento-a-deputacion\/","og_locale":"en_US","og_type":"article","og_title":"Os Cami\u00f1os escolares seguros ser\u00e1n unha realidade na Guarda. O concello pedir\u00e1 financiamento a Deputaci\u00f3n - Concello da Guarda","og_description":"Nas pasadas semanas o equipo redactor do Proxecto de Cami\u00f1os Escolares Seguros na Guarda, ven de avanzar para que o mesmo estea en funcionamento xa no vindeiro ano lectivo. O Proxecto de Cami\u00f1os Escolares Seguros xurde ante a necesidade dun &hellip;","og_url":"https:\/\/www.aguarda.es\/en\/os-caminos-escolares-seguros-seran-unha-realidade-na-guarda-o-concello-pedira-financiamento-a-deputacion\/","og_site_name":"Concello da Guarda","article_publisher":"https:\/\/www.facebook.com\/ConcellodaGuarda","article_published_time":"2019-05-24T08:28:51+00:00","og_image":[{"width":800,"height":600,"url":"https:\/\/www.aguarda.es\/wp-content\/uploads\/2019\/05\/NP24053.jpg","type":"image\/jpeg"}],"author":"prensa","twitter_card":"summary_large_image","twitter_creator":"@AGuarda_es","twitter_site":"@AGuarda_es","twitter_misc":{"Written by":"prensa","Est. reading time":"2 minutes"},"schema":{"@context":"https:\/\/schema.org","@graph":[{"@type":"WebPage","@id":"https:\/\/www.aguarda.es\/en\/os-caminos-escolares-seguros-seran-unha-realidade-na-guarda-o-concello-pedira-financiamento-a-deputacion\/","url":"https:\/\/www.aguarda.es\/en\/os-caminos-escolares-seguros-seran-unha-realidade-na-guarda-o-concello-pedira-financiamento-a-deputacion\/","name":"Os Cami\u00f1os escolares seguros ser\u00e1n unha realidade na Guarda. O concello pedir\u00e1 financiamento a Deputaci\u00f3n - Concello da Guarda","isPartOf":{"@id":"https:\/\/www.aguarda.es\/en\/#website"},"datePublished":"2019-05-24T08:28:51+00:00","dateModified":"2019-05-24T08:28:51+00:00","author":{"@id":"https:\/\/www.aguarda.es\/en\/#\/schema\/person\/c463ca3006858ffb349d11179d044f21"},"breadcrumb":{"@id":"https:\/\/www.aguarda.es\/en\/os-caminos-escolares-seguros-seran-unha-realidade-na-guarda-o-concello-pedira-financiamento-a-deputacion\/#breadcrumb"},"inLanguage":"en-US","potentialAction":[{"@type":"ReadAction","target":["https:\/\/www.aguarda.es\/en\/os-caminos-escolares-seguros-seran-unha-realidade-na-guarda-o-concello-pedira-financiamento-a-deputacion\/"]}]},{"@type":"BreadcrumbList","@id":"https:\/\/www.aguarda.es\/en\/os-caminos-escolares-seguros-seran-unha-realidade-na-guarda-o-concello-pedira-financiamento-a-deputacion\/#breadcrumb","itemListElement":[{"@type":"ListItem","position":1,"name":"Portada","item":"https:\/\/www.aguarda.es\/en\/"},{"@type":"ListItem","position":2,"name":"Os Cami\u00f1os escolares seguros ser\u00e1n unha realidade na Guarda. O concello pedir\u00e1 financiamento a Deputaci\u00f3n"}]},{"@type":"WebSite","@id":"https:\/\/www.aguarda.es\/en\/#website","url":"https:\/\/www.aguarda.es\/en\/","name":"Concello da Guarda","description":"P\u00e1xina web do concello da Guarda","potentialAction":[{"@type":"SearchAction","target":{"@type":"EntryPoint","urlTemplate":"https:\/\/www.aguarda.es\/en\/?s={search_term_string}"},"query-input":"required name=search_term_string"}],"inLanguage":"en-US"},{"@type":"Person","@id":"https:\/\/www.aguarda.es\/en\/#\/schema\/person\/c463ca3006858ffb349d11179d044f21","name":"prensa","image":{"@type":"ImageObject","inLanguage":"en-US","@id":"https:\/\/www.aguarda.es\/en\/#\/schema\/person\/image\/","url":"https:\/\/secure.gravatar.com\/avatar\/5f90ef536b0f98306edf5c7a1135ffa1?s=96&d=mm&r=g","contentUrl":"https:\/\/secure.gravatar.com\/avatar\/5f90ef536b0f98306edf5c7a1135ffa1?s=96&d=mm&r=g","caption":"prensa"},"url":"https:\/\/www.aguarda.es\/en\/author\/prensa\/"}]}},"_links":{"self":[{"href":"https:\/\/www.aguarda.es\/en\/wp-json\/wp\/v2\/posts\/18168"}],"collection":[{"href":"https:\/\/www.aguarda.es\/en\/wp-json\/wp\/v2\/posts"}],"about":[{"href":"https:\/\/www.aguarda.es\/en\/wp-json\/wp\/v2\/types\/post"}],"author":[{"embeddable":true,"href":"https:\/\/www.aguarda.es\/en\/wp-json\/wp\/v2\/users\/2"}],"replies":[{"embeddable":true,"href":"https:\/\/www.aguarda.es\/en\/wp-json\/wp\/v2\/comments?post=18168"}],"version-history":[{"count":1,"href":"https:\/\/www.aguarda.es\/en\/wp-json\/wp\/v2\/posts\/18168\/revisions"}],"predecessor-version":[{"id":18173,"href":"https:\/\/www.aguarda.es\/en\/wp-json\/wp\/v2\/posts\/18168\/revisions\/18173"}],"wp:featuredmedia":[{"embeddable":true,"href":"https:\/\/www.aguarda.es\/en\/wp-json\/wp\/v2\/media\/18169"}],"wp:attachment":[{"href":"https:\/\/www.aguarda.es\/en\/wp-json\/wp\/v2\/media?parent=18168"}],"wp:term":[{"taxonomy":"category","embeddable":true,"href":"https:\/\/www.aguarda.es\/en\/wp-json\/wp\/v2\/categories?post=18168"},{"taxonomy":"post_tag","embeddable":true,"href":"https:\/\/www.aguarda.es\/en\/wp-json\/wp\/v2\/tags?post=18168"}],"curies":[{"name":"wp","href":"https:\/\/api.w.org\/{rel}","templated":true}]}}