{"id":18185,"date":"2019-05-27T09:07:21","date_gmt":"2019-05-27T09:07:21","guid":{"rendered":"https:\/\/www.aguarda.es\/?p=18185"},"modified":"2019-05-27T09:07:21","modified_gmt":"2019-05-27T09:07:21","slug":"concertos-didacticos-do-conservatorio-municipal-de-musica-este-xoves-na-guarda","status":"publish","type":"post","link":"https:\/\/www.aguarda.es\/en\/concertos-didacticos-do-conservatorio-municipal-de-musica-este-xoves-na-guarda\/","title":{"rendered":"Concertos did\u00e1cticos do Conservatorio Municipal de M\u00fasica este xoves na Guarda"},"content":{"rendered":"<p style=\"text-align: justify\">Este xoves d\u00eda 30 de maio a partires das 9:30h da ma\u00f1\u00e1 o Conservatorio de M\u00fasica de A Guarda vai realizar como t\u00f3dolos anos os concertos did\u00e1cticos para os colexios de primaria do noso concello.<\/p>\n<p style=\"text-align: justify\">Estes concertos te\u00f1en un fin educativo e serven para mostrar os instrumentos que se imparten no conservatorio e potenciar as ensinanzas musicais. Asistir\u00e1n a estes concertos os colexios de A Sangri\u00f1a, Rodr\u00edguez Sinde, P.P. Somascos, Carmelitas e Solanas. Este ser\u00e1 un dos distintos actos que organiza o conservatorio durante o presente curso lectivo.<\/p>\n<p style=\"text-align: justify\">O mesmo xoves d\u00eda 30 de maio \u00e1s 20:00h as instalaci\u00f3ns do conservatorio acoller\u00e1n unha audici\u00f3n a cargo dos alumnos de vento madeira.<\/p>\n<p style=\"text-align: justify\">Na semana do 3 \u00f3 7 de xu\u00f1o realizaranse unhas xornadas de portas abertas \u00e1s que poden asistir todos aqueles que estean interesados en probar ou co\u00f1ecer os diferentes instrumentos que se imparten no conservatorio da Guarda.<\/p>\n<p style=\"text-align: center\"><img decoding=\"async\" loading=\"lazy\" class=\"aligncenter size-full wp-image-18186\" src=\"https:\/\/www.aguarda.es\/wp-content\/uploads\/2019\/05\/NP-27052019-Concertos-did\u00e1cticos-do-Conservatorio-Municipal-de-M\u00fasica-este-xoves-na-Guarda-2.jpg\" alt=\"\" width=\"800\" height=\"533\" srcset=\"https:\/\/www.aguarda.es\/wp-content\/uploads\/2019\/05\/NP-27052019-Concertos-did\u00e1cticos-do-Conservatorio-Municipal-de-M\u00fasica-este-xoves-na-Guarda-2.jpg 800w, https:\/\/www.aguarda.es\/wp-content\/uploads\/2019\/05\/NP-27052019-Concertos-did\u00e1cticos-do-Conservatorio-Municipal-de-M\u00fasica-este-xoves-na-Guarda-2-300x200.jpg 300w, https:\/\/www.aguarda.es\/wp-content\/uploads\/2019\/05\/NP-27052019-Concertos-did\u00e1cticos-do-Conservatorio-Municipal-de-M\u00fasica-este-xoves-na-Guarda-2-768x512.jpg 768w, https:\/\/www.aguarda.es\/wp-content\/uploads\/2019\/05\/NP-27052019-Concertos-did\u00e1cticos-do-Conservatorio-Municipal-de-M\u00fasica-este-xoves-na-Guarda-2-570x380.jpg 570w\" sizes=\"(max-width: 800px) 100vw, 800px\" \/><\/p>\n","protected":false},"excerpt":{"rendered":"<p>Este xoves d\u00eda 30 de maio a partires das 9:30h da ma\u00f1\u00e1 o Conservatorio de M\u00fasica de A Guarda vai realizar como t\u00f3dolos anos os concertos did\u00e1cticos para os colexios de primaria do noso concello. Estes concertos te\u00f1en un fin &hellip; <\/p>\n","protected":false},"author":2,"featured_media":18188,"comment_status":"open","ping_status":"open","sticky":false,"template":"","format":"standard","meta":[],"categories":[34,33],"tags":[226,1831,540,719],"yoast_head":"<!-- This site is optimized with the Yoast SEO plugin v21.1 - https:\/\/yoast.com\/wordpress\/plugins\/seo\/ -->\n<title>Concertos did\u00e1cticos do Conservatorio Municipal de M\u00fasica este xoves na Guarda - Concello da Guarda<\/title>\n<meta name=\"robots\" content=\"index, follow, max-snippet:-1, max-image-preview:large, max-video-preview:-1\" \/>\n<link rel=\"canonical\" href=\"https:\/\/www.aguarda.es\/en\/concertos-didacticos-do-conservatorio-municipal-de-musica-este-xoves-na-guarda\/\" \/>\n<meta property=\"og:locale\" content=\"en_US\" \/>\n<meta property=\"og:type\" content=\"article\" \/>\n<meta property=\"og:title\" content=\"Concertos did\u00e1cticos do Conservatorio Municipal de M\u00fasica este xoves na Guarda - Concello da Guarda\" \/>\n<meta property=\"og:description\" content=\"Este xoves d\u00eda 30 de maio a partires das 9:30h da ma\u00f1\u00e1 o Conservatorio de M\u00fasica de A Guarda vai realizar como t\u00f3dolos anos os concertos did\u00e1cticos para os colexios de primaria do noso concello. Estes concertos te\u00f1en un fin &hellip;\" \/>\n<meta property=\"og:url\" content=\"https:\/\/www.aguarda.es\/en\/concertos-didacticos-do-conservatorio-municipal-de-musica-este-xoves-na-guarda\/\" \/>\n<meta property=\"og:site_name\" content=\"Concello da Guarda\" \/>\n<meta property=\"article:publisher\" content=\"https:\/\/www.facebook.com\/ConcellodaGuarda\" \/>\n<meta property=\"article:published_time\" content=\"2019-05-27T09:07:21+00:00\" \/>\n<meta property=\"og:image\" content=\"https:\/\/www.aguarda.es\/wp-content\/uploads\/2019\/05\/NP-27052019-Concertos-did\u00e1cticos-do-Conservatorio-Municipal-de-M\u00fasica-este-xoves-na-Guarda-1.jpg\" \/>\n\t<meta property=\"og:image:width\" content=\"800\" \/>\n\t<meta property=\"og:image:height\" content=\"533\" \/>\n\t<meta property=\"og:image:type\" content=\"image\/jpeg\" \/>\n<meta name=\"author\" content=\"prensa\" \/>\n<meta name=\"twitter:card\" content=\"summary_large_image\" \/>\n<meta name=\"twitter:creator\" content=\"@AGuarda_es\" \/>\n<meta name=\"twitter:site\" content=\"@AGuarda_es\" \/>\n<meta name=\"twitter:label1\" content=\"Written by\" \/>\n\t<meta name=\"twitter:data1\" content=\"prensa\" \/>\n\t<meta name=\"twitter:label2\" content=\"Est. reading time\" \/>\n\t<meta name=\"twitter:data2\" content=\"1 minute\" \/>\n<script type=\"application\/ld+json\" class=\"yoast-schema-graph\">{\"@context\":\"https:\/\/schema.org\",\"@graph\":[{\"@type\":\"WebPage\",\"@id\":\"https:\/\/www.aguarda.es\/en\/concertos-didacticos-do-conservatorio-municipal-de-musica-este-xoves-na-guarda\/\",\"url\":\"https:\/\/www.aguarda.es\/en\/concertos-didacticos-do-conservatorio-municipal-de-musica-este-xoves-na-guarda\/\",\"name\":\"Concertos did\u00e1cticos do Conservatorio Municipal de M\u00fasica este xoves na Guarda - Concello da Guarda\",\"isPartOf\":{\"@id\":\"https:\/\/www.aguarda.es\/en\/#website\"},\"datePublished\":\"2019-05-27T09:07:21+00:00\",\"dateModified\":\"2019-05-27T09:07:21+00:00\",\"author\":{\"@id\":\"https:\/\/www.aguarda.es\/en\/#\/schema\/person\/c463ca3006858ffb349d11179d044f21\"},\"breadcrumb\":{\"@id\":\"https:\/\/www.aguarda.es\/en\/concertos-didacticos-do-conservatorio-municipal-de-musica-este-xoves-na-guarda\/#breadcrumb\"},\"inLanguage\":\"en-US\",\"potentialAction\":[{\"@type\":\"ReadAction\",\"target\":[\"https:\/\/www.aguarda.es\/en\/concertos-didacticos-do-conservatorio-municipal-de-musica-este-xoves-na-guarda\/\"]}]},{\"@type\":\"BreadcrumbList\",\"@id\":\"https:\/\/www.aguarda.es\/en\/concertos-didacticos-do-conservatorio-municipal-de-musica-este-xoves-na-guarda\/#breadcrumb\",\"itemListElement\":[{\"@type\":\"ListItem\",\"position\":1,\"name\":\"Portada\",\"item\":\"https:\/\/www.aguarda.es\/en\/\"},{\"@type\":\"ListItem\",\"position\":2,\"name\":\"Concertos did\u00e1cticos do Conservatorio Municipal de M\u00fasica este xoves na Guarda\"}]},{\"@type\":\"WebSite\",\"@id\":\"https:\/\/www.aguarda.es\/en\/#website\",\"url\":\"https:\/\/www.aguarda.es\/en\/\",\"name\":\"Concello da Guarda\",\"description\":\"P\u00e1xina web do concello da Guarda\",\"potentialAction\":[{\"@type\":\"SearchAction\",\"target\":{\"@type\":\"EntryPoint\",\"urlTemplate\":\"https:\/\/www.aguarda.es\/en\/?s={search_term_string}\"},\"query-input\":\"required name=search_term_string\"}],\"inLanguage\":\"en-US\"},{\"@type\":\"Person\",\"@id\":\"https:\/\/www.aguarda.es\/en\/#\/schema\/person\/c463ca3006858ffb349d11179d044f21\",\"name\":\"prensa\",\"image\":{\"@type\":\"ImageObject\",\"inLanguage\":\"en-US\",\"@id\":\"https:\/\/www.aguarda.es\/en\/#\/schema\/person\/image\/\",\"url\":\"https:\/\/secure.gravatar.com\/avatar\/5f90ef536b0f98306edf5c7a1135ffa1?s=96&d=mm&r=g\",\"contentUrl\":\"https:\/\/secure.gravatar.com\/avatar\/5f90ef536b0f98306edf5c7a1135ffa1?s=96&d=mm&r=g\",\"caption\":\"prensa\"},\"url\":\"https:\/\/www.aguarda.es\/en\/author\/prensa\/\"}]}<\/script>\n<!-- \/ Yoast SEO plugin. -->","yoast_head_json":{"title":"Concertos did\u00e1cticos do Conservatorio Municipal de M\u00fasica este xoves na Guarda - Concello da Guarda","robots":{"index":"index","follow":"follow","max-snippet":"max-snippet:-1","max-image-preview":"max-image-preview:large","max-video-preview":"max-video-preview:-1"},"canonical":"https:\/\/www.aguarda.es\/en\/concertos-didacticos-do-conservatorio-municipal-de-musica-este-xoves-na-guarda\/","og_locale":"en_US","og_type":"article","og_title":"Concertos did\u00e1cticos do Conservatorio Municipal de M\u00fasica este xoves na Guarda - Concello da Guarda","og_description":"Este xoves d\u00eda 30 de maio a partires das 9:30h da ma\u00f1\u00e1 o Conservatorio de M\u00fasica de A Guarda vai realizar como t\u00f3dolos anos os concertos did\u00e1cticos para os colexios de primaria do noso concello. Estes concertos te\u00f1en un fin &hellip;","og_url":"https:\/\/www.aguarda.es\/en\/concertos-didacticos-do-conservatorio-municipal-de-musica-este-xoves-na-guarda\/","og_site_name":"Concello da Guarda","article_publisher":"https:\/\/www.facebook.com\/ConcellodaGuarda","article_published_time":"2019-05-27T09:07:21+00:00","og_image":[{"width":800,"height":533,"url":"https:\/\/www.aguarda.es\/wp-content\/uploads\/2019\/05\/NP-27052019-Concertos-did\u00e1cticos-do-Conservatorio-Municipal-de-M\u00fasica-este-xoves-na-Guarda-1.jpg","type":"image\/jpeg"}],"author":"prensa","twitter_card":"summary_large_image","twitter_creator":"@AGuarda_es","twitter_site":"@AGuarda_es","twitter_misc":{"Written by":"prensa","Est. reading time":"1 minute"},"schema":{"@context":"https:\/\/schema.org","@graph":[{"@type":"WebPage","@id":"https:\/\/www.aguarda.es\/en\/concertos-didacticos-do-conservatorio-municipal-de-musica-este-xoves-na-guarda\/","url":"https:\/\/www.aguarda.es\/en\/concertos-didacticos-do-conservatorio-municipal-de-musica-este-xoves-na-guarda\/","name":"Concertos did\u00e1cticos do Conservatorio Municipal de M\u00fasica este xoves na Guarda - Concello da Guarda","isPartOf":{"@id":"https:\/\/www.aguarda.es\/en\/#website"},"datePublished":"2019-05-27T09:07:21+00:00","dateModified":"2019-05-27T09:07:21+00:00","author":{"@id":"https:\/\/www.aguarda.es\/en\/#\/schema\/person\/c463ca3006858ffb349d11179d044f21"},"breadcrumb":{"@id":"https:\/\/www.aguarda.es\/en\/concertos-didacticos-do-conservatorio-municipal-de-musica-este-xoves-na-guarda\/#breadcrumb"},"inLanguage":"en-US","potentialAction":[{"@type":"ReadAction","target":["https:\/\/www.aguarda.es\/en\/concertos-didacticos-do-conservatorio-municipal-de-musica-este-xoves-na-guarda\/"]}]},{"@type":"BreadcrumbList","@id":"https:\/\/www.aguarda.es\/en\/concertos-didacticos-do-conservatorio-municipal-de-musica-este-xoves-na-guarda\/#breadcrumb","itemListElement":[{"@type":"ListItem","position":1,"name":"Portada","item":"https:\/\/www.aguarda.es\/en\/"},{"@type":"ListItem","position":2,"name":"Concertos did\u00e1cticos do Conservatorio Municipal de M\u00fasica este xoves na Guarda"}]},{"@type":"WebSite","@id":"https:\/\/www.aguarda.es\/en\/#website","url":"https:\/\/www.aguarda.es\/en\/","name":"Concello da Guarda","description":"P\u00e1xina web do concello da Guarda","potentialAction":[{"@type":"SearchAction","target":{"@type":"EntryPoint","urlTemplate":"https:\/\/www.aguarda.es\/en\/?s={search_term_string}"},"query-input":"required name=search_term_string"}],"inLanguage":"en-US"},{"@type":"Person","@id":"https:\/\/www.aguarda.es\/en\/#\/schema\/person\/c463ca3006858ffb349d11179d044f21","name":"prensa","image":{"@type":"ImageObject","inLanguage":"en-US","@id":"https:\/\/www.aguarda.es\/en\/#\/schema\/person\/image\/","url":"https:\/\/secure.gravatar.com\/avatar\/5f90ef536b0f98306edf5c7a1135ffa1?s=96&d=mm&r=g","contentUrl":"https:\/\/secure.gravatar.com\/avatar\/5f90ef536b0f98306edf5c7a1135ffa1?s=96&d=mm&r=g","caption":"prensa"},"url":"https:\/\/www.aguarda.es\/en\/author\/prensa\/"}]}},"_links":{"self":[{"href":"https:\/\/www.aguarda.es\/en\/wp-json\/wp\/v2\/posts\/18185"}],"collection":[{"href":"https:\/\/www.aguarda.es\/en\/wp-json\/wp\/v2\/posts"}],"about":[{"href":"https:\/\/www.aguarda.es\/en\/wp-json\/wp\/v2\/types\/post"}],"author":[{"embeddable":true,"href":"https:\/\/www.aguarda.es\/en\/wp-json\/wp\/v2\/users\/2"}],"replies":[{"embeddable":true,"href":"https:\/\/www.aguarda.es\/en\/wp-json\/wp\/v2\/comments?post=18185"}],"version-history":[{"count":1,"href":"https:\/\/www.aguarda.es\/en\/wp-json\/wp\/v2\/posts\/18185\/revisions"}],"predecessor-version":[{"id":18190,"href":"https:\/\/www.aguarda.es\/en\/wp-json\/wp\/v2\/posts\/18185\/revisions\/18190"}],"wp:featuredmedia":[{"embeddable":true,"href":"https:\/\/www.aguarda.es\/en\/wp-json\/wp\/v2\/media\/18188"}],"wp:attachment":[{"href":"https:\/\/www.aguarda.es\/en\/wp-json\/wp\/v2\/media?parent=18185"}],"wp:term":[{"taxonomy":"category","embeddable":true,"href":"https:\/\/www.aguarda.es\/en\/wp-json\/wp\/v2\/categories?post=18185"},{"taxonomy":"post_tag","embeddable":true,"href":"https:\/\/www.aguarda.es\/en\/wp-json\/wp\/v2\/tags?post=18185"}],"curies":[{"name":"wp","href":"https:\/\/api.w.org\/{rel}","templated":true}]}}