{"id":18195,"date":"2019-05-27T11:03:07","date_gmt":"2019-05-27T11:03:07","guid":{"rendered":"https:\/\/www.aguarda.es\/?p=18195"},"modified":"2019-05-27T11:03:07","modified_gmt":"2019-05-27T11:03:07","slug":"sorteo-de-5-bolsas-de-compra-para-a-mocidade-no-mercado-da-guarda","status":"publish","type":"post","link":"https:\/\/www.aguarda.es\/en\/sorteo-de-5-bolsas-de-compra-para-a-mocidade-no-mercado-da-guarda\/","title":{"rendered":"Sorteo de 5 bolsas de compra para a mocidade no Mercado da Guarda"},"content":{"rendered":"<p>[vc_row][vc_column][vc_column_text]<\/p>\n<p style=\"text-align: justify\">O mercado da Guarda participa un ano m\u00e1is na campa\u00f1a da Xunta de Galicia \u201cQuere o teu mercado\u201d que, a trav\u00e9s da Direcci\u00f3n Xeral de Comercio e Consumo, ten como obxectivo apoiar, promocionar e visibilizar o papel dos mercados nas cidades, potenciando as\u00ed a compra do produto local ao mostrar a profesionalidade dos praceiros e praceiras.<\/p>\n<p style=\"text-align: justify\">\u201cQuere o teu mercado\u201d \u00e9 o lema en galego da Campa\u00f1a Internacional dos Mercados, unha iniciativa que a Xunta de Galicia promove en colaboraci\u00f3n cos Concellos, as Prazas de Abastos e as Federaci\u00f3ns e Asociaci\u00f3ns de comerciantes.<br \/>\nEste s\u00e1bado os praceiros e praceiras da Guarda repartiron diferentes obsequios desta campa\u00f1a, unha actividade que engloba d\u00faas acci\u00f3ns m\u00e1is, revitalizando o papel tan importante deste sector.<\/p>\n<p style=\"text-align: justify\"><img decoding=\"async\" loading=\"lazy\" class=\"aligncenter size-full wp-image-18200\" src=\"https:\/\/www.aguarda.es\/wp-content\/uploads\/2019\/05\/NP-27052019-Sorteo-de-5-bolsas-de-compra-para-a-mocidade-no-Mercado-da-Guarda1.jpg\" alt=\"\" width=\"800\" height=\"449\" srcset=\"https:\/\/www.aguarda.es\/wp-content\/uploads\/2019\/05\/NP-27052019-Sorteo-de-5-bolsas-de-compra-para-a-mocidade-no-Mercado-da-Guarda1.jpg 800w, https:\/\/www.aguarda.es\/wp-content\/uploads\/2019\/05\/NP-27052019-Sorteo-de-5-bolsas-de-compra-para-a-mocidade-no-Mercado-da-Guarda1-300x168.jpg 300w, https:\/\/www.aguarda.es\/wp-content\/uploads\/2019\/05\/NP-27052019-Sorteo-de-5-bolsas-de-compra-para-a-mocidade-no-Mercado-da-Guarda1-768x431.jpg 768w, https:\/\/www.aguarda.es\/wp-content\/uploads\/2019\/05\/NP-27052019-Sorteo-de-5-bolsas-de-compra-para-a-mocidade-no-Mercado-da-Guarda1-570x320.jpg 570w\" sizes=\"(max-width: 800px) 100vw, 800px\" \/>As d\u00faas acci\u00f3ns programadas no mercado da Guarda son:<\/p>\n<p style=\"text-align: justify\"><strong>Familia, que comemos hoxe?<\/strong><\/p>\n<p style=\"text-align: justify\">Unha charla dirixida principalmente \u00e1s familias con nenos e nenas na etapa chamada de primeira infancia coa intenci\u00f3n de po\u00f1er en valor os beneficios do produto fresco e de proximidade que ofrece a praza \u00e1 hora de elaborar men\u00fas saudables e nutritivos.<\/p>\n<p style=\"text-align: justify\">Esta charla pretende ser moi din\u00e1mica e participativa e ter\u00e1 lugar no mercado o d\u00eda, 15 de xu\u00f1o de 11 a 13 horas.<\/p>\n<p style=\"text-align: justify\"><strong>Concurso Clic ao mercado<\/strong><\/p>\n<p style=\"text-align: justify\">O Concello da Guarda, en colaboraci\u00f3n cos comerciantes do Mercado de Abastos Municipal da Guarda, ven de lanzar un Concurso a trav\u00e9s da P\u00e1xina de Facebook do Mercado para o Sorteo de 5 Bolsas de 70\u20ac de compra nos establecementos do mercado.<\/p>\n<p style=\"text-align: justify\">Esta campa\u00f1a de promoci\u00f3n pretende achegar a xuventude e mocidade guardesa ao Mercado de Abastos Municipal, incentivando as compras neste sector da poboaci\u00f3n e promovendo h\u00e1bitos de alimentaci\u00f3n saudable.<\/p>\n<p style=\"text-align: justify\">A Campa\u00f1a \u201cClic ao Mercado\u201d est\u00e1 destinada \u00e1 mocidade con idades comprendidas entre os 18 e 35 anos, que poder\u00e1n entrar no concurso de cinco bolsas por valor de 70 euros para mercar en, como m\u00ednimo, tres establecementos das distintas secci\u00f3ns do mercado(carnes, peixes, froitas e hortalizas).<\/p>\n<p style=\"text-align: justify\">Para poder participar, as persoas interesadas ter\u00e1n que darlle a me gusta, compartir e comentar na imaxe da campa\u00f1a a trav\u00e9s da p\u00e1xina de Facebook oficial do Mercado da Guarda en Facebook etiquetando a dous amigos\/as entre o 27 de maio e o 27 de xu\u00f1o.<\/p>\n<p style=\"text-align: justify\">Os resultados do sorteo farase p\u00fablico o 28 de xu\u00f1o e as bolsas poder\u00e1n utilizarse ata o 28 de xullo.<\/p>\n<p><a href=\"https:\/\/www.aguarda.es\/wp-content\/uploads\/2019\/05\/BASESclicaomercado.pdf\">Ver bases aqu\u00ed<\/a><\/p>\n<p>[\/vc_column_text][\/vc_column][\/vc_row][vc_row][vc_column][vc_raw_html]JTNDaWZyYW1lJTIwc3JjJTNEJTIyaHR0cHMlM0ElMkYlMkZ3d3cuZmFjZWJvb2suY29tJTJGcGx1Z2lucyUyRnBvc3QucGhwJTNGaHJlZiUzRGh0dHBzJTI1M0ElMjUyRiUyNTJGd3d3LmZhY2Vib29rLmNvbSUyNTJGcGVybWFsaW5rLnBocCUyNTNGc3RvcnlfZmJpZCUyNTNEMjE2NzI2NTg1NjcyNzg2NiUyNTI2aWQlMjUzRDY4NjgxMTQ5ODEwNjY1MCUyNndpZHRoJTNENTAwJTIyJTIwd2lkdGglM0QlMjI1MDAlMjIlMjBoZWlnaHQlM0QlMjI3MDklMjIlMjBzdHlsZSUzRCUyMmJvcmRlciUzQW5vbmUlM0JvdmVyZmxvdyUzQWhpZGRlbiUyMiUyMHNjcm9sbGluZyUzRCUyMm5vJTIyJTIwZnJhbWVib3JkZXIlM0QlMjIwJTIyJTIwYWxsb3dUcmFuc3BhcmVuY3klM0QlMjJ0cnVlJTIyJTIwYWxsb3clM0QlMjJlbmNyeXB0ZWQtbWVkaWElMjIlM0UlM0MlMkZpZnJhbWUlM0U=[\/vc_raw_html][\/vc_column][\/vc_row]<\/p>\n","protected":false},"excerpt":{"rendered":"<p>[vc_row][vc_column][vc_column_text] O mercado da Guarda participa un ano m\u00e1is na campa\u00f1a da Xunta de Galicia \u201cQuere o teu mercado\u201d que, a trav\u00e9s da Direcci\u00f3n Xeral de Comercio e Consumo, ten como obxectivo apoiar, promocionar e visibilizar o papel dos mercados &hellip; <\/p>\n","protected":false},"author":2,"featured_media":18198,"comment_status":"open","ping_status":"open","sticky":false,"template":"","format":"standard","meta":[],"categories":[33,48],"tags":[226,1833,1832,339],"yoast_head":"<!-- This site is optimized with the Yoast SEO plugin v21.1 - https:\/\/yoast.com\/wordpress\/plugins\/seo\/ -->\n<title>Sorteo de 5 bolsas de compra para a mocidade no Mercado da Guarda - Concello da Guarda<\/title>\n<meta name=\"robots\" content=\"index, follow, max-snippet:-1, max-image-preview:large, max-video-preview:-1\" \/>\n<link rel=\"canonical\" href=\"https:\/\/www.aguarda.es\/en\/sorteo-de-5-bolsas-de-compra-para-a-mocidade-no-mercado-da-guarda\/\" \/>\n<meta property=\"og:locale\" content=\"en_US\" \/>\n<meta property=\"og:type\" content=\"article\" \/>\n<meta property=\"og:title\" content=\"Sorteo de 5 bolsas de compra para a mocidade no Mercado da Guarda - Concello da Guarda\" \/>\n<meta property=\"og:description\" content=\"[vc_row][vc_column][vc_column_text] O mercado da Guarda participa un ano m\u00e1is na campa\u00f1a da Xunta de Galicia \u201cQuere o teu mercado\u201d que, a trav\u00e9s da Direcci\u00f3n Xeral de Comercio e Consumo, ten como obxectivo apoiar, promocionar e visibilizar o papel dos mercados &hellip;\" \/>\n<meta property=\"og:url\" content=\"https:\/\/www.aguarda.es\/en\/sorteo-de-5-bolsas-de-compra-para-a-mocidade-no-mercado-da-guarda\/\" \/>\n<meta property=\"og:site_name\" content=\"Concello da Guarda\" \/>\n<meta property=\"article:publisher\" content=\"https:\/\/www.facebook.com\/ConcellodaGuarda\" \/>\n<meta property=\"article:published_time\" content=\"2019-05-27T11:03:07+00:00\" \/>\n<meta property=\"og:image\" content=\"https:\/\/www.aguarda.es\/wp-content\/uploads\/2019\/05\/NP-27052019-Sorteo-de-5-bolsas-de-compra-para-a-mocidade-no-Mercado-da-Guarda.jpg\" \/>\n\t<meta property=\"og:image:width\" content=\"800\" \/>\n\t<meta property=\"og:image:height\" content=\"800\" \/>\n\t<meta property=\"og:image:type\" content=\"image\/jpeg\" \/>\n<meta name=\"author\" content=\"prensa\" \/>\n<meta name=\"twitter:card\" content=\"summary_large_image\" \/>\n<meta name=\"twitter:creator\" content=\"@AGuarda_es\" \/>\n<meta name=\"twitter:site\" content=\"@AGuarda_es\" \/>\n<meta name=\"twitter:label1\" content=\"Written by\" \/>\n\t<meta name=\"twitter:data1\" content=\"prensa\" \/>\n\t<meta name=\"twitter:label2\" content=\"Est. reading time\" \/>\n\t<meta name=\"twitter:data2\" content=\"2 minutes\" \/>\n<script type=\"application\/ld+json\" class=\"yoast-schema-graph\">{\"@context\":\"https:\/\/schema.org\",\"@graph\":[{\"@type\":\"WebPage\",\"@id\":\"https:\/\/www.aguarda.es\/en\/sorteo-de-5-bolsas-de-compra-para-a-mocidade-no-mercado-da-guarda\/\",\"url\":\"https:\/\/www.aguarda.es\/en\/sorteo-de-5-bolsas-de-compra-para-a-mocidade-no-mercado-da-guarda\/\",\"name\":\"Sorteo de 5 bolsas de compra para a mocidade no Mercado da Guarda - Concello da Guarda\",\"isPartOf\":{\"@id\":\"https:\/\/www.aguarda.es\/en\/#website\"},\"datePublished\":\"2019-05-27T11:03:07+00:00\",\"dateModified\":\"2019-05-27T11:03:07+00:00\",\"author\":{\"@id\":\"https:\/\/www.aguarda.es\/en\/#\/schema\/person\/c463ca3006858ffb349d11179d044f21\"},\"breadcrumb\":{\"@id\":\"https:\/\/www.aguarda.es\/en\/sorteo-de-5-bolsas-de-compra-para-a-mocidade-no-mercado-da-guarda\/#breadcrumb\"},\"inLanguage\":\"en-US\",\"potentialAction\":[{\"@type\":\"ReadAction\",\"target\":[\"https:\/\/www.aguarda.es\/en\/sorteo-de-5-bolsas-de-compra-para-a-mocidade-no-mercado-da-guarda\/\"]}]},{\"@type\":\"BreadcrumbList\",\"@id\":\"https:\/\/www.aguarda.es\/en\/sorteo-de-5-bolsas-de-compra-para-a-mocidade-no-mercado-da-guarda\/#breadcrumb\",\"itemListElement\":[{\"@type\":\"ListItem\",\"position\":1,\"name\":\"Portada\",\"item\":\"https:\/\/www.aguarda.es\/en\/\"},{\"@type\":\"ListItem\",\"position\":2,\"name\":\"Sorteo de 5 bolsas de compra para a mocidade no Mercado da Guarda\"}]},{\"@type\":\"WebSite\",\"@id\":\"https:\/\/www.aguarda.es\/en\/#website\",\"url\":\"https:\/\/www.aguarda.es\/en\/\",\"name\":\"Concello da Guarda\",\"description\":\"P\u00e1xina web do concello da Guarda\",\"potentialAction\":[{\"@type\":\"SearchAction\",\"target\":{\"@type\":\"EntryPoint\",\"urlTemplate\":\"https:\/\/www.aguarda.es\/en\/?s={search_term_string}\"},\"query-input\":\"required name=search_term_string\"}],\"inLanguage\":\"en-US\"},{\"@type\":\"Person\",\"@id\":\"https:\/\/www.aguarda.es\/en\/#\/schema\/person\/c463ca3006858ffb349d11179d044f21\",\"name\":\"prensa\",\"image\":{\"@type\":\"ImageObject\",\"inLanguage\":\"en-US\",\"@id\":\"https:\/\/www.aguarda.es\/en\/#\/schema\/person\/image\/\",\"url\":\"https:\/\/secure.gravatar.com\/avatar\/5f90ef536b0f98306edf5c7a1135ffa1?s=96&d=mm&r=g\",\"contentUrl\":\"https:\/\/secure.gravatar.com\/avatar\/5f90ef536b0f98306edf5c7a1135ffa1?s=96&d=mm&r=g\",\"caption\":\"prensa\"},\"url\":\"https:\/\/www.aguarda.es\/en\/author\/prensa\/\"}]}<\/script>\n<!-- \/ Yoast SEO plugin. -->","yoast_head_json":{"title":"Sorteo de 5 bolsas de compra para a mocidade no Mercado da Guarda - Concello da Guarda","robots":{"index":"index","follow":"follow","max-snippet":"max-snippet:-1","max-image-preview":"max-image-preview:large","max-video-preview":"max-video-preview:-1"},"canonical":"https:\/\/www.aguarda.es\/en\/sorteo-de-5-bolsas-de-compra-para-a-mocidade-no-mercado-da-guarda\/","og_locale":"en_US","og_type":"article","og_title":"Sorteo de 5 bolsas de compra para a mocidade no Mercado da Guarda - Concello da Guarda","og_description":"[vc_row][vc_column][vc_column_text] O mercado da Guarda participa un ano m\u00e1is na campa\u00f1a da Xunta de Galicia \u201cQuere o teu mercado\u201d que, a trav\u00e9s da Direcci\u00f3n Xeral de Comercio e Consumo, ten como obxectivo apoiar, promocionar e visibilizar o papel dos mercados &hellip;","og_url":"https:\/\/www.aguarda.es\/en\/sorteo-de-5-bolsas-de-compra-para-a-mocidade-no-mercado-da-guarda\/","og_site_name":"Concello da Guarda","article_publisher":"https:\/\/www.facebook.com\/ConcellodaGuarda","article_published_time":"2019-05-27T11:03:07+00:00","og_image":[{"width":800,"height":800,"url":"https:\/\/www.aguarda.es\/wp-content\/uploads\/2019\/05\/NP-27052019-Sorteo-de-5-bolsas-de-compra-para-a-mocidade-no-Mercado-da-Guarda.jpg","type":"image\/jpeg"}],"author":"prensa","twitter_card":"summary_large_image","twitter_creator":"@AGuarda_es","twitter_site":"@AGuarda_es","twitter_misc":{"Written by":"prensa","Est. reading time":"2 minutes"},"schema":{"@context":"https:\/\/schema.org","@graph":[{"@type":"WebPage","@id":"https:\/\/www.aguarda.es\/en\/sorteo-de-5-bolsas-de-compra-para-a-mocidade-no-mercado-da-guarda\/","url":"https:\/\/www.aguarda.es\/en\/sorteo-de-5-bolsas-de-compra-para-a-mocidade-no-mercado-da-guarda\/","name":"Sorteo de 5 bolsas de compra para a mocidade no Mercado da Guarda - Concello da Guarda","isPartOf":{"@id":"https:\/\/www.aguarda.es\/en\/#website"},"datePublished":"2019-05-27T11:03:07+00:00","dateModified":"2019-05-27T11:03:07+00:00","author":{"@id":"https:\/\/www.aguarda.es\/en\/#\/schema\/person\/c463ca3006858ffb349d11179d044f21"},"breadcrumb":{"@id":"https:\/\/www.aguarda.es\/en\/sorteo-de-5-bolsas-de-compra-para-a-mocidade-no-mercado-da-guarda\/#breadcrumb"},"inLanguage":"en-US","potentialAction":[{"@type":"ReadAction","target":["https:\/\/www.aguarda.es\/en\/sorteo-de-5-bolsas-de-compra-para-a-mocidade-no-mercado-da-guarda\/"]}]},{"@type":"BreadcrumbList","@id":"https:\/\/www.aguarda.es\/en\/sorteo-de-5-bolsas-de-compra-para-a-mocidade-no-mercado-da-guarda\/#breadcrumb","itemListElement":[{"@type":"ListItem","position":1,"name":"Portada","item":"https:\/\/www.aguarda.es\/en\/"},{"@type":"ListItem","position":2,"name":"Sorteo de 5 bolsas de compra para a mocidade no Mercado da Guarda"}]},{"@type":"WebSite","@id":"https:\/\/www.aguarda.es\/en\/#website","url":"https:\/\/www.aguarda.es\/en\/","name":"Concello da Guarda","description":"P\u00e1xina web do concello da Guarda","potentialAction":[{"@type":"SearchAction","target":{"@type":"EntryPoint","urlTemplate":"https:\/\/www.aguarda.es\/en\/?s={search_term_string}"},"query-input":"required name=search_term_string"}],"inLanguage":"en-US"},{"@type":"Person","@id":"https:\/\/www.aguarda.es\/en\/#\/schema\/person\/c463ca3006858ffb349d11179d044f21","name":"prensa","image":{"@type":"ImageObject","inLanguage":"en-US","@id":"https:\/\/www.aguarda.es\/en\/#\/schema\/person\/image\/","url":"https:\/\/secure.gravatar.com\/avatar\/5f90ef536b0f98306edf5c7a1135ffa1?s=96&d=mm&r=g","contentUrl":"https:\/\/secure.gravatar.com\/avatar\/5f90ef536b0f98306edf5c7a1135ffa1?s=96&d=mm&r=g","caption":"prensa"},"url":"https:\/\/www.aguarda.es\/en\/author\/prensa\/"}]}},"_links":{"self":[{"href":"https:\/\/www.aguarda.es\/en\/wp-json\/wp\/v2\/posts\/18195"}],"collection":[{"href":"https:\/\/www.aguarda.es\/en\/wp-json\/wp\/v2\/posts"}],"about":[{"href":"https:\/\/www.aguarda.es\/en\/wp-json\/wp\/v2\/types\/post"}],"author":[{"embeddable":true,"href":"https:\/\/www.aguarda.es\/en\/wp-json\/wp\/v2\/users\/2"}],"replies":[{"embeddable":true,"href":"https:\/\/www.aguarda.es\/en\/wp-json\/wp\/v2\/comments?post=18195"}],"version-history":[{"count":1,"href":"https:\/\/www.aguarda.es\/en\/wp-json\/wp\/v2\/posts\/18195\/revisions"}],"predecessor-version":[{"id":18202,"href":"https:\/\/www.aguarda.es\/en\/wp-json\/wp\/v2\/posts\/18195\/revisions\/18202"}],"wp:featuredmedia":[{"embeddable":true,"href":"https:\/\/www.aguarda.es\/en\/wp-json\/wp\/v2\/media\/18198"}],"wp:attachment":[{"href":"https:\/\/www.aguarda.es\/en\/wp-json\/wp\/v2\/media?parent=18195"}],"wp:term":[{"taxonomy":"category","embeddable":true,"href":"https:\/\/www.aguarda.es\/en\/wp-json\/wp\/v2\/categories?post=18195"},{"taxonomy":"post_tag","embeddable":true,"href":"https:\/\/www.aguarda.es\/en\/wp-json\/wp\/v2\/tags?post=18195"}],"curies":[{"name":"wp","href":"https:\/\/api.w.org\/{rel}","templated":true}]}}