{"id":18475,"date":"2019-06-17T09:56:14","date_gmt":"2019-06-17T09:56:14","guid":{"rendered":"https:\/\/www.aguarda.es\/?p=18475"},"modified":"2019-06-17T09:56:14","modified_gmt":"2019-06-17T09:56:14","slug":"o-mercado-da-guarda-acolleu-unha-charla-sobre-habitos-saudables","status":"publish","type":"post","link":"https:\/\/www.aguarda.es\/en\/o-mercado-da-guarda-acolleu-unha-charla-sobre-habitos-saudables\/","title":{"rendered":"O Mercado da Guarda acolleu unha charla sobre h\u00e1bitos saudables"},"content":{"rendered":"<div class=\"wpb-content-wrapper\" id=\"wpb-content-root\"><p>[vc_row][vc_column][vc_column_text]<\/p>\n<p style=\"text-align: justify\">O pasado s\u00e1bado d\u00eda 15 de xu\u00f1o o Mercado da Guarda acolleu unha charla baixo o t\u00edtulo \u00abFamilia, que comemos hoxe?\u00bb dirixida principalmente a familias con nenos e nenas na etapa chamada de primeira infancia.<\/p>\n<p style=\"text-align: justify\">Os participantes aprenderon sobre os beneficios do produto fresco e de proximidade que ofrece a praza de abastos \u00e1 hora de elaborar men\u00fas saudables e nutritivos.<\/p>\n<p style=\"text-align: justify\">Nesta charla, impartida por Sandra Baz e que tivo unha duraci\u00f3n aproximada de hora e media, empregouse a pir\u00e1mide nutricional para saber as propiedades e beneficios dos alimentos, facendo despois un percorrido polos diferentes stands do Mercado para, xunto cos praceiros e praceiras, nas secci\u00f3ns de froitas e hortalizas, peixes e carnes.<\/p>\n<p style=\"text-align: justify\">Esta charla estivo enmarcada na campa\u00f1a de Dinamizaci\u00f3n comercial \u00abClic ao Mercado\u00bb para atraer ao sector m\u00e1is xove da cidadan\u00eda para que merque no Mercado da Guarda, e na que se incl\u00fae tam\u00e9n o sorteo de 5 bolsas de compra por importe de 70\u20ac, que axudar\u00e1 a que este segmento da poboaci\u00f3n sinta interese e se achegue ata este espazo comercial, tan importante para a vila.<\/p>\n<p style=\"text-align: justify\"><strong>Contin\u00faa o Concurso Clic ao mercado<\/strong><\/p>\n<p style=\"text-align: justify\">Ata o 28 de xu\u00f1o, en colaboraci\u00f3n cos comerciantes do Mercado de Abastos Municipal da Guarda, lanzouse un Concurso a trav\u00e9s da P\u00e1xina de Facebook do \u00abMercado de A Guarda\u00bb para o Sorteo de 5 Bolsas de 70\u20ac de compra nos establecementos do mercado.<\/p>\n<p style=\"text-align: justify\">Esta campa\u00f1a de promoci\u00f3n pretende achegar a xuventude e mocidade guardesa ao Mercado de Abastos Municipal, incentivando as compras neste sector da poboaci\u00f3n e promovendo h\u00e1bitos de alimentaci\u00f3n saudable.<\/p>\n<p style=\"text-align: justify\">A Campa\u00f1a \u201cClic ao Mercado\u201d est\u00e1 destinada \u00e1 mocidade con idades comprendidas entre os 18 e 35 anos, que poder\u00e1n entrar no concurso de cinco bolsas por valor de 70 euros para mercar en, como m\u00ednimo, tres establecementos das distintas secci\u00f3ns do mercado(carnes, peixes, froitas e hortalizas).<\/p>\n<p style=\"text-align: justify\">Para poder participar, as persoas interesadas ter\u00e1n que darlle a me gusta, compartir e comentar na imaxe da campa\u00f1a a trav\u00e9s da p\u00e1xina de Facebook oficial do Mercado da Guarda en Facebook etiquetando a dous amigos\/as entre o 27 de maio e o 27 de xu\u00f1o.<\/p>\n<p style=\"text-align: justify\">Os resultados do sorteo farase p\u00fablico o 28 de xu\u00f1o e as bolsas poder\u00e1n utilizarse ata o 28 de xullo.<\/p>\n<p>[\/vc_column_text][\/vc_column][\/vc_row][vc_row][vc_column][vc_raw_html]JTNDaWZyYW1lJTIwc3JjJTNEJTIyaHR0cHMlM0ElMkYlMkZ3d3cuZmFjZWJvb2suY29tJTJGcGx1Z2lucyUyRnBvc3QucGhwJTNGaHJlZiUzRGh0dHBzJTI1M0ElMjUyRiUyNTJGd3d3LmZhY2Vib29rLmNvbSUyNTJGcGVybWFsaW5rLnBocCUyNTNGc3RvcnlfZmJpZCUyNTNEMjE2NzI2NTg1NjcyNzg2NiUyNTI2aWQlMjUzRDY4NjgxMTQ5ODEwNjY1MCUyNndpZHRoJTNENTAwJTIyJTIwd2lkdGglM0QlMjI1MDAlMjIlMjBoZWlnaHQlM0QlMjI3MDklMjIlMjBzdHlsZSUzRCUyMmJvcmRlciUzQW5vbmUlM0JvdmVyZmxvdyUzQWhpZGRlbiUyMiUyMHNjcm9sbGluZyUzRCUyMm5vJTIyJTIwZnJhbWVib3JkZXIlM0QlMjIwJTIyJTIwYWxsb3dUcmFuc3BhcmVuY3klM0QlMjJ0cnVlJTIyJTIwYWxsb3clM0QlMjJlbmNyeXB0ZWQtbWVkaWElMjIlM0UlM0MlMkZpZnJhbWUlM0U=[\/vc_raw_html][\/vc_column][\/vc_row]<\/p>\n<\/div>","protected":false},"excerpt":{"rendered":"<p>[vc_row][vc_column][vc_column_text] O pasado s\u00e1bado d\u00eda 15 de xu\u00f1o o Mercado da Guarda acolleu unha charla baixo o t\u00edtulo \u00abFamilia, que comemos hoxe?\u00bb dirixida principalmente a familias con nenos e nenas na etapa chamada de primeira infancia. Os participantes aprenderon sobre &hellip; <\/p>\n","protected":false},"author":2,"featured_media":18476,"comment_status":"open","ping_status":"open","sticky":false,"template":"","format":"standard","meta":{"inline_featured_image":false,"footnotes":""},"categories":[33],"tags":[226,1525,870,1524],"class_list":["post-18475","post","type-post","status-publish","format-standard","has-post-thumbnail","hentry","category-novas-xerais","tag-a-guarda","tag-charla","tag-mercado","tag-saude"],"yoast_head":"<!-- This site is optimized with the Yoast SEO plugin v28.3 - https:\/\/yoast.com\/product\/yoast-seo-wordpress\/ -->\n<title>O Mercado da Guarda acolleu unha charla sobre h\u00e1bitos saudables - Concello da Guarda<\/title>\n<meta name=\"robots\" content=\"index, follow, max-snippet:-1, max-image-preview:large, max-video-preview:-1\" \/>\n<link rel=\"canonical\" href=\"https:\/\/www.aguarda.es\/en\/o-mercado-da-guarda-acolleu-unha-charla-sobre-habitos-saudables\/\" \/>\n<meta property=\"og:locale\" content=\"en_US\" \/>\n<meta property=\"og:type\" content=\"article\" \/>\n<meta property=\"og:title\" content=\"O Mercado da Guarda acolleu unha charla sobre h\u00e1bitos saudables - Concello da Guarda\" \/>\n<meta property=\"og:description\" content=\"[vc_row][vc_column][vc_column_text] O pasado s\u00e1bado d\u00eda 15 de xu\u00f1o o Mercado da Guarda acolleu unha charla baixo o t\u00edtulo \u00abFamilia, que comemos hoxe?\u00bb dirixida principalmente a familias con nenos e nenas na etapa chamada de primeira infancia. Os participantes aprenderon sobre &hellip;\" \/>\n<meta property=\"og:url\" content=\"https:\/\/www.aguarda.es\/en\/o-mercado-da-guarda-acolleu-unha-charla-sobre-habitos-saudables\/\" \/>\n<meta property=\"og:site_name\" content=\"Concello da Guarda\" \/>\n<meta property=\"article:publisher\" content=\"https:\/\/www.facebook.com\/ConcellodaGuarda\" \/>\n<meta property=\"article:published_time\" content=\"2019-06-17T09:56:14+00:00\" \/>\n<meta property=\"og:image\" content=\"https:\/\/www.aguarda.es\/wp-content\/uploads\/2019\/06\/NP-17062019-O-Mercado-da-Guarda-acolleu-unha-charla-sobre-h\u00e1bitos-saudables.jpg\" \/>\n\t<meta property=\"og:image:width\" content=\"800\" \/>\n\t<meta property=\"og:image:height\" content=\"597\" \/>\n\t<meta property=\"og:image:type\" content=\"image\/jpeg\" \/>\n<meta name=\"author\" content=\"prensa\" \/>\n<meta name=\"twitter:card\" content=\"summary_large_image\" \/>\n<meta name=\"twitter:creator\" content=\"@AGuarda_es\" \/>\n<meta name=\"twitter:site\" content=\"@AGuarda_es\" \/>\n<meta name=\"twitter:label1\" content=\"Written by\" \/>\n\t<meta name=\"twitter:data1\" content=\"prensa\" \/>\n\t<meta name=\"twitter:label2\" content=\"Est. reading time\" \/>\n\t<meta name=\"twitter:data2\" content=\"2 minutes\" \/>\n<script type=\"application\/ld+json\" class=\"yoast-schema-graph\">{\"@context\":\"https:\\\/\\\/schema.org\",\"@graph\":[{\"@type\":\"Article\",\"@id\":\"https:\\\/\\\/www.aguarda.es\\\/en\\\/o-mercado-da-guarda-acolleu-unha-charla-sobre-habitos-saudables\\\/#article\",\"isPartOf\":{\"@id\":\"https:\\\/\\\/www.aguarda.es\\\/en\\\/o-mercado-da-guarda-acolleu-unha-charla-sobre-habitos-saudables\\\/\"},\"author\":{\"name\":\"prensa\",\"@id\":\"https:\\\/\\\/www.aguarda.es\\\/en\\\/#\\\/schema\\\/person\\\/c463ca3006858ffb349d11179d044f21\"},\"headline\":\"O Mercado da Guarda acolleu unha charla sobre h\u00e1bitos saudables\",\"datePublished\":\"2019-06-17T09:56:14+00:00\",\"mainEntityOfPage\":{\"@id\":\"https:\\\/\\\/www.aguarda.es\\\/en\\\/o-mercado-da-guarda-acolleu-unha-charla-sobre-habitos-saudables\\\/\"},\"wordCount\":485,\"commentCount\":0,\"image\":{\"@id\":\"https:\\\/\\\/www.aguarda.es\\\/en\\\/o-mercado-da-guarda-acolleu-unha-charla-sobre-habitos-saudables\\\/#primaryimage\"},\"thumbnailUrl\":\"https:\\\/\\\/www.aguarda.es\\\/wp-content\\\/uploads\\\/2019\\\/06\\\/NP-17062019-O-Mercado-da-Guarda-acolleu-unha-charla-sobre-h\u00e1bitos-saudables.jpg\",\"keywords\":[\"A Guarda\",\"charla\",\"Mercado\",\"sa\u00fade\"],\"articleSection\":[\"Xerais\"],\"inLanguage\":\"en-US\"},{\"@type\":\"WebPage\",\"@id\":\"https:\\\/\\\/www.aguarda.es\\\/en\\\/o-mercado-da-guarda-acolleu-unha-charla-sobre-habitos-saudables\\\/\",\"url\":\"https:\\\/\\\/www.aguarda.es\\\/en\\\/o-mercado-da-guarda-acolleu-unha-charla-sobre-habitos-saudables\\\/\",\"name\":\"O Mercado da Guarda acolleu unha charla sobre h\u00e1bitos saudables - Concello da Guarda\",\"isPartOf\":{\"@id\":\"https:\\\/\\\/www.aguarda.es\\\/en\\\/#website\"},\"primaryImageOfPage\":{\"@id\":\"https:\\\/\\\/www.aguarda.es\\\/en\\\/o-mercado-da-guarda-acolleu-unha-charla-sobre-habitos-saudables\\\/#primaryimage\"},\"image\":{\"@id\":\"https:\\\/\\\/www.aguarda.es\\\/en\\\/o-mercado-da-guarda-acolleu-unha-charla-sobre-habitos-saudables\\\/#primaryimage\"},\"thumbnailUrl\":\"https:\\\/\\\/www.aguarda.es\\\/wp-content\\\/uploads\\\/2019\\\/06\\\/NP-17062019-O-Mercado-da-Guarda-acolleu-unha-charla-sobre-h\u00e1bitos-saudables.jpg\",\"datePublished\":\"2019-06-17T09:56:14+00:00\",\"author\":{\"@id\":\"https:\\\/\\\/www.aguarda.es\\\/en\\\/#\\\/schema\\\/person\\\/c463ca3006858ffb349d11179d044f21\"},\"breadcrumb\":{\"@id\":\"https:\\\/\\\/www.aguarda.es\\\/en\\\/o-mercado-da-guarda-acolleu-unha-charla-sobre-habitos-saudables\\\/#breadcrumb\"},\"inLanguage\":\"en-US\",\"potentialAction\":[{\"@type\":\"ReadAction\",\"target\":[\"https:\\\/\\\/www.aguarda.es\\\/en\\\/o-mercado-da-guarda-acolleu-unha-charla-sobre-habitos-saudables\\\/\"]}]},{\"@type\":\"ImageObject\",\"inLanguage\":\"en-US\",\"@id\":\"https:\\\/\\\/www.aguarda.es\\\/en\\\/o-mercado-da-guarda-acolleu-unha-charla-sobre-habitos-saudables\\\/#primaryimage\",\"url\":\"https:\\\/\\\/www.aguarda.es\\\/wp-content\\\/uploads\\\/2019\\\/06\\\/NP-17062019-O-Mercado-da-Guarda-acolleu-unha-charla-sobre-h\u00e1bitos-saudables.jpg\",\"contentUrl\":\"https:\\\/\\\/www.aguarda.es\\\/wp-content\\\/uploads\\\/2019\\\/06\\\/NP-17062019-O-Mercado-da-Guarda-acolleu-unha-charla-sobre-h\u00e1bitos-saudables.jpg\",\"width\":800,\"height\":597},{\"@type\":\"BreadcrumbList\",\"@id\":\"https:\\\/\\\/www.aguarda.es\\\/en\\\/o-mercado-da-guarda-acolleu-unha-charla-sobre-habitos-saudables\\\/#breadcrumb\",\"itemListElement\":[{\"@type\":\"ListItem\",\"position\":1,\"name\":\"Portada\",\"item\":\"https:\\\/\\\/www.aguarda.es\\\/en\\\/\"},{\"@type\":\"ListItem\",\"position\":2,\"name\":\"O Mercado da Guarda acolleu unha charla sobre h\u00e1bitos saudables\"}]},{\"@type\":\"WebSite\",\"@id\":\"https:\\\/\\\/www.aguarda.es\\\/en\\\/#website\",\"url\":\"https:\\\/\\\/www.aguarda.es\\\/en\\\/\",\"name\":\"Concello da Guarda\",\"description\":\"P\u00e1xina web do concello da Guarda\",\"potentialAction\":[{\"@type\":\"SearchAction\",\"target\":{\"@type\":\"EntryPoint\",\"urlTemplate\":\"https:\\\/\\\/www.aguarda.es\\\/en\\\/?s={search_term_string}\"},\"query-input\":{\"@type\":\"PropertyValueSpecification\",\"valueRequired\":true,\"valueName\":\"search_term_string\"}}],\"inLanguage\":\"en-US\"},{\"@type\":\"Person\",\"@id\":\"https:\\\/\\\/www.aguarda.es\\\/en\\\/#\\\/schema\\\/person\\\/c463ca3006858ffb349d11179d044f21\",\"name\":\"prensa\",\"image\":{\"@type\":\"ImageObject\",\"inLanguage\":\"en-US\",\"@id\":\"https:\\\/\\\/secure.gravatar.com\\\/avatar\\\/387e117f874ba5d0a3439060b45d914395d77287b2e4890a49d1599fc3ef9189?s=96&d=mm&r=g\",\"url\":\"https:\\\/\\\/secure.gravatar.com\\\/avatar\\\/387e117f874ba5d0a3439060b45d914395d77287b2e4890a49d1599fc3ef9189?s=96&d=mm&r=g\",\"contentUrl\":\"https:\\\/\\\/secure.gravatar.com\\\/avatar\\\/387e117f874ba5d0a3439060b45d914395d77287b2e4890a49d1599fc3ef9189?s=96&d=mm&r=g\",\"caption\":\"prensa\"},\"url\":\"https:\\\/\\\/www.aguarda.es\\\/en\\\/author\\\/prensa\\\/\"}]}<\/script>\n<!-- \/ Yoast SEO plugin. -->","yoast_head_json":{"title":"O Mercado da Guarda acolleu unha charla sobre h\u00e1bitos saudables - Concello da Guarda","robots":{"index":"index","follow":"follow","max-snippet":"max-snippet:-1","max-image-preview":"max-image-preview:large","max-video-preview":"max-video-preview:-1"},"canonical":"https:\/\/www.aguarda.es\/en\/o-mercado-da-guarda-acolleu-unha-charla-sobre-habitos-saudables\/","og_locale":"en_US","og_type":"article","og_title":"O Mercado da Guarda acolleu unha charla sobre h\u00e1bitos saudables - Concello da Guarda","og_description":"[vc_row][vc_column][vc_column_text] O pasado s\u00e1bado d\u00eda 15 de xu\u00f1o o Mercado da Guarda acolleu unha charla baixo o t\u00edtulo \u00abFamilia, que comemos hoxe?\u00bb dirixida principalmente a familias con nenos e nenas na etapa chamada de primeira infancia. Os participantes aprenderon sobre &hellip;","og_url":"https:\/\/www.aguarda.es\/en\/o-mercado-da-guarda-acolleu-unha-charla-sobre-habitos-saudables\/","og_site_name":"Concello da Guarda","article_publisher":"https:\/\/www.facebook.com\/ConcellodaGuarda","article_published_time":"2019-06-17T09:56:14+00:00","og_image":[{"width":800,"height":597,"url":"https:\/\/www.aguarda.es\/wp-content\/uploads\/2019\/06\/NP-17062019-O-Mercado-da-Guarda-acolleu-unha-charla-sobre-h\u00e1bitos-saudables.jpg","type":"image\/jpeg"}],"author":"prensa","twitter_card":"summary_large_image","twitter_creator":"@AGuarda_es","twitter_site":"@AGuarda_es","twitter_misc":{"Written by":"prensa","Est. reading time":"2 minutes"},"schema":{"@context":"https:\/\/schema.org","@graph":[{"@type":"Article","@id":"https:\/\/www.aguarda.es\/en\/o-mercado-da-guarda-acolleu-unha-charla-sobre-habitos-saudables\/#article","isPartOf":{"@id":"https:\/\/www.aguarda.es\/en\/o-mercado-da-guarda-acolleu-unha-charla-sobre-habitos-saudables\/"},"author":{"name":"prensa","@id":"https:\/\/www.aguarda.es\/en\/#\/schema\/person\/c463ca3006858ffb349d11179d044f21"},"headline":"O Mercado da Guarda acolleu unha charla sobre h\u00e1bitos saudables","datePublished":"2019-06-17T09:56:14+00:00","mainEntityOfPage":{"@id":"https:\/\/www.aguarda.es\/en\/o-mercado-da-guarda-acolleu-unha-charla-sobre-habitos-saudables\/"},"wordCount":485,"commentCount":0,"image":{"@id":"https:\/\/www.aguarda.es\/en\/o-mercado-da-guarda-acolleu-unha-charla-sobre-habitos-saudables\/#primaryimage"},"thumbnailUrl":"https:\/\/www.aguarda.es\/wp-content\/uploads\/2019\/06\/NP-17062019-O-Mercado-da-Guarda-acolleu-unha-charla-sobre-h\u00e1bitos-saudables.jpg","keywords":["A Guarda","charla","Mercado","sa\u00fade"],"articleSection":["Xerais"],"inLanguage":"en-US"},{"@type":"WebPage","@id":"https:\/\/www.aguarda.es\/en\/o-mercado-da-guarda-acolleu-unha-charla-sobre-habitos-saudables\/","url":"https:\/\/www.aguarda.es\/en\/o-mercado-da-guarda-acolleu-unha-charla-sobre-habitos-saudables\/","name":"O Mercado da Guarda acolleu unha charla sobre h\u00e1bitos saudables - Concello da Guarda","isPartOf":{"@id":"https:\/\/www.aguarda.es\/en\/#website"},"primaryImageOfPage":{"@id":"https:\/\/www.aguarda.es\/en\/o-mercado-da-guarda-acolleu-unha-charla-sobre-habitos-saudables\/#primaryimage"},"image":{"@id":"https:\/\/www.aguarda.es\/en\/o-mercado-da-guarda-acolleu-unha-charla-sobre-habitos-saudables\/#primaryimage"},"thumbnailUrl":"https:\/\/www.aguarda.es\/wp-content\/uploads\/2019\/06\/NP-17062019-O-Mercado-da-Guarda-acolleu-unha-charla-sobre-h\u00e1bitos-saudables.jpg","datePublished":"2019-06-17T09:56:14+00:00","author":{"@id":"https:\/\/www.aguarda.es\/en\/#\/schema\/person\/c463ca3006858ffb349d11179d044f21"},"breadcrumb":{"@id":"https:\/\/www.aguarda.es\/en\/o-mercado-da-guarda-acolleu-unha-charla-sobre-habitos-saudables\/#breadcrumb"},"inLanguage":"en-US","potentialAction":[{"@type":"ReadAction","target":["https:\/\/www.aguarda.es\/en\/o-mercado-da-guarda-acolleu-unha-charla-sobre-habitos-saudables\/"]}]},{"@type":"ImageObject","inLanguage":"en-US","@id":"https:\/\/www.aguarda.es\/en\/o-mercado-da-guarda-acolleu-unha-charla-sobre-habitos-saudables\/#primaryimage","url":"https:\/\/www.aguarda.es\/wp-content\/uploads\/2019\/06\/NP-17062019-O-Mercado-da-Guarda-acolleu-unha-charla-sobre-h\u00e1bitos-saudables.jpg","contentUrl":"https:\/\/www.aguarda.es\/wp-content\/uploads\/2019\/06\/NP-17062019-O-Mercado-da-Guarda-acolleu-unha-charla-sobre-h\u00e1bitos-saudables.jpg","width":800,"height":597},{"@type":"BreadcrumbList","@id":"https:\/\/www.aguarda.es\/en\/o-mercado-da-guarda-acolleu-unha-charla-sobre-habitos-saudables\/#breadcrumb","itemListElement":[{"@type":"ListItem","position":1,"name":"Portada","item":"https:\/\/www.aguarda.es\/en\/"},{"@type":"ListItem","position":2,"name":"O Mercado da Guarda acolleu unha charla sobre h\u00e1bitos saudables"}]},{"@type":"WebSite","@id":"https:\/\/www.aguarda.es\/en\/#website","url":"https:\/\/www.aguarda.es\/en\/","name":"Concello da Guarda","description":"P\u00e1xina web do concello da Guarda","potentialAction":[{"@type":"SearchAction","target":{"@type":"EntryPoint","urlTemplate":"https:\/\/www.aguarda.es\/en\/?s={search_term_string}"},"query-input":{"@type":"PropertyValueSpecification","valueRequired":true,"valueName":"search_term_string"}}],"inLanguage":"en-US"},{"@type":"Person","@id":"https:\/\/www.aguarda.es\/en\/#\/schema\/person\/c463ca3006858ffb349d11179d044f21","name":"prensa","image":{"@type":"ImageObject","inLanguage":"en-US","@id":"https:\/\/secure.gravatar.com\/avatar\/387e117f874ba5d0a3439060b45d914395d77287b2e4890a49d1599fc3ef9189?s=96&d=mm&r=g","url":"https:\/\/secure.gravatar.com\/avatar\/387e117f874ba5d0a3439060b45d914395d77287b2e4890a49d1599fc3ef9189?s=96&d=mm&r=g","contentUrl":"https:\/\/secure.gravatar.com\/avatar\/387e117f874ba5d0a3439060b45d914395d77287b2e4890a49d1599fc3ef9189?s=96&d=mm&r=g","caption":"prensa"},"url":"https:\/\/www.aguarda.es\/en\/author\/prensa\/"}]}},"_links":{"self":[{"href":"https:\/\/www.aguarda.es\/en\/wp-json\/wp\/v2\/posts\/18475","targetHints":{"allow":["GET"]}}],"collection":[{"href":"https:\/\/www.aguarda.es\/en\/wp-json\/wp\/v2\/posts"}],"about":[{"href":"https:\/\/www.aguarda.es\/en\/wp-json\/wp\/v2\/types\/post"}],"author":[{"embeddable":true,"href":"https:\/\/www.aguarda.es\/en\/wp-json\/wp\/v2\/users\/2"}],"replies":[{"embeddable":true,"href":"https:\/\/www.aguarda.es\/en\/wp-json\/wp\/v2\/comments?post=18475"}],"version-history":[{"count":1,"href":"https:\/\/www.aguarda.es\/en\/wp-json\/wp\/v2\/posts\/18475\/revisions"}],"predecessor-version":[{"id":18478,"href":"https:\/\/www.aguarda.es\/en\/wp-json\/wp\/v2\/posts\/18475\/revisions\/18478"}],"wp:featuredmedia":[{"embeddable":true,"href":"https:\/\/www.aguarda.es\/en\/wp-json\/wp\/v2\/media\/18476"}],"wp:attachment":[{"href":"https:\/\/www.aguarda.es\/en\/wp-json\/wp\/v2\/media?parent=18475"}],"wp:term":[{"taxonomy":"category","embeddable":true,"href":"https:\/\/www.aguarda.es\/en\/wp-json\/wp\/v2\/categories?post=18475"},{"taxonomy":"post_tag","embeddable":true,"href":"https:\/\/www.aguarda.es\/en\/wp-json\/wp\/v2\/tags?post=18475"}],"curies":[{"name":"wp","href":"https:\/\/api.w.org\/{rel}","templated":true}]}}