{"id":18614,"date":"2019-06-26T08:14:33","date_gmt":"2019-06-26T08:14:33","guid":{"rendered":"https:\/\/www.aguarda.es\/?p=18614"},"modified":"2019-06-26T08:14:33","modified_gmt":"2019-06-26T08:14:33","slug":"a-guarda-asina-os-convenios-de-aforro-e-eficiencia-enerxetica","status":"publish","type":"post","link":"https:\/\/www.aguarda.es\/en\/a-guarda-asina-os-convenios-de-aforro-e-eficiencia-enerxetica\/","title":{"rendered":"A Guarda asina os convenios de aforro e eficiencia enerx\u00e9tica"},"content":{"rendered":"<p style=\"text-align: justify\">O Sal\u00f3n de Plenos do Pazo Provincial acolleu este luns o acto de sinatura do proxecto de aforro e eficiencia enerx\u00e9tica do cal o Concello da Guarda ser\u00e1 beneficiario, cunha axuda para a eficiencia enerx\u00e9tica a trav\u00e9s do IDAE, que permitir\u00e1 a renovaci\u00f3n dun total de 251 puntos de luz do municipio, adaptando os mesmos \u00e1 nova tecnolox\u00eda led, mellorando a eficiencia e acadando un aforro enerx\u00e9tico dun 74% e cun importe de 78,938,30\u20ac.<\/p>\n<p style=\"text-align: justify\">O Alcalde da Guarda, Antonio Lomba, acudiu en representaci\u00f3n do municipio, xunto cos 43 representantes dos concellos beneficiarios.<\/p>\n<p style=\"text-align: justify\">Esta axuda, para Concellos que te\u00f1en menos de 20.000 habitantes e que conta cun orzamento de 4 mill\u00f3ns de euros, dos que 3 mill\u00f3ns ach\u00e9gaos a Uni\u00f3n Europea, contribuir\u00e1n ao desenvolvemento econ\u00f3mico da provincia e a cumprir o Programa Operativo de Crecemento Sostible 2014-2020 da Direcci\u00f3n Xeral de Fondos Comunitarios (Ministerio de Facenda e Funci\u00f3n P\u00fablica), ademais de buscar o cumprimento dos Obxectivos de Desenvolvemento Sostible da ONU.<\/p>\n<p style=\"text-align: justify\">Estas novas luminarias instalaranse en diferentes r\u00faas e espazos do municipio, destacando tam\u00e9n a instalaci\u00f3n en BIC\u00b4s coma o Castelo de Santa Cruz(24 puntos de luz) ou o Monte Santa Trega(14 puntos de luz), cunha inversi\u00f3n total de 13,908,34\u20ac.<\/p>\n<p style=\"text-align: justify\">Nesta subvenci\u00f3n do IDAE se contempla tam\u00e9n a instalaci\u00f3n dunha Caldeira de Biomasa para o Centro Cultural da vila, o que permitir\u00e1 un aforro nos gastos de combustible da actual caldeira de di\u00e9sel, as\u00ed coma unha eficiencia no mantemento do equipo. O importe total para a Caldeira de Biomasa \u00e9 de 58,016,45\u20ac.<\/p>\n<p style=\"text-align: justify\">Para estas actuaci\u00f3ns A Guarda contar\u00e1 cunha inversi\u00f3n da cal un 80% corre a cargo do IDAE, un 15% a cargo da Deputaci\u00f3n de Pontevedra e un 5% a cargo do Concello.<\/p>\n","protected":false},"excerpt":{"rendered":"<p>O Sal\u00f3n de Plenos do Pazo Provincial acolleu este luns o acto de sinatura do proxecto de aforro e eficiencia enerx\u00e9tica do cal o Concello da Guarda ser\u00e1 beneficiario, cunha axuda para a eficiencia enerx\u00e9tica a trav\u00e9s do IDAE, que &hellip; <\/p>\n","protected":false},"author":2,"featured_media":18615,"comment_status":"open","ping_status":"open","sticky":false,"template":"","format":"standard","meta":[],"categories":[33],"tags":[226,1865,274,1689,1809],"yoast_head":"<!-- This site is optimized with the Yoast SEO plugin v21.1 - https:\/\/yoast.com\/wordpress\/plugins\/seo\/ -->\n<title>A Guarda asina os convenios de aforro e eficiencia enerx\u00e9tica - Concello da Guarda<\/title>\n<meta name=\"robots\" content=\"index, follow, max-snippet:-1, max-image-preview:large, max-video-preview:-1\" \/>\n<link rel=\"canonical\" href=\"https:\/\/www.aguarda.es\/en\/a-guarda-asina-os-convenios-de-aforro-e-eficiencia-enerxetica\/\" \/>\n<meta property=\"og:locale\" content=\"en_US\" \/>\n<meta property=\"og:type\" content=\"article\" \/>\n<meta property=\"og:title\" content=\"A Guarda asina os convenios de aforro e eficiencia enerx\u00e9tica - Concello da Guarda\" \/>\n<meta property=\"og:description\" content=\"O Sal\u00f3n de Plenos do Pazo Provincial acolleu este luns o acto de sinatura do proxecto de aforro e eficiencia enerx\u00e9tica do cal o Concello da Guarda ser\u00e1 beneficiario, cunha axuda para a eficiencia enerx\u00e9tica a trav\u00e9s do IDAE, que &hellip;\" \/>\n<meta property=\"og:url\" content=\"https:\/\/www.aguarda.es\/en\/a-guarda-asina-os-convenios-de-aforro-e-eficiencia-enerxetica\/\" \/>\n<meta property=\"og:site_name\" content=\"Concello da Guarda\" \/>\n<meta property=\"article:publisher\" content=\"https:\/\/www.facebook.com\/ConcellodaGuarda\" \/>\n<meta property=\"article:published_time\" content=\"2019-06-26T08:14:33+00:00\" \/>\n<meta property=\"og:image\" content=\"https:\/\/www.aguarda.es\/wp-content\/uploads\/2019\/06\/NP-26062019-A-Guarda-asina-os-convenios-de-aforro-e-eficiencia-enerx\u00e9tica.jpg\" \/>\n\t<meta property=\"og:image:width\" content=\"800\" \/>\n\t<meta property=\"og:image:height\" content=\"533\" \/>\n\t<meta property=\"og:image:type\" content=\"image\/jpeg\" \/>\n<meta name=\"author\" content=\"prensa\" \/>\n<meta name=\"twitter:card\" content=\"summary_large_image\" \/>\n<meta name=\"twitter:creator\" content=\"@AGuarda_es\" \/>\n<meta name=\"twitter:site\" content=\"@AGuarda_es\" \/>\n<meta name=\"twitter:label1\" content=\"Written by\" \/>\n\t<meta name=\"twitter:data1\" content=\"prensa\" \/>\n\t<meta name=\"twitter:label2\" content=\"Est. reading time\" \/>\n\t<meta name=\"twitter:data2\" content=\"1 minute\" \/>\n<script type=\"application\/ld+json\" class=\"yoast-schema-graph\">{\"@context\":\"https:\/\/schema.org\",\"@graph\":[{\"@type\":\"WebPage\",\"@id\":\"https:\/\/www.aguarda.es\/en\/a-guarda-asina-os-convenios-de-aforro-e-eficiencia-enerxetica\/\",\"url\":\"https:\/\/www.aguarda.es\/en\/a-guarda-asina-os-convenios-de-aforro-e-eficiencia-enerxetica\/\",\"name\":\"A Guarda asina os convenios de aforro e eficiencia enerx\u00e9tica - Concello da Guarda\",\"isPartOf\":{\"@id\":\"https:\/\/www.aguarda.es\/en\/#website\"},\"datePublished\":\"2019-06-26T08:14:33+00:00\",\"dateModified\":\"2019-06-26T08:14:33+00:00\",\"author\":{\"@id\":\"https:\/\/www.aguarda.es\/en\/#\/schema\/person\/c463ca3006858ffb349d11179d044f21\"},\"breadcrumb\":{\"@id\":\"https:\/\/www.aguarda.es\/en\/a-guarda-asina-os-convenios-de-aforro-e-eficiencia-enerxetica\/#breadcrumb\"},\"inLanguage\":\"en-US\",\"potentialAction\":[{\"@type\":\"ReadAction\",\"target\":[\"https:\/\/www.aguarda.es\/en\/a-guarda-asina-os-convenios-de-aforro-e-eficiencia-enerxetica\/\"]}]},{\"@type\":\"BreadcrumbList\",\"@id\":\"https:\/\/www.aguarda.es\/en\/a-guarda-asina-os-convenios-de-aforro-e-eficiencia-enerxetica\/#breadcrumb\",\"itemListElement\":[{\"@type\":\"ListItem\",\"position\":1,\"name\":\"Portada\",\"item\":\"https:\/\/www.aguarda.es\/en\/\"},{\"@type\":\"ListItem\",\"position\":2,\"name\":\"A Guarda asina os convenios de aforro e eficiencia enerx\u00e9tica\"}]},{\"@type\":\"WebSite\",\"@id\":\"https:\/\/www.aguarda.es\/en\/#website\",\"url\":\"https:\/\/www.aguarda.es\/en\/\",\"name\":\"Concello da Guarda\",\"description\":\"P\u00e1xina web do concello da Guarda\",\"potentialAction\":[{\"@type\":\"SearchAction\",\"target\":{\"@type\":\"EntryPoint\",\"urlTemplate\":\"https:\/\/www.aguarda.es\/en\/?s={search_term_string}\"},\"query-input\":\"required name=search_term_string\"}],\"inLanguage\":\"en-US\"},{\"@type\":\"Person\",\"@id\":\"https:\/\/www.aguarda.es\/en\/#\/schema\/person\/c463ca3006858ffb349d11179d044f21\",\"name\":\"prensa\",\"image\":{\"@type\":\"ImageObject\",\"inLanguage\":\"en-US\",\"@id\":\"https:\/\/www.aguarda.es\/en\/#\/schema\/person\/image\/\",\"url\":\"https:\/\/secure.gravatar.com\/avatar\/5f90ef536b0f98306edf5c7a1135ffa1?s=96&d=mm&r=g\",\"contentUrl\":\"https:\/\/secure.gravatar.com\/avatar\/5f90ef536b0f98306edf5c7a1135ffa1?s=96&d=mm&r=g\",\"caption\":\"prensa\"},\"url\":\"https:\/\/www.aguarda.es\/en\/author\/prensa\/\"}]}<\/script>\n<!-- \/ Yoast SEO plugin. -->","yoast_head_json":{"title":"A Guarda asina os convenios de aforro e eficiencia enerx\u00e9tica - Concello da Guarda","robots":{"index":"index","follow":"follow","max-snippet":"max-snippet:-1","max-image-preview":"max-image-preview:large","max-video-preview":"max-video-preview:-1"},"canonical":"https:\/\/www.aguarda.es\/en\/a-guarda-asina-os-convenios-de-aforro-e-eficiencia-enerxetica\/","og_locale":"en_US","og_type":"article","og_title":"A Guarda asina os convenios de aforro e eficiencia enerx\u00e9tica - Concello da Guarda","og_description":"O Sal\u00f3n de Plenos do Pazo Provincial acolleu este luns o acto de sinatura do proxecto de aforro e eficiencia enerx\u00e9tica do cal o Concello da Guarda ser\u00e1 beneficiario, cunha axuda para a eficiencia enerx\u00e9tica a trav\u00e9s do IDAE, que &hellip;","og_url":"https:\/\/www.aguarda.es\/en\/a-guarda-asina-os-convenios-de-aforro-e-eficiencia-enerxetica\/","og_site_name":"Concello da Guarda","article_publisher":"https:\/\/www.facebook.com\/ConcellodaGuarda","article_published_time":"2019-06-26T08:14:33+00:00","og_image":[{"width":800,"height":533,"url":"https:\/\/www.aguarda.es\/wp-content\/uploads\/2019\/06\/NP-26062019-A-Guarda-asina-os-convenios-de-aforro-e-eficiencia-enerx\u00e9tica.jpg","type":"image\/jpeg"}],"author":"prensa","twitter_card":"summary_large_image","twitter_creator":"@AGuarda_es","twitter_site":"@AGuarda_es","twitter_misc":{"Written by":"prensa","Est. reading time":"1 minute"},"schema":{"@context":"https:\/\/schema.org","@graph":[{"@type":"WebPage","@id":"https:\/\/www.aguarda.es\/en\/a-guarda-asina-os-convenios-de-aforro-e-eficiencia-enerxetica\/","url":"https:\/\/www.aguarda.es\/en\/a-guarda-asina-os-convenios-de-aforro-e-eficiencia-enerxetica\/","name":"A Guarda asina os convenios de aforro e eficiencia enerx\u00e9tica - Concello da Guarda","isPartOf":{"@id":"https:\/\/www.aguarda.es\/en\/#website"},"datePublished":"2019-06-26T08:14:33+00:00","dateModified":"2019-06-26T08:14:33+00:00","author":{"@id":"https:\/\/www.aguarda.es\/en\/#\/schema\/person\/c463ca3006858ffb349d11179d044f21"},"breadcrumb":{"@id":"https:\/\/www.aguarda.es\/en\/a-guarda-asina-os-convenios-de-aforro-e-eficiencia-enerxetica\/#breadcrumb"},"inLanguage":"en-US","potentialAction":[{"@type":"ReadAction","target":["https:\/\/www.aguarda.es\/en\/a-guarda-asina-os-convenios-de-aforro-e-eficiencia-enerxetica\/"]}]},{"@type":"BreadcrumbList","@id":"https:\/\/www.aguarda.es\/en\/a-guarda-asina-os-convenios-de-aforro-e-eficiencia-enerxetica\/#breadcrumb","itemListElement":[{"@type":"ListItem","position":1,"name":"Portada","item":"https:\/\/www.aguarda.es\/en\/"},{"@type":"ListItem","position":2,"name":"A Guarda asina os convenios de aforro e eficiencia enerx\u00e9tica"}]},{"@type":"WebSite","@id":"https:\/\/www.aguarda.es\/en\/#website","url":"https:\/\/www.aguarda.es\/en\/","name":"Concello da Guarda","description":"P\u00e1xina web do concello da Guarda","potentialAction":[{"@type":"SearchAction","target":{"@type":"EntryPoint","urlTemplate":"https:\/\/www.aguarda.es\/en\/?s={search_term_string}"},"query-input":"required name=search_term_string"}],"inLanguage":"en-US"},{"@type":"Person","@id":"https:\/\/www.aguarda.es\/en\/#\/schema\/person\/c463ca3006858ffb349d11179d044f21","name":"prensa","image":{"@type":"ImageObject","inLanguage":"en-US","@id":"https:\/\/www.aguarda.es\/en\/#\/schema\/person\/image\/","url":"https:\/\/secure.gravatar.com\/avatar\/5f90ef536b0f98306edf5c7a1135ffa1?s=96&d=mm&r=g","contentUrl":"https:\/\/secure.gravatar.com\/avatar\/5f90ef536b0f98306edf5c7a1135ffa1?s=96&d=mm&r=g","caption":"prensa"},"url":"https:\/\/www.aguarda.es\/en\/author\/prensa\/"}]}},"_links":{"self":[{"href":"https:\/\/www.aguarda.es\/en\/wp-json\/wp\/v2\/posts\/18614"}],"collection":[{"href":"https:\/\/www.aguarda.es\/en\/wp-json\/wp\/v2\/posts"}],"about":[{"href":"https:\/\/www.aguarda.es\/en\/wp-json\/wp\/v2\/types\/post"}],"author":[{"embeddable":true,"href":"https:\/\/www.aguarda.es\/en\/wp-json\/wp\/v2\/users\/2"}],"replies":[{"embeddable":true,"href":"https:\/\/www.aguarda.es\/en\/wp-json\/wp\/v2\/comments?post=18614"}],"version-history":[{"count":1,"href":"https:\/\/www.aguarda.es\/en\/wp-json\/wp\/v2\/posts\/18614\/revisions"}],"predecessor-version":[{"id":18617,"href":"https:\/\/www.aguarda.es\/en\/wp-json\/wp\/v2\/posts\/18614\/revisions\/18617"}],"wp:featuredmedia":[{"embeddable":true,"href":"https:\/\/www.aguarda.es\/en\/wp-json\/wp\/v2\/media\/18615"}],"wp:attachment":[{"href":"https:\/\/www.aguarda.es\/en\/wp-json\/wp\/v2\/media?parent=18614"}],"wp:term":[{"taxonomy":"category","embeddable":true,"href":"https:\/\/www.aguarda.es\/en\/wp-json\/wp\/v2\/categories?post=18614"},{"taxonomy":"post_tag","embeddable":true,"href":"https:\/\/www.aguarda.es\/en\/wp-json\/wp\/v2\/tags?post=18614"}],"curies":[{"name":"wp","href":"https:\/\/api.w.org\/{rel}","templated":true}]}}