{"id":18713,"date":"2019-07-03T11:02:28","date_gmt":"2019-07-03T11:02:28","guid":{"rendered":"https:\/\/www.aguarda.es\/?p=18713"},"modified":"2019-07-03T11:02:28","modified_gmt":"2019-07-03T11:02:28","slug":"a-guarda-sera-sede-do-campionato-galego-de-balonman-praia","status":"publish","type":"post","link":"https:\/\/www.aguarda.es\/en\/a-guarda-sera-sede-do-campionato-galego-de-balonman-praia\/","title":{"rendered":"A Guarda ser\u00e1 sede do Campionato Galego de Balonm\u00e1n Praia"},"content":{"rendered":"<p style=\"text-align: justify\">Na fin de semana do 5 ao 7 de xullo A Guarda ser\u00e1 sede do Campionato Galego de Balonm\u00e1n Praia, un evento deportivo organizado pola Federaci\u00f3n Galega de Balonm\u00e1n e que chega \u00e1 Guarda tras pasar polos concellos de Baiona, O Grove e Bueu.<\/p>\n<p style=\"text-align: justify\">O evento na Guarda, cuarta proba das seis que compo\u00f1en este campionato, ter\u00e1 lugar nas pistas deportivas do Codesal en Camposancos, onde os m\u00e1is de 1000 deportistas participantes en 80 equipos loitar\u00e1n para acadar o triunfo neste campionato que contin\u00faa nos concellos de Moa\u00f1a e Vigo.<\/p>\n<p style=\"text-align: justify\">O balonm\u00e1n praia \u00e9 un deporte en auxe e cada vez participa un maior n\u00famero de deportistas nestas probas, contando con varios \u00e9xitos deportivos a nivel internacional.<\/p>\n<p style=\"text-align: justify\">Competiran na Guarda, m\u00e1is de 80 equipos nas categor\u00edas: alev\u00edn mixto, infantil feminino, infantil masculino, cadete feminino, cadete masculino y s\u00e9nior feminino e masculino.<\/p>\n","protected":false},"excerpt":{"rendered":"<p>Na fin de semana do 5 ao 7 de xullo A Guarda ser\u00e1 sede do Campionato Galego de Balonm\u00e1n Praia, un evento deportivo organizado pola Federaci\u00f3n Galega de Balonm\u00e1n e que chega \u00e1 Guarda tras pasar polos concellos de Baiona, &hellip; <\/p>\n","protected":false},"author":2,"featured_media":18714,"comment_status":"open","ping_status":"open","sticky":false,"template":"","format":"standard","meta":[],"categories":[35,33],"tags":[226,351,1869,624,276,840],"yoast_head":"<!-- This site is optimized with the Yoast SEO plugin v21.1 - https:\/\/yoast.com\/wordpress\/plugins\/seo\/ -->\n<title>A Guarda ser\u00e1 sede do Campionato Galego de Balonm\u00e1n Praia - Concello da Guarda<\/title>\n<meta name=\"robots\" content=\"index, follow, max-snippet:-1, max-image-preview:large, max-video-preview:-1\" \/>\n<link rel=\"canonical\" href=\"https:\/\/www.aguarda.es\/en\/a-guarda-sera-sede-do-campionato-galego-de-balonman-praia\/\" \/>\n<meta property=\"og:locale\" content=\"en_US\" \/>\n<meta property=\"og:type\" content=\"article\" \/>\n<meta property=\"og:title\" content=\"A Guarda ser\u00e1 sede do Campionato Galego de Balonm\u00e1n Praia - Concello da Guarda\" \/>\n<meta property=\"og:description\" content=\"Na fin de semana do 5 ao 7 de xullo A Guarda ser\u00e1 sede do Campionato Galego de Balonm\u00e1n Praia, un evento deportivo organizado pola Federaci\u00f3n Galega de Balonm\u00e1n e que chega \u00e1 Guarda tras pasar polos concellos de Baiona, &hellip;\" \/>\n<meta property=\"og:url\" content=\"https:\/\/www.aguarda.es\/en\/a-guarda-sera-sede-do-campionato-galego-de-balonman-praia\/\" \/>\n<meta property=\"og:site_name\" content=\"Concello da Guarda\" \/>\n<meta property=\"article:publisher\" content=\"https:\/\/www.facebook.com\/ConcellodaGuarda\" \/>\n<meta property=\"article:published_time\" content=\"2019-07-03T11:02:28+00:00\" \/>\n<meta property=\"og:image\" content=\"https:\/\/www.aguarda.es\/wp-content\/uploads\/2019\/07\/NP-03072019-A-Guarda-ser\u00e1-sede-do-Campionato-Galego-de-Balonm\u00e1n-Praia.jpg\" \/>\n\t<meta property=\"og:image:width\" content=\"800\" \/>\n\t<meta property=\"og:image:height\" content=\"1131\" \/>\n\t<meta property=\"og:image:type\" content=\"image\/jpeg\" \/>\n<meta name=\"author\" content=\"prensa\" \/>\n<meta name=\"twitter:card\" content=\"summary_large_image\" \/>\n<meta name=\"twitter:creator\" content=\"@AGuarda_es\" \/>\n<meta name=\"twitter:site\" content=\"@AGuarda_es\" \/>\n<meta name=\"twitter:label1\" content=\"Written by\" \/>\n\t<meta name=\"twitter:data1\" content=\"prensa\" \/>\n\t<meta name=\"twitter:label2\" content=\"Est. reading time\" \/>\n\t<meta name=\"twitter:data2\" content=\"1 minute\" \/>\n<script type=\"application\/ld+json\" class=\"yoast-schema-graph\">{\"@context\":\"https:\/\/schema.org\",\"@graph\":[{\"@type\":\"WebPage\",\"@id\":\"https:\/\/www.aguarda.es\/en\/a-guarda-sera-sede-do-campionato-galego-de-balonman-praia\/\",\"url\":\"https:\/\/www.aguarda.es\/en\/a-guarda-sera-sede-do-campionato-galego-de-balonman-praia\/\",\"name\":\"A Guarda ser\u00e1 sede do Campionato Galego de Balonm\u00e1n Praia - Concello da Guarda\",\"isPartOf\":{\"@id\":\"https:\/\/www.aguarda.es\/en\/#website\"},\"datePublished\":\"2019-07-03T11:02:28+00:00\",\"dateModified\":\"2019-07-03T11:02:28+00:00\",\"author\":{\"@id\":\"https:\/\/www.aguarda.es\/en\/#\/schema\/person\/c463ca3006858ffb349d11179d044f21\"},\"breadcrumb\":{\"@id\":\"https:\/\/www.aguarda.es\/en\/a-guarda-sera-sede-do-campionato-galego-de-balonman-praia\/#breadcrumb\"},\"inLanguage\":\"en-US\",\"potentialAction\":[{\"@type\":\"ReadAction\",\"target\":[\"https:\/\/www.aguarda.es\/en\/a-guarda-sera-sede-do-campionato-galego-de-balonman-praia\/\"]}]},{\"@type\":\"BreadcrumbList\",\"@id\":\"https:\/\/www.aguarda.es\/en\/a-guarda-sera-sede-do-campionato-galego-de-balonman-praia\/#breadcrumb\",\"itemListElement\":[{\"@type\":\"ListItem\",\"position\":1,\"name\":\"Portada\",\"item\":\"https:\/\/www.aguarda.es\/en\/\"},{\"@type\":\"ListItem\",\"position\":2,\"name\":\"A Guarda ser\u00e1 sede do Campionato Galego de Balonm\u00e1n Praia\"}]},{\"@type\":\"WebSite\",\"@id\":\"https:\/\/www.aguarda.es\/en\/#website\",\"url\":\"https:\/\/www.aguarda.es\/en\/\",\"name\":\"Concello da Guarda\",\"description\":\"P\u00e1xina web do concello da Guarda\",\"potentialAction\":[{\"@type\":\"SearchAction\",\"target\":{\"@type\":\"EntryPoint\",\"urlTemplate\":\"https:\/\/www.aguarda.es\/en\/?s={search_term_string}\"},\"query-input\":\"required name=search_term_string\"}],\"inLanguage\":\"en-US\"},{\"@type\":\"Person\",\"@id\":\"https:\/\/www.aguarda.es\/en\/#\/schema\/person\/c463ca3006858ffb349d11179d044f21\",\"name\":\"prensa\",\"image\":{\"@type\":\"ImageObject\",\"inLanguage\":\"en-US\",\"@id\":\"https:\/\/www.aguarda.es\/en\/#\/schema\/person\/image\/\",\"url\":\"https:\/\/secure.gravatar.com\/avatar\/5f90ef536b0f98306edf5c7a1135ffa1?s=96&d=mm&r=g\",\"contentUrl\":\"https:\/\/secure.gravatar.com\/avatar\/5f90ef536b0f98306edf5c7a1135ffa1?s=96&d=mm&r=g\",\"caption\":\"prensa\"},\"url\":\"https:\/\/www.aguarda.es\/en\/author\/prensa\/\"}]}<\/script>\n<!-- \/ Yoast SEO plugin. -->","yoast_head_json":{"title":"A Guarda ser\u00e1 sede do Campionato Galego de Balonm\u00e1n Praia - Concello da Guarda","robots":{"index":"index","follow":"follow","max-snippet":"max-snippet:-1","max-image-preview":"max-image-preview:large","max-video-preview":"max-video-preview:-1"},"canonical":"https:\/\/www.aguarda.es\/en\/a-guarda-sera-sede-do-campionato-galego-de-balonman-praia\/","og_locale":"en_US","og_type":"article","og_title":"A Guarda ser\u00e1 sede do Campionato Galego de Balonm\u00e1n Praia - Concello da Guarda","og_description":"Na fin de semana do 5 ao 7 de xullo A Guarda ser\u00e1 sede do Campionato Galego de Balonm\u00e1n Praia, un evento deportivo organizado pola Federaci\u00f3n Galega de Balonm\u00e1n e que chega \u00e1 Guarda tras pasar polos concellos de Baiona, &hellip;","og_url":"https:\/\/www.aguarda.es\/en\/a-guarda-sera-sede-do-campionato-galego-de-balonman-praia\/","og_site_name":"Concello da Guarda","article_publisher":"https:\/\/www.facebook.com\/ConcellodaGuarda","article_published_time":"2019-07-03T11:02:28+00:00","og_image":[{"width":800,"height":1131,"url":"https:\/\/www.aguarda.es\/wp-content\/uploads\/2019\/07\/NP-03072019-A-Guarda-ser\u00e1-sede-do-Campionato-Galego-de-Balonm\u00e1n-Praia.jpg","type":"image\/jpeg"}],"author":"prensa","twitter_card":"summary_large_image","twitter_creator":"@AGuarda_es","twitter_site":"@AGuarda_es","twitter_misc":{"Written by":"prensa","Est. reading time":"1 minute"},"schema":{"@context":"https:\/\/schema.org","@graph":[{"@type":"WebPage","@id":"https:\/\/www.aguarda.es\/en\/a-guarda-sera-sede-do-campionato-galego-de-balonman-praia\/","url":"https:\/\/www.aguarda.es\/en\/a-guarda-sera-sede-do-campionato-galego-de-balonman-praia\/","name":"A Guarda ser\u00e1 sede do Campionato Galego de Balonm\u00e1n Praia - Concello da Guarda","isPartOf":{"@id":"https:\/\/www.aguarda.es\/en\/#website"},"datePublished":"2019-07-03T11:02:28+00:00","dateModified":"2019-07-03T11:02:28+00:00","author":{"@id":"https:\/\/www.aguarda.es\/en\/#\/schema\/person\/c463ca3006858ffb349d11179d044f21"},"breadcrumb":{"@id":"https:\/\/www.aguarda.es\/en\/a-guarda-sera-sede-do-campionato-galego-de-balonman-praia\/#breadcrumb"},"inLanguage":"en-US","potentialAction":[{"@type":"ReadAction","target":["https:\/\/www.aguarda.es\/en\/a-guarda-sera-sede-do-campionato-galego-de-balonman-praia\/"]}]},{"@type":"BreadcrumbList","@id":"https:\/\/www.aguarda.es\/en\/a-guarda-sera-sede-do-campionato-galego-de-balonman-praia\/#breadcrumb","itemListElement":[{"@type":"ListItem","position":1,"name":"Portada","item":"https:\/\/www.aguarda.es\/en\/"},{"@type":"ListItem","position":2,"name":"A Guarda ser\u00e1 sede do Campionato Galego de Balonm\u00e1n Praia"}]},{"@type":"WebSite","@id":"https:\/\/www.aguarda.es\/en\/#website","url":"https:\/\/www.aguarda.es\/en\/","name":"Concello da Guarda","description":"P\u00e1xina web do concello da Guarda","potentialAction":[{"@type":"SearchAction","target":{"@type":"EntryPoint","urlTemplate":"https:\/\/www.aguarda.es\/en\/?s={search_term_string}"},"query-input":"required name=search_term_string"}],"inLanguage":"en-US"},{"@type":"Person","@id":"https:\/\/www.aguarda.es\/en\/#\/schema\/person\/c463ca3006858ffb349d11179d044f21","name":"prensa","image":{"@type":"ImageObject","inLanguage":"en-US","@id":"https:\/\/www.aguarda.es\/en\/#\/schema\/person\/image\/","url":"https:\/\/secure.gravatar.com\/avatar\/5f90ef536b0f98306edf5c7a1135ffa1?s=96&d=mm&r=g","contentUrl":"https:\/\/secure.gravatar.com\/avatar\/5f90ef536b0f98306edf5c7a1135ffa1?s=96&d=mm&r=g","caption":"prensa"},"url":"https:\/\/www.aguarda.es\/en\/author\/prensa\/"}]}},"_links":{"self":[{"href":"https:\/\/www.aguarda.es\/en\/wp-json\/wp\/v2\/posts\/18713"}],"collection":[{"href":"https:\/\/www.aguarda.es\/en\/wp-json\/wp\/v2\/posts"}],"about":[{"href":"https:\/\/www.aguarda.es\/en\/wp-json\/wp\/v2\/types\/post"}],"author":[{"embeddable":true,"href":"https:\/\/www.aguarda.es\/en\/wp-json\/wp\/v2\/users\/2"}],"replies":[{"embeddable":true,"href":"https:\/\/www.aguarda.es\/en\/wp-json\/wp\/v2\/comments?post=18713"}],"version-history":[{"count":1,"href":"https:\/\/www.aguarda.es\/en\/wp-json\/wp\/v2\/posts\/18713\/revisions"}],"predecessor-version":[{"id":18716,"href":"https:\/\/www.aguarda.es\/en\/wp-json\/wp\/v2\/posts\/18713\/revisions\/18716"}],"wp:featuredmedia":[{"embeddable":true,"href":"https:\/\/www.aguarda.es\/en\/wp-json\/wp\/v2\/media\/18714"}],"wp:attachment":[{"href":"https:\/\/www.aguarda.es\/en\/wp-json\/wp\/v2\/media?parent=18713"}],"wp:term":[{"taxonomy":"category","embeddable":true,"href":"https:\/\/www.aguarda.es\/en\/wp-json\/wp\/v2\/categories?post=18713"},{"taxonomy":"post_tag","embeddable":true,"href":"https:\/\/www.aguarda.es\/en\/wp-json\/wp\/v2\/tags?post=18713"}],"curies":[{"name":"wp","href":"https:\/\/api.w.org\/{rel}","templated":true}]}}