{"id":18723,"date":"2019-07-04T08:42:59","date_gmt":"2019-07-04T08:42:59","guid":{"rendered":"https:\/\/www.aguarda.es\/?p=18723"},"modified":"2019-07-04T08:42:59","modified_gmt":"2019-07-04T08:42:59","slug":"os-guardeses-envorcanse-co-encontro-de-embarcacions-tradicionais-de-galicia-a-oito-dias-do-evento","status":"publish","type":"post","link":"https:\/\/www.aguarda.es\/en\/os-guardeses-envorcanse-co-encontro-de-embarcacions-tradicionais-de-galicia-a-oito-dias-do-evento\/","title":{"rendered":"Os guardeses env\u00f3rcanse co Encontro de Embarcaci\u00f3ns Tradicionais de Galicia a oito d\u00edas do evento"},"content":{"rendered":"<p style=\"text-align: justify\">A especial situaci\u00f3n xeogr\u00e1fica da vila, entre Galicia e Portugal, as t\u00e9cnicas de pesca tradicionais da localidade e o tipo de embarcaci\u00f3ns empregadas hist\u00f3ricamente polos guardeses son, segundo explicou o alcalde Antonio Lomba, &#8220;tres caracter\u00edsticas que marcan a sigularidade deste encontro, fronte aos celebrados en anteriores edici\u00f3ns&#8221;. No acto de presentaci\u00f3n do evento, celebrado esta tarde no Concello, o rexidor destacou tam\u00e9n a implicaci\u00f3n dos guardeses co Encontro de Embarcaci\u00f3ns Tradicionais, decorando as fachadas de vivendas e escaparates de comercios con ornamentaci\u00f3ns de tem\u00e1tica mari\u00f1eira: &#8220;Deste xeito se estende o convite a toda a cidadan\u00eda para que esta XIV edici\u00f3n sexa todo un \u00e9xito&#8221; . Lomba rematou agradecendo o traballo de Culturmar e a inicitiva de Piueiro e do Instituto de Estudos Mi\u00f1oranos para que A Guarda acollera o evento deste ano.<\/p>\n<p style=\"text-align: justify\">Pola s\u00faa banda, o presidente de Culturmar, Manuel Garc\u00eda Send\u00f3n, agradeceu o apoio do Concello desde o primeiro momento e avanzou que xa son m\u00e1is de 70 as embarcaci\u00f3ns inscritas nesta edici\u00f3n do encontro, &#8220;unha festa que pon en valor a riqueza do patrimonio mar\u00edtimo e fluvial galego e a necesidade de conservalo&#8221; .<\/p>\n<p style=\"text-align: justify\">Send\u00f3n tam\u00e9n destacou o gran traballo da Asociaci\u00f3n Piueiro e do Instituto de Estudos Mi\u00f1oranos na construci\u00f3n do &#8221; volanteiro&#8221;, unha embarcaci\u00f3n tradicional que se cr\u00eda perdida e que se recuperou agora con motivo do Encontro.<\/p>\n<p style=\"text-align: justify\">Os portavoces de Piueiro e do Instituto de Estudos Mi\u00f1oranos, Joaqu\u00edn Cadilla e Xos\u00e9 Lois Villar, respectivamente, mostr\u00e1ronse agradecidos cos guardeses pola forma na que se envorcaron con este evento, \u00e1 vez que destacaron a importancia de que un encontro destas caracter\u00edsticas, &#8220;no que participan persoas de toda Espa\u00f1a e doutros pa\u00edses&#8221;, te\u00f1a lugar no Baixo Mi\u00f1o. As\u00ed mesmo, subli\u00f1aron que na cita guardesa estar\u00e1n representadas toda a tipolox\u00eda de embarcaci\u00f3ns tradicionais que hai en Galicia&#8221;.<\/p>\n<p style=\"text-align: justify\"><strong>Unha cita imprescindible do 11 ao 14 de xullo<\/strong><\/p>\n<p style=\"text-align: justify\">A exhibici\u00f3n das embarcaci\u00f3ns tradicionais de Galicia, xunto con algunhas doutras localidades espa\u00f1olas e mesmo algunha for\u00e1nea, forma parte dun amplo programa de actividades culturais e l\u00fadicas, organizado por Culturmar, Asociaci\u00f3n Piueiro, Instituto de Estudos Mi\u00f1oranos e Concello da Guarda, co patrocinio da Deputaci\u00f3n de Pontevedra e da Xunta de Galicia, a trav\u00e9s das conseller\u00edas de Mar, Medio Ambiente e Cultura e Turismo.<\/p>\n<p style=\"text-align: justify\">Actuaci\u00f3ns musicais, obradoiros, exposici\u00f3ns, gastronom\u00eda e navegaci\u00f3ns a bordo destes barcos que forman parte do patrimonio cultural conforman a atractiva oferta da celebraci\u00f3n que ter\u00e1 lugar na Guarda do 11 ao 14 de xullo. O volanteiro recuperado pola Asociaci\u00f3n Piueiro ter\u00e1 un protagonismo especial na celebraci\u00f3n. Un traballo que foi posible gracias \u00e1 colaboraci\u00f3n de organizaci\u00f3ns, empresas e entidades financieiras de Galicia e mesmo de Andaluc\u00eda.<\/p>\n<p style=\"text-align: center\"><img decoding=\"async\" loading=\"lazy\" class=\"aligncenter size-full wp-image-18724\" src=\"https:\/\/www.aguarda.es\/wp-content\/uploads\/2019\/07\/PROGRAMA-WEB.jpg\" alt=\"\" width=\"800\" height=\"808\" srcset=\"https:\/\/www.aguarda.es\/wp-content\/uploads\/2019\/07\/PROGRAMA-WEB.jpg 800w, https:\/\/www.aguarda.es\/wp-content\/uploads\/2019\/07\/PROGRAMA-WEB-297x300.jpg 297w, https:\/\/www.aguarda.es\/wp-content\/uploads\/2019\/07\/PROGRAMA-WEB-768x776.jpg 768w, https:\/\/www.aguarda.es\/wp-content\/uploads\/2019\/07\/PROGRAMA-WEB-100x100.jpg 100w, https:\/\/www.aguarda.es\/wp-content\/uploads\/2019\/07\/PROGRAMA-WEB-570x576.jpg 570w\" sizes=\"(max-width: 800px) 100vw, 800px\" \/><\/p>\n","protected":false},"excerpt":{"rendered":"<p>A especial situaci\u00f3n xeogr\u00e1fica da vila, entre Galicia e Portugal, as t\u00e9cnicas de pesca tradicionais da localidade e o tipo de embarcaci\u00f3ns empregadas hist\u00f3ricamente polos guardeses son, segundo explicou o alcalde Antonio Lomba, &#8220;tres caracter\u00edsticas que marcan a sigularidade deste &hellip; <\/p>\n","protected":false},"author":2,"featured_media":18726,"comment_status":"open","ping_status":"open","sticky":false,"template":"","format":"standard","meta":[],"categories":[34,43,56],"tags":[226,243,276,1146],"yoast_head":"<!-- This site is optimized with the Yoast SEO plugin v21.1 - https:\/\/yoast.com\/wordpress\/plugins\/seo\/ -->\n<title>Os guardeses env\u00f3rcanse co Encontro de Embarcaci\u00f3ns Tradicionais de Galicia a oito d\u00edas do evento - Concello da Guarda<\/title>\n<meta name=\"robots\" content=\"index, follow, max-snippet:-1, max-image-preview:large, max-video-preview:-1\" \/>\n<link rel=\"canonical\" href=\"https:\/\/www.aguarda.es\/en\/os-guardeses-envorcanse-co-encontro-de-embarcacions-tradicionais-de-galicia-a-oito-dias-do-evento\/\" \/>\n<meta property=\"og:locale\" content=\"en_US\" \/>\n<meta property=\"og:type\" content=\"article\" \/>\n<meta property=\"og:title\" content=\"Os guardeses env\u00f3rcanse co Encontro de Embarcaci\u00f3ns Tradicionais de Galicia a oito d\u00edas do evento - Concello da Guarda\" \/>\n<meta property=\"og:description\" content=\"A especial situaci\u00f3n xeogr\u00e1fica da vila, entre Galicia e Portugal, as t\u00e9cnicas de pesca tradicionais da localidade e o tipo de embarcaci\u00f3ns empregadas hist\u00f3ricamente polos guardeses son, segundo explicou o alcalde Antonio Lomba, &#8220;tres caracter\u00edsticas que marcan a sigularidade deste &hellip;\" \/>\n<meta property=\"og:url\" content=\"https:\/\/www.aguarda.es\/en\/os-guardeses-envorcanse-co-encontro-de-embarcacions-tradicionais-de-galicia-a-oito-dias-do-evento\/\" \/>\n<meta property=\"og:site_name\" content=\"Concello da Guarda\" \/>\n<meta property=\"article:publisher\" content=\"https:\/\/www.facebook.com\/ConcellodaGuarda\" \/>\n<meta property=\"article:published_time\" content=\"2019-07-04T08:42:59+00:00\" \/>\n<meta property=\"og:image\" content=\"https:\/\/www.aguarda.es\/wp-content\/uploads\/2019\/07\/Presentaci\u00f3n-no-Concello-da-Guarda.jpg\" \/>\n\t<meta property=\"og:image:width\" content=\"800\" \/>\n\t<meta property=\"og:image:height\" content=\"534\" \/>\n\t<meta property=\"og:image:type\" content=\"image\/jpeg\" \/>\n<meta name=\"author\" content=\"prensa\" \/>\n<meta name=\"twitter:card\" content=\"summary_large_image\" \/>\n<meta name=\"twitter:creator\" content=\"@AGuarda_es\" \/>\n<meta name=\"twitter:site\" content=\"@AGuarda_es\" \/>\n<meta name=\"twitter:label1\" content=\"Written by\" \/>\n\t<meta name=\"twitter:data1\" content=\"prensa\" \/>\n\t<meta name=\"twitter:label2\" content=\"Est. reading time\" \/>\n\t<meta name=\"twitter:data2\" content=\"2 minutes\" \/>\n<script type=\"application\/ld+json\" class=\"yoast-schema-graph\">{\"@context\":\"https:\/\/schema.org\",\"@graph\":[{\"@type\":\"WebPage\",\"@id\":\"https:\/\/www.aguarda.es\/en\/os-guardeses-envorcanse-co-encontro-de-embarcacions-tradicionais-de-galicia-a-oito-dias-do-evento\/\",\"url\":\"https:\/\/www.aguarda.es\/en\/os-guardeses-envorcanse-co-encontro-de-embarcacions-tradicionais-de-galicia-a-oito-dias-do-evento\/\",\"name\":\"Os guardeses env\u00f3rcanse co Encontro de Embarcaci\u00f3ns Tradicionais de Galicia a oito d\u00edas do evento - Concello da Guarda\",\"isPartOf\":{\"@id\":\"https:\/\/www.aguarda.es\/en\/#website\"},\"datePublished\":\"2019-07-04T08:42:59+00:00\",\"dateModified\":\"2019-07-04T08:42:59+00:00\",\"author\":{\"@id\":\"https:\/\/www.aguarda.es\/en\/#\/schema\/person\/c463ca3006858ffb349d11179d044f21\"},\"breadcrumb\":{\"@id\":\"https:\/\/www.aguarda.es\/en\/os-guardeses-envorcanse-co-encontro-de-embarcacions-tradicionais-de-galicia-a-oito-dias-do-evento\/#breadcrumb\"},\"inLanguage\":\"en-US\",\"potentialAction\":[{\"@type\":\"ReadAction\",\"target\":[\"https:\/\/www.aguarda.es\/en\/os-guardeses-envorcanse-co-encontro-de-embarcacions-tradicionais-de-galicia-a-oito-dias-do-evento\/\"]}]},{\"@type\":\"BreadcrumbList\",\"@id\":\"https:\/\/www.aguarda.es\/en\/os-guardeses-envorcanse-co-encontro-de-embarcacions-tradicionais-de-galicia-a-oito-dias-do-evento\/#breadcrumb\",\"itemListElement\":[{\"@type\":\"ListItem\",\"position\":1,\"name\":\"Portada\",\"item\":\"https:\/\/www.aguarda.es\/en\/\"},{\"@type\":\"ListItem\",\"position\":2,\"name\":\"Os guardeses env\u00f3rcanse co Encontro de Embarcaci\u00f3ns Tradicionais de Galicia a oito d\u00edas do evento\"}]},{\"@type\":\"WebSite\",\"@id\":\"https:\/\/www.aguarda.es\/en\/#website\",\"url\":\"https:\/\/www.aguarda.es\/en\/\",\"name\":\"Concello da Guarda\",\"description\":\"P\u00e1xina web do concello da Guarda\",\"potentialAction\":[{\"@type\":\"SearchAction\",\"target\":{\"@type\":\"EntryPoint\",\"urlTemplate\":\"https:\/\/www.aguarda.es\/en\/?s={search_term_string}\"},\"query-input\":\"required name=search_term_string\"}],\"inLanguage\":\"en-US\"},{\"@type\":\"Person\",\"@id\":\"https:\/\/www.aguarda.es\/en\/#\/schema\/person\/c463ca3006858ffb349d11179d044f21\",\"name\":\"prensa\",\"image\":{\"@type\":\"ImageObject\",\"inLanguage\":\"en-US\",\"@id\":\"https:\/\/www.aguarda.es\/en\/#\/schema\/person\/image\/\",\"url\":\"https:\/\/secure.gravatar.com\/avatar\/5f90ef536b0f98306edf5c7a1135ffa1?s=96&d=mm&r=g\",\"contentUrl\":\"https:\/\/secure.gravatar.com\/avatar\/5f90ef536b0f98306edf5c7a1135ffa1?s=96&d=mm&r=g\",\"caption\":\"prensa\"},\"url\":\"https:\/\/www.aguarda.es\/en\/author\/prensa\/\"}]}<\/script>\n<!-- \/ Yoast SEO plugin. -->","yoast_head_json":{"title":"Os guardeses env\u00f3rcanse co Encontro de Embarcaci\u00f3ns Tradicionais de Galicia a oito d\u00edas do evento - Concello da Guarda","robots":{"index":"index","follow":"follow","max-snippet":"max-snippet:-1","max-image-preview":"max-image-preview:large","max-video-preview":"max-video-preview:-1"},"canonical":"https:\/\/www.aguarda.es\/en\/os-guardeses-envorcanse-co-encontro-de-embarcacions-tradicionais-de-galicia-a-oito-dias-do-evento\/","og_locale":"en_US","og_type":"article","og_title":"Os guardeses env\u00f3rcanse co Encontro de Embarcaci\u00f3ns Tradicionais de Galicia a oito d\u00edas do evento - Concello da Guarda","og_description":"A especial situaci\u00f3n xeogr\u00e1fica da vila, entre Galicia e Portugal, as t\u00e9cnicas de pesca tradicionais da localidade e o tipo de embarcaci\u00f3ns empregadas hist\u00f3ricamente polos guardeses son, segundo explicou o alcalde Antonio Lomba, &#8220;tres caracter\u00edsticas que marcan a sigularidade deste &hellip;","og_url":"https:\/\/www.aguarda.es\/en\/os-guardeses-envorcanse-co-encontro-de-embarcacions-tradicionais-de-galicia-a-oito-dias-do-evento\/","og_site_name":"Concello da Guarda","article_publisher":"https:\/\/www.facebook.com\/ConcellodaGuarda","article_published_time":"2019-07-04T08:42:59+00:00","og_image":[{"width":800,"height":534,"url":"https:\/\/www.aguarda.es\/wp-content\/uploads\/2019\/07\/Presentaci\u00f3n-no-Concello-da-Guarda.jpg","type":"image\/jpeg"}],"author":"prensa","twitter_card":"summary_large_image","twitter_creator":"@AGuarda_es","twitter_site":"@AGuarda_es","twitter_misc":{"Written by":"prensa","Est. reading time":"2 minutes"},"schema":{"@context":"https:\/\/schema.org","@graph":[{"@type":"WebPage","@id":"https:\/\/www.aguarda.es\/en\/os-guardeses-envorcanse-co-encontro-de-embarcacions-tradicionais-de-galicia-a-oito-dias-do-evento\/","url":"https:\/\/www.aguarda.es\/en\/os-guardeses-envorcanse-co-encontro-de-embarcacions-tradicionais-de-galicia-a-oito-dias-do-evento\/","name":"Os guardeses env\u00f3rcanse co Encontro de Embarcaci\u00f3ns Tradicionais de Galicia a oito d\u00edas do evento - Concello da Guarda","isPartOf":{"@id":"https:\/\/www.aguarda.es\/en\/#website"},"datePublished":"2019-07-04T08:42:59+00:00","dateModified":"2019-07-04T08:42:59+00:00","author":{"@id":"https:\/\/www.aguarda.es\/en\/#\/schema\/person\/c463ca3006858ffb349d11179d044f21"},"breadcrumb":{"@id":"https:\/\/www.aguarda.es\/en\/os-guardeses-envorcanse-co-encontro-de-embarcacions-tradicionais-de-galicia-a-oito-dias-do-evento\/#breadcrumb"},"inLanguage":"en-US","potentialAction":[{"@type":"ReadAction","target":["https:\/\/www.aguarda.es\/en\/os-guardeses-envorcanse-co-encontro-de-embarcacions-tradicionais-de-galicia-a-oito-dias-do-evento\/"]}]},{"@type":"BreadcrumbList","@id":"https:\/\/www.aguarda.es\/en\/os-guardeses-envorcanse-co-encontro-de-embarcacions-tradicionais-de-galicia-a-oito-dias-do-evento\/#breadcrumb","itemListElement":[{"@type":"ListItem","position":1,"name":"Portada","item":"https:\/\/www.aguarda.es\/en\/"},{"@type":"ListItem","position":2,"name":"Os guardeses env\u00f3rcanse co Encontro de Embarcaci\u00f3ns Tradicionais de Galicia a oito d\u00edas do evento"}]},{"@type":"WebSite","@id":"https:\/\/www.aguarda.es\/en\/#website","url":"https:\/\/www.aguarda.es\/en\/","name":"Concello da Guarda","description":"P\u00e1xina web do concello da Guarda","potentialAction":[{"@type":"SearchAction","target":{"@type":"EntryPoint","urlTemplate":"https:\/\/www.aguarda.es\/en\/?s={search_term_string}"},"query-input":"required name=search_term_string"}],"inLanguage":"en-US"},{"@type":"Person","@id":"https:\/\/www.aguarda.es\/en\/#\/schema\/person\/c463ca3006858ffb349d11179d044f21","name":"prensa","image":{"@type":"ImageObject","inLanguage":"en-US","@id":"https:\/\/www.aguarda.es\/en\/#\/schema\/person\/image\/","url":"https:\/\/secure.gravatar.com\/avatar\/5f90ef536b0f98306edf5c7a1135ffa1?s=96&d=mm&r=g","contentUrl":"https:\/\/secure.gravatar.com\/avatar\/5f90ef536b0f98306edf5c7a1135ffa1?s=96&d=mm&r=g","caption":"prensa"},"url":"https:\/\/www.aguarda.es\/en\/author\/prensa\/"}]}},"_links":{"self":[{"href":"https:\/\/www.aguarda.es\/en\/wp-json\/wp\/v2\/posts\/18723"}],"collection":[{"href":"https:\/\/www.aguarda.es\/en\/wp-json\/wp\/v2\/posts"}],"about":[{"href":"https:\/\/www.aguarda.es\/en\/wp-json\/wp\/v2\/types\/post"}],"author":[{"embeddable":true,"href":"https:\/\/www.aguarda.es\/en\/wp-json\/wp\/v2\/users\/2"}],"replies":[{"embeddable":true,"href":"https:\/\/www.aguarda.es\/en\/wp-json\/wp\/v2\/comments?post=18723"}],"version-history":[{"count":1,"href":"https:\/\/www.aguarda.es\/en\/wp-json\/wp\/v2\/posts\/18723\/revisions"}],"predecessor-version":[{"id":18728,"href":"https:\/\/www.aguarda.es\/en\/wp-json\/wp\/v2\/posts\/18723\/revisions\/18728"}],"wp:featuredmedia":[{"embeddable":true,"href":"https:\/\/www.aguarda.es\/en\/wp-json\/wp\/v2\/media\/18726"}],"wp:attachment":[{"href":"https:\/\/www.aguarda.es\/en\/wp-json\/wp\/v2\/media?parent=18723"}],"wp:term":[{"taxonomy":"category","embeddable":true,"href":"https:\/\/www.aguarda.es\/en\/wp-json\/wp\/v2\/categories?post=18723"},{"taxonomy":"post_tag","embeddable":true,"href":"https:\/\/www.aguarda.es\/en\/wp-json\/wp\/v2\/tags?post=18723"}],"curies":[{"name":"wp","href":"https:\/\/api.w.org\/{rel}","templated":true}]}}