{"id":18829,"date":"2019-07-10T10:04:51","date_gmt":"2019-07-10T10:04:51","guid":{"rendered":"https:\/\/www.aguarda.es\/?p=18829"},"modified":"2019-07-11T09:47:54","modified_gmt":"2019-07-11T09:47:54","slug":"o-concello-da-guarda-presenta-o-dispositivo-de-trafico-para-o-xiv-encontro-de-embarcacions-tradicionais-de-galicia","status":"publish","type":"post","link":"https:\/\/www.aguarda.es\/en\/o-concello-da-guarda-presenta-o-dispositivo-de-trafico-para-o-xiv-encontro-de-embarcacions-tradicionais-de-galicia\/","title":{"rendered":"O Concello da Guarda presenta o dispositivo de Tr\u00e1fico para o XIV Encontro de Embarcaci\u00f3ns Tradicionais de Galicia"},"content":{"rendered":"<p style=\"text-align: justify\">\u201cAnxo Baz, Teniente Alcalde da Guarda, anima a participaci\u00f3n do conxunto dos Guardeses e Guardesas no Encontro de Embarcaci\u00f3ns Tradicionais\u201d<\/p>\n<p style=\"text-align: justify\">Esta ma\u00f1\u00e1 deuse a co\u00f1ecer o Dispositivo de tr\u00e1fico para o XIV Encontro de Embarcaci\u00f3ns Tradicionais que se vai celebrar na Guarda entre o 11 e o 14 de xullo.<\/p>\n<p style=\"text-align: justify\">O dispositivo de tr\u00e1fico est\u00e1 dese\u00f1ado sobre a base dunha circulaci\u00f3n restrinxida na zona do porto, onde se desenvolver\u00e1n as principais actividades do encontro.<\/p>\n<p style=\"text-align: justify\">O concello facilitar\u00e1 zonas de aparcamento disuasorios situadas no antigo campo de f\u00fatbol, o aparcamento sito entre a R\u00faa Mariano Ordo\u00f1ez e a R\u00faa Brasil co\u00f1ecido como da El\u00e9ctrica , as zonas de aparcamento da R\u00faa Coru\u00f1a, a zona de aparcamento sito na zona da Atalaia, a Canteira de Sta. Catalina e a zona da Sangri\u00f1a.<\/p>\n<p style=\"text-align: justify\">O acceso ao porto da Guarda restrinxirase, entre as 9:00 h e as 22:00 h, \u00e1s actividades portuarias e pesqueiras, residentes, hoteis, provedores, as\u00ed como a persoas con discapacidade.<\/p>\n<p style=\"text-align: justify\">O teniente Alcalde da Guarda e concelleiro de mobilidade, Anxo Baz, fai un chamamento \u00e1 colaboraci\u00f3n de todo o pobo. Baz, avanza que o \u201cXIV Encontro de Embarcaci\u00f3ns Tradicionais, sup\u00f3n un dos eventos m\u00e1is importantes en termos de mobilidade celebrado nos \u00faltimos anos na nosa vila, onde \u00e9 imprescind\u00edbel o uso respons\u00e1bel do coche, as\u00ed como, a participaci\u00f3n cidad\u00e1. Preparamos un dispositivo amparado nos 14 anos de experiencia que Culturmar ten na celebraci\u00f3n deste tipo de eventos, onde a Asociaci\u00f3n Piueiro e o voluntariado te\u00f1en posto grandes esforzos hum\u00e1ns e t\u00e9cnicos, os cales agradecemos, para garantir o disfrute de todas aquelas persoas que nos visitan\u201d.<\/p>\n<p style=\"text-align: justify\">Haber\u00e1 unha sinalizaci\u00f3n espec\u00edfica para marcar as zonas de aparcamento, as\u00ed coma axentes da Polic\u00eda Local e voluntarios que axudar\u00e1n nas labores de control do tr\u00e1fico e informaci\u00f3n para os visitantes.<\/p>\n<p>Para calquera d\u00fabida o tel\u00e9fono da Polic\u00eda Local \u00e9 o 986610025<\/p>\n<p><strong>MAPA DE APARCAMENTOS DISUASORIOS<\/strong><\/p>\n<figure id=\"attachment_18830\" aria-describedby=\"caption-attachment-18830\" style=\"width: 707px\" class=\"wp-caption aligncenter\"><img decoding=\"async\" loading=\"lazy\" class=\"size-full wp-image-18830\" src=\"https:\/\/www.aguarda.es\/wp-content\/uploads\/2019\/07\/NP8E471.jpg\" alt=\"\" width=\"707\" height=\"638\" srcset=\"https:\/\/www.aguarda.es\/wp-content\/uploads\/2019\/07\/NP8E471.jpg 707w, https:\/\/www.aguarda.es\/wp-content\/uploads\/2019\/07\/NP8E471-300x271.jpg 300w, https:\/\/www.aguarda.es\/wp-content\/uploads\/2019\/07\/NP8E471-570x514.jpg 570w\" sizes=\"(max-width: 707px) 100vw, 707px\" \/><figcaption id=\"caption-attachment-18830\" class=\"wp-caption-text\">O concello facilitar\u00e1 zonas de aparcamento disuasorios situadas no antigo campo de f\u00fatbol, o aparcamento sito entre a R\u00faa Mariano Ordo\u00f1ez e a R\u00faa Brasil co\u00f1ecido como da El\u00e9ctrica , as zonas de aparcamento da R\u00faa Coru\u00f1a, a zona de aparcamento sito na zona da Atalaia, a Canteira de Sta. Catalina e a zona da Sangri\u00f1a.<\/figcaption><\/figure>\n<p><strong>MAPA DE MOBILIDADE PEONIL E TEMPOS DE DESPRAZAMENTO A P\u00c9<\/strong><\/p>\n<p style=\"text-align: center\"><img decoding=\"async\" loading=\"lazy\" class=\"aligncenter size-full wp-image-18832\" src=\"https:\/\/www.aguarda.es\/wp-content\/uploads\/2019\/07\/NP10073.jpg\" alt=\"\" width=\"800\" height=\"566\" srcset=\"https:\/\/www.aguarda.es\/wp-content\/uploads\/2019\/07\/NP10073.jpg 800w, https:\/\/www.aguarda.es\/wp-content\/uploads\/2019\/07\/NP10073-300x212.jpg 300w, https:\/\/www.aguarda.es\/wp-content\/uploads\/2019\/07\/NP10073-768x543.jpg 768w, https:\/\/www.aguarda.es\/wp-content\/uploads\/2019\/07\/NP10073-570x403.jpg 570w\" sizes=\"(max-width: 800px) 100vw, 800px\" \/><\/p>\n<p><strong>MAPA DE CIRCULACI\u00d3N<\/strong><\/p>\n<p style=\"text-align: center\"><img decoding=\"async\" loading=\"lazy\" class=\"aligncenter size-full wp-image-18843\" src=\"https:\/\/www.aguarda.es\/wp-content\/uploads\/2019\/07\/MAPA-10-JUL-2019-CIRCULACION-copia.jpg\" alt=\"\" width=\"707\" height=\"638\" srcset=\"https:\/\/www.aguarda.es\/wp-content\/uploads\/2019\/07\/MAPA-10-JUL-2019-CIRCULACION-copia.jpg 707w, https:\/\/www.aguarda.es\/wp-content\/uploads\/2019\/07\/MAPA-10-JUL-2019-CIRCULACION-copia-300x271.jpg 300w, https:\/\/www.aguarda.es\/wp-content\/uploads\/2019\/07\/MAPA-10-JUL-2019-CIRCULACION-copia-570x514.jpg 570w\" sizes=\"(max-width: 707px) 100vw, 707px\" \/><\/p>\n","protected":false},"excerpt":{"rendered":"<p>\u201cAnxo Baz, Teniente Alcalde da Guarda, anima a participaci\u00f3n do conxunto dos Guardeses e Guardesas no Encontro de Embarcaci\u00f3ns Tradicionais\u201d Esta ma\u00f1\u00e1 deuse a co\u00f1ecer o Dispositivo de tr\u00e1fico para o XIV Encontro de Embarcaci\u00f3ns Tradicionais que se vai celebrar &hellip; <\/p>\n","protected":false},"author":2,"featured_media":18834,"comment_status":"open","ping_status":"open","sticky":false,"template":"","format":"standard","meta":[],"categories":[44,33],"tags":[226,699,1883,1884],"yoast_head":"<!-- This site is optimized with the Yoast SEO plugin v21.1 - https:\/\/yoast.com\/wordpress\/plugins\/seo\/ -->\n<title>O Concello da Guarda presenta o dispositivo de Tr\u00e1fico para o XIV Encontro de Embarcaci\u00f3ns Tradicionais de Galicia - Concello da Guarda<\/title>\n<meta name=\"robots\" content=\"index, follow, max-snippet:-1, max-image-preview:large, max-video-preview:-1\" \/>\n<link rel=\"canonical\" href=\"https:\/\/www.aguarda.es\/en\/o-concello-da-guarda-presenta-o-dispositivo-de-trafico-para-o-xiv-encontro-de-embarcacions-tradicionais-de-galicia\/\" \/>\n<meta property=\"og:locale\" content=\"en_US\" \/>\n<meta property=\"og:type\" content=\"article\" \/>\n<meta property=\"og:title\" content=\"O Concello da Guarda presenta o dispositivo de Tr\u00e1fico para o XIV Encontro de Embarcaci\u00f3ns Tradicionais de Galicia - Concello da Guarda\" \/>\n<meta property=\"og:description\" content=\"\u201cAnxo Baz, Teniente Alcalde da Guarda, anima a participaci\u00f3n do conxunto dos Guardeses e Guardesas no Encontro de Embarcaci\u00f3ns Tradicionais\u201d Esta ma\u00f1\u00e1 deuse a co\u00f1ecer o Dispositivo de tr\u00e1fico para o XIV Encontro de Embarcaci\u00f3ns Tradicionais que se vai celebrar &hellip;\" \/>\n<meta property=\"og:url\" content=\"https:\/\/www.aguarda.es\/en\/o-concello-da-guarda-presenta-o-dispositivo-de-trafico-para-o-xiv-encontro-de-embarcacions-tradicionais-de-galicia\/\" \/>\n<meta property=\"og:site_name\" content=\"Concello da Guarda\" \/>\n<meta property=\"article:publisher\" content=\"https:\/\/www.facebook.com\/ConcellodaGuarda\" \/>\n<meta property=\"article:published_time\" content=\"2019-07-10T10:04:51+00:00\" \/>\n<meta property=\"article:modified_time\" content=\"2019-07-11T09:47:54+00:00\" \/>\n<meta property=\"og:image\" content=\"https:\/\/www.aguarda.es\/wp-content\/uploads\/2019\/07\/NP10071.jpg\" \/>\n\t<meta property=\"og:image:width\" content=\"800\" \/>\n\t<meta property=\"og:image:height\" content=\"533\" \/>\n\t<meta property=\"og:image:type\" content=\"image\/jpeg\" \/>\n<meta name=\"author\" content=\"prensa\" \/>\n<meta name=\"twitter:card\" content=\"summary_large_image\" \/>\n<meta name=\"twitter:creator\" content=\"@AGuarda_es\" \/>\n<meta name=\"twitter:site\" content=\"@AGuarda_es\" \/>\n<meta name=\"twitter:label1\" content=\"Written by\" \/>\n\t<meta name=\"twitter:data1\" content=\"prensa\" \/>\n\t<meta name=\"twitter:label2\" content=\"Est. reading time\" \/>\n\t<meta name=\"twitter:data2\" content=\"2 minutes\" \/>\n<script type=\"application\/ld+json\" class=\"yoast-schema-graph\">{\"@context\":\"https:\/\/schema.org\",\"@graph\":[{\"@type\":\"WebPage\",\"@id\":\"https:\/\/www.aguarda.es\/en\/o-concello-da-guarda-presenta-o-dispositivo-de-trafico-para-o-xiv-encontro-de-embarcacions-tradicionais-de-galicia\/\",\"url\":\"https:\/\/www.aguarda.es\/en\/o-concello-da-guarda-presenta-o-dispositivo-de-trafico-para-o-xiv-encontro-de-embarcacions-tradicionais-de-galicia\/\",\"name\":\"O Concello da Guarda presenta o dispositivo de Tr\u00e1fico para o XIV Encontro de Embarcaci\u00f3ns Tradicionais de Galicia - Concello da Guarda\",\"isPartOf\":{\"@id\":\"https:\/\/www.aguarda.es\/en\/#website\"},\"datePublished\":\"2019-07-10T10:04:51+00:00\",\"dateModified\":\"2019-07-11T09:47:54+00:00\",\"author\":{\"@id\":\"https:\/\/www.aguarda.es\/en\/#\/schema\/person\/c463ca3006858ffb349d11179d044f21\"},\"breadcrumb\":{\"@id\":\"https:\/\/www.aguarda.es\/en\/o-concello-da-guarda-presenta-o-dispositivo-de-trafico-para-o-xiv-encontro-de-embarcacions-tradicionais-de-galicia\/#breadcrumb\"},\"inLanguage\":\"en-US\",\"potentialAction\":[{\"@type\":\"ReadAction\",\"target\":[\"https:\/\/www.aguarda.es\/en\/o-concello-da-guarda-presenta-o-dispositivo-de-trafico-para-o-xiv-encontro-de-embarcacions-tradicionais-de-galicia\/\"]}]},{\"@type\":\"BreadcrumbList\",\"@id\":\"https:\/\/www.aguarda.es\/en\/o-concello-da-guarda-presenta-o-dispositivo-de-trafico-para-o-xiv-encontro-de-embarcacions-tradicionais-de-galicia\/#breadcrumb\",\"itemListElement\":[{\"@type\":\"ListItem\",\"position\":1,\"name\":\"Portada\",\"item\":\"https:\/\/www.aguarda.es\/en\/\"},{\"@type\":\"ListItem\",\"position\":2,\"name\":\"O Concello da Guarda presenta o dispositivo de Tr\u00e1fico para o XIV Encontro de Embarcaci\u00f3ns Tradicionais de Galicia\"}]},{\"@type\":\"WebSite\",\"@id\":\"https:\/\/www.aguarda.es\/en\/#website\",\"url\":\"https:\/\/www.aguarda.es\/en\/\",\"name\":\"Concello da Guarda\",\"description\":\"P\u00e1xina web do concello da Guarda\",\"potentialAction\":[{\"@type\":\"SearchAction\",\"target\":{\"@type\":\"EntryPoint\",\"urlTemplate\":\"https:\/\/www.aguarda.es\/en\/?s={search_term_string}\"},\"query-input\":\"required name=search_term_string\"}],\"inLanguage\":\"en-US\"},{\"@type\":\"Person\",\"@id\":\"https:\/\/www.aguarda.es\/en\/#\/schema\/person\/c463ca3006858ffb349d11179d044f21\",\"name\":\"prensa\",\"image\":{\"@type\":\"ImageObject\",\"inLanguage\":\"en-US\",\"@id\":\"https:\/\/www.aguarda.es\/en\/#\/schema\/person\/image\/\",\"url\":\"https:\/\/secure.gravatar.com\/avatar\/5f90ef536b0f98306edf5c7a1135ffa1?s=96&d=mm&r=g\",\"contentUrl\":\"https:\/\/secure.gravatar.com\/avatar\/5f90ef536b0f98306edf5c7a1135ffa1?s=96&d=mm&r=g\",\"caption\":\"prensa\"},\"url\":\"https:\/\/www.aguarda.es\/en\/author\/prensa\/\"}]}<\/script>\n<!-- \/ Yoast SEO plugin. -->","yoast_head_json":{"title":"O Concello da Guarda presenta o dispositivo de Tr\u00e1fico para o XIV Encontro de Embarcaci\u00f3ns Tradicionais de Galicia - Concello da Guarda","robots":{"index":"index","follow":"follow","max-snippet":"max-snippet:-1","max-image-preview":"max-image-preview:large","max-video-preview":"max-video-preview:-1"},"canonical":"https:\/\/www.aguarda.es\/en\/o-concello-da-guarda-presenta-o-dispositivo-de-trafico-para-o-xiv-encontro-de-embarcacions-tradicionais-de-galicia\/","og_locale":"en_US","og_type":"article","og_title":"O Concello da Guarda presenta o dispositivo de Tr\u00e1fico para o XIV Encontro de Embarcaci\u00f3ns Tradicionais de Galicia - Concello da Guarda","og_description":"\u201cAnxo Baz, Teniente Alcalde da Guarda, anima a participaci\u00f3n do conxunto dos Guardeses e Guardesas no Encontro de Embarcaci\u00f3ns Tradicionais\u201d Esta ma\u00f1\u00e1 deuse a co\u00f1ecer o Dispositivo de tr\u00e1fico para o XIV Encontro de Embarcaci\u00f3ns Tradicionais que se vai celebrar &hellip;","og_url":"https:\/\/www.aguarda.es\/en\/o-concello-da-guarda-presenta-o-dispositivo-de-trafico-para-o-xiv-encontro-de-embarcacions-tradicionais-de-galicia\/","og_site_name":"Concello da Guarda","article_publisher":"https:\/\/www.facebook.com\/ConcellodaGuarda","article_published_time":"2019-07-10T10:04:51+00:00","article_modified_time":"2019-07-11T09:47:54+00:00","og_image":[{"width":800,"height":533,"url":"https:\/\/www.aguarda.es\/wp-content\/uploads\/2019\/07\/NP10071.jpg","type":"image\/jpeg"}],"author":"prensa","twitter_card":"summary_large_image","twitter_creator":"@AGuarda_es","twitter_site":"@AGuarda_es","twitter_misc":{"Written by":"prensa","Est. reading time":"2 minutes"},"schema":{"@context":"https:\/\/schema.org","@graph":[{"@type":"WebPage","@id":"https:\/\/www.aguarda.es\/en\/o-concello-da-guarda-presenta-o-dispositivo-de-trafico-para-o-xiv-encontro-de-embarcacions-tradicionais-de-galicia\/","url":"https:\/\/www.aguarda.es\/en\/o-concello-da-guarda-presenta-o-dispositivo-de-trafico-para-o-xiv-encontro-de-embarcacions-tradicionais-de-galicia\/","name":"O Concello da Guarda presenta o dispositivo de Tr\u00e1fico para o XIV Encontro de Embarcaci\u00f3ns Tradicionais de Galicia - Concello da Guarda","isPartOf":{"@id":"https:\/\/www.aguarda.es\/en\/#website"},"datePublished":"2019-07-10T10:04:51+00:00","dateModified":"2019-07-11T09:47:54+00:00","author":{"@id":"https:\/\/www.aguarda.es\/en\/#\/schema\/person\/c463ca3006858ffb349d11179d044f21"},"breadcrumb":{"@id":"https:\/\/www.aguarda.es\/en\/o-concello-da-guarda-presenta-o-dispositivo-de-trafico-para-o-xiv-encontro-de-embarcacions-tradicionais-de-galicia\/#breadcrumb"},"inLanguage":"en-US","potentialAction":[{"@type":"ReadAction","target":["https:\/\/www.aguarda.es\/en\/o-concello-da-guarda-presenta-o-dispositivo-de-trafico-para-o-xiv-encontro-de-embarcacions-tradicionais-de-galicia\/"]}]},{"@type":"BreadcrumbList","@id":"https:\/\/www.aguarda.es\/en\/o-concello-da-guarda-presenta-o-dispositivo-de-trafico-para-o-xiv-encontro-de-embarcacions-tradicionais-de-galicia\/#breadcrumb","itemListElement":[{"@type":"ListItem","position":1,"name":"Portada","item":"https:\/\/www.aguarda.es\/en\/"},{"@type":"ListItem","position":2,"name":"O Concello da Guarda presenta o dispositivo de Tr\u00e1fico para o XIV Encontro de Embarcaci\u00f3ns Tradicionais de Galicia"}]},{"@type":"WebSite","@id":"https:\/\/www.aguarda.es\/en\/#website","url":"https:\/\/www.aguarda.es\/en\/","name":"Concello da Guarda","description":"P\u00e1xina web do concello da Guarda","potentialAction":[{"@type":"SearchAction","target":{"@type":"EntryPoint","urlTemplate":"https:\/\/www.aguarda.es\/en\/?s={search_term_string}"},"query-input":"required name=search_term_string"}],"inLanguage":"en-US"},{"@type":"Person","@id":"https:\/\/www.aguarda.es\/en\/#\/schema\/person\/c463ca3006858ffb349d11179d044f21","name":"prensa","image":{"@type":"ImageObject","inLanguage":"en-US","@id":"https:\/\/www.aguarda.es\/en\/#\/schema\/person\/image\/","url":"https:\/\/secure.gravatar.com\/avatar\/5f90ef536b0f98306edf5c7a1135ffa1?s=96&d=mm&r=g","contentUrl":"https:\/\/secure.gravatar.com\/avatar\/5f90ef536b0f98306edf5c7a1135ffa1?s=96&d=mm&r=g","caption":"prensa"},"url":"https:\/\/www.aguarda.es\/en\/author\/prensa\/"}]}},"_links":{"self":[{"href":"https:\/\/www.aguarda.es\/en\/wp-json\/wp\/v2\/posts\/18829"}],"collection":[{"href":"https:\/\/www.aguarda.es\/en\/wp-json\/wp\/v2\/posts"}],"about":[{"href":"https:\/\/www.aguarda.es\/en\/wp-json\/wp\/v2\/types\/post"}],"author":[{"embeddable":true,"href":"https:\/\/www.aguarda.es\/en\/wp-json\/wp\/v2\/users\/2"}],"replies":[{"embeddable":true,"href":"https:\/\/www.aguarda.es\/en\/wp-json\/wp\/v2\/comments?post=18829"}],"version-history":[{"count":4,"href":"https:\/\/www.aguarda.es\/en\/wp-json\/wp\/v2\/posts\/18829\/revisions"}],"predecessor-version":[{"id":18853,"href":"https:\/\/www.aguarda.es\/en\/wp-json\/wp\/v2\/posts\/18829\/revisions\/18853"}],"wp:featuredmedia":[{"embeddable":true,"href":"https:\/\/www.aguarda.es\/en\/wp-json\/wp\/v2\/media\/18834"}],"wp:attachment":[{"href":"https:\/\/www.aguarda.es\/en\/wp-json\/wp\/v2\/media?parent=18829"}],"wp:term":[{"taxonomy":"category","embeddable":true,"href":"https:\/\/www.aguarda.es\/en\/wp-json\/wp\/v2\/categories?post=18829"},{"taxonomy":"post_tag","embeddable":true,"href":"https:\/\/www.aguarda.es\/en\/wp-json\/wp\/v2\/tags?post=18829"}],"curies":[{"name":"wp","href":"https:\/\/api.w.org\/{rel}","templated":true}]}}