{"id":18867,"date":"2019-07-12T10:08:50","date_gmt":"2019-07-12T10:08:50","guid":{"rendered":"https:\/\/www.aguarda.es\/?p=18867"},"modified":"2019-07-12T10:08:50","modified_gmt":"2019-07-12T10:08:50","slug":"publicados-os-resultados-da-enquisa-agresionoff-realizada-na-festa-da-langosta","status":"publish","type":"post","link":"https:\/\/www.aguarda.es\/en\/publicados-os-resultados-da-enquisa-agresionoff-realizada-na-festa-da-langosta\/","title":{"rendered":"Publicados os resultados da enquisa Agresi\u00f3nOff realizada na Festa da Langosta"},"content":{"rendered":"<p style=\"text-align: justify\">A pasada fin de semana, e coincidindo coa XXIX edici\u00f3n da Festa da Langosta e da Coci\u00f1a Mari\u00f1eira, habilitouse un stand na carpa do Porto sobre a Campa\u00f1a Agresi\u00f3nOff.<\/p>\n<p style=\"text-align: justify\">Agresi\u00f3nOff \u00e9 unha aplicaci\u00f3n da Xunta con informaci\u00f3n \u00fatil e consellos para evitar e previr agresi\u00f3ns sexuais, as\u00ed como pautas para saber onde dirixirse para un maior apoio e informaci\u00f3n.<\/p>\n<p style=\"text-align: justify\">Ao longo da celebraci\u00f3n da XXIX edici\u00f3n da Festa da Langosta e da Coci\u00f1a Mari\u00f1eira realiz\u00e1ronse diferentes enquisas aos asistentes e xa se poden consultar na web do Concello da Guarda (www.aguarda.es) os resultados obtidos na mesma.<\/p>\n<h3 style=\"text-align: center\"><a href=\"https:\/\/www.aguarda.es\/wp-content\/uploads\/2019\/07\/NP-12072019-Publicados-os-resultados-da-enquisa-Agresi\u00f3nOff-realizada-na-Festa-da-Langosta.pdf\"><strong>Ver resultados da enquisa<\/strong><\/a><\/h3>\n","protected":false},"excerpt":{"rendered":"<p>A pasada fin de semana, e coincidindo coa XXIX edici\u00f3n da Festa da Langosta e da Coci\u00f1a Mari\u00f1eira, habilitouse un stand na carpa do Porto sobre a Campa\u00f1a Agresi\u00f3nOff. Agresi\u00f3nOff \u00e9 unha aplicaci\u00f3n da Xunta con informaci\u00f3n \u00fatil e consellos &hellip; <\/p>\n","protected":false},"author":2,"featured_media":18868,"comment_status":"open","ping_status":"open","sticky":false,"template":"","format":"standard","meta":[],"categories":[41],"tags":[226,1888,1889,1238],"yoast_head":"<!-- This site is optimized with the Yoast SEO plugin v21.1 - https:\/\/yoast.com\/wordpress\/plugins\/seo\/ -->\n<title>Publicados os resultados da enquisa Agresi\u00f3nOff realizada na Festa da Langosta - Concello da Guarda<\/title>\n<meta name=\"robots\" content=\"index, follow, max-snippet:-1, max-image-preview:large, max-video-preview:-1\" \/>\n<link rel=\"canonical\" href=\"https:\/\/www.aguarda.es\/en\/publicados-os-resultados-da-enquisa-agresionoff-realizada-na-festa-da-langosta\/\" \/>\n<meta property=\"og:locale\" content=\"en_US\" \/>\n<meta property=\"og:type\" content=\"article\" \/>\n<meta property=\"og:title\" content=\"Publicados os resultados da enquisa Agresi\u00f3nOff realizada na Festa da Langosta - Concello da Guarda\" \/>\n<meta property=\"og:description\" content=\"A pasada fin de semana, e coincidindo coa XXIX edici\u00f3n da Festa da Langosta e da Coci\u00f1a Mari\u00f1eira, habilitouse un stand na carpa do Porto sobre a Campa\u00f1a Agresi\u00f3nOff. Agresi\u00f3nOff \u00e9 unha aplicaci\u00f3n da Xunta con informaci\u00f3n \u00fatil e consellos &hellip;\" \/>\n<meta property=\"og:url\" content=\"https:\/\/www.aguarda.es\/en\/publicados-os-resultados-da-enquisa-agresionoff-realizada-na-festa-da-langosta\/\" \/>\n<meta property=\"og:site_name\" content=\"Concello da Guarda\" \/>\n<meta property=\"article:publisher\" content=\"https:\/\/www.facebook.com\/ConcellodaGuarda\" \/>\n<meta property=\"article:published_time\" content=\"2019-07-12T10:08:50+00:00\" \/>\n<meta property=\"og:image\" content=\"https:\/\/www.aguarda.es\/wp-content\/uploads\/2019\/07\/NP-12072019-Publicados-os-resultados-da-enquisa-Agresi\u00f3nOff-realizada-na-Festa-da-Langosta.jpg\" \/>\n\t<meta property=\"og:image:width\" content=\"780\" \/>\n\t<meta property=\"og:image:height\" content=\"521\" \/>\n\t<meta property=\"og:image:type\" content=\"image\/jpeg\" \/>\n<meta name=\"author\" content=\"prensa\" \/>\n<meta name=\"twitter:card\" content=\"summary_large_image\" \/>\n<meta name=\"twitter:creator\" content=\"@AGuarda_es\" \/>\n<meta name=\"twitter:site\" content=\"@AGuarda_es\" \/>\n<meta name=\"twitter:label1\" content=\"Written by\" \/>\n\t<meta name=\"twitter:data1\" content=\"prensa\" \/>\n\t<meta name=\"twitter:label2\" content=\"Est. reading time\" \/>\n\t<meta name=\"twitter:data2\" content=\"1 minute\" \/>\n<script type=\"application\/ld+json\" class=\"yoast-schema-graph\">{\"@context\":\"https:\/\/schema.org\",\"@graph\":[{\"@type\":\"WebPage\",\"@id\":\"https:\/\/www.aguarda.es\/en\/publicados-os-resultados-da-enquisa-agresionoff-realizada-na-festa-da-langosta\/\",\"url\":\"https:\/\/www.aguarda.es\/en\/publicados-os-resultados-da-enquisa-agresionoff-realizada-na-festa-da-langosta\/\",\"name\":\"Publicados os resultados da enquisa Agresi\u00f3nOff realizada na Festa da Langosta - Concello da Guarda\",\"isPartOf\":{\"@id\":\"https:\/\/www.aguarda.es\/en\/#website\"},\"datePublished\":\"2019-07-12T10:08:50+00:00\",\"dateModified\":\"2019-07-12T10:08:50+00:00\",\"author\":{\"@id\":\"https:\/\/www.aguarda.es\/en\/#\/schema\/person\/c463ca3006858ffb349d11179d044f21\"},\"breadcrumb\":{\"@id\":\"https:\/\/www.aguarda.es\/en\/publicados-os-resultados-da-enquisa-agresionoff-realizada-na-festa-da-langosta\/#breadcrumb\"},\"inLanguage\":\"en-US\",\"potentialAction\":[{\"@type\":\"ReadAction\",\"target\":[\"https:\/\/www.aguarda.es\/en\/publicados-os-resultados-da-enquisa-agresionoff-realizada-na-festa-da-langosta\/\"]}]},{\"@type\":\"BreadcrumbList\",\"@id\":\"https:\/\/www.aguarda.es\/en\/publicados-os-resultados-da-enquisa-agresionoff-realizada-na-festa-da-langosta\/#breadcrumb\",\"itemListElement\":[{\"@type\":\"ListItem\",\"position\":1,\"name\":\"Portada\",\"item\":\"https:\/\/www.aguarda.es\/en\/\"},{\"@type\":\"ListItem\",\"position\":2,\"name\":\"Publicados os resultados da enquisa Agresi\u00f3nOff realizada na Festa da Langosta\"}]},{\"@type\":\"WebSite\",\"@id\":\"https:\/\/www.aguarda.es\/en\/#website\",\"url\":\"https:\/\/www.aguarda.es\/en\/\",\"name\":\"Concello da Guarda\",\"description\":\"P\u00e1xina web do concello da Guarda\",\"potentialAction\":[{\"@type\":\"SearchAction\",\"target\":{\"@type\":\"EntryPoint\",\"urlTemplate\":\"https:\/\/www.aguarda.es\/en\/?s={search_term_string}\"},\"query-input\":\"required name=search_term_string\"}],\"inLanguage\":\"en-US\"},{\"@type\":\"Person\",\"@id\":\"https:\/\/www.aguarda.es\/en\/#\/schema\/person\/c463ca3006858ffb349d11179d044f21\",\"name\":\"prensa\",\"image\":{\"@type\":\"ImageObject\",\"inLanguage\":\"en-US\",\"@id\":\"https:\/\/www.aguarda.es\/en\/#\/schema\/person\/image\/\",\"url\":\"https:\/\/secure.gravatar.com\/avatar\/5f90ef536b0f98306edf5c7a1135ffa1?s=96&d=mm&r=g\",\"contentUrl\":\"https:\/\/secure.gravatar.com\/avatar\/5f90ef536b0f98306edf5c7a1135ffa1?s=96&d=mm&r=g\",\"caption\":\"prensa\"},\"url\":\"https:\/\/www.aguarda.es\/en\/author\/prensa\/\"}]}<\/script>\n<!-- \/ Yoast SEO plugin. -->","yoast_head_json":{"title":"Publicados os resultados da enquisa Agresi\u00f3nOff realizada na Festa da Langosta - Concello da Guarda","robots":{"index":"index","follow":"follow","max-snippet":"max-snippet:-1","max-image-preview":"max-image-preview:large","max-video-preview":"max-video-preview:-1"},"canonical":"https:\/\/www.aguarda.es\/en\/publicados-os-resultados-da-enquisa-agresionoff-realizada-na-festa-da-langosta\/","og_locale":"en_US","og_type":"article","og_title":"Publicados os resultados da enquisa Agresi\u00f3nOff realizada na Festa da Langosta - Concello da Guarda","og_description":"A pasada fin de semana, e coincidindo coa XXIX edici\u00f3n da Festa da Langosta e da Coci\u00f1a Mari\u00f1eira, habilitouse un stand na carpa do Porto sobre a Campa\u00f1a Agresi\u00f3nOff. Agresi\u00f3nOff \u00e9 unha aplicaci\u00f3n da Xunta con informaci\u00f3n \u00fatil e consellos &hellip;","og_url":"https:\/\/www.aguarda.es\/en\/publicados-os-resultados-da-enquisa-agresionoff-realizada-na-festa-da-langosta\/","og_site_name":"Concello da Guarda","article_publisher":"https:\/\/www.facebook.com\/ConcellodaGuarda","article_published_time":"2019-07-12T10:08:50+00:00","og_image":[{"width":780,"height":521,"url":"https:\/\/www.aguarda.es\/wp-content\/uploads\/2019\/07\/NP-12072019-Publicados-os-resultados-da-enquisa-Agresi\u00f3nOff-realizada-na-Festa-da-Langosta.jpg","type":"image\/jpeg"}],"author":"prensa","twitter_card":"summary_large_image","twitter_creator":"@AGuarda_es","twitter_site":"@AGuarda_es","twitter_misc":{"Written by":"prensa","Est. reading time":"1 minute"},"schema":{"@context":"https:\/\/schema.org","@graph":[{"@type":"WebPage","@id":"https:\/\/www.aguarda.es\/en\/publicados-os-resultados-da-enquisa-agresionoff-realizada-na-festa-da-langosta\/","url":"https:\/\/www.aguarda.es\/en\/publicados-os-resultados-da-enquisa-agresionoff-realizada-na-festa-da-langosta\/","name":"Publicados os resultados da enquisa Agresi\u00f3nOff realizada na Festa da Langosta - Concello da Guarda","isPartOf":{"@id":"https:\/\/www.aguarda.es\/en\/#website"},"datePublished":"2019-07-12T10:08:50+00:00","dateModified":"2019-07-12T10:08:50+00:00","author":{"@id":"https:\/\/www.aguarda.es\/en\/#\/schema\/person\/c463ca3006858ffb349d11179d044f21"},"breadcrumb":{"@id":"https:\/\/www.aguarda.es\/en\/publicados-os-resultados-da-enquisa-agresionoff-realizada-na-festa-da-langosta\/#breadcrumb"},"inLanguage":"en-US","potentialAction":[{"@type":"ReadAction","target":["https:\/\/www.aguarda.es\/en\/publicados-os-resultados-da-enquisa-agresionoff-realizada-na-festa-da-langosta\/"]}]},{"@type":"BreadcrumbList","@id":"https:\/\/www.aguarda.es\/en\/publicados-os-resultados-da-enquisa-agresionoff-realizada-na-festa-da-langosta\/#breadcrumb","itemListElement":[{"@type":"ListItem","position":1,"name":"Portada","item":"https:\/\/www.aguarda.es\/en\/"},{"@type":"ListItem","position":2,"name":"Publicados os resultados da enquisa Agresi\u00f3nOff realizada na Festa da Langosta"}]},{"@type":"WebSite","@id":"https:\/\/www.aguarda.es\/en\/#website","url":"https:\/\/www.aguarda.es\/en\/","name":"Concello da Guarda","description":"P\u00e1xina web do concello da Guarda","potentialAction":[{"@type":"SearchAction","target":{"@type":"EntryPoint","urlTemplate":"https:\/\/www.aguarda.es\/en\/?s={search_term_string}"},"query-input":"required name=search_term_string"}],"inLanguage":"en-US"},{"@type":"Person","@id":"https:\/\/www.aguarda.es\/en\/#\/schema\/person\/c463ca3006858ffb349d11179d044f21","name":"prensa","image":{"@type":"ImageObject","inLanguage":"en-US","@id":"https:\/\/www.aguarda.es\/en\/#\/schema\/person\/image\/","url":"https:\/\/secure.gravatar.com\/avatar\/5f90ef536b0f98306edf5c7a1135ffa1?s=96&d=mm&r=g","contentUrl":"https:\/\/secure.gravatar.com\/avatar\/5f90ef536b0f98306edf5c7a1135ffa1?s=96&d=mm&r=g","caption":"prensa"},"url":"https:\/\/www.aguarda.es\/en\/author\/prensa\/"}]}},"_links":{"self":[{"href":"https:\/\/www.aguarda.es\/en\/wp-json\/wp\/v2\/posts\/18867"}],"collection":[{"href":"https:\/\/www.aguarda.es\/en\/wp-json\/wp\/v2\/posts"}],"about":[{"href":"https:\/\/www.aguarda.es\/en\/wp-json\/wp\/v2\/types\/post"}],"author":[{"embeddable":true,"href":"https:\/\/www.aguarda.es\/en\/wp-json\/wp\/v2\/users\/2"}],"replies":[{"embeddable":true,"href":"https:\/\/www.aguarda.es\/en\/wp-json\/wp\/v2\/comments?post=18867"}],"version-history":[{"count":1,"href":"https:\/\/www.aguarda.es\/en\/wp-json\/wp\/v2\/posts\/18867\/revisions"}],"predecessor-version":[{"id":18872,"href":"https:\/\/www.aguarda.es\/en\/wp-json\/wp\/v2\/posts\/18867\/revisions\/18872"}],"wp:featuredmedia":[{"embeddable":true,"href":"https:\/\/www.aguarda.es\/en\/wp-json\/wp\/v2\/media\/18868"}],"wp:attachment":[{"href":"https:\/\/www.aguarda.es\/en\/wp-json\/wp\/v2\/media?parent=18867"}],"wp:term":[{"taxonomy":"category","embeddable":true,"href":"https:\/\/www.aguarda.es\/en\/wp-json\/wp\/v2\/categories?post=18867"},{"taxonomy":"post_tag","embeddable":true,"href":"https:\/\/www.aguarda.es\/en\/wp-json\/wp\/v2\/tags?post=18867"}],"curies":[{"name":"wp","href":"https:\/\/api.w.org\/{rel}","templated":true}]}}