{"id":18881,"date":"2019-07-15T17:12:55","date_gmt":"2019-07-15T17:12:55","guid":{"rendered":"https:\/\/www.aguarda.es\/?p=18881"},"modified":"2019-07-15T17:12:55","modified_gmt":"2019-07-15T17:12:55","slug":"a-guarda-oferta-este-veran-visitas-guiadas-polo-casco-urbano","status":"publish","type":"post","link":"https:\/\/www.aguarda.es\/en\/a-guarda-oferta-este-veran-visitas-guiadas-polo-casco-urbano\/","title":{"rendered":"A Guarda oferta este ver\u00e1n visitas guiadas polo casco urbano"},"content":{"rendered":"<p style=\"text-align: justify\">O Concello da Guarda, a trav\u00e9s da Conceller\u00eda de Turismo, ven de por en marcha as visitas guiadas polo casco urbano que ter\u00e1n lugar os m\u00e9rcores e xoves dende o 15 de xullo ata o 15 de setembro.<\/p>\n<p style=\"text-align: justify\">As visitas son de car\u00e1cter gratu\u00edto e non \u00e9 preciso inscrici\u00f3n previa, tan s\u00f3 achegarse \u00e1s 12:00h ao punto de encontro, que ser\u00e1 a Oficina de Turismo da Praza do Rel\u00f3.<\/p>\n<p style=\"text-align: justify\">Este ano ofertaranse d\u00faas visitas distintas, os m\u00e9rcores ter\u00e1 lugar a Visita singular no casco hist\u00f3rico: \u201cPrazas antigas e novas\u201d e os xoves a Visita singular da \u00e9poca moderna: \u201cCastelo de Santa Cruz\u201d.<\/p>\n<p style=\"text-align: justify\">A duraci\u00f3n estimada destas visitas \u00e9 de aproximadamente 60 minutos, unha oportunidade \u00fanica para co\u00f1ecer o rico patrimonio do casco urbano da Guarda.<\/p>\n<p style=\"text-align: justify\"><strong>Horarios da Rede de Museos<\/strong><\/p>\n<p style=\"text-align: justify\">A Rede de Museos da Guarda, formada polo Museo Arqueol\u00f3xico de Santa Trega-MASAT, o Museo do Mar e o Centro de Interpretaci\u00f3n do Castelo de Santa Cruz informa dos novos horarios para esta tempada estival.<\/p>\n<p style=\"text-align: justify\"><strong>\u2022 MASAT<\/strong>: De martes a domingo de 9:00h a 21:00h e de 10:00h a 20:00h no mes de setembro.<\/p>\n<p style=\"text-align: justify\"><strong>\u2022 Museo do Mar<\/strong>: Os fins de semana e festivos de 11:00h a 14:00h e de 18:00h a 21:00h.<\/p>\n<p style=\"text-align: justify\"><strong>\u2022 Castelo de Santa Cruz<\/strong>: Espazo p\u00fablico aberto de 10:00h a 21:00h.<\/p>\n<p style=\"text-align: justify\"><strong>\u2022 Centro de Interpretaci\u00f3n das Fortalezas do Mi\u00f1o<\/strong>: Os fins de semana e festivos de 11:00h a 14:00h e de 18:00h a 21:00h.<\/p>\n<p style=\"text-align: justify\"><strong>\u2022 Oficina de Turismo<\/strong> na Praza do Rel\u00f3: Aberto de 10:00h a 14:00h e de 16:30h a 19:30h.<\/p>\n","protected":false},"excerpt":{"rendered":"<p>O Concello da Guarda, a trav\u00e9s da Conceller\u00eda de Turismo, ven de por en marcha as visitas guiadas polo casco urbano que ter\u00e1n lugar os m\u00e9rcores e xoves dende o 15 de xullo ata o 15 de setembro. As visitas &hellip; <\/p>\n","protected":false},"author":2,"featured_media":18882,"comment_status":"open","ping_status":"open","sticky":false,"template":"","format":"standard","meta":[],"categories":[56,33],"tags":[226,1890,232,366],"yoast_head":"<!-- This site is optimized with the Yoast SEO plugin v21.1 - https:\/\/yoast.com\/wordpress\/plugins\/seo\/ -->\n<title>A Guarda oferta este ver\u00e1n visitas guiadas polo casco urbano - Concello da Guarda<\/title>\n<meta name=\"robots\" content=\"index, follow, max-snippet:-1, max-image-preview:large, max-video-preview:-1\" \/>\n<link rel=\"canonical\" href=\"https:\/\/www.aguarda.es\/en\/a-guarda-oferta-este-veran-visitas-guiadas-polo-casco-urbano\/\" \/>\n<meta property=\"og:locale\" content=\"en_US\" \/>\n<meta property=\"og:type\" content=\"article\" \/>\n<meta property=\"og:title\" content=\"A Guarda oferta este ver\u00e1n visitas guiadas polo casco urbano - Concello da Guarda\" \/>\n<meta property=\"og:description\" content=\"O Concello da Guarda, a trav\u00e9s da Conceller\u00eda de Turismo, ven de por en marcha as visitas guiadas polo casco urbano que ter\u00e1n lugar os m\u00e9rcores e xoves dende o 15 de xullo ata o 15 de setembro. As visitas &hellip;\" \/>\n<meta property=\"og:url\" content=\"https:\/\/www.aguarda.es\/en\/a-guarda-oferta-este-veran-visitas-guiadas-polo-casco-urbano\/\" \/>\n<meta property=\"og:site_name\" content=\"Concello da Guarda\" \/>\n<meta property=\"article:publisher\" content=\"https:\/\/www.facebook.com\/ConcellodaGuarda\" \/>\n<meta property=\"article:published_time\" content=\"2019-07-15T17:12:55+00:00\" \/>\n<meta property=\"og:image\" content=\"https:\/\/www.aguarda.es\/wp-content\/uploads\/2019\/07\/visitas-veran-2019.jpg\" \/>\n\t<meta property=\"og:image:width\" content=\"800\" \/>\n\t<meta property=\"og:image:height\" content=\"1132\" \/>\n\t<meta property=\"og:image:type\" content=\"image\/jpeg\" \/>\n<meta name=\"author\" content=\"prensa\" \/>\n<meta name=\"twitter:card\" content=\"summary_large_image\" \/>\n<meta name=\"twitter:creator\" content=\"@AGuarda_es\" \/>\n<meta name=\"twitter:site\" content=\"@AGuarda_es\" \/>\n<meta name=\"twitter:label1\" content=\"Written by\" \/>\n\t<meta name=\"twitter:data1\" content=\"prensa\" \/>\n\t<meta name=\"twitter:label2\" content=\"Est. reading time\" \/>\n\t<meta name=\"twitter:data2\" content=\"1 minute\" \/>\n<script type=\"application\/ld+json\" class=\"yoast-schema-graph\">{\"@context\":\"https:\/\/schema.org\",\"@graph\":[{\"@type\":\"WebPage\",\"@id\":\"https:\/\/www.aguarda.es\/en\/a-guarda-oferta-este-veran-visitas-guiadas-polo-casco-urbano\/\",\"url\":\"https:\/\/www.aguarda.es\/en\/a-guarda-oferta-este-veran-visitas-guiadas-polo-casco-urbano\/\",\"name\":\"A Guarda oferta este ver\u00e1n visitas guiadas polo casco urbano - Concello da Guarda\",\"isPartOf\":{\"@id\":\"https:\/\/www.aguarda.es\/en\/#website\"},\"datePublished\":\"2019-07-15T17:12:55+00:00\",\"dateModified\":\"2019-07-15T17:12:55+00:00\",\"author\":{\"@id\":\"https:\/\/www.aguarda.es\/en\/#\/schema\/person\/c463ca3006858ffb349d11179d044f21\"},\"breadcrumb\":{\"@id\":\"https:\/\/www.aguarda.es\/en\/a-guarda-oferta-este-veran-visitas-guiadas-polo-casco-urbano\/#breadcrumb\"},\"inLanguage\":\"en-US\",\"potentialAction\":[{\"@type\":\"ReadAction\",\"target\":[\"https:\/\/www.aguarda.es\/en\/a-guarda-oferta-este-veran-visitas-guiadas-polo-casco-urbano\/\"]}]},{\"@type\":\"BreadcrumbList\",\"@id\":\"https:\/\/www.aguarda.es\/en\/a-guarda-oferta-este-veran-visitas-guiadas-polo-casco-urbano\/#breadcrumb\",\"itemListElement\":[{\"@type\":\"ListItem\",\"position\":1,\"name\":\"Portada\",\"item\":\"https:\/\/www.aguarda.es\/en\/\"},{\"@type\":\"ListItem\",\"position\":2,\"name\":\"A Guarda oferta este ver\u00e1n visitas guiadas polo casco urbano\"}]},{\"@type\":\"WebSite\",\"@id\":\"https:\/\/www.aguarda.es\/en\/#website\",\"url\":\"https:\/\/www.aguarda.es\/en\/\",\"name\":\"Concello da Guarda\",\"description\":\"P\u00e1xina web do concello da Guarda\",\"potentialAction\":[{\"@type\":\"SearchAction\",\"target\":{\"@type\":\"EntryPoint\",\"urlTemplate\":\"https:\/\/www.aguarda.es\/en\/?s={search_term_string}\"},\"query-input\":\"required name=search_term_string\"}],\"inLanguage\":\"en-US\"},{\"@type\":\"Person\",\"@id\":\"https:\/\/www.aguarda.es\/en\/#\/schema\/person\/c463ca3006858ffb349d11179d044f21\",\"name\":\"prensa\",\"image\":{\"@type\":\"ImageObject\",\"inLanguage\":\"en-US\",\"@id\":\"https:\/\/www.aguarda.es\/en\/#\/schema\/person\/image\/\",\"url\":\"https:\/\/secure.gravatar.com\/avatar\/5f90ef536b0f98306edf5c7a1135ffa1?s=96&d=mm&r=g\",\"contentUrl\":\"https:\/\/secure.gravatar.com\/avatar\/5f90ef536b0f98306edf5c7a1135ffa1?s=96&d=mm&r=g\",\"caption\":\"prensa\"},\"url\":\"https:\/\/www.aguarda.es\/en\/author\/prensa\/\"}]}<\/script>\n<!-- \/ Yoast SEO plugin. -->","yoast_head_json":{"title":"A Guarda oferta este ver\u00e1n visitas guiadas polo casco urbano - Concello da Guarda","robots":{"index":"index","follow":"follow","max-snippet":"max-snippet:-1","max-image-preview":"max-image-preview:large","max-video-preview":"max-video-preview:-1"},"canonical":"https:\/\/www.aguarda.es\/en\/a-guarda-oferta-este-veran-visitas-guiadas-polo-casco-urbano\/","og_locale":"en_US","og_type":"article","og_title":"A Guarda oferta este ver\u00e1n visitas guiadas polo casco urbano - Concello da Guarda","og_description":"O Concello da Guarda, a trav\u00e9s da Conceller\u00eda de Turismo, ven de por en marcha as visitas guiadas polo casco urbano que ter\u00e1n lugar os m\u00e9rcores e xoves dende o 15 de xullo ata o 15 de setembro. As visitas &hellip;","og_url":"https:\/\/www.aguarda.es\/en\/a-guarda-oferta-este-veran-visitas-guiadas-polo-casco-urbano\/","og_site_name":"Concello da Guarda","article_publisher":"https:\/\/www.facebook.com\/ConcellodaGuarda","article_published_time":"2019-07-15T17:12:55+00:00","og_image":[{"width":800,"height":1132,"url":"https:\/\/www.aguarda.es\/wp-content\/uploads\/2019\/07\/visitas-veran-2019.jpg","type":"image\/jpeg"}],"author":"prensa","twitter_card":"summary_large_image","twitter_creator":"@AGuarda_es","twitter_site":"@AGuarda_es","twitter_misc":{"Written by":"prensa","Est. reading time":"1 minute"},"schema":{"@context":"https:\/\/schema.org","@graph":[{"@type":"WebPage","@id":"https:\/\/www.aguarda.es\/en\/a-guarda-oferta-este-veran-visitas-guiadas-polo-casco-urbano\/","url":"https:\/\/www.aguarda.es\/en\/a-guarda-oferta-este-veran-visitas-guiadas-polo-casco-urbano\/","name":"A Guarda oferta este ver\u00e1n visitas guiadas polo casco urbano - Concello da Guarda","isPartOf":{"@id":"https:\/\/www.aguarda.es\/en\/#website"},"datePublished":"2019-07-15T17:12:55+00:00","dateModified":"2019-07-15T17:12:55+00:00","author":{"@id":"https:\/\/www.aguarda.es\/en\/#\/schema\/person\/c463ca3006858ffb349d11179d044f21"},"breadcrumb":{"@id":"https:\/\/www.aguarda.es\/en\/a-guarda-oferta-este-veran-visitas-guiadas-polo-casco-urbano\/#breadcrumb"},"inLanguage":"en-US","potentialAction":[{"@type":"ReadAction","target":["https:\/\/www.aguarda.es\/en\/a-guarda-oferta-este-veran-visitas-guiadas-polo-casco-urbano\/"]}]},{"@type":"BreadcrumbList","@id":"https:\/\/www.aguarda.es\/en\/a-guarda-oferta-este-veran-visitas-guiadas-polo-casco-urbano\/#breadcrumb","itemListElement":[{"@type":"ListItem","position":1,"name":"Portada","item":"https:\/\/www.aguarda.es\/en\/"},{"@type":"ListItem","position":2,"name":"A Guarda oferta este ver\u00e1n visitas guiadas polo casco urbano"}]},{"@type":"WebSite","@id":"https:\/\/www.aguarda.es\/en\/#website","url":"https:\/\/www.aguarda.es\/en\/","name":"Concello da Guarda","description":"P\u00e1xina web do concello da Guarda","potentialAction":[{"@type":"SearchAction","target":{"@type":"EntryPoint","urlTemplate":"https:\/\/www.aguarda.es\/en\/?s={search_term_string}"},"query-input":"required name=search_term_string"}],"inLanguage":"en-US"},{"@type":"Person","@id":"https:\/\/www.aguarda.es\/en\/#\/schema\/person\/c463ca3006858ffb349d11179d044f21","name":"prensa","image":{"@type":"ImageObject","inLanguage":"en-US","@id":"https:\/\/www.aguarda.es\/en\/#\/schema\/person\/image\/","url":"https:\/\/secure.gravatar.com\/avatar\/5f90ef536b0f98306edf5c7a1135ffa1?s=96&d=mm&r=g","contentUrl":"https:\/\/secure.gravatar.com\/avatar\/5f90ef536b0f98306edf5c7a1135ffa1?s=96&d=mm&r=g","caption":"prensa"},"url":"https:\/\/www.aguarda.es\/en\/author\/prensa\/"}]}},"_links":{"self":[{"href":"https:\/\/www.aguarda.es\/en\/wp-json\/wp\/v2\/posts\/18881"}],"collection":[{"href":"https:\/\/www.aguarda.es\/en\/wp-json\/wp\/v2\/posts"}],"about":[{"href":"https:\/\/www.aguarda.es\/en\/wp-json\/wp\/v2\/types\/post"}],"author":[{"embeddable":true,"href":"https:\/\/www.aguarda.es\/en\/wp-json\/wp\/v2\/users\/2"}],"replies":[{"embeddable":true,"href":"https:\/\/www.aguarda.es\/en\/wp-json\/wp\/v2\/comments?post=18881"}],"version-history":[{"count":2,"href":"https:\/\/www.aguarda.es\/en\/wp-json\/wp\/v2\/posts\/18881\/revisions"}],"predecessor-version":[{"id":18887,"href":"https:\/\/www.aguarda.es\/en\/wp-json\/wp\/v2\/posts\/18881\/revisions\/18887"}],"wp:featuredmedia":[{"embeddable":true,"href":"https:\/\/www.aguarda.es\/en\/wp-json\/wp\/v2\/media\/18882"}],"wp:attachment":[{"href":"https:\/\/www.aguarda.es\/en\/wp-json\/wp\/v2\/media?parent=18881"}],"wp:term":[{"taxonomy":"category","embeddable":true,"href":"https:\/\/www.aguarda.es\/en\/wp-json\/wp\/v2\/categories?post=18881"},{"taxonomy":"post_tag","embeddable":true,"href":"https:\/\/www.aguarda.es\/en\/wp-json\/wp\/v2\/tags?post=18881"}],"curies":[{"name":"wp","href":"https:\/\/api.w.org\/{rel}","templated":true}]}}