{"id":18898,"date":"2019-07-18T11:28:16","date_gmt":"2019-07-18T11:28:16","guid":{"rendered":"https:\/\/www.aguarda.es\/?p=18898"},"modified":"2019-07-18T11:28:16","modified_gmt":"2019-07-18T11:28:16","slug":"noites-no-castelo-e-a-cita-obrigada-para-esta-fin-de-semana-na-guarda","status":"publish","type":"post","link":"https:\/\/www.aguarda.es\/en\/noites-no-castelo-e-a-cita-obrigada-para-esta-fin-de-semana-na-guarda\/","title":{"rendered":"\u00abNoites no Castelo\u00bb \u00e9 a cita obrigada para esta fin de semana na Guarda"},"content":{"rendered":"<p style=\"text-align: justify\">Esta fin de semana A Guarda contar\u00e1 na s\u00faa programaci\u00f3n cunha das citas musicais de maior importancia, o evento Noites no Castelo, que ter\u00e1 lugar este s\u00e1bado e numerosas actividades deportivas como a III Mostra CD Baixo Mi\u00f1o, La Guardia en Danza o Torneo 3&#215;3 Vila da Guarda de Baloncesto ou o Torneo de F\u00fatbol 7.<\/p>\n<h2 style=\"text-align: center\"><em><strong>Programaci\u00f3n por d\u00edas<\/strong><\/em><\/h2>\n<p style=\"text-align: justify\"><strong>VENRES 19:<\/strong><\/p>\n<p style=\"text-align: justify\">Este venres d\u00eda 19 en horario de 10:00h a 13:00h horas da ma\u00f1\u00e1 o Castelo de Santa Cruz acolle un obradoiro gratu\u00edto especificamente destinados a mozos e mozas da Guarda de 12 anos en diante e que ter\u00e1 como motivo \u00abWATER\u00bb, un obradoiro de experimentaci\u00f3n cient\u00edfica relacionado coa auga.<\/p>\n<p style=\"text-align: justify\">Na xornada deste venres contin\u00faan as visitas guiadas para co\u00f1ecer o patrimonio do Monte Santa Trega, \u00e1s 11:30h realizarase a visita guiada ao Castro de Santa Trega, que ter\u00e1 como punto de encontro a vivenda reconstru\u00edda do Castro de Santa Trega e que ter\u00e1 unha duraci\u00f3n aproximada de 30 minutos.<\/p>\n<p style=\"text-align: justify\">\u00c1s 12:30h e \u00e1s 17:00h ter\u00e1n lugar d\u00faas novas visitas guiadas ao Monte Santa Trega, con punto de encontro no Museo Arqueol\u00f3xico(MASAT) e que ter\u00e1n unha duraci\u00f3n aproximada de 90 minutos.<\/p>\n<p style=\"text-align: justify\">Estas visitas guiadas son de car\u00e1cter gratu\u00edto e sen inscrici\u00f3n previa. Para grupos de m\u00e1is de 10 persoas \u00e9 obrigatorio facer unha reserva previa chamando ao tel\u00e9fono 986610504.<\/p>\n<p style=\"text-align: justify\">A taxa de acceso ao Monte Santa Trega \u00e9 de 1\u20ac para adultos e 0,5\u20ac para menores de 14 anos.<\/p>\n<p style=\"text-align: justify\"><strong>S\u00c1BADO 20:<\/strong><\/p>\n<p style=\"text-align: justify\">Este s\u00e1bado d\u00eda 20 de xullo a partires das 22:00h cel\u00e9brase unha nova edici\u00f3n de Noites no Castelo, un festival organizado dende a Conceller\u00eda de Festas e Festexos Populares do Concello da Guarda e que est\u00e1 subvencionado pola Deputaci\u00f3n de Pontevedra, o Fondo Galego de Cooperaci\u00f3n e Solidariedade, a Xunta de Galicia e en colaboraci\u00f3n coa Axencia Galega das Industrias Culturais AGADIC e o Xacobeo 2021.<\/p>\n<p style=\"text-align: justify\">Nesta quinta edici\u00f3n contarase coas actuaci\u00f3ns dos grupos de m\u00fasica Batuko Tabanka e Leil\u00eda, enchendo de boa m\u00fasica un ano m\u00e1is este emblem\u00e1tico espazo da vila guardesa, declarado Ben de Interese Cultural(BIC).<\/p>\n<p style=\"text-align: justify\">O Festival Noites no Castelo consol\u00eddase xa coma unha cita musical ineludible do calendario de ver\u00e1n do Concello da Guarda, pasando polo seu escenario grupos coma Ardent\u00eda, Milladoiro, a Banda Crebinsky, o gaiteiro Xos\u00e9 Manuel Budi\u00f1o, a cantante Mercedes Pe\u00f3n, a gaiteira Susana Seivane ou o grupo folk A Roda.<\/p>\n<p style=\"text-align: justify\">O pr\u00f3ximo s\u00e1bado d\u00eda 20 de xullo o Club de Tenis Codesal acoller\u00e1 a 5\u00ba edici\u00f3n do Torneo 3&#215;3 de Baloncesto \u201cVila Da Guarda\u201d, organizado polo Baixo Mi\u00f1o Basket. Nesta edici\u00f3n, que dar\u00e1 comezo \u00e1s 10:00h, o equipo guard\u00e9s organiza unha xornada practicando baloncesto e desfrutando das instalaci\u00f3ns do club de tenis na beira do Rio Mi\u00f1o contando coa participaci\u00f3n dun total de 12 equipos do sur de Pontevedra, xogando a fase final pola tarde.<\/p>\n<p style=\"text-align: justify\">Tam\u00e9n este s\u00e1bado o Estadio Municipal da Sangri\u00f1a acolle o X Torneo de Futbol 7 Vila da Guarda, que arrancar\u00e1 \u00e1s 15:30h da tarde e que continuar\u00e1 na xornada do domingo.<\/p>\n<p style=\"text-align: justify\">Este s\u00e1bado contin\u00faan as visitas guiadas para co\u00f1ecer o patrimonio do Monte Santa Trega, \u00e1s 11:30h realizarase a visita guiada ao Castro de Santa Trega, que ter\u00e1 como punto de encontro a vivenda reconstru\u00edda do Castro de Santa Trega e que ter\u00e1 unha duraci\u00f3n aproximada de 30 minutos.<\/p>\n<p style=\"text-align: justify\">\u00c1s 12:30h e \u00e1s 17:00h ter\u00e1n lugar d\u00faas novas visitas guiadas ao Monte Santa Trega, con punto de encontro no Museo Arqueol\u00f3xico(MASAT) e que ter\u00e1n unha duraci\u00f3n aproximada de 90 minutos.<\/p>\n<p style=\"text-align: justify\">Estas visitas guiadas son de car\u00e1cter gratu\u00edto e sen inscrici\u00f3n previa. Para grupos de m\u00e1is de 10 persoas \u00e9 obrigatorio facer unha reserva previa chamando ao tel\u00e9fono 986610504.<\/p>\n<p style=\"text-align: justify\">A taxa de acceso ao Monte Santa Trega \u00e9 de 1\u20ac para adultos e 0,5\u20ac para menores de 14 anos.<\/p>\n<p style=\"text-align: justify\"><strong>DOMINGO 21:<\/strong><\/p>\n<p style=\"text-align: justify\">Este domingo d\u00eda 21 de xullo a Agrupaci\u00f3n Guardesa de Pescadores, Mari\u00f1eiros e Mariscadores non profesionais &#8220;O Buxeiro&#8221; organiza unha gran recollida de pl\u00e1sticos na costa da Guarda. O punto de reuni\u00f3n ser\u00e1 a Alameda da Guarda \u00e1s 8:00h da ma\u00f1\u00e1, onde se repartir\u00e1n guantes e bolsas e se explicar\u00e1 como ser\u00e1 o funcionamento desta actividade, para a que non \u00e9 preciso inscrici\u00f3n previa.<\/p>\n<p style=\"text-align: justify\">O Estadio Municipal da Sangri\u00f1a acolle nesta xornada as finais do X Torneo de Futbol 7 Vila da Guarda en horario de ma\u00f1\u00e1.<\/p>\n<p style=\"text-align: justify\">A partires das 17:00h da tarde deste domingo a carpa do Porto da Guarda acolle a celebraci\u00f3n da Festa do Av\u00f3, evento no que participar\u00e1n a Coral e o Grupo de Gaitas do Clube da Terceira Idade da Guarda, nun acto que estar\u00e1 presentado por D. Jes\u00fas Garc\u00eda Villad\u00f3niga e no que se far\u00e1 tam\u00e9n unha homenaxe.<\/p>\n","protected":false},"excerpt":{"rendered":"<p>Esta fin de semana A Guarda contar\u00e1 na s\u00faa programaci\u00f3n cunha das citas musicais de maior importancia, o evento Noites no Castelo, que ter\u00e1 lugar este s\u00e1bado e numerosas actividades deportivas como a III Mostra CD Baixo Mi\u00f1o, La Guardia &hellip; <\/p>\n","protected":false},"author":2,"featured_media":18899,"comment_status":"open","ping_status":"open","sticky":false,"template":"","format":"standard","meta":[],"categories":[34,35,56,33],"tags":[226,1343,276,294,232,288],"yoast_head":"<!-- This site is optimized with the Yoast SEO plugin v21.1 - https:\/\/yoast.com\/wordpress\/plugins\/seo\/ -->\n<title>\u00abNoites no Castelo\u00bb \u00e9 a cita obrigada para esta fin de semana na Guarda - Concello da Guarda<\/title>\n<meta name=\"robots\" content=\"index, follow, max-snippet:-1, max-image-preview:large, max-video-preview:-1\" \/>\n<link rel=\"canonical\" href=\"https:\/\/www.aguarda.es\/en\/noites-no-castelo-e-a-cita-obrigada-para-esta-fin-de-semana-na-guarda\/\" \/>\n<meta property=\"og:locale\" content=\"en_US\" \/>\n<meta property=\"og:type\" content=\"article\" \/>\n<meta property=\"og:title\" content=\"\u00abNoites no Castelo\u00bb \u00e9 a cita obrigada para esta fin de semana na Guarda - Concello da Guarda\" \/>\n<meta property=\"og:description\" content=\"Esta fin de semana A Guarda contar\u00e1 na s\u00faa programaci\u00f3n cunha das citas musicais de maior importancia, o evento Noites no Castelo, que ter\u00e1 lugar este s\u00e1bado e numerosas actividades deportivas como a III Mostra CD Baixo Mi\u00f1o, La Guardia &hellip;\" \/>\n<meta property=\"og:url\" content=\"https:\/\/www.aguarda.es\/en\/noites-no-castelo-e-a-cita-obrigada-para-esta-fin-de-semana-na-guarda\/\" \/>\n<meta property=\"og:site_name\" content=\"Concello da Guarda\" \/>\n<meta property=\"article:publisher\" content=\"https:\/\/www.facebook.com\/ConcellodaGuarda\" \/>\n<meta property=\"article:published_time\" content=\"2019-07-18T11:28:16+00:00\" \/>\n<meta property=\"og:image\" content=\"https:\/\/www.aguarda.es\/wp-content\/uploads\/2019\/07\/WEB37.jpg\" \/>\n\t<meta property=\"og:image:width\" content=\"800\" \/>\n\t<meta property=\"og:image:height\" content=\"600\" \/>\n\t<meta property=\"og:image:type\" content=\"image\/jpeg\" \/>\n<meta name=\"author\" content=\"prensa\" \/>\n<meta name=\"twitter:card\" content=\"summary_large_image\" \/>\n<meta name=\"twitter:creator\" content=\"@AGuarda_es\" \/>\n<meta name=\"twitter:site\" content=\"@AGuarda_es\" \/>\n<meta name=\"twitter:label1\" content=\"Written by\" \/>\n\t<meta name=\"twitter:data1\" content=\"prensa\" \/>\n\t<meta name=\"twitter:label2\" content=\"Est. reading time\" \/>\n\t<meta name=\"twitter:data2\" content=\"4 minutes\" \/>\n<script type=\"application\/ld+json\" class=\"yoast-schema-graph\">{\"@context\":\"https:\/\/schema.org\",\"@graph\":[{\"@type\":\"WebPage\",\"@id\":\"https:\/\/www.aguarda.es\/en\/noites-no-castelo-e-a-cita-obrigada-para-esta-fin-de-semana-na-guarda\/\",\"url\":\"https:\/\/www.aguarda.es\/en\/noites-no-castelo-e-a-cita-obrigada-para-esta-fin-de-semana-na-guarda\/\",\"name\":\"\u00abNoites no Castelo\u00bb \u00e9 a cita obrigada para esta fin de semana na Guarda - Concello da Guarda\",\"isPartOf\":{\"@id\":\"https:\/\/www.aguarda.es\/en\/#website\"},\"datePublished\":\"2019-07-18T11:28:16+00:00\",\"dateModified\":\"2019-07-18T11:28:16+00:00\",\"author\":{\"@id\":\"https:\/\/www.aguarda.es\/en\/#\/schema\/person\/c463ca3006858ffb349d11179d044f21\"},\"breadcrumb\":{\"@id\":\"https:\/\/www.aguarda.es\/en\/noites-no-castelo-e-a-cita-obrigada-para-esta-fin-de-semana-na-guarda\/#breadcrumb\"},\"inLanguage\":\"en-US\",\"potentialAction\":[{\"@type\":\"ReadAction\",\"target\":[\"https:\/\/www.aguarda.es\/en\/noites-no-castelo-e-a-cita-obrigada-para-esta-fin-de-semana-na-guarda\/\"]}]},{\"@type\":\"BreadcrumbList\",\"@id\":\"https:\/\/www.aguarda.es\/en\/noites-no-castelo-e-a-cita-obrigada-para-esta-fin-de-semana-na-guarda\/#breadcrumb\",\"itemListElement\":[{\"@type\":\"ListItem\",\"position\":1,\"name\":\"Portada\",\"item\":\"https:\/\/www.aguarda.es\/en\/\"},{\"@type\":\"ListItem\",\"position\":2,\"name\":\"\u00abNoites no Castelo\u00bb \u00e9 a cita obrigada para esta fin de semana na Guarda\"}]},{\"@type\":\"WebSite\",\"@id\":\"https:\/\/www.aguarda.es\/en\/#website\",\"url\":\"https:\/\/www.aguarda.es\/en\/\",\"name\":\"Concello da Guarda\",\"description\":\"P\u00e1xina web do concello da Guarda\",\"potentialAction\":[{\"@type\":\"SearchAction\",\"target\":{\"@type\":\"EntryPoint\",\"urlTemplate\":\"https:\/\/www.aguarda.es\/en\/?s={search_term_string}\"},\"query-input\":\"required name=search_term_string\"}],\"inLanguage\":\"en-US\"},{\"@type\":\"Person\",\"@id\":\"https:\/\/www.aguarda.es\/en\/#\/schema\/person\/c463ca3006858ffb349d11179d044f21\",\"name\":\"prensa\",\"image\":{\"@type\":\"ImageObject\",\"inLanguage\":\"en-US\",\"@id\":\"https:\/\/www.aguarda.es\/en\/#\/schema\/person\/image\/\",\"url\":\"https:\/\/secure.gravatar.com\/avatar\/5f90ef536b0f98306edf5c7a1135ffa1?s=96&d=mm&r=g\",\"contentUrl\":\"https:\/\/secure.gravatar.com\/avatar\/5f90ef536b0f98306edf5c7a1135ffa1?s=96&d=mm&r=g\",\"caption\":\"prensa\"},\"url\":\"https:\/\/www.aguarda.es\/en\/author\/prensa\/\"}]}<\/script>\n<!-- \/ Yoast SEO plugin. -->","yoast_head_json":{"title":"\u00abNoites no Castelo\u00bb \u00e9 a cita obrigada para esta fin de semana na Guarda - Concello da Guarda","robots":{"index":"index","follow":"follow","max-snippet":"max-snippet:-1","max-image-preview":"max-image-preview:large","max-video-preview":"max-video-preview:-1"},"canonical":"https:\/\/www.aguarda.es\/en\/noites-no-castelo-e-a-cita-obrigada-para-esta-fin-de-semana-na-guarda\/","og_locale":"en_US","og_type":"article","og_title":"\u00abNoites no Castelo\u00bb \u00e9 a cita obrigada para esta fin de semana na Guarda - Concello da Guarda","og_description":"Esta fin de semana A Guarda contar\u00e1 na s\u00faa programaci\u00f3n cunha das citas musicais de maior importancia, o evento Noites no Castelo, que ter\u00e1 lugar este s\u00e1bado e numerosas actividades deportivas como a III Mostra CD Baixo Mi\u00f1o, La Guardia &hellip;","og_url":"https:\/\/www.aguarda.es\/en\/noites-no-castelo-e-a-cita-obrigada-para-esta-fin-de-semana-na-guarda\/","og_site_name":"Concello da Guarda","article_publisher":"https:\/\/www.facebook.com\/ConcellodaGuarda","article_published_time":"2019-07-18T11:28:16+00:00","og_image":[{"width":800,"height":600,"url":"https:\/\/www.aguarda.es\/wp-content\/uploads\/2019\/07\/WEB37.jpg","type":"image\/jpeg"}],"author":"prensa","twitter_card":"summary_large_image","twitter_creator":"@AGuarda_es","twitter_site":"@AGuarda_es","twitter_misc":{"Written by":"prensa","Est. reading time":"4 minutes"},"schema":{"@context":"https:\/\/schema.org","@graph":[{"@type":"WebPage","@id":"https:\/\/www.aguarda.es\/en\/noites-no-castelo-e-a-cita-obrigada-para-esta-fin-de-semana-na-guarda\/","url":"https:\/\/www.aguarda.es\/en\/noites-no-castelo-e-a-cita-obrigada-para-esta-fin-de-semana-na-guarda\/","name":"\u00abNoites no Castelo\u00bb \u00e9 a cita obrigada para esta fin de semana na Guarda - Concello da Guarda","isPartOf":{"@id":"https:\/\/www.aguarda.es\/en\/#website"},"datePublished":"2019-07-18T11:28:16+00:00","dateModified":"2019-07-18T11:28:16+00:00","author":{"@id":"https:\/\/www.aguarda.es\/en\/#\/schema\/person\/c463ca3006858ffb349d11179d044f21"},"breadcrumb":{"@id":"https:\/\/www.aguarda.es\/en\/noites-no-castelo-e-a-cita-obrigada-para-esta-fin-de-semana-na-guarda\/#breadcrumb"},"inLanguage":"en-US","potentialAction":[{"@type":"ReadAction","target":["https:\/\/www.aguarda.es\/en\/noites-no-castelo-e-a-cita-obrigada-para-esta-fin-de-semana-na-guarda\/"]}]},{"@type":"BreadcrumbList","@id":"https:\/\/www.aguarda.es\/en\/noites-no-castelo-e-a-cita-obrigada-para-esta-fin-de-semana-na-guarda\/#breadcrumb","itemListElement":[{"@type":"ListItem","position":1,"name":"Portada","item":"https:\/\/www.aguarda.es\/en\/"},{"@type":"ListItem","position":2,"name":"\u00abNoites no Castelo\u00bb \u00e9 a cita obrigada para esta fin de semana na Guarda"}]},{"@type":"WebSite","@id":"https:\/\/www.aguarda.es\/en\/#website","url":"https:\/\/www.aguarda.es\/en\/","name":"Concello da Guarda","description":"P\u00e1xina web do concello da Guarda","potentialAction":[{"@type":"SearchAction","target":{"@type":"EntryPoint","urlTemplate":"https:\/\/www.aguarda.es\/en\/?s={search_term_string}"},"query-input":"required name=search_term_string"}],"inLanguage":"en-US"},{"@type":"Person","@id":"https:\/\/www.aguarda.es\/en\/#\/schema\/person\/c463ca3006858ffb349d11179d044f21","name":"prensa","image":{"@type":"ImageObject","inLanguage":"en-US","@id":"https:\/\/www.aguarda.es\/en\/#\/schema\/person\/image\/","url":"https:\/\/secure.gravatar.com\/avatar\/5f90ef536b0f98306edf5c7a1135ffa1?s=96&d=mm&r=g","contentUrl":"https:\/\/secure.gravatar.com\/avatar\/5f90ef536b0f98306edf5c7a1135ffa1?s=96&d=mm&r=g","caption":"prensa"},"url":"https:\/\/www.aguarda.es\/en\/author\/prensa\/"}]}},"_links":{"self":[{"href":"https:\/\/www.aguarda.es\/en\/wp-json\/wp\/v2\/posts\/18898"}],"collection":[{"href":"https:\/\/www.aguarda.es\/en\/wp-json\/wp\/v2\/posts"}],"about":[{"href":"https:\/\/www.aguarda.es\/en\/wp-json\/wp\/v2\/types\/post"}],"author":[{"embeddable":true,"href":"https:\/\/www.aguarda.es\/en\/wp-json\/wp\/v2\/users\/2"}],"replies":[{"embeddable":true,"href":"https:\/\/www.aguarda.es\/en\/wp-json\/wp\/v2\/comments?post=18898"}],"version-history":[{"count":1,"href":"https:\/\/www.aguarda.es\/en\/wp-json\/wp\/v2\/posts\/18898\/revisions"}],"predecessor-version":[{"id":18901,"href":"https:\/\/www.aguarda.es\/en\/wp-json\/wp\/v2\/posts\/18898\/revisions\/18901"}],"wp:featuredmedia":[{"embeddable":true,"href":"https:\/\/www.aguarda.es\/en\/wp-json\/wp\/v2\/media\/18899"}],"wp:attachment":[{"href":"https:\/\/www.aguarda.es\/en\/wp-json\/wp\/v2\/media?parent=18898"}],"wp:term":[{"taxonomy":"category","embeddable":true,"href":"https:\/\/www.aguarda.es\/en\/wp-json\/wp\/v2\/categories?post=18898"},{"taxonomy":"post_tag","embeddable":true,"href":"https:\/\/www.aguarda.es\/en\/wp-json\/wp\/v2\/tags?post=18898"}],"curies":[{"name":"wp","href":"https:\/\/api.w.org\/{rel}","templated":true}]}}