{"id":18912,"date":"2019-07-22T09:05:55","date_gmt":"2019-07-22T09:05:55","guid":{"rendered":"https:\/\/www.aguarda.es\/?p=18912"},"modified":"2019-07-22T09:05:56","modified_gmt":"2019-07-22T09:05:56","slug":"a-musica-de-batuko-tabanka-e-leilia-encandilou-aos-asistentes-de-noites-no-castelo-na-guarda","status":"publish","type":"post","link":"https:\/\/www.aguarda.es\/en\/a-musica-de-batuko-tabanka-e-leilia-encandilou-aos-asistentes-de-noites-no-castelo-na-guarda\/","title":{"rendered":"A m\u00fasica de Batuko Tabanka e Leil\u00eda encandilou aos asistentes de Noites no Castelo na Guarda"},"content":{"rendered":"<p style=\"text-align: justify\">O pasado s\u00e1bado d\u00eda 20 de xullo o Castelo de Santa Cruza da Guarda acolleu a quinta edici\u00f3n de Noites no Castelo, un festival organizado dende a Conceller\u00eda de Festas e Festexos Populares do Concello da Guarda e que contou coas actuaci\u00f3ns dos grupos de m\u00fasica Batuko Tabanka e Leil\u00eda, enchendo de boa m\u00fasica un ano m\u00e1is este emblem\u00e1tico espazo da vila guardesa, declarado Ben de Interese Cultural(BIC).<\/p>\n<p style=\"text-align: justify\">Esta edici\u00f3n de Noites no Castelo estivo subvencionada pola Deputaci\u00f3n de Pontevedra, o Fondo Galego de Cooperaci\u00f3n e Solidariedade, a Xunta de Galicia e en colaboraci\u00f3n coa Axencia Galega das Industrias Culturais AGADIC e o Xacobeo 2021.<\/p>\n<p style=\"text-align: justify\">O grupo de orixe caboverdiano Batuko Tabanka foi encargado de abrir este concerto \u00e1s 22:00h, cunha actuaci\u00f3n na que a m\u00fasica t\u00edpica de Cabo Verde foi a protagonista. Esta formaci\u00f3n, integrada por mulleres de orixe caboverdiano e afincadas na Mari\u00f1a lucense, ensinou aos presentes os cantos e como \u00e9 o son do \u00abbatuko\u00bb, que \u00e9 un pano pregado colocado entre as pernas, ademais de bailes tradicionais. O grupo est\u00e1 formado por Antonina de Cangas, Antonina de San Cibrao, Ivone, Faf\u00e1, Beba, Isabel, Dezid\u00e9ria, Ilda, Mariazinha, Chuca, Morena, Ilisa, Pachuca, Gali, Lopez, Gusma, Numete, Linsaja, Katuka, Mascu, Canlita, Comato, Belita e Santinha.<\/p>\n<p style=\"text-align: justify\">\u00c1s 23:00h da noite chegaba a quenda de Leil\u00eda, un grupo galego de m\u00fasica tradicional de cantareiras- pandereteiras fundado en 1989 e composto por seis voces femininas, que naceu co prop\u00f3sito de recuperar a tradici\u00f3n oral galega.<\/p>\n<p style=\"text-align: justify\">Leil\u00eda foi un dos primeiros grupos de Galicia que se lanzou a recorrer as aldeas recopilando canci\u00f3ns tradicionais de boca dos anci\u00e1ns do lugar, e a primeira agrupaci\u00f3n de cantareiras que empezou a dar concertos en bares e pubs. A s\u00faa actuaci\u00f3n mesmo convidou aos asistentes que foron part\u00edcipes con bailes entre o p\u00fablico para pechar unha nova edici\u00f3n de Noites no Castelo, cunha asistencia estimada en 1500 persoas.<\/p>\n<p style=\"text-align: justify\">O Festival Noites no Castelo consol\u00eddase xa coma unha cita musical ineludible do calendario de ver\u00e1n do Concello da Guarda, pasando polo seu escenario grupos coma Ardent\u00eda, Milladoiro, a Banda Crebinsky, o gaiteiro Xos\u00e9 Manuel Budi\u00f1o, a cantante Mercedes Pe\u00f3n, a gaiteira Susana Seivane ou o grupo folk A Roda.<\/p>\n","protected":false},"excerpt":{"rendered":"<p>O pasado s\u00e1bado d\u00eda 20 de xullo o Castelo de Santa Cruza da Guarda acolleu a quinta edici\u00f3n de Noites no Castelo, un festival organizado dende a Conceller\u00eda de Festas e Festexos Populares do Concello da Guarda e que contou &hellip; <\/p>\n","protected":false},"author":2,"featured_media":18913,"comment_status":"open","ping_status":"open","sticky":false,"template":"","format":"standard","meta":[],"categories":[34,33],"tags":[226,1876,1752,1278,1875,719,405],"yoast_head":"<!-- This site is optimized with the Yoast SEO plugin v21.1 - https:\/\/yoast.com\/wordpress\/plugins\/seo\/ -->\n<title>A m\u00fasica de Batuko Tabanka e Leil\u00eda encandilou aos asistentes de Noites no Castelo na Guarda - Concello da Guarda<\/title>\n<meta name=\"robots\" content=\"index, follow, max-snippet:-1, max-image-preview:large, max-video-preview:-1\" \/>\n<link rel=\"canonical\" href=\"https:\/\/www.aguarda.es\/en\/a-musica-de-batuko-tabanka-e-leilia-encandilou-aos-asistentes-de-noites-no-castelo-na-guarda\/\" \/>\n<meta property=\"og:locale\" content=\"en_US\" \/>\n<meta property=\"og:type\" content=\"article\" \/>\n<meta property=\"og:title\" content=\"A m\u00fasica de Batuko Tabanka e Leil\u00eda encandilou aos asistentes de Noites no Castelo na Guarda - Concello da Guarda\" \/>\n<meta property=\"og:description\" content=\"O pasado s\u00e1bado d\u00eda 20 de xullo o Castelo de Santa Cruza da Guarda acolleu a quinta edici\u00f3n de Noites no Castelo, un festival organizado dende a Conceller\u00eda de Festas e Festexos Populares do Concello da Guarda e que contou &hellip;\" \/>\n<meta property=\"og:url\" content=\"https:\/\/www.aguarda.es\/en\/a-musica-de-batuko-tabanka-e-leilia-encandilou-aos-asistentes-de-noites-no-castelo-na-guarda\/\" \/>\n<meta property=\"og:site_name\" content=\"Concello da Guarda\" \/>\n<meta property=\"article:publisher\" content=\"https:\/\/www.facebook.com\/ConcellodaGuarda\" \/>\n<meta property=\"article:published_time\" content=\"2019-07-22T09:05:55+00:00\" \/>\n<meta property=\"article:modified_time\" content=\"2019-07-22T09:05:56+00:00\" \/>\n<meta property=\"og:image\" content=\"https:\/\/www.aguarda.es\/wp-content\/uploads\/2019\/07\/NP-22072019-A-m\u00fasica-de-Batuko-Tabanka-e-Leil\u00eda-encandilou-aos-asistentes-de-Noites-no-Castelo-na-Guarda.jpg\" \/>\n\t<meta property=\"og:image:width\" content=\"800\" \/>\n\t<meta property=\"og:image:height\" content=\"600\" \/>\n\t<meta property=\"og:image:type\" content=\"image\/jpeg\" \/>\n<meta name=\"author\" content=\"prensa\" \/>\n<meta name=\"twitter:card\" content=\"summary_large_image\" \/>\n<meta name=\"twitter:creator\" content=\"@AGuarda_es\" \/>\n<meta name=\"twitter:site\" content=\"@AGuarda_es\" \/>\n<meta name=\"twitter:label1\" content=\"Written by\" \/>\n\t<meta name=\"twitter:data1\" content=\"prensa\" \/>\n\t<meta name=\"twitter:label2\" content=\"Est. reading time\" \/>\n\t<meta name=\"twitter:data2\" content=\"2 minutes\" \/>\n<script type=\"application\/ld+json\" class=\"yoast-schema-graph\">{\"@context\":\"https:\/\/schema.org\",\"@graph\":[{\"@type\":\"WebPage\",\"@id\":\"https:\/\/www.aguarda.es\/en\/a-musica-de-batuko-tabanka-e-leilia-encandilou-aos-asistentes-de-noites-no-castelo-na-guarda\/\",\"url\":\"https:\/\/www.aguarda.es\/en\/a-musica-de-batuko-tabanka-e-leilia-encandilou-aos-asistentes-de-noites-no-castelo-na-guarda\/\",\"name\":\"A m\u00fasica de Batuko Tabanka e Leil\u00eda encandilou aos asistentes de Noites no Castelo na Guarda - Concello da Guarda\",\"isPartOf\":{\"@id\":\"https:\/\/www.aguarda.es\/en\/#website\"},\"datePublished\":\"2019-07-22T09:05:55+00:00\",\"dateModified\":\"2019-07-22T09:05:56+00:00\",\"author\":{\"@id\":\"https:\/\/www.aguarda.es\/en\/#\/schema\/person\/c463ca3006858ffb349d11179d044f21\"},\"breadcrumb\":{\"@id\":\"https:\/\/www.aguarda.es\/en\/a-musica-de-batuko-tabanka-e-leilia-encandilou-aos-asistentes-de-noites-no-castelo-na-guarda\/#breadcrumb\"},\"inLanguage\":\"en-US\",\"potentialAction\":[{\"@type\":\"ReadAction\",\"target\":[\"https:\/\/www.aguarda.es\/en\/a-musica-de-batuko-tabanka-e-leilia-encandilou-aos-asistentes-de-noites-no-castelo-na-guarda\/\"]}]},{\"@type\":\"BreadcrumbList\",\"@id\":\"https:\/\/www.aguarda.es\/en\/a-musica-de-batuko-tabanka-e-leilia-encandilou-aos-asistentes-de-noites-no-castelo-na-guarda\/#breadcrumb\",\"itemListElement\":[{\"@type\":\"ListItem\",\"position\":1,\"name\":\"Portada\",\"item\":\"https:\/\/www.aguarda.es\/en\/\"},{\"@type\":\"ListItem\",\"position\":2,\"name\":\"A m\u00fasica de Batuko Tabanka e Leil\u00eda encandilou aos asistentes de Noites no Castelo na Guarda\"}]},{\"@type\":\"WebSite\",\"@id\":\"https:\/\/www.aguarda.es\/en\/#website\",\"url\":\"https:\/\/www.aguarda.es\/en\/\",\"name\":\"Concello da Guarda\",\"description\":\"P\u00e1xina web do concello da Guarda\",\"potentialAction\":[{\"@type\":\"SearchAction\",\"target\":{\"@type\":\"EntryPoint\",\"urlTemplate\":\"https:\/\/www.aguarda.es\/en\/?s={search_term_string}\"},\"query-input\":\"required name=search_term_string\"}],\"inLanguage\":\"en-US\"},{\"@type\":\"Person\",\"@id\":\"https:\/\/www.aguarda.es\/en\/#\/schema\/person\/c463ca3006858ffb349d11179d044f21\",\"name\":\"prensa\",\"image\":{\"@type\":\"ImageObject\",\"inLanguage\":\"en-US\",\"@id\":\"https:\/\/www.aguarda.es\/en\/#\/schema\/person\/image\/\",\"url\":\"https:\/\/secure.gravatar.com\/avatar\/5f90ef536b0f98306edf5c7a1135ffa1?s=96&d=mm&r=g\",\"contentUrl\":\"https:\/\/secure.gravatar.com\/avatar\/5f90ef536b0f98306edf5c7a1135ffa1?s=96&d=mm&r=g\",\"caption\":\"prensa\"},\"url\":\"https:\/\/www.aguarda.es\/en\/author\/prensa\/\"}]}<\/script>\n<!-- \/ Yoast SEO plugin. -->","yoast_head_json":{"title":"A m\u00fasica de Batuko Tabanka e Leil\u00eda encandilou aos asistentes de Noites no Castelo na Guarda - Concello da Guarda","robots":{"index":"index","follow":"follow","max-snippet":"max-snippet:-1","max-image-preview":"max-image-preview:large","max-video-preview":"max-video-preview:-1"},"canonical":"https:\/\/www.aguarda.es\/en\/a-musica-de-batuko-tabanka-e-leilia-encandilou-aos-asistentes-de-noites-no-castelo-na-guarda\/","og_locale":"en_US","og_type":"article","og_title":"A m\u00fasica de Batuko Tabanka e Leil\u00eda encandilou aos asistentes de Noites no Castelo na Guarda - Concello da Guarda","og_description":"O pasado s\u00e1bado d\u00eda 20 de xullo o Castelo de Santa Cruza da Guarda acolleu a quinta edici\u00f3n de Noites no Castelo, un festival organizado dende a Conceller\u00eda de Festas e Festexos Populares do Concello da Guarda e que contou &hellip;","og_url":"https:\/\/www.aguarda.es\/en\/a-musica-de-batuko-tabanka-e-leilia-encandilou-aos-asistentes-de-noites-no-castelo-na-guarda\/","og_site_name":"Concello da Guarda","article_publisher":"https:\/\/www.facebook.com\/ConcellodaGuarda","article_published_time":"2019-07-22T09:05:55+00:00","article_modified_time":"2019-07-22T09:05:56+00:00","og_image":[{"width":800,"height":600,"url":"https:\/\/www.aguarda.es\/wp-content\/uploads\/2019\/07\/NP-22072019-A-m\u00fasica-de-Batuko-Tabanka-e-Leil\u00eda-encandilou-aos-asistentes-de-Noites-no-Castelo-na-Guarda.jpg","type":"image\/jpeg"}],"author":"prensa","twitter_card":"summary_large_image","twitter_creator":"@AGuarda_es","twitter_site":"@AGuarda_es","twitter_misc":{"Written by":"prensa","Est. reading time":"2 minutes"},"schema":{"@context":"https:\/\/schema.org","@graph":[{"@type":"WebPage","@id":"https:\/\/www.aguarda.es\/en\/a-musica-de-batuko-tabanka-e-leilia-encandilou-aos-asistentes-de-noites-no-castelo-na-guarda\/","url":"https:\/\/www.aguarda.es\/en\/a-musica-de-batuko-tabanka-e-leilia-encandilou-aos-asistentes-de-noites-no-castelo-na-guarda\/","name":"A m\u00fasica de Batuko Tabanka e Leil\u00eda encandilou aos asistentes de Noites no Castelo na Guarda - Concello da Guarda","isPartOf":{"@id":"https:\/\/www.aguarda.es\/en\/#website"},"datePublished":"2019-07-22T09:05:55+00:00","dateModified":"2019-07-22T09:05:56+00:00","author":{"@id":"https:\/\/www.aguarda.es\/en\/#\/schema\/person\/c463ca3006858ffb349d11179d044f21"},"breadcrumb":{"@id":"https:\/\/www.aguarda.es\/en\/a-musica-de-batuko-tabanka-e-leilia-encandilou-aos-asistentes-de-noites-no-castelo-na-guarda\/#breadcrumb"},"inLanguage":"en-US","potentialAction":[{"@type":"ReadAction","target":["https:\/\/www.aguarda.es\/en\/a-musica-de-batuko-tabanka-e-leilia-encandilou-aos-asistentes-de-noites-no-castelo-na-guarda\/"]}]},{"@type":"BreadcrumbList","@id":"https:\/\/www.aguarda.es\/en\/a-musica-de-batuko-tabanka-e-leilia-encandilou-aos-asistentes-de-noites-no-castelo-na-guarda\/#breadcrumb","itemListElement":[{"@type":"ListItem","position":1,"name":"Portada","item":"https:\/\/www.aguarda.es\/en\/"},{"@type":"ListItem","position":2,"name":"A m\u00fasica de Batuko Tabanka e Leil\u00eda encandilou aos asistentes de Noites no Castelo na Guarda"}]},{"@type":"WebSite","@id":"https:\/\/www.aguarda.es\/en\/#website","url":"https:\/\/www.aguarda.es\/en\/","name":"Concello da Guarda","description":"P\u00e1xina web do concello da Guarda","potentialAction":[{"@type":"SearchAction","target":{"@type":"EntryPoint","urlTemplate":"https:\/\/www.aguarda.es\/en\/?s={search_term_string}"},"query-input":"required name=search_term_string"}],"inLanguage":"en-US"},{"@type":"Person","@id":"https:\/\/www.aguarda.es\/en\/#\/schema\/person\/c463ca3006858ffb349d11179d044f21","name":"prensa","image":{"@type":"ImageObject","inLanguage":"en-US","@id":"https:\/\/www.aguarda.es\/en\/#\/schema\/person\/image\/","url":"https:\/\/secure.gravatar.com\/avatar\/5f90ef536b0f98306edf5c7a1135ffa1?s=96&d=mm&r=g","contentUrl":"https:\/\/secure.gravatar.com\/avatar\/5f90ef536b0f98306edf5c7a1135ffa1?s=96&d=mm&r=g","caption":"prensa"},"url":"https:\/\/www.aguarda.es\/en\/author\/prensa\/"}]}},"_links":{"self":[{"href":"https:\/\/www.aguarda.es\/en\/wp-json\/wp\/v2\/posts\/18912"}],"collection":[{"href":"https:\/\/www.aguarda.es\/en\/wp-json\/wp\/v2\/posts"}],"about":[{"href":"https:\/\/www.aguarda.es\/en\/wp-json\/wp\/v2\/types\/post"}],"author":[{"embeddable":true,"href":"https:\/\/www.aguarda.es\/en\/wp-json\/wp\/v2\/users\/2"}],"replies":[{"embeddable":true,"href":"https:\/\/www.aguarda.es\/en\/wp-json\/wp\/v2\/comments?post=18912"}],"version-history":[{"count":1,"href":"https:\/\/www.aguarda.es\/en\/wp-json\/wp\/v2\/posts\/18912\/revisions"}],"predecessor-version":[{"id":18915,"href":"https:\/\/www.aguarda.es\/en\/wp-json\/wp\/v2\/posts\/18912\/revisions\/18915"}],"wp:featuredmedia":[{"embeddable":true,"href":"https:\/\/www.aguarda.es\/en\/wp-json\/wp\/v2\/media\/18913"}],"wp:attachment":[{"href":"https:\/\/www.aguarda.es\/en\/wp-json\/wp\/v2\/media?parent=18912"}],"wp:term":[{"taxonomy":"category","embeddable":true,"href":"https:\/\/www.aguarda.es\/en\/wp-json\/wp\/v2\/categories?post=18912"},{"taxonomy":"post_tag","embeddable":true,"href":"https:\/\/www.aguarda.es\/en\/wp-json\/wp\/v2\/tags?post=18912"}],"curies":[{"name":"wp","href":"https:\/\/api.w.org\/{rel}","templated":true}]}}