{"id":18917,"date":"2019-07-22T09:44:38","date_gmt":"2019-07-22T09:44:38","guid":{"rendered":"https:\/\/www.aguarda.es\/?p=18917"},"modified":"2019-07-22T09:47:08","modified_gmt":"2019-07-22T09:47:08","slug":"a-guarda-acolleu-varios-torneos-e-exhibicions-deportivas-a-pasada-fin-de-semana","status":"publish","type":"post","link":"https:\/\/www.aguarda.es\/en\/a-guarda-acolleu-varios-torneos-e-exhibicions-deportivas-a-pasada-fin-de-semana\/","title":{"rendered":"A Guarda acolleu varios torneos e exhibici\u00f3ns deportivas a pasada fin de semana"},"content":{"rendered":"<p style=\"text-align: justify\">Na pasada fin de semana A Guarda acolleu varias probas deportivas que comezaron o venres d\u00eda 19 de xullo coa terceira Mostra CD Baixo Mi\u00f1o e continuaron na xornada do s\u00e1bado coa segunda edici\u00f3n de \u201cLa Guardia en Danza\u201d, o X Torneo de F\u00fatbol 7 Vila da Guarda e o Torneo de Baloncesto 3&#215;3 Vila da Guarda.<\/p>\n<p style=\"text-align: justify\"><strong>III Mostra CD Baixo Mi\u00f1o<\/strong><\/p>\n<p style=\"text-align: justify\">O venres d\u00eda 19 de xullo de 2019 o Estadio Municipal da Sangri\u00f1a acolleu a terceira edici\u00f3n da Mostra Centro Deportivo Baixo Mi\u00f1o.<\/p>\n<p style=\"text-align: justify\">Nesta edici\u00f3n contouse con diferentes exhibici\u00f3ns de Judo, baile moderno, zumba e Hip Hop, contando cunha extraordinaria afluencia de p\u00fablico que encheu as gradas do Estadio Municipal.<\/p>\n<p style=\"text-align: justify\"><strong>II \u201cLa Guardia en Danza\u201d<\/strong><\/p>\n<p style=\"text-align: justify\">Na xornada do s\u00e1bado d\u00eda 20 de xullo de 2019 o Auditorio de San Bieito da Guarda acolleu a segunda edici\u00f3n de &#8220;La Guardia en Danza&#8221;, un evento deportivo organizado por Do-Maj\u00f3 e que contou coa colaboraci\u00f3n de varias escolas e grupos de baile de Vigo e do Baixo Mi\u00f1o como Studio 88 ou Xamaraina.<\/p>\n<p style=\"text-align: justify\">Excelente acollida de p\u00fablico que se achegou nesta tarde de s\u00e1bado ata o Auditorio de San Bieito, enchendo as gradas deste espazo para presenciar as diferentes exhibici\u00f3ns de Danza Moderna, Hip-Hop ou Salsa, cheas de orixinalidade e cor.<\/p>\n<p style=\"text-align: justify\"><strong>Torneo F\u00fatbol 7 Vila da Guarda<\/strong><\/p>\n<p style=\"text-align: justify\">O s\u00e1bado e o domingo pasados o Estadio Municipal da Sangri\u00f1a acolleu a X edici\u00f3n do Torneo de Futbol 7 Vila da guarda, contando con 14 equipos inscritos e participando un toal de 140 xogadores con idades comprendidas entre os 14 e os 50 anos.<\/p>\n<p style=\"text-align: justify\">Entre os premiso entregados destacan o mellor porteiro para Mateo do equipo Os Bechos, o M\u00e1ximo goleador para Caco do Equipo Os Juanitos. En canto \u00e1 clasificaci\u00f3n a primeira posici\u00f3n a acadou o equipo Manel Riveiro Peluqueros de Goi\u00e1n, segunda posci\u00f3n para Lonxamar e terceira posici\u00f3n para Os Bechos.<\/p>\n<p style=\"text-align: justify\"><strong>Torneo Baloncesto 3&#215;3 Vila da Guarda<\/strong><\/p>\n<p style=\"text-align: justify\">Na pasada fin de semana as pistas deportivas do Clube de Tenis Codesal acoll\u00edan a V edici\u00f3n do Torneo de Baloncesto 3&#215;3 Vila da Guarda que contou cunha gran representaci\u00f3n de clubs do sur da provincia, aumentando nesta edici\u00f3n a calidade do torneo confraternizando con varios equipos.<\/p>\n<p style=\"text-align: justify\">En canto \u00e1 clasificaci\u00f3n a primeira posici\u00f3n a acadou o equipo Unicejos de O Porri\u00f1o, a segunda posici\u00f3n foi para Sobaos de Vigo e a terceira foi para Tira Cerveza Tarz\u00e1n de Vigo.<\/p>\n<p style=\"text-align: justify\">Sen d\u00fabida unha fin de semana cargada de eventos deportivos que, en palabras da Concelleira de Deportes, Montserrat Magallanes, \u00ab\u00e9 un sinal da boa sa\u00fade da que goza o deporte na vila da Guarda, cunha ampla representaci\u00f3n de deportes e unha moi boa implicaci\u00f3n tam\u00e9n por parte dos veci\u00f1os, o que repercute en h\u00e1bitos de vida saudable.\u00bb<\/p>\n","protected":false},"excerpt":{"rendered":"<p>Na pasada fin de semana A Guarda acolleu varias probas deportivas que comezaron o venres d\u00eda 19 de xullo coa terceira Mostra CD Baixo Mi\u00f1o e continuaron na xornada do s\u00e1bado coa segunda edici\u00f3n de \u201cLa Guardia en Danza\u201d, o &hellip; <\/p>\n","protected":false},"author":2,"featured_media":18919,"comment_status":"open","ping_status":"open","sticky":false,"template":"","format":"standard","meta":[],"categories":[35,33],"tags":[226,1208,350,1891,276,349,1893,966],"yoast_head":"<!-- This site is optimized with the Yoast SEO plugin v21.1 - https:\/\/yoast.com\/wordpress\/plugins\/seo\/ -->\n<title>A Guarda acolleu varios torneos e exhibici\u00f3ns deportivas a pasada fin de semana - Concello da Guarda<\/title>\n<meta name=\"robots\" content=\"index, follow, max-snippet:-1, max-image-preview:large, max-video-preview:-1\" \/>\n<link rel=\"canonical\" href=\"https:\/\/www.aguarda.es\/en\/a-guarda-acolleu-varios-torneos-e-exhibicions-deportivas-a-pasada-fin-de-semana\/\" \/>\n<meta property=\"og:locale\" content=\"en_US\" \/>\n<meta property=\"og:type\" content=\"article\" \/>\n<meta property=\"og:title\" content=\"A Guarda acolleu varios torneos e exhibici\u00f3ns deportivas a pasada fin de semana - Concello da Guarda\" \/>\n<meta property=\"og:description\" content=\"Na pasada fin de semana A Guarda acolleu varias probas deportivas que comezaron o venres d\u00eda 19 de xullo coa terceira Mostra CD Baixo Mi\u00f1o e continuaron na xornada do s\u00e1bado coa segunda edici\u00f3n de \u201cLa Guardia en Danza\u201d, o &hellip;\" \/>\n<meta property=\"og:url\" content=\"https:\/\/www.aguarda.es\/en\/a-guarda-acolleu-varios-torneos-e-exhibicions-deportivas-a-pasada-fin-de-semana\/\" \/>\n<meta property=\"og:site_name\" content=\"Concello da Guarda\" \/>\n<meta property=\"article:publisher\" content=\"https:\/\/www.facebook.com\/ConcellodaGuarda\" \/>\n<meta property=\"article:published_time\" content=\"2019-07-22T09:44:38+00:00\" \/>\n<meta property=\"article:modified_time\" content=\"2019-07-22T09:47:08+00:00\" \/>\n<meta property=\"og:image\" content=\"https:\/\/www.aguarda.es\/wp-content\/uploads\/2019\/07\/NP-22072019-FIN-DE-SEMANA-DEPORTIVA.jpg\" \/>\n\t<meta property=\"og:image:width\" content=\"800\" \/>\n\t<meta property=\"og:image:height\" content=\"800\" \/>\n\t<meta property=\"og:image:type\" content=\"image\/jpeg\" \/>\n<meta name=\"author\" content=\"prensa\" \/>\n<meta name=\"twitter:card\" content=\"summary_large_image\" \/>\n<meta name=\"twitter:creator\" content=\"@AGuarda_es\" \/>\n<meta name=\"twitter:site\" content=\"@AGuarda_es\" \/>\n<meta name=\"twitter:label1\" content=\"Written by\" \/>\n\t<meta name=\"twitter:data1\" content=\"prensa\" \/>\n\t<meta name=\"twitter:label2\" content=\"Est. reading time\" \/>\n\t<meta name=\"twitter:data2\" content=\"2 minutes\" \/>\n<script type=\"application\/ld+json\" class=\"yoast-schema-graph\">{\"@context\":\"https:\/\/schema.org\",\"@graph\":[{\"@type\":\"WebPage\",\"@id\":\"https:\/\/www.aguarda.es\/en\/a-guarda-acolleu-varios-torneos-e-exhibicions-deportivas-a-pasada-fin-de-semana\/\",\"url\":\"https:\/\/www.aguarda.es\/en\/a-guarda-acolleu-varios-torneos-e-exhibicions-deportivas-a-pasada-fin-de-semana\/\",\"name\":\"A Guarda acolleu varios torneos e exhibici\u00f3ns deportivas a pasada fin de semana - Concello da Guarda\",\"isPartOf\":{\"@id\":\"https:\/\/www.aguarda.es\/en\/#website\"},\"datePublished\":\"2019-07-22T09:44:38+00:00\",\"dateModified\":\"2019-07-22T09:47:08+00:00\",\"author\":{\"@id\":\"https:\/\/www.aguarda.es\/en\/#\/schema\/person\/c463ca3006858ffb349d11179d044f21\"},\"breadcrumb\":{\"@id\":\"https:\/\/www.aguarda.es\/en\/a-guarda-acolleu-varios-torneos-e-exhibicions-deportivas-a-pasada-fin-de-semana\/#breadcrumb\"},\"inLanguage\":\"en-US\",\"potentialAction\":[{\"@type\":\"ReadAction\",\"target\":[\"https:\/\/www.aguarda.es\/en\/a-guarda-acolleu-varios-torneos-e-exhibicions-deportivas-a-pasada-fin-de-semana\/\"]}]},{\"@type\":\"BreadcrumbList\",\"@id\":\"https:\/\/www.aguarda.es\/en\/a-guarda-acolleu-varios-torneos-e-exhibicions-deportivas-a-pasada-fin-de-semana\/#breadcrumb\",\"itemListElement\":[{\"@type\":\"ListItem\",\"position\":1,\"name\":\"Portada\",\"item\":\"https:\/\/www.aguarda.es\/en\/\"},{\"@type\":\"ListItem\",\"position\":2,\"name\":\"A Guarda acolleu varios torneos e exhibici\u00f3ns deportivas a pasada fin de semana\"}]},{\"@type\":\"WebSite\",\"@id\":\"https:\/\/www.aguarda.es\/en\/#website\",\"url\":\"https:\/\/www.aguarda.es\/en\/\",\"name\":\"Concello da Guarda\",\"description\":\"P\u00e1xina web do concello da Guarda\",\"potentialAction\":[{\"@type\":\"SearchAction\",\"target\":{\"@type\":\"EntryPoint\",\"urlTemplate\":\"https:\/\/www.aguarda.es\/en\/?s={search_term_string}\"},\"query-input\":\"required name=search_term_string\"}],\"inLanguage\":\"en-US\"},{\"@type\":\"Person\",\"@id\":\"https:\/\/www.aguarda.es\/en\/#\/schema\/person\/c463ca3006858ffb349d11179d044f21\",\"name\":\"prensa\",\"image\":{\"@type\":\"ImageObject\",\"inLanguage\":\"en-US\",\"@id\":\"https:\/\/www.aguarda.es\/en\/#\/schema\/person\/image\/\",\"url\":\"https:\/\/secure.gravatar.com\/avatar\/5f90ef536b0f98306edf5c7a1135ffa1?s=96&d=mm&r=g\",\"contentUrl\":\"https:\/\/secure.gravatar.com\/avatar\/5f90ef536b0f98306edf5c7a1135ffa1?s=96&d=mm&r=g\",\"caption\":\"prensa\"},\"url\":\"https:\/\/www.aguarda.es\/en\/author\/prensa\/\"}]}<\/script>\n<!-- \/ Yoast SEO plugin. -->","yoast_head_json":{"title":"A Guarda acolleu varios torneos e exhibici\u00f3ns deportivas a pasada fin de semana - Concello da Guarda","robots":{"index":"index","follow":"follow","max-snippet":"max-snippet:-1","max-image-preview":"max-image-preview:large","max-video-preview":"max-video-preview:-1"},"canonical":"https:\/\/www.aguarda.es\/en\/a-guarda-acolleu-varios-torneos-e-exhibicions-deportivas-a-pasada-fin-de-semana\/","og_locale":"en_US","og_type":"article","og_title":"A Guarda acolleu varios torneos e exhibici\u00f3ns deportivas a pasada fin de semana - Concello da Guarda","og_description":"Na pasada fin de semana A Guarda acolleu varias probas deportivas que comezaron o venres d\u00eda 19 de xullo coa terceira Mostra CD Baixo Mi\u00f1o e continuaron na xornada do s\u00e1bado coa segunda edici\u00f3n de \u201cLa Guardia en Danza\u201d, o &hellip;","og_url":"https:\/\/www.aguarda.es\/en\/a-guarda-acolleu-varios-torneos-e-exhibicions-deportivas-a-pasada-fin-de-semana\/","og_site_name":"Concello da Guarda","article_publisher":"https:\/\/www.facebook.com\/ConcellodaGuarda","article_published_time":"2019-07-22T09:44:38+00:00","article_modified_time":"2019-07-22T09:47:08+00:00","og_image":[{"width":800,"height":800,"url":"https:\/\/www.aguarda.es\/wp-content\/uploads\/2019\/07\/NP-22072019-FIN-DE-SEMANA-DEPORTIVA.jpg","type":"image\/jpeg"}],"author":"prensa","twitter_card":"summary_large_image","twitter_creator":"@AGuarda_es","twitter_site":"@AGuarda_es","twitter_misc":{"Written by":"prensa","Est. reading time":"2 minutes"},"schema":{"@context":"https:\/\/schema.org","@graph":[{"@type":"WebPage","@id":"https:\/\/www.aguarda.es\/en\/a-guarda-acolleu-varios-torneos-e-exhibicions-deportivas-a-pasada-fin-de-semana\/","url":"https:\/\/www.aguarda.es\/en\/a-guarda-acolleu-varios-torneos-e-exhibicions-deportivas-a-pasada-fin-de-semana\/","name":"A Guarda acolleu varios torneos e exhibici\u00f3ns deportivas a pasada fin de semana - Concello da Guarda","isPartOf":{"@id":"https:\/\/www.aguarda.es\/en\/#website"},"datePublished":"2019-07-22T09:44:38+00:00","dateModified":"2019-07-22T09:47:08+00:00","author":{"@id":"https:\/\/www.aguarda.es\/en\/#\/schema\/person\/c463ca3006858ffb349d11179d044f21"},"breadcrumb":{"@id":"https:\/\/www.aguarda.es\/en\/a-guarda-acolleu-varios-torneos-e-exhibicions-deportivas-a-pasada-fin-de-semana\/#breadcrumb"},"inLanguage":"en-US","potentialAction":[{"@type":"ReadAction","target":["https:\/\/www.aguarda.es\/en\/a-guarda-acolleu-varios-torneos-e-exhibicions-deportivas-a-pasada-fin-de-semana\/"]}]},{"@type":"BreadcrumbList","@id":"https:\/\/www.aguarda.es\/en\/a-guarda-acolleu-varios-torneos-e-exhibicions-deportivas-a-pasada-fin-de-semana\/#breadcrumb","itemListElement":[{"@type":"ListItem","position":1,"name":"Portada","item":"https:\/\/www.aguarda.es\/en\/"},{"@type":"ListItem","position":2,"name":"A Guarda acolleu varios torneos e exhibici\u00f3ns deportivas a pasada fin de semana"}]},{"@type":"WebSite","@id":"https:\/\/www.aguarda.es\/en\/#website","url":"https:\/\/www.aguarda.es\/en\/","name":"Concello da Guarda","description":"P\u00e1xina web do concello da Guarda","potentialAction":[{"@type":"SearchAction","target":{"@type":"EntryPoint","urlTemplate":"https:\/\/www.aguarda.es\/en\/?s={search_term_string}"},"query-input":"required name=search_term_string"}],"inLanguage":"en-US"},{"@type":"Person","@id":"https:\/\/www.aguarda.es\/en\/#\/schema\/person\/c463ca3006858ffb349d11179d044f21","name":"prensa","image":{"@type":"ImageObject","inLanguage":"en-US","@id":"https:\/\/www.aguarda.es\/en\/#\/schema\/person\/image\/","url":"https:\/\/secure.gravatar.com\/avatar\/5f90ef536b0f98306edf5c7a1135ffa1?s=96&d=mm&r=g","contentUrl":"https:\/\/secure.gravatar.com\/avatar\/5f90ef536b0f98306edf5c7a1135ffa1?s=96&d=mm&r=g","caption":"prensa"},"url":"https:\/\/www.aguarda.es\/en\/author\/prensa\/"}]}},"_links":{"self":[{"href":"https:\/\/www.aguarda.es\/en\/wp-json\/wp\/v2\/posts\/18917"}],"collection":[{"href":"https:\/\/www.aguarda.es\/en\/wp-json\/wp\/v2\/posts"}],"about":[{"href":"https:\/\/www.aguarda.es\/en\/wp-json\/wp\/v2\/types\/post"}],"author":[{"embeddable":true,"href":"https:\/\/www.aguarda.es\/en\/wp-json\/wp\/v2\/users\/2"}],"replies":[{"embeddable":true,"href":"https:\/\/www.aguarda.es\/en\/wp-json\/wp\/v2\/comments?post=18917"}],"version-history":[{"count":3,"href":"https:\/\/www.aguarda.es\/en\/wp-json\/wp\/v2\/posts\/18917\/revisions"}],"predecessor-version":[{"id":18924,"href":"https:\/\/www.aguarda.es\/en\/wp-json\/wp\/v2\/posts\/18917\/revisions\/18924"}],"wp:featuredmedia":[{"embeddable":true,"href":"https:\/\/www.aguarda.es\/en\/wp-json\/wp\/v2\/media\/18919"}],"wp:attachment":[{"href":"https:\/\/www.aguarda.es\/en\/wp-json\/wp\/v2\/media?parent=18917"}],"wp:term":[{"taxonomy":"category","embeddable":true,"href":"https:\/\/www.aguarda.es\/en\/wp-json\/wp\/v2\/categories?post=18917"},{"taxonomy":"post_tag","embeddable":true,"href":"https:\/\/www.aguarda.es\/en\/wp-json\/wp\/v2\/tags?post=18917"}],"curies":[{"name":"wp","href":"https:\/\/api.w.org\/{rel}","templated":true}]}}