{"id":18928,"date":"2019-07-22T10:59:16","date_gmt":"2019-07-22T10:59:16","guid":{"rendered":"https:\/\/www.aguarda.es\/?p=18928"},"modified":"2019-07-22T10:59:16","modified_gmt":"2019-07-22T10:59:16","slug":"o-mercado-da-musica-chega-este-sabado-a-sua-vii-edicion","status":"publish","type":"post","link":"https:\/\/www.aguarda.es\/en\/o-mercado-da-musica-chega-este-sabado-a-sua-vii-edicion\/","title":{"rendered":"O Mercado da M\u00fasica chega este s\u00e1bado \u00e1 s\u00faa VII edici\u00f3n"},"content":{"rendered":"<p style=\"text-align: justify\">O Mercado da M\u00fasica, organizado dende a Asociaci\u00f3n Sopa de Sobre en colaboraci\u00f3n co Concello da Guarda, chega o vindeiro s\u00e1bado d\u00eda 27 de xullo \u00e1 s\u00faa VII edici\u00f3n cunha programaci\u00f3n de actividades que ter\u00e1n lugar nos xard\u00edns do Centro Cultural da Guarda e na que se incl\u00faen concertos, obradoiros, venda de vinilos, artigos musicais, artesan\u00eda e moito m\u00e1is.<\/p>\n<p style=\"text-align: justify\">\u00c1s 11:00h da ma\u00f1\u00e1 arrancan as actividades previstas con pintacaras, mesa de debuxo e obradoiros para nenos e nenas.<\/p>\n<p style=\"text-align: justify\">Diferentes stands amosar\u00e1n libros, artesan\u00eda, vinilos, instrumentos, roupa de segunda m\u00e1n, entre outros.<\/p>\n<p style=\"text-align: justify\">Para completar a programaci\u00f3n contarase coas actuaci\u00f3ns dos grupos F\u00e1brica de Espejos, The Mirror, Cremawitch, Tecor Societario, Pledge e m\u00e1is grupos por confirmar.<\/p>\n","protected":false},"excerpt":{"rendered":"<p>O Mercado da M\u00fasica, organizado dende a Asociaci\u00f3n Sopa de Sobre en colaboraci\u00f3n co Concello da Guarda, chega o vindeiro s\u00e1bado d\u00eda 27 de xullo \u00e1 s\u00faa VII edici\u00f3n cunha programaci\u00f3n de actividades que ter\u00e1n lugar nos xard\u00edns do Centro &hellip; <\/p>\n","protected":false},"author":2,"featured_media":18930,"comment_status":"open","ping_status":"open","sticky":false,"template":"","format":"standard","meta":[],"categories":[34,33],"tags":[226,1227,1327,719],"yoast_head":"<!-- This site is optimized with the Yoast SEO plugin v21.1 - https:\/\/yoast.com\/wordpress\/plugins\/seo\/ -->\n<title>O Mercado da M\u00fasica chega este s\u00e1bado \u00e1 s\u00faa VII edici\u00f3n - Concello da Guarda<\/title>\n<meta name=\"robots\" content=\"index, follow, max-snippet:-1, max-image-preview:large, max-video-preview:-1\" \/>\n<link rel=\"canonical\" href=\"https:\/\/www.aguarda.es\/en\/o-mercado-da-musica-chega-este-sabado-a-sua-vii-edicion\/\" \/>\n<meta property=\"og:locale\" content=\"en_US\" \/>\n<meta property=\"og:type\" content=\"article\" \/>\n<meta property=\"og:title\" content=\"O Mercado da M\u00fasica chega este s\u00e1bado \u00e1 s\u00faa VII edici\u00f3n - Concello da Guarda\" \/>\n<meta property=\"og:description\" content=\"O Mercado da M\u00fasica, organizado dende a Asociaci\u00f3n Sopa de Sobre en colaboraci\u00f3n co Concello da Guarda, chega o vindeiro s\u00e1bado d\u00eda 27 de xullo \u00e1 s\u00faa VII edici\u00f3n cunha programaci\u00f3n de actividades que ter\u00e1n lugar nos xard\u00edns do Centro &hellip;\" \/>\n<meta property=\"og:url\" content=\"https:\/\/www.aguarda.es\/en\/o-mercado-da-musica-chega-este-sabado-a-sua-vii-edicion\/\" \/>\n<meta property=\"og:site_name\" content=\"Concello da Guarda\" \/>\n<meta property=\"article:publisher\" content=\"https:\/\/www.facebook.com\/ConcellodaGuarda\" \/>\n<meta property=\"article:published_time\" content=\"2019-07-22T10:59:16+00:00\" \/>\n<meta property=\"og:image\" content=\"https:\/\/www.aguarda.es\/wp-content\/uploads\/2019\/07\/NP-22072019-O-Mercado-da-M\u00fasica-chega-este-s\u00e1bado-\u00e1-s\u00faa-VII-edici\u00f3n.jpg\" \/>\n\t<meta property=\"og:image:width\" content=\"675\" \/>\n\t<meta property=\"og:image:height\" content=\"960\" \/>\n\t<meta property=\"og:image:type\" content=\"image\/jpeg\" \/>\n<meta name=\"author\" content=\"prensa\" \/>\n<meta name=\"twitter:card\" content=\"summary_large_image\" \/>\n<meta name=\"twitter:creator\" content=\"@AGuarda_es\" \/>\n<meta name=\"twitter:site\" content=\"@AGuarda_es\" \/>\n<meta name=\"twitter:label1\" content=\"Written by\" \/>\n\t<meta name=\"twitter:data1\" content=\"prensa\" \/>\n\t<meta name=\"twitter:label2\" content=\"Est. reading time\" \/>\n\t<meta name=\"twitter:data2\" content=\"1 minute\" \/>\n<script type=\"application\/ld+json\" class=\"yoast-schema-graph\">{\"@context\":\"https:\/\/schema.org\",\"@graph\":[{\"@type\":\"WebPage\",\"@id\":\"https:\/\/www.aguarda.es\/en\/o-mercado-da-musica-chega-este-sabado-a-sua-vii-edicion\/\",\"url\":\"https:\/\/www.aguarda.es\/en\/o-mercado-da-musica-chega-este-sabado-a-sua-vii-edicion\/\",\"name\":\"O Mercado da M\u00fasica chega este s\u00e1bado \u00e1 s\u00faa VII edici\u00f3n - Concello da Guarda\",\"isPartOf\":{\"@id\":\"https:\/\/www.aguarda.es\/en\/#website\"},\"datePublished\":\"2019-07-22T10:59:16+00:00\",\"dateModified\":\"2019-07-22T10:59:16+00:00\",\"author\":{\"@id\":\"https:\/\/www.aguarda.es\/en\/#\/schema\/person\/c463ca3006858ffb349d11179d044f21\"},\"breadcrumb\":{\"@id\":\"https:\/\/www.aguarda.es\/en\/o-mercado-da-musica-chega-este-sabado-a-sua-vii-edicion\/#breadcrumb\"},\"inLanguage\":\"en-US\",\"potentialAction\":[{\"@type\":\"ReadAction\",\"target\":[\"https:\/\/www.aguarda.es\/en\/o-mercado-da-musica-chega-este-sabado-a-sua-vii-edicion\/\"]}]},{\"@type\":\"BreadcrumbList\",\"@id\":\"https:\/\/www.aguarda.es\/en\/o-mercado-da-musica-chega-este-sabado-a-sua-vii-edicion\/#breadcrumb\",\"itemListElement\":[{\"@type\":\"ListItem\",\"position\":1,\"name\":\"Portada\",\"item\":\"https:\/\/www.aguarda.es\/en\/\"},{\"@type\":\"ListItem\",\"position\":2,\"name\":\"O Mercado da M\u00fasica chega este s\u00e1bado \u00e1 s\u00faa VII edici\u00f3n\"}]},{\"@type\":\"WebSite\",\"@id\":\"https:\/\/www.aguarda.es\/en\/#website\",\"url\":\"https:\/\/www.aguarda.es\/en\/\",\"name\":\"Concello da Guarda\",\"description\":\"P\u00e1xina web do concello da Guarda\",\"potentialAction\":[{\"@type\":\"SearchAction\",\"target\":{\"@type\":\"EntryPoint\",\"urlTemplate\":\"https:\/\/www.aguarda.es\/en\/?s={search_term_string}\"},\"query-input\":\"required name=search_term_string\"}],\"inLanguage\":\"en-US\"},{\"@type\":\"Person\",\"@id\":\"https:\/\/www.aguarda.es\/en\/#\/schema\/person\/c463ca3006858ffb349d11179d044f21\",\"name\":\"prensa\",\"image\":{\"@type\":\"ImageObject\",\"inLanguage\":\"en-US\",\"@id\":\"https:\/\/www.aguarda.es\/en\/#\/schema\/person\/image\/\",\"url\":\"https:\/\/secure.gravatar.com\/avatar\/5f90ef536b0f98306edf5c7a1135ffa1?s=96&d=mm&r=g\",\"contentUrl\":\"https:\/\/secure.gravatar.com\/avatar\/5f90ef536b0f98306edf5c7a1135ffa1?s=96&d=mm&r=g\",\"caption\":\"prensa\"},\"url\":\"https:\/\/www.aguarda.es\/en\/author\/prensa\/\"}]}<\/script>\n<!-- \/ Yoast SEO plugin. -->","yoast_head_json":{"title":"O Mercado da M\u00fasica chega este s\u00e1bado \u00e1 s\u00faa VII edici\u00f3n - Concello da Guarda","robots":{"index":"index","follow":"follow","max-snippet":"max-snippet:-1","max-image-preview":"max-image-preview:large","max-video-preview":"max-video-preview:-1"},"canonical":"https:\/\/www.aguarda.es\/en\/o-mercado-da-musica-chega-este-sabado-a-sua-vii-edicion\/","og_locale":"en_US","og_type":"article","og_title":"O Mercado da M\u00fasica chega este s\u00e1bado \u00e1 s\u00faa VII edici\u00f3n - Concello da Guarda","og_description":"O Mercado da M\u00fasica, organizado dende a Asociaci\u00f3n Sopa de Sobre en colaboraci\u00f3n co Concello da Guarda, chega o vindeiro s\u00e1bado d\u00eda 27 de xullo \u00e1 s\u00faa VII edici\u00f3n cunha programaci\u00f3n de actividades que ter\u00e1n lugar nos xard\u00edns do Centro &hellip;","og_url":"https:\/\/www.aguarda.es\/en\/o-mercado-da-musica-chega-este-sabado-a-sua-vii-edicion\/","og_site_name":"Concello da Guarda","article_publisher":"https:\/\/www.facebook.com\/ConcellodaGuarda","article_published_time":"2019-07-22T10:59:16+00:00","og_image":[{"width":675,"height":960,"url":"https:\/\/www.aguarda.es\/wp-content\/uploads\/2019\/07\/NP-22072019-O-Mercado-da-M\u00fasica-chega-este-s\u00e1bado-\u00e1-s\u00faa-VII-edici\u00f3n.jpg","type":"image\/jpeg"}],"author":"prensa","twitter_card":"summary_large_image","twitter_creator":"@AGuarda_es","twitter_site":"@AGuarda_es","twitter_misc":{"Written by":"prensa","Est. reading time":"1 minute"},"schema":{"@context":"https:\/\/schema.org","@graph":[{"@type":"WebPage","@id":"https:\/\/www.aguarda.es\/en\/o-mercado-da-musica-chega-este-sabado-a-sua-vii-edicion\/","url":"https:\/\/www.aguarda.es\/en\/o-mercado-da-musica-chega-este-sabado-a-sua-vii-edicion\/","name":"O Mercado da M\u00fasica chega este s\u00e1bado \u00e1 s\u00faa VII edici\u00f3n - Concello da Guarda","isPartOf":{"@id":"https:\/\/www.aguarda.es\/en\/#website"},"datePublished":"2019-07-22T10:59:16+00:00","dateModified":"2019-07-22T10:59:16+00:00","author":{"@id":"https:\/\/www.aguarda.es\/en\/#\/schema\/person\/c463ca3006858ffb349d11179d044f21"},"breadcrumb":{"@id":"https:\/\/www.aguarda.es\/en\/o-mercado-da-musica-chega-este-sabado-a-sua-vii-edicion\/#breadcrumb"},"inLanguage":"en-US","potentialAction":[{"@type":"ReadAction","target":["https:\/\/www.aguarda.es\/en\/o-mercado-da-musica-chega-este-sabado-a-sua-vii-edicion\/"]}]},{"@type":"BreadcrumbList","@id":"https:\/\/www.aguarda.es\/en\/o-mercado-da-musica-chega-este-sabado-a-sua-vii-edicion\/#breadcrumb","itemListElement":[{"@type":"ListItem","position":1,"name":"Portada","item":"https:\/\/www.aguarda.es\/en\/"},{"@type":"ListItem","position":2,"name":"O Mercado da M\u00fasica chega este s\u00e1bado \u00e1 s\u00faa VII edici\u00f3n"}]},{"@type":"WebSite","@id":"https:\/\/www.aguarda.es\/en\/#website","url":"https:\/\/www.aguarda.es\/en\/","name":"Concello da Guarda","description":"P\u00e1xina web do concello da Guarda","potentialAction":[{"@type":"SearchAction","target":{"@type":"EntryPoint","urlTemplate":"https:\/\/www.aguarda.es\/en\/?s={search_term_string}"},"query-input":"required name=search_term_string"}],"inLanguage":"en-US"},{"@type":"Person","@id":"https:\/\/www.aguarda.es\/en\/#\/schema\/person\/c463ca3006858ffb349d11179d044f21","name":"prensa","image":{"@type":"ImageObject","inLanguage":"en-US","@id":"https:\/\/www.aguarda.es\/en\/#\/schema\/person\/image\/","url":"https:\/\/secure.gravatar.com\/avatar\/5f90ef536b0f98306edf5c7a1135ffa1?s=96&d=mm&r=g","contentUrl":"https:\/\/secure.gravatar.com\/avatar\/5f90ef536b0f98306edf5c7a1135ffa1?s=96&d=mm&r=g","caption":"prensa"},"url":"https:\/\/www.aguarda.es\/en\/author\/prensa\/"}]}},"_links":{"self":[{"href":"https:\/\/www.aguarda.es\/en\/wp-json\/wp\/v2\/posts\/18928"}],"collection":[{"href":"https:\/\/www.aguarda.es\/en\/wp-json\/wp\/v2\/posts"}],"about":[{"href":"https:\/\/www.aguarda.es\/en\/wp-json\/wp\/v2\/types\/post"}],"author":[{"embeddable":true,"href":"https:\/\/www.aguarda.es\/en\/wp-json\/wp\/v2\/users\/2"}],"replies":[{"embeddable":true,"href":"https:\/\/www.aguarda.es\/en\/wp-json\/wp\/v2\/comments?post=18928"}],"version-history":[{"count":1,"href":"https:\/\/www.aguarda.es\/en\/wp-json\/wp\/v2\/posts\/18928\/revisions"}],"predecessor-version":[{"id":18932,"href":"https:\/\/www.aguarda.es\/en\/wp-json\/wp\/v2\/posts\/18928\/revisions\/18932"}],"wp:featuredmedia":[{"embeddable":true,"href":"https:\/\/www.aguarda.es\/en\/wp-json\/wp\/v2\/media\/18930"}],"wp:attachment":[{"href":"https:\/\/www.aguarda.es\/en\/wp-json\/wp\/v2\/media?parent=18928"}],"wp:term":[{"taxonomy":"category","embeddable":true,"href":"https:\/\/www.aguarda.es\/en\/wp-json\/wp\/v2\/categories?post=18928"},{"taxonomy":"post_tag","embeddable":true,"href":"https:\/\/www.aguarda.es\/en\/wp-json\/wp\/v2\/tags?post=18928"}],"curies":[{"name":"wp","href":"https:\/\/api.w.org\/{rel}","templated":true}]}}