{"id":1908,"date":"2016-06-09T08:30:37","date_gmt":"2016-06-09T08:30:37","guid":{"rendered":"https:\/\/www.aguarda.es\/?p=1908"},"modified":"2016-06-09T08:30:37","modified_gmt":"2016-06-09T08:30:37","slug":"oferta-de-emprego-para-unha-praza-de-persoal-para-a-oficina-de-informacion-turistica-do-concello-da-guarda","status":"publish","type":"post","link":"https:\/\/www.aguarda.es\/en\/oferta-de-emprego-para-unha-praza-de-persoal-para-a-oficina-de-informacion-turistica-do-concello-da-guarda\/","title":{"rendered":"Oferta de emprego para unha praza de persoal para a oficina de informaci\u00f3n tur\u00edstica do Concello da Guarda"},"content":{"rendered":"<p><span>Oferta de emprego para a contrataci\u00f3n laboral temporal dunha praza de persoal para a Oficina de Informaci\u00f3n tur\u00edstica no Concello da Guarda.<\/span><\/p>\n<p>  <!--more-->  <\/p>\n<p><span>Oferta de emprego para a contrataci\u00f3n laboral temporal dunha praza de persoal para a Oficina de Informaci\u00f3n tur\u00edstica no Concello da Guarda.<\/span><\/p>\n<p><span>\u00a0<\/span><\/p>\n<p lang=\"gl-ES\"><span>As funci\u00f3ns a desenvolver consistir\u00e1n en proporcionar \u00f3s turistas e viaxeiros que o soliciten informaci\u00f3n no referente a aloxamento, transporte, gastronom\u00eda, etc, sendo a modalidade de contrataci\u00f3n a de obra ou servizo determinado. E a\u00a0<span>duraci\u00f3n vai\u00a0<\/span><span><strong>dende a sinatura do contrato ata o 15 de setembro de 2016<\/strong><\/span><span>, cunha xornada de 40 horas semanais, de luns a domingo, co horario que determine a Conceller\u00eda de Turismo do Concello de A Guarda.<\/span><\/span><\/p>\n<p lang=\"gl-ES\">\u00a0<\/p>\n<p lang=\"gl-ES\"><span>Para seren admitidos \u00e1 realizaci\u00f3n das probas selectivas os aspirantes deber\u00e1n reunir os seguintes requisitos:<\/span><\/p>\n<p lang=\"gl-ES\">\u00a0<\/p>\n<ol>\n<li><span>Ter a nacionalidade espa\u00f1ola, sen prexu\u00edzo do disposto no artigo 57 do EBEP.<\/span><\/li>\n<li><span>Ter cumpridos os 16 anos de idade e non ter alcanzado a idade de xubilaci\u00f3n forzosa.<\/span><\/li>\n<li><span>Estar en posesi\u00f3n da seguinte titulaci\u00f3n: T\u00e9cnico superior de informaci\u00f3n e comercializaci\u00f3n tur\u00edstica ou t\u00e9cnico superior en gu\u00eda, informaci\u00f3n ou asistencia tur\u00edstica; t\u00e9cnico en empresas e actividades tur\u00edsticas; ou grao ou diplomado\/a de turismo ou equivalente homologado.<\/span><\/li>\n<li><span>Non ter sido separado mediante expediente disciplinario do servizo de calquera das Administraci\u00f3ns P\u00fablicas ou dos \u00f3rganos constitucionais ou estatutarios das CC.AA., non atoparse en inhabilitaci\u00f3n absoluta ou especial para emprego ou cargos p\u00fablicos por resoluci\u00f3n xudicial, para o acceso \u00f3 corpo ou escala de funcionario, ou para exercer funci\u00f3ns similares \u00e1s que desenvolv\u00edan no caso do persoal laboral, no que tivera sido separado ou inhabilitado. No caso de ser nacional doutro estado, non atoparse inhabilitado ou en situaci\u00f3n equivalente non ter sido sometido a sanci\u00f3n disciplinario ou equivalente que impida no seu estado, nos mesmos termos, o acceso \u00f3 emprego p\u00fablico.<\/span><\/li>\n<li><span>Non estar incurso en causa de incompatibilidade para o posto.<\/span><\/li>\n<li><span>Estar desempregado\/a<\/span><\/li>\n<\/ol>\n<p><span><span lang=\"gl-ES\">O prazo para a presentaci\u00f3n de instancias ser\u00e1 de <\/span><span lang=\"gl-ES\"><strong>dez d\u00edas h\u00e1biles <\/strong><\/span><span lang=\"gl-ES\">dende o d\u00eda seguinte \u00f3 da publicaci\u00f3n do anuncio da convocatoria no Bolet\u00edn Oficial da Provincia. <\/span><\/span><\/p>\n<p lang=\"gl-ES\"><span>\u00a0<\/span><\/p>\n<p lang=\"gl-ES\"><span>A presentaci\u00f3n de solicitudes poder\u00e1 facerse ben no rexistro xeral do Concello, ben en calquera das formas establecidas no art. 38.4 da Lei 30\/92 de r\u00e9xime xur\u00eddico das administraci\u00f3ns p\u00fablicas e do procedemento administrativo com\u00fan. <strong>As solicitudes que se presenten a trav\u00e9s da oficina de <\/strong><span><strong>correos<\/strong><\/span><strong> ou a trav\u00e9s do <\/strong><span><strong>Portelo \u00danico\u00a0<\/strong><\/span>deber\u00e1n entregarse en sobre aberto para ser seladas e datadas polo funcionario de Correos ou da administraci\u00f3n receptora da documentaci\u00f3n. Nestes dous casos, unha vez presentada, deber\u00e1 <strong>enviarse v\u00eda fax \u00f3 Concello<\/strong> (986610283) a solicitude debidamente selada antes do fin do prazo para a presentaci\u00f3n de solicitudes, <span><strong>xunto coa acreditaci\u00f3n da titulaci\u00f3n m\u00ednima esixida para participar na convocatoria<\/strong><\/span>. <span><strong>A falta de cumprimento deste requisito supor\u00e1 a exclusi\u00f3n da solicitude.<\/strong><\/span><\/span><\/p>\n<p lang=\"gl-ES\"><span>\u00a0<\/span><\/p>\n<p lang=\"gl-ES\"><span><strong>Documentaci\u00f3n a presentar xunto coa solicitude: <\/strong><\/span><\/p>\n<p lang=\"gl-ES\"><span>\u00a0<\/span><\/p>\n<p lang=\"gl-ES\"><span>Esta documentaci\u00f3n ser\u00e1 a que segue:<\/span><\/p>\n<p lang=\"gl-ES\"><span>\u00a0<\/span><\/p>\n<p lang=\"gl-ES\"><span>&#8211; solicitude (con Rexistro de Entrada)<\/span><\/p>\n<ul>\n<li>\n<p lang=\"gl-ES\"><span>copia do DNI compulsada<\/span><\/p>\n<\/li>\n<li>\n<p lang=\"gl-ES\"><span>declaraci\u00f3n responsable (Anexo I).<\/span><\/p>\n<\/li>\n<li>\n<p lang=\"gl-ES\"><span>copia compulsada do t\u00edtulo ou do recibo do dep\u00f3sito do t\u00edtulo<\/span><\/p>\n<\/li>\n<li>\n<p lang=\"gl-ES\"><span>copia compulsada da tarxeta de demandante de emprego en vigor. <\/span><\/p>\n<\/li>\n<li>\n<p lang=\"gl-ES\"><span>aqueles aspirantes que o pos\u00faan deber\u00e1n presentar a copia compulsada o CELGA 4 para eximilos da obriga de realizar a proba de galego.<\/span><\/p>\n<\/li>\n<\/ul>\n<p lang=\"gl-ES\"><span>\u00a0<\/span><\/p>\n<p lang=\"gl-ES\"><span><span>Recordar \u00f3s aspirantes que a documentaci\u00f3n poden compulsala no Rexistro Xeral do Concello de A Guarda no momento de entregar a solicitude, traendo copia e orixinal de todo aquilo que queiran presentar.<\/span><\/span><\/p>\n<p lang=\"gl-ES\"><span>\u00a0<\/span><\/p>\n<p lang=\"gl-ES\"><span><span>Finalizado o prazo de presentaci\u00f3n de instancias, ditarase unha resoluci\u00f3n que se publicar\u00e1 no taboleiro de anuncios do Concello e na web municipal, na que se admitir\u00e1 \u00f3s\/\u00e1s candidatos\/as que presentasen a documentaci\u00f3n anterior correctamente e se excluir\u00e1 provisionalmente \u00f3s\/\u00e1s candidatos que non o fixeran, conced\u00e9ndoselles <\/span><span><strong>prazo de dous d\u00edas h\u00e1biles<\/strong><\/span><span><strong> para subsanar <\/strong><\/span><span>os erros ou defectos que houbera. Posteriormente, elaborarase unha nova lista cos definitivamente admitidos\/as e exclu\u00eddos\/as.<\/span><\/span><\/p>\n","protected":false},"excerpt":{"rendered":"<p>Oferta de emprego para a contrataci\u00f3n laboral temporal dunha praza de persoal para a Oficina de Informaci\u00f3n tur\u00edstica no Concello da Guarda.<\/p>\n","protected":false},"author":1,"featured_media":0,"comment_status":"open","ping_status":"open","sticky":false,"template":"","format":"standard","meta":[],"categories":[56],"tags":[],"yoast_head":"<!-- This site is optimized with the Yoast SEO plugin v21.1 - https:\/\/yoast.com\/wordpress\/plugins\/seo\/ -->\n<title>Oferta de emprego para unha praza de persoal para a oficina de informaci\u00f3n tur\u00edstica do Concello da Guarda - Concello da Guarda<\/title>\n<meta name=\"robots\" content=\"index, follow, max-snippet:-1, max-image-preview:large, max-video-preview:-1\" \/>\n<link rel=\"canonical\" href=\"https:\/\/www.aguarda.es\/en\/oferta-de-emprego-para-unha-praza-de-persoal-para-a-oficina-de-informacion-turistica-do-concello-da-guarda\/\" \/>\n<meta property=\"og:locale\" content=\"en_US\" \/>\n<meta property=\"og:type\" content=\"article\" \/>\n<meta property=\"og:title\" content=\"Oferta de emprego para unha praza de persoal para a oficina de informaci\u00f3n tur\u00edstica do Concello da Guarda - Concello da Guarda\" \/>\n<meta property=\"og:description\" content=\"Oferta de emprego para a contrataci\u00f3n laboral temporal dunha praza de persoal para a Oficina de Informaci\u00f3n tur\u00edstica no Concello da Guarda.\" \/>\n<meta property=\"og:url\" content=\"https:\/\/www.aguarda.es\/en\/oferta-de-emprego-para-unha-praza-de-persoal-para-a-oficina-de-informacion-turistica-do-concello-da-guarda\/\" \/>\n<meta property=\"og:site_name\" content=\"Concello da Guarda\" \/>\n<meta property=\"article:publisher\" content=\"https:\/\/www.facebook.com\/ConcellodaGuarda\" \/>\n<meta property=\"article:published_time\" content=\"2016-06-09T08:30:37+00:00\" \/>\n<meta property=\"og:image\" content=\"https:\/\/www.aguarda.es\/wp-content\/uploads\/2017\/06\/escudo-full-2.jpg\" \/>\n\t<meta property=\"og:image:width\" content=\"1135\" \/>\n\t<meta property=\"og:image:height\" content=\"712\" \/>\n\t<meta property=\"og:image:type\" content=\"image\/jpeg\" \/>\n<meta name=\"author\" content=\"Concello\" \/>\n<meta name=\"twitter:card\" content=\"summary_large_image\" \/>\n<meta name=\"twitter:creator\" content=\"@AGuarda_es\" \/>\n<meta name=\"twitter:site\" content=\"@AGuarda_es\" \/>\n<meta name=\"twitter:label1\" content=\"Written by\" \/>\n\t<meta name=\"twitter:data1\" content=\"Concello\" \/>\n\t<meta name=\"twitter:label2\" content=\"Est. reading time\" \/>\n\t<meta name=\"twitter:data2\" content=\"4 minutes\" \/>\n<script type=\"application\/ld+json\" class=\"yoast-schema-graph\">{\"@context\":\"https:\/\/schema.org\",\"@graph\":[{\"@type\":\"WebPage\",\"@id\":\"https:\/\/www.aguarda.es\/en\/oferta-de-emprego-para-unha-praza-de-persoal-para-a-oficina-de-informacion-turistica-do-concello-da-guarda\/\",\"url\":\"https:\/\/www.aguarda.es\/en\/oferta-de-emprego-para-unha-praza-de-persoal-para-a-oficina-de-informacion-turistica-do-concello-da-guarda\/\",\"name\":\"Oferta de emprego para unha praza de persoal para a oficina de informaci\u00f3n tur\u00edstica do Concello da Guarda - Concello da Guarda\",\"isPartOf\":{\"@id\":\"https:\/\/www.aguarda.es\/en\/#website\"},\"datePublished\":\"2016-06-09T08:30:37+00:00\",\"dateModified\":\"2016-06-09T08:30:37+00:00\",\"author\":{\"@id\":\"https:\/\/www.aguarda.es\/en\/#\/schema\/person\/ac30f4d74843174f0af56c730f74dd57\"},\"breadcrumb\":{\"@id\":\"https:\/\/www.aguarda.es\/en\/oferta-de-emprego-para-unha-praza-de-persoal-para-a-oficina-de-informacion-turistica-do-concello-da-guarda\/#breadcrumb\"},\"inLanguage\":\"en-US\",\"potentialAction\":[{\"@type\":\"ReadAction\",\"target\":[\"https:\/\/www.aguarda.es\/en\/oferta-de-emprego-para-unha-praza-de-persoal-para-a-oficina-de-informacion-turistica-do-concello-da-guarda\/\"]}]},{\"@type\":\"BreadcrumbList\",\"@id\":\"https:\/\/www.aguarda.es\/en\/oferta-de-emprego-para-unha-praza-de-persoal-para-a-oficina-de-informacion-turistica-do-concello-da-guarda\/#breadcrumb\",\"itemListElement\":[{\"@type\":\"ListItem\",\"position\":1,\"name\":\"Portada\",\"item\":\"https:\/\/www.aguarda.es\/en\/\"},{\"@type\":\"ListItem\",\"position\":2,\"name\":\"Oferta de emprego para unha praza de persoal para a oficina de informaci\u00f3n tur\u00edstica do Concello da Guarda\"}]},{\"@type\":\"WebSite\",\"@id\":\"https:\/\/www.aguarda.es\/en\/#website\",\"url\":\"https:\/\/www.aguarda.es\/en\/\",\"name\":\"Concello da Guarda\",\"description\":\"P\u00e1xina web do concello da Guarda\",\"potentialAction\":[{\"@type\":\"SearchAction\",\"target\":{\"@type\":\"EntryPoint\",\"urlTemplate\":\"https:\/\/www.aguarda.es\/en\/?s={search_term_string}\"},\"query-input\":\"required name=search_term_string\"}],\"inLanguage\":\"en-US\"},{\"@type\":\"Person\",\"@id\":\"https:\/\/www.aguarda.es\/en\/#\/schema\/person\/ac30f4d74843174f0af56c730f74dd57\",\"name\":\"Concello\",\"image\":{\"@type\":\"ImageObject\",\"inLanguage\":\"en-US\",\"@id\":\"https:\/\/www.aguarda.es\/en\/#\/schema\/person\/image\/\",\"url\":\"https:\/\/secure.gravatar.com\/avatar\/7eda12a04da40b2ef77eb62e68f07027?s=96&d=mm&r=g\",\"contentUrl\":\"https:\/\/secure.gravatar.com\/avatar\/7eda12a04da40b2ef77eb62e68f07027?s=96&d=mm&r=g\",\"caption\":\"Concello\"},\"url\":\"https:\/\/www.aguarda.es\/en\/author\/admin\/\"}]}<\/script>\n<!-- \/ Yoast SEO plugin. -->","yoast_head_json":{"title":"Oferta de emprego para unha praza de persoal para a oficina de informaci\u00f3n tur\u00edstica do Concello da Guarda - Concello da Guarda","robots":{"index":"index","follow":"follow","max-snippet":"max-snippet:-1","max-image-preview":"max-image-preview:large","max-video-preview":"max-video-preview:-1"},"canonical":"https:\/\/www.aguarda.es\/en\/oferta-de-emprego-para-unha-praza-de-persoal-para-a-oficina-de-informacion-turistica-do-concello-da-guarda\/","og_locale":"en_US","og_type":"article","og_title":"Oferta de emprego para unha praza de persoal para a oficina de informaci\u00f3n tur\u00edstica do Concello da Guarda - Concello da Guarda","og_description":"Oferta de emprego para a contrataci\u00f3n laboral temporal dunha praza de persoal para a Oficina de Informaci\u00f3n tur\u00edstica no Concello da Guarda.","og_url":"https:\/\/www.aguarda.es\/en\/oferta-de-emprego-para-unha-praza-de-persoal-para-a-oficina-de-informacion-turistica-do-concello-da-guarda\/","og_site_name":"Concello da Guarda","article_publisher":"https:\/\/www.facebook.com\/ConcellodaGuarda","article_published_time":"2016-06-09T08:30:37+00:00","og_image":[{"width":1135,"height":712,"url":"https:\/\/www.aguarda.es\/wp-content\/uploads\/2017\/06\/escudo-full-2.jpg","type":"image\/jpeg"}],"author":"Concello","twitter_card":"summary_large_image","twitter_creator":"@AGuarda_es","twitter_site":"@AGuarda_es","twitter_misc":{"Written by":"Concello","Est. reading time":"4 minutes"},"schema":{"@context":"https:\/\/schema.org","@graph":[{"@type":"WebPage","@id":"https:\/\/www.aguarda.es\/en\/oferta-de-emprego-para-unha-praza-de-persoal-para-a-oficina-de-informacion-turistica-do-concello-da-guarda\/","url":"https:\/\/www.aguarda.es\/en\/oferta-de-emprego-para-unha-praza-de-persoal-para-a-oficina-de-informacion-turistica-do-concello-da-guarda\/","name":"Oferta de emprego para unha praza de persoal para a oficina de informaci\u00f3n tur\u00edstica do Concello da Guarda - Concello da Guarda","isPartOf":{"@id":"https:\/\/www.aguarda.es\/en\/#website"},"datePublished":"2016-06-09T08:30:37+00:00","dateModified":"2016-06-09T08:30:37+00:00","author":{"@id":"https:\/\/www.aguarda.es\/en\/#\/schema\/person\/ac30f4d74843174f0af56c730f74dd57"},"breadcrumb":{"@id":"https:\/\/www.aguarda.es\/en\/oferta-de-emprego-para-unha-praza-de-persoal-para-a-oficina-de-informacion-turistica-do-concello-da-guarda\/#breadcrumb"},"inLanguage":"en-US","potentialAction":[{"@type":"ReadAction","target":["https:\/\/www.aguarda.es\/en\/oferta-de-emprego-para-unha-praza-de-persoal-para-a-oficina-de-informacion-turistica-do-concello-da-guarda\/"]}]},{"@type":"BreadcrumbList","@id":"https:\/\/www.aguarda.es\/en\/oferta-de-emprego-para-unha-praza-de-persoal-para-a-oficina-de-informacion-turistica-do-concello-da-guarda\/#breadcrumb","itemListElement":[{"@type":"ListItem","position":1,"name":"Portada","item":"https:\/\/www.aguarda.es\/en\/"},{"@type":"ListItem","position":2,"name":"Oferta de emprego para unha praza de persoal para a oficina de informaci\u00f3n tur\u00edstica do Concello da Guarda"}]},{"@type":"WebSite","@id":"https:\/\/www.aguarda.es\/en\/#website","url":"https:\/\/www.aguarda.es\/en\/","name":"Concello da Guarda","description":"P\u00e1xina web do concello da Guarda","potentialAction":[{"@type":"SearchAction","target":{"@type":"EntryPoint","urlTemplate":"https:\/\/www.aguarda.es\/en\/?s={search_term_string}"},"query-input":"required name=search_term_string"}],"inLanguage":"en-US"},{"@type":"Person","@id":"https:\/\/www.aguarda.es\/en\/#\/schema\/person\/ac30f4d74843174f0af56c730f74dd57","name":"Concello","image":{"@type":"ImageObject","inLanguage":"en-US","@id":"https:\/\/www.aguarda.es\/en\/#\/schema\/person\/image\/","url":"https:\/\/secure.gravatar.com\/avatar\/7eda12a04da40b2ef77eb62e68f07027?s=96&d=mm&r=g","contentUrl":"https:\/\/secure.gravatar.com\/avatar\/7eda12a04da40b2ef77eb62e68f07027?s=96&d=mm&r=g","caption":"Concello"},"url":"https:\/\/www.aguarda.es\/en\/author\/admin\/"}]}},"_links":{"self":[{"href":"https:\/\/www.aguarda.es\/en\/wp-json\/wp\/v2\/posts\/1908"}],"collection":[{"href":"https:\/\/www.aguarda.es\/en\/wp-json\/wp\/v2\/posts"}],"about":[{"href":"https:\/\/www.aguarda.es\/en\/wp-json\/wp\/v2\/types\/post"}],"author":[{"embeddable":true,"href":"https:\/\/www.aguarda.es\/en\/wp-json\/wp\/v2\/users\/1"}],"replies":[{"embeddable":true,"href":"https:\/\/www.aguarda.es\/en\/wp-json\/wp\/v2\/comments?post=1908"}],"version-history":[{"count":0,"href":"https:\/\/www.aguarda.es\/en\/wp-json\/wp\/v2\/posts\/1908\/revisions"}],"wp:attachment":[{"href":"https:\/\/www.aguarda.es\/en\/wp-json\/wp\/v2\/media?parent=1908"}],"wp:term":[{"taxonomy":"category","embeddable":true,"href":"https:\/\/www.aguarda.es\/en\/wp-json\/wp\/v2\/categories?post=1908"},{"taxonomy":"post_tag","embeddable":true,"href":"https:\/\/www.aguarda.es\/en\/wp-json\/wp\/v2\/tags?post=1908"}],"curies":[{"name":"wp","href":"https:\/\/api.w.org\/{rel}","templated":true}]}}