{"id":19095,"date":"2019-08-01T09:12:11","date_gmt":"2019-08-01T09:12:11","guid":{"rendered":"https:\/\/www.aguarda.es\/?p=19095"},"modified":"2019-08-01T16:39:21","modified_gmt":"2019-08-01T16:39:21","slug":"a-guarda-da-a-benvida-ao-mes-de-agosto-cunha-ampla-programacion-cultural-deportiva-e-festiva","status":"publish","type":"post","link":"https:\/\/www.aguarda.es\/en\/a-guarda-da-a-benvida-ao-mes-de-agosto-cunha-ampla-programacion-cultural-deportiva-e-festiva\/","title":{"rendered":"A Guarda da a benvida ao mes de agosto cunha ampla programaci\u00f3n cultural, deportiva e festiva"},"content":{"rendered":"<p style=\"text-align: justify\">O Concello da Guarda da a benvida ao mes de agosto cunha fin de semana chea de actividades para todas as idades coma antesala da semana grande das Festas do Monte. Esta fin de semana cel\u00e9brase o V Galifornia Beat no Porto da Guarda, as Festas de San Caetano no barrio da Cruzada e os primeiros eventos asociados \u00e1s Festas do Monte coma as Carreiras Populares ou o Torneo de Hockey Li\u00f1a.<\/p>\n<p style=\"text-align: justify\"><strong>VENRES 2<\/strong><\/p>\n<p style=\"text-align: justify\">O Skate Park Atalaia do Porto da Guarda e arredores acollen dende este venres d\u00eda 2 de agosto a V edici\u00f3n do Galifornia Beat, un evento multicultural que se estender\u00e1 ata a xornada do s\u00e1bado d\u00eda 3 de agosto e que contar\u00e1 con concertos, exhibici\u00f3ns deportivas, oferta gastron\u00f3mica e moito m\u00e1is.<\/p>\n<p style=\"text-align: justify\">O V Galifornia Beat arranca o venres \u00e1s 14:00h coa apertura da pista para a pr\u00e1ctica libre deportiva, \u00e1s 19:00h ter\u00e1 lugar o Best Trick, seguido da batalla de gallos e concertos a partires das 22:00h coas actuaci\u00f3ns dos grupos Hugx &amp; Holden, Fast Fuzz, Samesugas, Los Bengala e The Pretty Shirts.<\/p>\n<p style=\"text-align: justify\">Na xornada deste venres contin\u00faan as visitas guiadas para co\u00f1ecer o patrimonio do Monte Santa Trega, \u00e1s 11:30h realizarase a visita guiada ao Castro de Santa Trega, que ter\u00e1 como punto de encontro a vivenda reconstru\u00edda do Castro de Santa Trega e que ter\u00e1 unha duraci\u00f3n aproximada de 30 minutos.<\/p>\n<p style=\"text-align: justify\">\u00c1s 12:30h e \u00e1s 17:00h ter\u00e1n lugar d\u00faas novas visitas guiadas ao Monte Santa Trega, con punto de encontro no Museo Arqueol\u00f3xico(MASAT) e que ter\u00e1n unha duraci\u00f3n aproximada de 90 minutos.<\/p>\n<p style=\"text-align: justify\">Estas visitas guiadas son de car\u00e1cter gratu\u00edto e sen inscrici\u00f3n previa. Para grupos de m\u00e1is de 10 persoas \u00e9 obrigatorio facer unha reserva previa chamando ao tel\u00e9fono 986610504.<\/p>\n<p style=\"text-align: justify\">A taxa de acceso ao Monte Santa Trega \u00e9 de 1\u20ac para adultos e 0,5\u20ac para menores de 14 anos.<\/p>\n<p style=\"text-align: justify\">Na xornada deste venres se pode visitar a Exposici\u00f3n \u00abHISTORIA COMERCIAL E INDUSTRIAL GUARDESA\u00bb no vest\u00edbulo da Casa dos Alonsos en horario de 8:00h a 15:00h. Unha oportunidade de ver que tipo de produtos e modas hab\u00eda tempos atr\u00e1s; as\u00ed como as ferramentas que se empregaban e que arestora est\u00e1n fora de uso ou substitu\u00eddas por novas tecnolox\u00edas.<\/p>\n<p style=\"text-align: justify\">Dentro da programaci\u00f3n das Festas de San Caetano na xornada deste venres o grupo a Boalleira realizar\u00e1 un pasarr\u00faas polo pobo. \u00c1s 21:00h a Praza de San Caetano acoller\u00e1 a tradicional Sardi\u00f1ada e a partires das 23:30h verbena a cargo da orquestra Capitol.<\/p>\n<p style=\"text-align: justify\"><strong>S\u00c1BADO 3<\/strong><\/p>\n<p style=\"text-align: justify\">Xa na xornada do s\u00e1bado, enmarcado na celebraci\u00f3n da V edici\u00f3n do Galifornia Beat no Porto da Guarda, entre as 10:00h e as 11:00h abriranse as inscrici\u00f3ns para o aberto e Open SUB-14 e Basket. \u00c1s 11:00h da ma\u00f1\u00e1 ter\u00e1n lugar as primeiras competici\u00f3ns co Basket e o Open SUB-14.<\/p>\n<p style=\"text-align: justify\">\u00c1s 12:30h realizarase a Skateboard School, unha escola de skate para nenos e nenas na que un profesional ensinar\u00e1 aos m\u00e1is pequenos como iniciarse na pr\u00e1ctica do skateboarding.<\/p>\n<p style=\"text-align: justify\">\u00c1s 13:00h o grupo Indy Tumbita &amp; The Voodoo Bandits ser\u00e1n os encargados, xunto cun dj, de amenizar unha sesi\u00f3n verm\u00fa.<\/p>\n<p style=\"text-align: justify\">A partires das 16:00h ter\u00e1 lugar o Open de Skate e o Open de Street, seguido dunha exhibici\u00f3n de Trial do rosaleiro Gabri Marcelli \u00e1s 18:30h.<\/p>\n<p style=\"text-align: justify\">\u00c1s 19:00h celebrarase o Open de Bowl e \u00e1s 21:00h a entrega de premios e o arranque dos concertos que ter\u00e1n lugar coas actuaci\u00f3ns dos grupos Spoonfull e The Soul Jacket.<\/p>\n<p style=\"text-align: justify\">\u00c1s 16:00h o Pavill\u00f3n das Solanas acolle o Torneo Festas do Monte de Hockey Li\u00f1a S\u00e9nior e infantil, organizado dende o Clube A Guarda Hockey Li\u00f1a, un cl\u00e1sico na programaci\u00f3n deportiva das Festas do Monte que re\u00fane a un bo n\u00famero de deportistas para a pr\u00e1ctica do hockey li\u00f1a, con entrada de balde.<\/p>\n<p style=\"text-align: justify\">A Guarda acolle este s\u00e1bado d\u00eda 3 de agosto a partires das 19:00h as tradicionais Carreiras Populares das Festas do Monte, un evento deportivo organizado dende Atletismo Trega en colaboraci\u00f3n coa Comisi\u00f3n de festas e o Concello da Guarda.<\/p>\n<p style=\"text-align: justify\">As Carreiras Populares das Festas do Monte congregan a centos de corredores e deportistas con varias categor\u00edas de competici\u00f3n en funci\u00f3n das datas de nacemento e en distancias, que van dende os 100m para a categor\u00eda de pulgas e ata os 7.339m para os m\u00e1is maiores, que consistir\u00e1 nunha volta ao Monte Santa. Trega.<\/p>\n<p style=\"text-align: justify\">Este s\u00e1bado contin\u00faan as visitas guiadas para co\u00f1ecer o patrimonio do Monte Santa Trega, \u00e1s 11:30h realizarase a visita guiada ao Castro de Santa Trega, que ter\u00e1 como punto de encontro a vivenda reconstru\u00edda do Castro de Santa Trega e que ter\u00e1 unha duraci\u00f3n aproximada de 30 minutos.<\/p>\n<p style=\"text-align: justify\">\u00c1s 12:30h e \u00e1s 17:00h ter\u00e1n lugar d\u00faas novas visitas guiadas ao Monte Santa Trega, con punto de encontro no Museo Arqueol\u00f3xico(MASAT) e que ter\u00e1n unha duraci\u00f3n aproximada de 90 minutos.<\/p>\n<p style=\"text-align: justify\">Estas visitas guiadas son de car\u00e1cter gratu\u00edto e sen inscrici\u00f3n previa. Para grupos de m\u00e1is de 10 persoas \u00e9 obrigatorio facer unha reserva previa chamando ao tel\u00e9fono 986610504.<\/p>\n<p style=\"text-align: justify\">A taxa de acceso ao Monte Santa Trega \u00e9 de 1\u20ac para adultos e 0,5\u20ac para menores de 14 anos.<\/p>\n<p style=\"text-align: justify\">O Centro de Interpretaci\u00f3n das Fortalezas no Castelo de Santa Cruz acolle a Exposici\u00f3n de maquetas e figuras de Prax\u00edteles Gonz\u00e1lez na que se expo\u00f1en varias maquetas do artista rosaleiro, como Ponte do Tamuxe, Igrexa de Santa Mari\u00f1a do Rosal, Mu\u00ed\u00f1o Serradoiro e d\u00faas vivendas rosaleiras, todos este elementos do Rosal. Ademais das maquetas das Catedrais de Santiago e Notre Dame. Completa esta exposici\u00f3n unha selecci\u00f3n das m\u00e1is de 40 esculturas realizadas polo artista. Horario de 11:00h a 14:00h e de 18:00h a 21:00h. Entrada: 1\u20ac adultos e 0,5\u20ac ata 14 anos inclusive.<\/p>\n<p style=\"text-align: justify\">Dentro da programaci\u00f3n das Festas de San Caetano na xornada deste s\u00e1bado o grupo a Boalleira realizar\u00e1 un pasarr\u00faas polo pobo. Pola noite gran verbena coa orquestra Costa Blanca e o grupo Cach\u00e9<\/p>\n<p style=\"text-align: justify\"><strong>DOMINGO 4<\/strong><\/p>\n<p style=\"text-align: justify\">O Centro de Interpretaci\u00f3n das Fortalezas no Castelo de Santa Cruz acolle a Exposici\u00f3n de maquetas e figuras de Prax\u00edteles Gonz\u00e1lez na que se expo\u00f1en varias maquetas do artista rosaleiro, como Ponte do Tamuxe, Igrexa de Santa Mari\u00f1a do Rosal, Mu\u00ed\u00f1o Serradoiro e d\u00faas vivendas rosaleiras, todos este elementos do Rosal. Ademais das maquetas das Catedrais de Santiago e Notre Dame. Completa esta exposici\u00f3n unha selecci\u00f3n das m\u00e1is de 40 esculturas realizadas polo artista. Horario de 11:00h a 14:00h e de 18:00h a 21:00h. Entrada: 1\u20ac adultos e 0,5\u20ac ata 14 anos inclusive.<\/p>\n<p style=\"text-align: justify\">Dentro da programaci\u00f3n das Festas de San Caetano na xornada deste domingo o grupo a Boalleira realizar\u00e1 un pasarr\u00faas polo pobo. \u00c1s 19:00h arrancar\u00e1n as tradicionais poxas de produtos t\u00edpicos e rematar\u00e1n as festas coa actuaci\u00f3n de Roberto Caco.<\/p>\n","protected":false},"excerpt":{"rendered":"<p>O Concello da Guarda da a benvida ao mes de agosto cunha fin de semana chea de actividades para todas as idades coma antesala da semana grande das Festas do Monte. Esta fin de semana cel\u00e9brase o V Galifornia Beat &hellip; <\/p>\n","protected":false},"author":2,"featured_media":19096,"comment_status":"open","ping_status":"open","sticky":false,"template":"","format":"standard","meta":[],"categories":[34,35,56,33],"tags":[226,1343,276,354,294,1273,232],"yoast_head":"<!-- This site is optimized with the Yoast SEO plugin v21.1 - https:\/\/yoast.com\/wordpress\/plugins\/seo\/ -->\n<title>A Guarda da a benvida ao mes de agosto cunha ampla programaci\u00f3n cultural, deportiva e festiva - Concello da Guarda<\/title>\n<meta name=\"robots\" content=\"index, follow, max-snippet:-1, max-image-preview:large, max-video-preview:-1\" \/>\n<link rel=\"canonical\" href=\"https:\/\/www.aguarda.es\/en\/a-guarda-da-a-benvida-ao-mes-de-agosto-cunha-ampla-programacion-cultural-deportiva-e-festiva\/\" \/>\n<meta property=\"og:locale\" content=\"en_US\" \/>\n<meta property=\"og:type\" content=\"article\" \/>\n<meta property=\"og:title\" content=\"A Guarda da a benvida ao mes de agosto cunha ampla programaci\u00f3n cultural, deportiva e festiva - Concello da Guarda\" \/>\n<meta property=\"og:description\" content=\"O Concello da Guarda da a benvida ao mes de agosto cunha fin de semana chea de actividades para todas as idades coma antesala da semana grande das Festas do Monte. Esta fin de semana cel\u00e9brase o V Galifornia Beat &hellip;\" \/>\n<meta property=\"og:url\" content=\"https:\/\/www.aguarda.es\/en\/a-guarda-da-a-benvida-ao-mes-de-agosto-cunha-ampla-programacion-cultural-deportiva-e-festiva\/\" \/>\n<meta property=\"og:site_name\" content=\"Concello da Guarda\" \/>\n<meta property=\"article:publisher\" content=\"https:\/\/www.facebook.com\/ConcellodaGuarda\" \/>\n<meta property=\"article:published_time\" content=\"2019-08-01T09:12:11+00:00\" \/>\n<meta property=\"article:modified_time\" content=\"2019-08-01T16:39:21+00:00\" \/>\n<meta property=\"og:image\" content=\"https:\/\/www.aguarda.es\/wp-content\/uploads\/2019\/08\/NP-01082019-A-Guarda-da-a-benvida-ao-mes-de-agosto-cunha-ampla-programaci\u00f3n-cultural-deportiva-e-festiva.jpg\" \/>\n\t<meta property=\"og:image:width\" content=\"800\" \/>\n\t<meta property=\"og:image:height\" content=\"800\" \/>\n\t<meta property=\"og:image:type\" content=\"image\/jpeg\" \/>\n<meta name=\"author\" content=\"prensa\" \/>\n<meta name=\"twitter:card\" content=\"summary_large_image\" \/>\n<meta name=\"twitter:creator\" content=\"@AGuarda_es\" \/>\n<meta name=\"twitter:site\" content=\"@AGuarda_es\" \/>\n<meta name=\"twitter:label1\" content=\"Written by\" \/>\n\t<meta name=\"twitter:data1\" content=\"prensa\" \/>\n\t<meta name=\"twitter:label2\" content=\"Est. reading time\" \/>\n\t<meta name=\"twitter:data2\" content=\"6 minutes\" \/>\n<script type=\"application\/ld+json\" class=\"yoast-schema-graph\">{\"@context\":\"https:\/\/schema.org\",\"@graph\":[{\"@type\":\"WebPage\",\"@id\":\"https:\/\/www.aguarda.es\/en\/a-guarda-da-a-benvida-ao-mes-de-agosto-cunha-ampla-programacion-cultural-deportiva-e-festiva\/\",\"url\":\"https:\/\/www.aguarda.es\/en\/a-guarda-da-a-benvida-ao-mes-de-agosto-cunha-ampla-programacion-cultural-deportiva-e-festiva\/\",\"name\":\"A Guarda da a benvida ao mes de agosto cunha ampla programaci\u00f3n cultural, deportiva e festiva - Concello da Guarda\",\"isPartOf\":{\"@id\":\"https:\/\/www.aguarda.es\/en\/#website\"},\"datePublished\":\"2019-08-01T09:12:11+00:00\",\"dateModified\":\"2019-08-01T16:39:21+00:00\",\"author\":{\"@id\":\"https:\/\/www.aguarda.es\/en\/#\/schema\/person\/c463ca3006858ffb349d11179d044f21\"},\"breadcrumb\":{\"@id\":\"https:\/\/www.aguarda.es\/en\/a-guarda-da-a-benvida-ao-mes-de-agosto-cunha-ampla-programacion-cultural-deportiva-e-festiva\/#breadcrumb\"},\"inLanguage\":\"en-US\",\"potentialAction\":[{\"@type\":\"ReadAction\",\"target\":[\"https:\/\/www.aguarda.es\/en\/a-guarda-da-a-benvida-ao-mes-de-agosto-cunha-ampla-programacion-cultural-deportiva-e-festiva\/\"]}]},{\"@type\":\"BreadcrumbList\",\"@id\":\"https:\/\/www.aguarda.es\/en\/a-guarda-da-a-benvida-ao-mes-de-agosto-cunha-ampla-programacion-cultural-deportiva-e-festiva\/#breadcrumb\",\"itemListElement\":[{\"@type\":\"ListItem\",\"position\":1,\"name\":\"Portada\",\"item\":\"https:\/\/www.aguarda.es\/en\/\"},{\"@type\":\"ListItem\",\"position\":2,\"name\":\"A Guarda da a benvida ao mes de agosto cunha ampla programaci\u00f3n cultural, deportiva e festiva\"}]},{\"@type\":\"WebSite\",\"@id\":\"https:\/\/www.aguarda.es\/en\/#website\",\"url\":\"https:\/\/www.aguarda.es\/en\/\",\"name\":\"Concello da Guarda\",\"description\":\"P\u00e1xina web do concello da Guarda\",\"potentialAction\":[{\"@type\":\"SearchAction\",\"target\":{\"@type\":\"EntryPoint\",\"urlTemplate\":\"https:\/\/www.aguarda.es\/en\/?s={search_term_string}\"},\"query-input\":\"required name=search_term_string\"}],\"inLanguage\":\"en-US\"},{\"@type\":\"Person\",\"@id\":\"https:\/\/www.aguarda.es\/en\/#\/schema\/person\/c463ca3006858ffb349d11179d044f21\",\"name\":\"prensa\",\"image\":{\"@type\":\"ImageObject\",\"inLanguage\":\"en-US\",\"@id\":\"https:\/\/www.aguarda.es\/en\/#\/schema\/person\/image\/\",\"url\":\"https:\/\/secure.gravatar.com\/avatar\/5f90ef536b0f98306edf5c7a1135ffa1?s=96&d=mm&r=g\",\"contentUrl\":\"https:\/\/secure.gravatar.com\/avatar\/5f90ef536b0f98306edf5c7a1135ffa1?s=96&d=mm&r=g\",\"caption\":\"prensa\"},\"url\":\"https:\/\/www.aguarda.es\/en\/author\/prensa\/\"}]}<\/script>\n<!-- \/ Yoast SEO plugin. -->","yoast_head_json":{"title":"A Guarda da a benvida ao mes de agosto cunha ampla programaci\u00f3n cultural, deportiva e festiva - Concello da Guarda","robots":{"index":"index","follow":"follow","max-snippet":"max-snippet:-1","max-image-preview":"max-image-preview:large","max-video-preview":"max-video-preview:-1"},"canonical":"https:\/\/www.aguarda.es\/en\/a-guarda-da-a-benvida-ao-mes-de-agosto-cunha-ampla-programacion-cultural-deportiva-e-festiva\/","og_locale":"en_US","og_type":"article","og_title":"A Guarda da a benvida ao mes de agosto cunha ampla programaci\u00f3n cultural, deportiva e festiva - Concello da Guarda","og_description":"O Concello da Guarda da a benvida ao mes de agosto cunha fin de semana chea de actividades para todas as idades coma antesala da semana grande das Festas do Monte. Esta fin de semana cel\u00e9brase o V Galifornia Beat &hellip;","og_url":"https:\/\/www.aguarda.es\/en\/a-guarda-da-a-benvida-ao-mes-de-agosto-cunha-ampla-programacion-cultural-deportiva-e-festiva\/","og_site_name":"Concello da Guarda","article_publisher":"https:\/\/www.facebook.com\/ConcellodaGuarda","article_published_time":"2019-08-01T09:12:11+00:00","article_modified_time":"2019-08-01T16:39:21+00:00","og_image":[{"width":800,"height":800,"url":"https:\/\/www.aguarda.es\/wp-content\/uploads\/2019\/08\/NP-01082019-A-Guarda-da-a-benvida-ao-mes-de-agosto-cunha-ampla-programaci\u00f3n-cultural-deportiva-e-festiva.jpg","type":"image\/jpeg"}],"author":"prensa","twitter_card":"summary_large_image","twitter_creator":"@AGuarda_es","twitter_site":"@AGuarda_es","twitter_misc":{"Written by":"prensa","Est. reading time":"6 minutes"},"schema":{"@context":"https:\/\/schema.org","@graph":[{"@type":"WebPage","@id":"https:\/\/www.aguarda.es\/en\/a-guarda-da-a-benvida-ao-mes-de-agosto-cunha-ampla-programacion-cultural-deportiva-e-festiva\/","url":"https:\/\/www.aguarda.es\/en\/a-guarda-da-a-benvida-ao-mes-de-agosto-cunha-ampla-programacion-cultural-deportiva-e-festiva\/","name":"A Guarda da a benvida ao mes de agosto cunha ampla programaci\u00f3n cultural, deportiva e festiva - Concello da Guarda","isPartOf":{"@id":"https:\/\/www.aguarda.es\/en\/#website"},"datePublished":"2019-08-01T09:12:11+00:00","dateModified":"2019-08-01T16:39:21+00:00","author":{"@id":"https:\/\/www.aguarda.es\/en\/#\/schema\/person\/c463ca3006858ffb349d11179d044f21"},"breadcrumb":{"@id":"https:\/\/www.aguarda.es\/en\/a-guarda-da-a-benvida-ao-mes-de-agosto-cunha-ampla-programacion-cultural-deportiva-e-festiva\/#breadcrumb"},"inLanguage":"en-US","potentialAction":[{"@type":"ReadAction","target":["https:\/\/www.aguarda.es\/en\/a-guarda-da-a-benvida-ao-mes-de-agosto-cunha-ampla-programacion-cultural-deportiva-e-festiva\/"]}]},{"@type":"BreadcrumbList","@id":"https:\/\/www.aguarda.es\/en\/a-guarda-da-a-benvida-ao-mes-de-agosto-cunha-ampla-programacion-cultural-deportiva-e-festiva\/#breadcrumb","itemListElement":[{"@type":"ListItem","position":1,"name":"Portada","item":"https:\/\/www.aguarda.es\/en\/"},{"@type":"ListItem","position":2,"name":"A Guarda da a benvida ao mes de agosto cunha ampla programaci\u00f3n cultural, deportiva e festiva"}]},{"@type":"WebSite","@id":"https:\/\/www.aguarda.es\/en\/#website","url":"https:\/\/www.aguarda.es\/en\/","name":"Concello da Guarda","description":"P\u00e1xina web do concello da Guarda","potentialAction":[{"@type":"SearchAction","target":{"@type":"EntryPoint","urlTemplate":"https:\/\/www.aguarda.es\/en\/?s={search_term_string}"},"query-input":"required name=search_term_string"}],"inLanguage":"en-US"},{"@type":"Person","@id":"https:\/\/www.aguarda.es\/en\/#\/schema\/person\/c463ca3006858ffb349d11179d044f21","name":"prensa","image":{"@type":"ImageObject","inLanguage":"en-US","@id":"https:\/\/www.aguarda.es\/en\/#\/schema\/person\/image\/","url":"https:\/\/secure.gravatar.com\/avatar\/5f90ef536b0f98306edf5c7a1135ffa1?s=96&d=mm&r=g","contentUrl":"https:\/\/secure.gravatar.com\/avatar\/5f90ef536b0f98306edf5c7a1135ffa1?s=96&d=mm&r=g","caption":"prensa"},"url":"https:\/\/www.aguarda.es\/en\/author\/prensa\/"}]}},"_links":{"self":[{"href":"https:\/\/www.aguarda.es\/en\/wp-json\/wp\/v2\/posts\/19095"}],"collection":[{"href":"https:\/\/www.aguarda.es\/en\/wp-json\/wp\/v2\/posts"}],"about":[{"href":"https:\/\/www.aguarda.es\/en\/wp-json\/wp\/v2\/types\/post"}],"author":[{"embeddable":true,"href":"https:\/\/www.aguarda.es\/en\/wp-json\/wp\/v2\/users\/2"}],"replies":[{"embeddable":true,"href":"https:\/\/www.aguarda.es\/en\/wp-json\/wp\/v2\/comments?post=19095"}],"version-history":[{"count":3,"href":"https:\/\/www.aguarda.es\/en\/wp-json\/wp\/v2\/posts\/19095\/revisions"}],"predecessor-version":[{"id":19104,"href":"https:\/\/www.aguarda.es\/en\/wp-json\/wp\/v2\/posts\/19095\/revisions\/19104"}],"wp:featuredmedia":[{"embeddable":true,"href":"https:\/\/www.aguarda.es\/en\/wp-json\/wp\/v2\/media\/19096"}],"wp:attachment":[{"href":"https:\/\/www.aguarda.es\/en\/wp-json\/wp\/v2\/media?parent=19095"}],"wp:term":[{"taxonomy":"category","embeddable":true,"href":"https:\/\/www.aguarda.es\/en\/wp-json\/wp\/v2\/categories?post=19095"},{"taxonomy":"post_tag","embeddable":true,"href":"https:\/\/www.aguarda.es\/en\/wp-json\/wp\/v2\/tags?post=19095"}],"curies":[{"name":"wp","href":"https:\/\/api.w.org\/{rel}","templated":true}]}}