{"id":19132,"date":"2019-08-07T14:06:42","date_gmt":"2019-08-07T14:06:42","guid":{"rendered":"https:\/\/www.aguarda.es\/?p=19132"},"modified":"2019-08-07T14:06:42","modified_gmt":"2019-08-07T14:06:42","slug":"may-ferreira-presenta-a-sua-novela-la-sombra-del-percebe-azul-en-a-guarda","status":"publish","type":"post","link":"https:\/\/www.aguarda.es\/en\/may-ferreira-presenta-a-sua-novela-la-sombra-del-percebe-azul-en-a-guarda\/","title":{"rendered":"May Ferreira presenta a s\u00faa novela \u201cLa sombra del percebe azul\u201d en A Guarda"},"content":{"rendered":"<p style=\"text-align: justify\">Un ano despois da presentaci\u00f3n da s\u00faa primeira novela \u201cEl abrazo del sauce\u201d finalista do Premio Planeta 2017, volve May Ferreira a presentar no Centro Cultural a s\u00faa segunda obra \u201cLa sombra del percebe azul\u201d, que se desenrola fundamentalmente na Guarda. Ter\u00e1 lugar este xoves d\u00eda 8 de agosto \u00e1s 20:00h da tarde no Centro Cultural da Guarda.<\/p>\n<p style=\"text-align: justify\">A novela aborda a vida dos personaxes cuxas existencias transcorren de forma paralela e tal vez o destino logre unilos. Casualidade ou causalidade. Perm\u00edtenos reflexionar sobre a forza do azar para determinar os acontecementos que nos marcan. Da man dos protagonistas recorren cidades como Santiago de Chile ou Nueva York para finalmente recalar nun \u201cpobo ao sur de Galicia con clara vocaci\u00f3n mari\u00f1eira\u201d.<\/p>\n<p style=\"text-align: justify\">A autora escribe cunha prosa amena e pr\u00f3xima, con clara vocaci\u00f3n descritiva cando se trata de levarnos a lugares polos que sente devoci\u00f3n; recordos a trav\u00e9s de comidas, olores e texturas ou sentimentos que est\u00e1n a flor de pel. A obra fai vibrar dende a perspectiva de emoci\u00f3ns moi arraigadas que oscilan dende a amargura e a tristeza ata a exaltaci\u00f3n dun amor profundo e prohibido.<\/p>\n<p style=\"text-align: justify\">May Ferreira \u00e9 licenciada en Dereito. Ten unha ampla experiencia de mais de d\u00faas d\u00e9cadas en multinacionais do sector industrial e a banca dentro da \u00e1rea de Recursos Humanos. Na actualidade dirixe a \u00e1rea de formaci\u00f3n dunha co\u00f1ecida consultora e \u00e9 responsable da \u00e1rea de emprendemento da Comunidade de Madrid. Est\u00e1 escribindo a s\u00faa terceira obra, unha biograf\u00eda con ambientaci\u00f3n hist\u00f3rica.<\/p>\n","protected":false},"excerpt":{"rendered":"<p>Un ano despois da presentaci\u00f3n da s\u00faa primeira novela \u201cEl abrazo del sauce\u201d finalista do Premio Planeta 2017, volve May Ferreira a presentar no Centro Cultural a s\u00faa segunda obra \u201cLa sombra del percebe azul\u201d, que se desenrola fundamentalmente na &hellip; <\/p>\n","protected":false},"author":2,"featured_media":19133,"comment_status":"open","ping_status":"open","sticky":false,"template":"","format":"standard","meta":[],"categories":[34],"tags":[226,243,244,238,739],"yoast_head":"<!-- This site is optimized with the Yoast SEO plugin v21.1 - https:\/\/yoast.com\/wordpress\/plugins\/seo\/ -->\n<title>May Ferreira presenta a s\u00faa novela \u201cLa sombra del percebe azul\u201d en A Guarda - Concello da Guarda<\/title>\n<meta name=\"robots\" content=\"index, follow, max-snippet:-1, max-image-preview:large, max-video-preview:-1\" \/>\n<link rel=\"canonical\" href=\"https:\/\/www.aguarda.es\/en\/may-ferreira-presenta-a-sua-novela-la-sombra-del-percebe-azul-en-a-guarda\/\" \/>\n<meta property=\"og:locale\" content=\"en_US\" \/>\n<meta property=\"og:type\" content=\"article\" \/>\n<meta property=\"og:title\" content=\"May Ferreira presenta a s\u00faa novela \u201cLa sombra del percebe azul\u201d en A Guarda - Concello da Guarda\" \/>\n<meta property=\"og:description\" content=\"Un ano despois da presentaci\u00f3n da s\u00faa primeira novela \u201cEl abrazo del sauce\u201d finalista do Premio Planeta 2017, volve May Ferreira a presentar no Centro Cultural a s\u00faa segunda obra \u201cLa sombra del percebe azul\u201d, que se desenrola fundamentalmente na &hellip;\" \/>\n<meta property=\"og:url\" content=\"https:\/\/www.aguarda.es\/en\/may-ferreira-presenta-a-sua-novela-la-sombra-del-percebe-azul-en-a-guarda\/\" \/>\n<meta property=\"og:site_name\" content=\"Concello da Guarda\" \/>\n<meta property=\"article:publisher\" content=\"https:\/\/www.facebook.com\/ConcellodaGuarda\" \/>\n<meta property=\"article:published_time\" content=\"2019-08-07T14:06:42+00:00\" \/>\n<meta property=\"og:image\" content=\"https:\/\/www.aguarda.es\/wp-content\/uploads\/2019\/08\/08_LIBRO.jpg\" \/>\n\t<meta property=\"og:image:width\" content=\"800\" \/>\n\t<meta property=\"og:image:height\" content=\"1154\" \/>\n\t<meta property=\"og:image:type\" content=\"image\/jpeg\" \/>\n<meta name=\"author\" content=\"prensa\" \/>\n<meta name=\"twitter:card\" content=\"summary_large_image\" \/>\n<meta name=\"twitter:creator\" content=\"@AGuarda_es\" \/>\n<meta name=\"twitter:site\" content=\"@AGuarda_es\" \/>\n<meta name=\"twitter:label1\" content=\"Written by\" \/>\n\t<meta name=\"twitter:data1\" content=\"prensa\" \/>\n\t<meta name=\"twitter:label2\" content=\"Est. reading time\" \/>\n\t<meta name=\"twitter:data2\" content=\"1 minute\" \/>\n<script type=\"application\/ld+json\" class=\"yoast-schema-graph\">{\"@context\":\"https:\/\/schema.org\",\"@graph\":[{\"@type\":\"WebPage\",\"@id\":\"https:\/\/www.aguarda.es\/en\/may-ferreira-presenta-a-sua-novela-la-sombra-del-percebe-azul-en-a-guarda\/\",\"url\":\"https:\/\/www.aguarda.es\/en\/may-ferreira-presenta-a-sua-novela-la-sombra-del-percebe-azul-en-a-guarda\/\",\"name\":\"May Ferreira presenta a s\u00faa novela \u201cLa sombra del percebe azul\u201d en A Guarda - Concello da Guarda\",\"isPartOf\":{\"@id\":\"https:\/\/www.aguarda.es\/en\/#website\"},\"datePublished\":\"2019-08-07T14:06:42+00:00\",\"dateModified\":\"2019-08-07T14:06:42+00:00\",\"author\":{\"@id\":\"https:\/\/www.aguarda.es\/en\/#\/schema\/person\/c463ca3006858ffb349d11179d044f21\"},\"breadcrumb\":{\"@id\":\"https:\/\/www.aguarda.es\/en\/may-ferreira-presenta-a-sua-novela-la-sombra-del-percebe-azul-en-a-guarda\/#breadcrumb\"},\"inLanguage\":\"en-US\",\"potentialAction\":[{\"@type\":\"ReadAction\",\"target\":[\"https:\/\/www.aguarda.es\/en\/may-ferreira-presenta-a-sua-novela-la-sombra-del-percebe-azul-en-a-guarda\/\"]}]},{\"@type\":\"BreadcrumbList\",\"@id\":\"https:\/\/www.aguarda.es\/en\/may-ferreira-presenta-a-sua-novela-la-sombra-del-percebe-azul-en-a-guarda\/#breadcrumb\",\"itemListElement\":[{\"@type\":\"ListItem\",\"position\":1,\"name\":\"Portada\",\"item\":\"https:\/\/www.aguarda.es\/en\/\"},{\"@type\":\"ListItem\",\"position\":2,\"name\":\"May Ferreira presenta a s\u00faa novela \u201cLa sombra del percebe azul\u201d en A Guarda\"}]},{\"@type\":\"WebSite\",\"@id\":\"https:\/\/www.aguarda.es\/en\/#website\",\"url\":\"https:\/\/www.aguarda.es\/en\/\",\"name\":\"Concello da Guarda\",\"description\":\"P\u00e1xina web do concello da Guarda\",\"potentialAction\":[{\"@type\":\"SearchAction\",\"target\":{\"@type\":\"EntryPoint\",\"urlTemplate\":\"https:\/\/www.aguarda.es\/en\/?s={search_term_string}\"},\"query-input\":\"required name=search_term_string\"}],\"inLanguage\":\"en-US\"},{\"@type\":\"Person\",\"@id\":\"https:\/\/www.aguarda.es\/en\/#\/schema\/person\/c463ca3006858ffb349d11179d044f21\",\"name\":\"prensa\",\"image\":{\"@type\":\"ImageObject\",\"inLanguage\":\"en-US\",\"@id\":\"https:\/\/www.aguarda.es\/en\/#\/schema\/person\/image\/\",\"url\":\"https:\/\/secure.gravatar.com\/avatar\/5f90ef536b0f98306edf5c7a1135ffa1?s=96&d=mm&r=g\",\"contentUrl\":\"https:\/\/secure.gravatar.com\/avatar\/5f90ef536b0f98306edf5c7a1135ffa1?s=96&d=mm&r=g\",\"caption\":\"prensa\"},\"url\":\"https:\/\/www.aguarda.es\/en\/author\/prensa\/\"}]}<\/script>\n<!-- \/ Yoast SEO plugin. -->","yoast_head_json":{"title":"May Ferreira presenta a s\u00faa novela \u201cLa sombra del percebe azul\u201d en A Guarda - Concello da Guarda","robots":{"index":"index","follow":"follow","max-snippet":"max-snippet:-1","max-image-preview":"max-image-preview:large","max-video-preview":"max-video-preview:-1"},"canonical":"https:\/\/www.aguarda.es\/en\/may-ferreira-presenta-a-sua-novela-la-sombra-del-percebe-azul-en-a-guarda\/","og_locale":"en_US","og_type":"article","og_title":"May Ferreira presenta a s\u00faa novela \u201cLa sombra del percebe azul\u201d en A Guarda - Concello da Guarda","og_description":"Un ano despois da presentaci\u00f3n da s\u00faa primeira novela \u201cEl abrazo del sauce\u201d finalista do Premio Planeta 2017, volve May Ferreira a presentar no Centro Cultural a s\u00faa segunda obra \u201cLa sombra del percebe azul\u201d, que se desenrola fundamentalmente na &hellip;","og_url":"https:\/\/www.aguarda.es\/en\/may-ferreira-presenta-a-sua-novela-la-sombra-del-percebe-azul-en-a-guarda\/","og_site_name":"Concello da Guarda","article_publisher":"https:\/\/www.facebook.com\/ConcellodaGuarda","article_published_time":"2019-08-07T14:06:42+00:00","og_image":[{"width":800,"height":1154,"url":"https:\/\/www.aguarda.es\/wp-content\/uploads\/2019\/08\/08_LIBRO.jpg","type":"image\/jpeg"}],"author":"prensa","twitter_card":"summary_large_image","twitter_creator":"@AGuarda_es","twitter_site":"@AGuarda_es","twitter_misc":{"Written by":"prensa","Est. reading time":"1 minute"},"schema":{"@context":"https:\/\/schema.org","@graph":[{"@type":"WebPage","@id":"https:\/\/www.aguarda.es\/en\/may-ferreira-presenta-a-sua-novela-la-sombra-del-percebe-azul-en-a-guarda\/","url":"https:\/\/www.aguarda.es\/en\/may-ferreira-presenta-a-sua-novela-la-sombra-del-percebe-azul-en-a-guarda\/","name":"May Ferreira presenta a s\u00faa novela \u201cLa sombra del percebe azul\u201d en A Guarda - Concello da Guarda","isPartOf":{"@id":"https:\/\/www.aguarda.es\/en\/#website"},"datePublished":"2019-08-07T14:06:42+00:00","dateModified":"2019-08-07T14:06:42+00:00","author":{"@id":"https:\/\/www.aguarda.es\/en\/#\/schema\/person\/c463ca3006858ffb349d11179d044f21"},"breadcrumb":{"@id":"https:\/\/www.aguarda.es\/en\/may-ferreira-presenta-a-sua-novela-la-sombra-del-percebe-azul-en-a-guarda\/#breadcrumb"},"inLanguage":"en-US","potentialAction":[{"@type":"ReadAction","target":["https:\/\/www.aguarda.es\/en\/may-ferreira-presenta-a-sua-novela-la-sombra-del-percebe-azul-en-a-guarda\/"]}]},{"@type":"BreadcrumbList","@id":"https:\/\/www.aguarda.es\/en\/may-ferreira-presenta-a-sua-novela-la-sombra-del-percebe-azul-en-a-guarda\/#breadcrumb","itemListElement":[{"@type":"ListItem","position":1,"name":"Portada","item":"https:\/\/www.aguarda.es\/en\/"},{"@type":"ListItem","position":2,"name":"May Ferreira presenta a s\u00faa novela \u201cLa sombra del percebe azul\u201d en A Guarda"}]},{"@type":"WebSite","@id":"https:\/\/www.aguarda.es\/en\/#website","url":"https:\/\/www.aguarda.es\/en\/","name":"Concello da Guarda","description":"P\u00e1xina web do concello da Guarda","potentialAction":[{"@type":"SearchAction","target":{"@type":"EntryPoint","urlTemplate":"https:\/\/www.aguarda.es\/en\/?s={search_term_string}"},"query-input":"required name=search_term_string"}],"inLanguage":"en-US"},{"@type":"Person","@id":"https:\/\/www.aguarda.es\/en\/#\/schema\/person\/c463ca3006858ffb349d11179d044f21","name":"prensa","image":{"@type":"ImageObject","inLanguage":"en-US","@id":"https:\/\/www.aguarda.es\/en\/#\/schema\/person\/image\/","url":"https:\/\/secure.gravatar.com\/avatar\/5f90ef536b0f98306edf5c7a1135ffa1?s=96&d=mm&r=g","contentUrl":"https:\/\/secure.gravatar.com\/avatar\/5f90ef536b0f98306edf5c7a1135ffa1?s=96&d=mm&r=g","caption":"prensa"},"url":"https:\/\/www.aguarda.es\/en\/author\/prensa\/"}]}},"_links":{"self":[{"href":"https:\/\/www.aguarda.es\/en\/wp-json\/wp\/v2\/posts\/19132"}],"collection":[{"href":"https:\/\/www.aguarda.es\/en\/wp-json\/wp\/v2\/posts"}],"about":[{"href":"https:\/\/www.aguarda.es\/en\/wp-json\/wp\/v2\/types\/post"}],"author":[{"embeddable":true,"href":"https:\/\/www.aguarda.es\/en\/wp-json\/wp\/v2\/users\/2"}],"replies":[{"embeddable":true,"href":"https:\/\/www.aguarda.es\/en\/wp-json\/wp\/v2\/comments?post=19132"}],"version-history":[{"count":1,"href":"https:\/\/www.aguarda.es\/en\/wp-json\/wp\/v2\/posts\/19132\/revisions"}],"predecessor-version":[{"id":19135,"href":"https:\/\/www.aguarda.es\/en\/wp-json\/wp\/v2\/posts\/19132\/revisions\/19135"}],"wp:featuredmedia":[{"embeddable":true,"href":"https:\/\/www.aguarda.es\/en\/wp-json\/wp\/v2\/media\/19133"}],"wp:attachment":[{"href":"https:\/\/www.aguarda.es\/en\/wp-json\/wp\/v2\/media?parent=19132"}],"wp:term":[{"taxonomy":"category","embeddable":true,"href":"https:\/\/www.aguarda.es\/en\/wp-json\/wp\/v2\/categories?post=19132"},{"taxonomy":"post_tag","embeddable":true,"href":"https:\/\/www.aguarda.es\/en\/wp-json\/wp\/v2\/tags?post=19132"}],"curies":[{"name":"wp","href":"https:\/\/api.w.org\/{rel}","templated":true}]}}