{"id":1929,"date":"2016-06-14T08:57:54","date_gmt":"2016-06-14T08:57:54","guid":{"rendered":"https:\/\/www.aguarda.es\/?p=1929"},"modified":"2016-06-14T08:57:54","modified_gmt":"2016-06-14T08:57:54","slug":"aberto-o-prazo-de-inscricion-para-o-campus-de-tecnificacion-deportiva-da-guarda","status":"publish","type":"post","link":"https:\/\/www.aguarda.es\/en\/aberto-o-prazo-de-inscricion-para-o-campus-de-tecnificacion-deportiva-da-guarda\/","title":{"rendered":"Aberto o prazo de inscrici\u00f3n para o Campus de Tecnificaci\u00f3n Deportiva da Guarda"},"content":{"rendered":"<p lang=\"gl-ES\"><span>Dende este m\u00e9rcores d\u00eda 15 e ata o vindeiro 28 de xu\u00f1o queda aberto o prazo de inscrici\u00f3n para anotarse ao Campus de Tecnificaci\u00f3n Deportiva da Guarda.<\/span><\/p>\n<p>  <!--more-->  <\/p>\n<p lang=\"gl-ES\"><span><img decoding=\"async\" loading=\"lazy\" class=\" size-full wp-image-1928\" src=\"https:\/\/www.aguarda.es\/wp-content\/uploads\/2016\/06\/2016_CAMPUS%20DEPORTIVO%20A%20GUARDA%202016.jpg\" alt=\"\" width=\"353\" height=\"461\" \/>Dende este m\u00e9rcores d\u00eda 15 e ata o vindeiro 28 de xu\u00f1o queda aberto o prazo de inscrici\u00f3n para anotarse ao Campus de Tecnificaci\u00f3n Deportiva da Guarda.<\/span><\/p>\n<p lang=\"gl-ES\">\u00a0<\/p>\n<p lang=\"gl-ES\"><span><span lang=\"gl-ES\">Tr\u00e1tase dun Campamento <\/span><\/span><span><span lang=\"gl-ES\">dirixido a nenos e nenas nados entre os anos 2002 e 2009, ambos inclu\u00eddos, que ter\u00e1 lugar nas instalaci\u00f3ns do CEIP A Sangri\u00f1a<\/span><\/span><span><span lang=\"gl-ES\">dende <\/span><\/span><span><span lang=\"gl-ES\">o luns d\u00eda 4 de xullo <\/span><\/span><span><span lang=\"gl-ES\">ata<\/span><\/span><span><span lang=\"gl-ES\"> o m\u00e9rcores d\u00eda 13 de xullo. <\/span><\/span><\/p>\n<p lang=\"gl-ES\">\u00a0<\/p>\n<p lang=\"gl-ES\"><span>O campamento ten un prezo total de 60 euros e se realizar\u00e1 polas ma\u00f1\u00e1s, de 9,30 a 13,30h. Entre as diversas actividades que poder\u00e1n realizar os rapaces e rapazas destacan:<\/span><\/p>\n<p lang=\"gl-ES\">\u00a0<\/p>\n<ul>\n<li>\n<p lang=\"gl-ES\">Mellora t\u00e9cnica de baloncesto, f\u00fatbol sala e voleibol como actividades principais.<\/p>\n<\/li>\n<li>\n<p lang=\"gl-ES\">Pr\u00e1ctica doutros deportes (p\u00e1del, f\u00fatbol 7, etc) e actividades complementarias.<\/p>\n<\/li>\n<li>\n<p lang=\"gl-ES\">Actividades e competici\u00f3ns a trav\u00e9s de xogos cooperativos.<\/p>\n<\/li>\n<li>\n<p lang=\"gl-ES\"><span>Competici\u00f3ns propias de cada deporte.<\/span><\/p>\n<\/li>\n<\/ul>\n<p lang=\"gl-ES\">\u00a0<\/p>\n<p lang=\"gl-ES\"><span>A presentaci\u00f3n do Campus para as familias dos nenos e nenas ter\u00e1 lugar o s\u00e1bado 2 de xullo \u00e1s 10h na Sangri\u00f1a. <\/span><\/p>\n<p lang=\"gl-ES\">\u00a0<\/p>\n<p lang=\"gl-ES\"><span><span lang=\"gl-ES\">Todos aqueles que desexen inscribirse deben descargar a Ficha de Inscrici\u00f3n e a Autorizaci\u00f3n que atopar\u00e1n na p\u00e1xina web do Concello da Guarda <a href=\"http:\/\/aguarda.es\/\">http:\/\/aguarda.es<\/a>\u00a0<\/span><\/span><span><span lang=\"gl-ES\">cubrilas e entregalas no Concello no Departamento de Deportes dentro do prazo de inscrici\u00f3n en horario de ma\u00f1\u00e1. Unha vez rematado o prazo, a partir<\/span><\/span><span><span lang=\"gl-ES\"> do d\u00eda 28 de xu\u00f1o, o concello da Guarda po\u00f1erase en contacto cos participantes para a realizaci\u00f3n do pago.<\/span><\/span><\/p>\n<p lang=\"gl-ES\"><span><span lang=\"gl-ES\">\u00a0<\/span><\/span><\/p>\n<p lang=\"gl-ES\"><a href=\"https:\/\/www.aguarda.es\/images\/novas\/doc\/FICHA_INSCRICION_E_AUTORIZACION_CAMPUS_DEPORTIVO.pdf\" target=\"_blank\"><span><span lang=\"gl-ES\">DESCARGAR A FICHA DE INSCRICI\u00d3N E AUTORIZACI\u00d3N<\/span><\/span><\/a><\/p>\n<p lang=\"gl-ES\">\u00a0<\/p>\n<p lang=\"gl-ES\">\u00a0<\/p>\n","protected":false},"excerpt":{"rendered":"<p>Dende este m\u00e9rcores d\u00eda 15 e ata o vindeiro 28 de xu\u00f1o queda aberto o prazo de inscrici\u00f3n para anotarse ao Campus de Tecnificaci\u00f3n Deportiva da Guarda.<\/p>\n","protected":false},"author":1,"featured_media":0,"comment_status":"open","ping_status":"open","sticky":false,"template":"","format":"standard","meta":[],"categories":[35],"tags":[],"yoast_head":"<!-- This site is optimized with the Yoast SEO plugin v21.1 - https:\/\/yoast.com\/wordpress\/plugins\/seo\/ -->\n<title>Aberto o prazo de inscrici\u00f3n para o Campus de Tecnificaci\u00f3n Deportiva da Guarda - Concello da Guarda<\/title>\n<meta name=\"robots\" content=\"index, follow, max-snippet:-1, max-image-preview:large, max-video-preview:-1\" \/>\n<link rel=\"canonical\" href=\"https:\/\/www.aguarda.es\/en\/aberto-o-prazo-de-inscricion-para-o-campus-de-tecnificacion-deportiva-da-guarda\/\" \/>\n<meta property=\"og:locale\" content=\"en_US\" \/>\n<meta property=\"og:type\" content=\"article\" \/>\n<meta property=\"og:title\" content=\"Aberto o prazo de inscrici\u00f3n para o Campus de Tecnificaci\u00f3n Deportiva da Guarda - Concello da Guarda\" \/>\n<meta property=\"og:description\" content=\"Dende este m\u00e9rcores d\u00eda 15 e ata o vindeiro 28 de xu\u00f1o queda aberto o prazo de inscrici\u00f3n para anotarse ao Campus de Tecnificaci\u00f3n Deportiva da Guarda.\" \/>\n<meta property=\"og:url\" content=\"https:\/\/www.aguarda.es\/en\/aberto-o-prazo-de-inscricion-para-o-campus-de-tecnificacion-deportiva-da-guarda\/\" \/>\n<meta property=\"og:site_name\" content=\"Concello da Guarda\" \/>\n<meta property=\"article:publisher\" content=\"https:\/\/www.facebook.com\/ConcellodaGuarda\" \/>\n<meta property=\"article:published_time\" content=\"2016-06-14T08:57:54+00:00\" \/>\n<meta property=\"og:image\" content=\"https:\/\/www.aguarda.es\/wp-content\/uploads\/2016\/06\/2016_CAMPUS%20DEPORTIVO%20A%20GUARDA%202016.jpg\" \/>\n<meta name=\"author\" content=\"Concello\" \/>\n<meta name=\"twitter:card\" content=\"summary_large_image\" \/>\n<meta name=\"twitter:creator\" content=\"@AGuarda_es\" \/>\n<meta name=\"twitter:site\" content=\"@AGuarda_es\" \/>\n<meta name=\"twitter:label1\" content=\"Written by\" \/>\n\t<meta name=\"twitter:data1\" content=\"Concello\" \/>\n\t<meta name=\"twitter:label2\" content=\"Est. reading time\" \/>\n\t<meta name=\"twitter:data2\" content=\"1 minute\" \/>\n<script type=\"application\/ld+json\" class=\"yoast-schema-graph\">{\"@context\":\"https:\/\/schema.org\",\"@graph\":[{\"@type\":\"WebPage\",\"@id\":\"https:\/\/www.aguarda.es\/en\/aberto-o-prazo-de-inscricion-para-o-campus-de-tecnificacion-deportiva-da-guarda\/\",\"url\":\"https:\/\/www.aguarda.es\/en\/aberto-o-prazo-de-inscricion-para-o-campus-de-tecnificacion-deportiva-da-guarda\/\",\"name\":\"Aberto o prazo de inscrici\u00f3n para o Campus de Tecnificaci\u00f3n Deportiva da Guarda - Concello da Guarda\",\"isPartOf\":{\"@id\":\"https:\/\/www.aguarda.es\/en\/#website\"},\"datePublished\":\"2016-06-14T08:57:54+00:00\",\"dateModified\":\"2016-06-14T08:57:54+00:00\",\"author\":{\"@id\":\"https:\/\/www.aguarda.es\/en\/#\/schema\/person\/ac30f4d74843174f0af56c730f74dd57\"},\"breadcrumb\":{\"@id\":\"https:\/\/www.aguarda.es\/en\/aberto-o-prazo-de-inscricion-para-o-campus-de-tecnificacion-deportiva-da-guarda\/#breadcrumb\"},\"inLanguage\":\"en-US\",\"potentialAction\":[{\"@type\":\"ReadAction\",\"target\":[\"https:\/\/www.aguarda.es\/en\/aberto-o-prazo-de-inscricion-para-o-campus-de-tecnificacion-deportiva-da-guarda\/\"]}]},{\"@type\":\"BreadcrumbList\",\"@id\":\"https:\/\/www.aguarda.es\/en\/aberto-o-prazo-de-inscricion-para-o-campus-de-tecnificacion-deportiva-da-guarda\/#breadcrumb\",\"itemListElement\":[{\"@type\":\"ListItem\",\"position\":1,\"name\":\"Portada\",\"item\":\"https:\/\/www.aguarda.es\/en\/\"},{\"@type\":\"ListItem\",\"position\":2,\"name\":\"Aberto o prazo de inscrici\u00f3n para o Campus de Tecnificaci\u00f3n Deportiva da Guarda\"}]},{\"@type\":\"WebSite\",\"@id\":\"https:\/\/www.aguarda.es\/en\/#website\",\"url\":\"https:\/\/www.aguarda.es\/en\/\",\"name\":\"Concello da Guarda\",\"description\":\"P\u00e1xina web do concello da Guarda\",\"potentialAction\":[{\"@type\":\"SearchAction\",\"target\":{\"@type\":\"EntryPoint\",\"urlTemplate\":\"https:\/\/www.aguarda.es\/en\/?s={search_term_string}\"},\"query-input\":\"required name=search_term_string\"}],\"inLanguage\":\"en-US\"},{\"@type\":\"Person\",\"@id\":\"https:\/\/www.aguarda.es\/en\/#\/schema\/person\/ac30f4d74843174f0af56c730f74dd57\",\"name\":\"Concello\",\"image\":{\"@type\":\"ImageObject\",\"inLanguage\":\"en-US\",\"@id\":\"https:\/\/www.aguarda.es\/en\/#\/schema\/person\/image\/\",\"url\":\"https:\/\/secure.gravatar.com\/avatar\/7eda12a04da40b2ef77eb62e68f07027?s=96&d=mm&r=g\",\"contentUrl\":\"https:\/\/secure.gravatar.com\/avatar\/7eda12a04da40b2ef77eb62e68f07027?s=96&d=mm&r=g\",\"caption\":\"Concello\"},\"url\":\"https:\/\/www.aguarda.es\/en\/author\/admin\/\"}]}<\/script>\n<!-- \/ Yoast SEO plugin. -->","yoast_head_json":{"title":"Aberto o prazo de inscrici\u00f3n para o Campus de Tecnificaci\u00f3n Deportiva da Guarda - Concello da Guarda","robots":{"index":"index","follow":"follow","max-snippet":"max-snippet:-1","max-image-preview":"max-image-preview:large","max-video-preview":"max-video-preview:-1"},"canonical":"https:\/\/www.aguarda.es\/en\/aberto-o-prazo-de-inscricion-para-o-campus-de-tecnificacion-deportiva-da-guarda\/","og_locale":"en_US","og_type":"article","og_title":"Aberto o prazo de inscrici\u00f3n para o Campus de Tecnificaci\u00f3n Deportiva da Guarda - Concello da Guarda","og_description":"Dende este m\u00e9rcores d\u00eda 15 e ata o vindeiro 28 de xu\u00f1o queda aberto o prazo de inscrici\u00f3n para anotarse ao Campus de Tecnificaci\u00f3n Deportiva da Guarda.","og_url":"https:\/\/www.aguarda.es\/en\/aberto-o-prazo-de-inscricion-para-o-campus-de-tecnificacion-deportiva-da-guarda\/","og_site_name":"Concello da Guarda","article_publisher":"https:\/\/www.facebook.com\/ConcellodaGuarda","article_published_time":"2016-06-14T08:57:54+00:00","og_image":[{"url":"https:\/\/www.aguarda.es\/wp-content\/uploads\/2016\/06\/2016_CAMPUS%20DEPORTIVO%20A%20GUARDA%202016.jpg"}],"author":"Concello","twitter_card":"summary_large_image","twitter_creator":"@AGuarda_es","twitter_site":"@AGuarda_es","twitter_misc":{"Written by":"Concello","Est. reading time":"1 minute"},"schema":{"@context":"https:\/\/schema.org","@graph":[{"@type":"WebPage","@id":"https:\/\/www.aguarda.es\/en\/aberto-o-prazo-de-inscricion-para-o-campus-de-tecnificacion-deportiva-da-guarda\/","url":"https:\/\/www.aguarda.es\/en\/aberto-o-prazo-de-inscricion-para-o-campus-de-tecnificacion-deportiva-da-guarda\/","name":"Aberto o prazo de inscrici\u00f3n para o Campus de Tecnificaci\u00f3n Deportiva da Guarda - Concello da Guarda","isPartOf":{"@id":"https:\/\/www.aguarda.es\/en\/#website"},"datePublished":"2016-06-14T08:57:54+00:00","dateModified":"2016-06-14T08:57:54+00:00","author":{"@id":"https:\/\/www.aguarda.es\/en\/#\/schema\/person\/ac30f4d74843174f0af56c730f74dd57"},"breadcrumb":{"@id":"https:\/\/www.aguarda.es\/en\/aberto-o-prazo-de-inscricion-para-o-campus-de-tecnificacion-deportiva-da-guarda\/#breadcrumb"},"inLanguage":"en-US","potentialAction":[{"@type":"ReadAction","target":["https:\/\/www.aguarda.es\/en\/aberto-o-prazo-de-inscricion-para-o-campus-de-tecnificacion-deportiva-da-guarda\/"]}]},{"@type":"BreadcrumbList","@id":"https:\/\/www.aguarda.es\/en\/aberto-o-prazo-de-inscricion-para-o-campus-de-tecnificacion-deportiva-da-guarda\/#breadcrumb","itemListElement":[{"@type":"ListItem","position":1,"name":"Portada","item":"https:\/\/www.aguarda.es\/en\/"},{"@type":"ListItem","position":2,"name":"Aberto o prazo de inscrici\u00f3n para o Campus de Tecnificaci\u00f3n Deportiva da Guarda"}]},{"@type":"WebSite","@id":"https:\/\/www.aguarda.es\/en\/#website","url":"https:\/\/www.aguarda.es\/en\/","name":"Concello da Guarda","description":"P\u00e1xina web do concello da Guarda","potentialAction":[{"@type":"SearchAction","target":{"@type":"EntryPoint","urlTemplate":"https:\/\/www.aguarda.es\/en\/?s={search_term_string}"},"query-input":"required name=search_term_string"}],"inLanguage":"en-US"},{"@type":"Person","@id":"https:\/\/www.aguarda.es\/en\/#\/schema\/person\/ac30f4d74843174f0af56c730f74dd57","name":"Concello","image":{"@type":"ImageObject","inLanguage":"en-US","@id":"https:\/\/www.aguarda.es\/en\/#\/schema\/person\/image\/","url":"https:\/\/secure.gravatar.com\/avatar\/7eda12a04da40b2ef77eb62e68f07027?s=96&d=mm&r=g","contentUrl":"https:\/\/secure.gravatar.com\/avatar\/7eda12a04da40b2ef77eb62e68f07027?s=96&d=mm&r=g","caption":"Concello"},"url":"https:\/\/www.aguarda.es\/en\/author\/admin\/"}]}},"_links":{"self":[{"href":"https:\/\/www.aguarda.es\/en\/wp-json\/wp\/v2\/posts\/1929"}],"collection":[{"href":"https:\/\/www.aguarda.es\/en\/wp-json\/wp\/v2\/posts"}],"about":[{"href":"https:\/\/www.aguarda.es\/en\/wp-json\/wp\/v2\/types\/post"}],"author":[{"embeddable":true,"href":"https:\/\/www.aguarda.es\/en\/wp-json\/wp\/v2\/users\/1"}],"replies":[{"embeddable":true,"href":"https:\/\/www.aguarda.es\/en\/wp-json\/wp\/v2\/comments?post=1929"}],"version-history":[{"count":0,"href":"https:\/\/www.aguarda.es\/en\/wp-json\/wp\/v2\/posts\/1929\/revisions"}],"wp:attachment":[{"href":"https:\/\/www.aguarda.es\/en\/wp-json\/wp\/v2\/media?parent=1929"}],"wp:term":[{"taxonomy":"category","embeddable":true,"href":"https:\/\/www.aguarda.es\/en\/wp-json\/wp\/v2\/categories?post=1929"},{"taxonomy":"post_tag","embeddable":true,"href":"https:\/\/www.aguarda.es\/en\/wp-json\/wp\/v2\/tags?post=1929"}],"curies":[{"name":"wp","href":"https:\/\/api.w.org\/{rel}","templated":true}]}}