{"id":19292,"date":"2019-08-28T10:00:20","date_gmt":"2019-08-28T10:00:20","guid":{"rendered":"https:\/\/www.aguarda.es\/?p=19292"},"modified":"2019-08-28T10:00:20","modified_gmt":"2019-08-28T10:00:20","slug":"a-paisaxe-do-camino-portugues-da-costa-presente-na-15k-do-atlantico-2019","status":"publish","type":"post","link":"https:\/\/www.aguarda.es\/en\/a-paisaxe-do-camino-portugues-da-costa-presente-na-15k-do-atlantico-2019\/","title":{"rendered":"\u00abA Paisaxe do Cami\u00f1o Portugu\u00e9s da Costa\u00bb presente na 15k do Atl\u00e1ntico 2019"},"content":{"rendered":"<p style=\"text-align: justify\">O vindeiro 29 de setembro regresa unha das probas deportivas con maior n\u00famero de participantes na Comarca do Baixo Mi\u00f1o, a 15k do Atl\u00e1ntico, que este ano trae moitas novidades coma unha ruta en pat\u00edns, charlas, ruta en cabalo, unha obra de teatro, a tradicional andaina e, como non poder\u00eda ser doutra forma, a carreira.<\/p>\n<p style=\"text-align: justify\">As inscrici\u00f3ns para participar na 15k do Atl\u00e1ntico est\u00e1n xa abertas na web <a href=\"http:\/\/www.bancomediolanum15kseries.com\">www.bancomediolanum15kseries.com<\/a> contando xa con case 200 inscritos na modalidade de carreira. A Carreira partir\u00e1 como cada ano dende o Campo de F\u00fatbol de Oia, percorrendo parte do trazado do Cami\u00f1o Portugu\u00e9s da Costa pasando polo Rosal ata chegar ao Porto da Guarda, onde estar\u00e1 a li\u00f1a de meta.<\/p>\n<p style=\"text-align: justify\">As actividades programadas entorno a este evento deportivo arrancar\u00e1n xa na xornada do venres d\u00eda 27 de setembro cunha importante novidade, unha charla a cargo do historiador e investigador F.J. Costas Goberna, quen falar\u00e1 sobre \u00abA Paisaxe do Cami\u00f1o Portugu\u00e9s da Costa\u00bb \u00e1s 20:00h no Centro Cultural de Moug\u00e1s, no termo municipal de Oia.<\/p>\n<p style=\"text-align: justify\">Fernando Javier Costas Goberna nace no ano 1953, sendo moi reco\u00f1ecido polas s\u00faas aportaci\u00f3ns ao co\u00f1ecemento da Arte Rupestre do Noroeste da Pen\u00ednsula Ib\u00e9rica participando en diversas publicaci\u00f3ns, formando parte activa na vida diaria de Oia, coma membro destacado de varios colectivos coma ACAMO, a Comunidade de Montes ou mesmo no Instituto de Estudios Vigueses.<\/p>\n","protected":false},"excerpt":{"rendered":"<p>O vindeiro 29 de setembro regresa unha das probas deportivas con maior n\u00famero de participantes na Comarca do Baixo Mi\u00f1o, a 15k do Atl\u00e1ntico, que este ano trae moitas novidades coma unha ruta en pat\u00edns, charlas, ruta en cabalo, unha &hellip; <\/p>\n","protected":false},"author":2,"featured_media":19293,"comment_status":"open","ping_status":"open","sticky":false,"template":"","format":"standard","meta":[],"categories":[34,35,33],"tags":[566,226,276],"yoast_head":"<!-- This site is optimized with the Yoast SEO plugin v21.1 - https:\/\/yoast.com\/wordpress\/plugins\/seo\/ -->\n<title>\u00abA Paisaxe do Cami\u00f1o Portugu\u00e9s da Costa\u00bb presente na 15k do Atl\u00e1ntico 2019 - Concello da Guarda<\/title>\n<meta name=\"robots\" content=\"index, follow, max-snippet:-1, max-image-preview:large, max-video-preview:-1\" \/>\n<link rel=\"canonical\" href=\"https:\/\/www.aguarda.es\/en\/a-paisaxe-do-camino-portugues-da-costa-presente-na-15k-do-atlantico-2019\/\" \/>\n<meta property=\"og:locale\" content=\"en_US\" \/>\n<meta property=\"og:type\" content=\"article\" \/>\n<meta property=\"og:title\" content=\"\u00abA Paisaxe do Cami\u00f1o Portugu\u00e9s da Costa\u00bb presente na 15k do Atl\u00e1ntico 2019 - Concello da Guarda\" \/>\n<meta property=\"og:description\" content=\"O vindeiro 29 de setembro regresa unha das probas deportivas con maior n\u00famero de participantes na Comarca do Baixo Mi\u00f1o, a 15k do Atl\u00e1ntico, que este ano trae moitas novidades coma unha ruta en pat\u00edns, charlas, ruta en cabalo, unha &hellip;\" \/>\n<meta property=\"og:url\" content=\"https:\/\/www.aguarda.es\/en\/a-paisaxe-do-camino-portugues-da-costa-presente-na-15k-do-atlantico-2019\/\" \/>\n<meta property=\"og:site_name\" content=\"Concello da Guarda\" \/>\n<meta property=\"article:publisher\" content=\"https:\/\/www.facebook.com\/ConcellodaGuarda\" \/>\n<meta property=\"article:published_time\" content=\"2019-08-28T10:00:20+00:00\" \/>\n<meta property=\"og:image\" content=\"https:\/\/www.aguarda.es\/wp-content\/uploads\/2019\/08\/Sin-t\u00edtulo-1-2.jpg\" \/>\n\t<meta property=\"og:image:width\" content=\"800\" \/>\n\t<meta property=\"og:image:height\" content=\"566\" \/>\n\t<meta property=\"og:image:type\" content=\"image\/jpeg\" \/>\n<meta name=\"author\" content=\"prensa\" \/>\n<meta name=\"twitter:card\" content=\"summary_large_image\" \/>\n<meta name=\"twitter:creator\" content=\"@AGuarda_es\" \/>\n<meta name=\"twitter:site\" content=\"@AGuarda_es\" \/>\n<meta name=\"twitter:label1\" content=\"Written by\" \/>\n\t<meta name=\"twitter:data1\" content=\"prensa\" \/>\n\t<meta name=\"twitter:label2\" content=\"Est. reading time\" \/>\n\t<meta name=\"twitter:data2\" content=\"1 minute\" \/>\n<script type=\"application\/ld+json\" class=\"yoast-schema-graph\">{\"@context\":\"https:\/\/schema.org\",\"@graph\":[{\"@type\":\"WebPage\",\"@id\":\"https:\/\/www.aguarda.es\/en\/a-paisaxe-do-camino-portugues-da-costa-presente-na-15k-do-atlantico-2019\/\",\"url\":\"https:\/\/www.aguarda.es\/en\/a-paisaxe-do-camino-portugues-da-costa-presente-na-15k-do-atlantico-2019\/\",\"name\":\"\u00abA Paisaxe do Cami\u00f1o Portugu\u00e9s da Costa\u00bb presente na 15k do Atl\u00e1ntico 2019 - Concello da Guarda\",\"isPartOf\":{\"@id\":\"https:\/\/www.aguarda.es\/en\/#website\"},\"datePublished\":\"2019-08-28T10:00:20+00:00\",\"dateModified\":\"2019-08-28T10:00:20+00:00\",\"author\":{\"@id\":\"https:\/\/www.aguarda.es\/en\/#\/schema\/person\/c463ca3006858ffb349d11179d044f21\"},\"breadcrumb\":{\"@id\":\"https:\/\/www.aguarda.es\/en\/a-paisaxe-do-camino-portugues-da-costa-presente-na-15k-do-atlantico-2019\/#breadcrumb\"},\"inLanguage\":\"en-US\",\"potentialAction\":[{\"@type\":\"ReadAction\",\"target\":[\"https:\/\/www.aguarda.es\/en\/a-paisaxe-do-camino-portugues-da-costa-presente-na-15k-do-atlantico-2019\/\"]}]},{\"@type\":\"BreadcrumbList\",\"@id\":\"https:\/\/www.aguarda.es\/en\/a-paisaxe-do-camino-portugues-da-costa-presente-na-15k-do-atlantico-2019\/#breadcrumb\",\"itemListElement\":[{\"@type\":\"ListItem\",\"position\":1,\"name\":\"Portada\",\"item\":\"https:\/\/www.aguarda.es\/en\/\"},{\"@type\":\"ListItem\",\"position\":2,\"name\":\"\u00abA Paisaxe do Cami\u00f1o Portugu\u00e9s da Costa\u00bb presente na 15k do Atl\u00e1ntico 2019\"}]},{\"@type\":\"WebSite\",\"@id\":\"https:\/\/www.aguarda.es\/en\/#website\",\"url\":\"https:\/\/www.aguarda.es\/en\/\",\"name\":\"Concello da Guarda\",\"description\":\"P\u00e1xina web do concello da Guarda\",\"potentialAction\":[{\"@type\":\"SearchAction\",\"target\":{\"@type\":\"EntryPoint\",\"urlTemplate\":\"https:\/\/www.aguarda.es\/en\/?s={search_term_string}\"},\"query-input\":\"required name=search_term_string\"}],\"inLanguage\":\"en-US\"},{\"@type\":\"Person\",\"@id\":\"https:\/\/www.aguarda.es\/en\/#\/schema\/person\/c463ca3006858ffb349d11179d044f21\",\"name\":\"prensa\",\"image\":{\"@type\":\"ImageObject\",\"inLanguage\":\"en-US\",\"@id\":\"https:\/\/www.aguarda.es\/en\/#\/schema\/person\/image\/\",\"url\":\"https:\/\/secure.gravatar.com\/avatar\/5f90ef536b0f98306edf5c7a1135ffa1?s=96&d=mm&r=g\",\"contentUrl\":\"https:\/\/secure.gravatar.com\/avatar\/5f90ef536b0f98306edf5c7a1135ffa1?s=96&d=mm&r=g\",\"caption\":\"prensa\"},\"url\":\"https:\/\/www.aguarda.es\/en\/author\/prensa\/\"}]}<\/script>\n<!-- \/ Yoast SEO plugin. -->","yoast_head_json":{"title":"\u00abA Paisaxe do Cami\u00f1o Portugu\u00e9s da Costa\u00bb presente na 15k do Atl\u00e1ntico 2019 - Concello da Guarda","robots":{"index":"index","follow":"follow","max-snippet":"max-snippet:-1","max-image-preview":"max-image-preview:large","max-video-preview":"max-video-preview:-1"},"canonical":"https:\/\/www.aguarda.es\/en\/a-paisaxe-do-camino-portugues-da-costa-presente-na-15k-do-atlantico-2019\/","og_locale":"en_US","og_type":"article","og_title":"\u00abA Paisaxe do Cami\u00f1o Portugu\u00e9s da Costa\u00bb presente na 15k do Atl\u00e1ntico 2019 - Concello da Guarda","og_description":"O vindeiro 29 de setembro regresa unha das probas deportivas con maior n\u00famero de participantes na Comarca do Baixo Mi\u00f1o, a 15k do Atl\u00e1ntico, que este ano trae moitas novidades coma unha ruta en pat\u00edns, charlas, ruta en cabalo, unha &hellip;","og_url":"https:\/\/www.aguarda.es\/en\/a-paisaxe-do-camino-portugues-da-costa-presente-na-15k-do-atlantico-2019\/","og_site_name":"Concello da Guarda","article_publisher":"https:\/\/www.facebook.com\/ConcellodaGuarda","article_published_time":"2019-08-28T10:00:20+00:00","og_image":[{"width":800,"height":566,"url":"https:\/\/www.aguarda.es\/wp-content\/uploads\/2019\/08\/Sin-t\u00edtulo-1-2.jpg","type":"image\/jpeg"}],"author":"prensa","twitter_card":"summary_large_image","twitter_creator":"@AGuarda_es","twitter_site":"@AGuarda_es","twitter_misc":{"Written by":"prensa","Est. reading time":"1 minute"},"schema":{"@context":"https:\/\/schema.org","@graph":[{"@type":"WebPage","@id":"https:\/\/www.aguarda.es\/en\/a-paisaxe-do-camino-portugues-da-costa-presente-na-15k-do-atlantico-2019\/","url":"https:\/\/www.aguarda.es\/en\/a-paisaxe-do-camino-portugues-da-costa-presente-na-15k-do-atlantico-2019\/","name":"\u00abA Paisaxe do Cami\u00f1o Portugu\u00e9s da Costa\u00bb presente na 15k do Atl\u00e1ntico 2019 - Concello da Guarda","isPartOf":{"@id":"https:\/\/www.aguarda.es\/en\/#website"},"datePublished":"2019-08-28T10:00:20+00:00","dateModified":"2019-08-28T10:00:20+00:00","author":{"@id":"https:\/\/www.aguarda.es\/en\/#\/schema\/person\/c463ca3006858ffb349d11179d044f21"},"breadcrumb":{"@id":"https:\/\/www.aguarda.es\/en\/a-paisaxe-do-camino-portugues-da-costa-presente-na-15k-do-atlantico-2019\/#breadcrumb"},"inLanguage":"en-US","potentialAction":[{"@type":"ReadAction","target":["https:\/\/www.aguarda.es\/en\/a-paisaxe-do-camino-portugues-da-costa-presente-na-15k-do-atlantico-2019\/"]}]},{"@type":"BreadcrumbList","@id":"https:\/\/www.aguarda.es\/en\/a-paisaxe-do-camino-portugues-da-costa-presente-na-15k-do-atlantico-2019\/#breadcrumb","itemListElement":[{"@type":"ListItem","position":1,"name":"Portada","item":"https:\/\/www.aguarda.es\/en\/"},{"@type":"ListItem","position":2,"name":"\u00abA Paisaxe do Cami\u00f1o Portugu\u00e9s da Costa\u00bb presente na 15k do Atl\u00e1ntico 2019"}]},{"@type":"WebSite","@id":"https:\/\/www.aguarda.es\/en\/#website","url":"https:\/\/www.aguarda.es\/en\/","name":"Concello da Guarda","description":"P\u00e1xina web do concello da Guarda","potentialAction":[{"@type":"SearchAction","target":{"@type":"EntryPoint","urlTemplate":"https:\/\/www.aguarda.es\/en\/?s={search_term_string}"},"query-input":"required name=search_term_string"}],"inLanguage":"en-US"},{"@type":"Person","@id":"https:\/\/www.aguarda.es\/en\/#\/schema\/person\/c463ca3006858ffb349d11179d044f21","name":"prensa","image":{"@type":"ImageObject","inLanguage":"en-US","@id":"https:\/\/www.aguarda.es\/en\/#\/schema\/person\/image\/","url":"https:\/\/secure.gravatar.com\/avatar\/5f90ef536b0f98306edf5c7a1135ffa1?s=96&d=mm&r=g","contentUrl":"https:\/\/secure.gravatar.com\/avatar\/5f90ef536b0f98306edf5c7a1135ffa1?s=96&d=mm&r=g","caption":"prensa"},"url":"https:\/\/www.aguarda.es\/en\/author\/prensa\/"}]}},"_links":{"self":[{"href":"https:\/\/www.aguarda.es\/en\/wp-json\/wp\/v2\/posts\/19292"}],"collection":[{"href":"https:\/\/www.aguarda.es\/en\/wp-json\/wp\/v2\/posts"}],"about":[{"href":"https:\/\/www.aguarda.es\/en\/wp-json\/wp\/v2\/types\/post"}],"author":[{"embeddable":true,"href":"https:\/\/www.aguarda.es\/en\/wp-json\/wp\/v2\/users\/2"}],"replies":[{"embeddable":true,"href":"https:\/\/www.aguarda.es\/en\/wp-json\/wp\/v2\/comments?post=19292"}],"version-history":[{"count":1,"href":"https:\/\/www.aguarda.es\/en\/wp-json\/wp\/v2\/posts\/19292\/revisions"}],"predecessor-version":[{"id":19295,"href":"https:\/\/www.aguarda.es\/en\/wp-json\/wp\/v2\/posts\/19292\/revisions\/19295"}],"wp:featuredmedia":[{"embeddable":true,"href":"https:\/\/www.aguarda.es\/en\/wp-json\/wp\/v2\/media\/19293"}],"wp:attachment":[{"href":"https:\/\/www.aguarda.es\/en\/wp-json\/wp\/v2\/media?parent=19292"}],"wp:term":[{"taxonomy":"category","embeddable":true,"href":"https:\/\/www.aguarda.es\/en\/wp-json\/wp\/v2\/categories?post=19292"},{"taxonomy":"post_tag","embeddable":true,"href":"https:\/\/www.aguarda.es\/en\/wp-json\/wp\/v2\/tags?post=19292"}],"curies":[{"name":"wp","href":"https:\/\/api.w.org\/{rel}","templated":true}]}}