{"id":19424,"date":"2019-09-12T07:50:34","date_gmt":"2019-09-12T07:50:34","guid":{"rendered":"https:\/\/www.aguarda.es\/?p=19424"},"modified":"2019-09-12T07:50:34","modified_gmt":"2019-09-12T07:50:34","slug":"a-guarda-preparase-para-unha-intensa-fin-de-semana","status":"publish","type":"post","link":"https:\/\/www.aguarda.es\/en\/a-guarda-preparase-para-unha-intensa-fin-de-semana\/","title":{"rendered":"A Guarda preparase para unha intensa fin de semana"},"content":{"rendered":"<p style=\"text-align: justify\">Esta fin de semana A Guarda acolle varias actividades nas que destacan o inicio das celebraci\u00f3ns das Festas das Mercedes na G\u00e1ndara, un Relatorio sobre Violencia de X\u00e9nero con Amelia Tiganus, o concerto de peche de M\u00fasica nas Prazas 2019 con Helen &amp; Shanna, a 2\u00ba churrascada de Bux\u00e1n, una nova sesi\u00f3n de Contos Contados, adem\u00e1is de visitas guiadas ao Monte Santa Trega e exposici\u00f3ns.<\/p>\n<p style=\"text-align: justify\"><strong>VENRES 13<\/strong><\/p>\n<p style=\"text-align: justify\">O venres d\u00eda 13 de setembro o Centro Cultural da Guarda acoller\u00e1 un Relatorio sobre Violencia Sexual Comercial a cargo de Amelia Tiganus e no que colabora o CIM(Centro de Informaci\u00f3n \u00e1 Muller) da Guarda .<\/p>\n<p style=\"text-align: justify\">O acto, que ter\u00e1 lugar \u00e1s 20:00h, tratar\u00e1 sobre os Avances e retos de futuro na loita contra a trata e explotaci\u00f3n sexual de mulleres e nenas.<\/p>\n<p style=\"text-align: justify\">M\u00fasica nas Prazas 2019 chega este venres d\u00eda 13 de setembro ao seu fin tralos concertos de Caramelo Krew o 14 de xu\u00f1o na Praza de San Queitano e de Blues do Pa\u00eds o pasado venres d\u00eda 16 de agosto na Praza de Avelino Vicente(As de Copas).<\/p>\n<p style=\"text-align: justify\">Desta volta \u00e9 a quenda de \u00abHelen &amp; Shanna\u00bb, un grupo guard\u00e9s nado no ano 2013 e que xa ten ofertado numerosos concertos en salas e pequenos festivais en toda Galicia. Cunha forte influencia folk, \u00abHelen &amp; Shanna\u00bb recolle aspectos doutras culturas, con instrumentos tan variados coma o sitar, a trompeta, o viol\u00edn ou o ukelele.<\/p>\n<p style=\"text-align: justify\">Para rematar esta edici\u00f3n o venres 13 de setembro \u00e1s 22:00h a Praza dos Seixi\u00f1os acoller\u00e1 a actuaci\u00f3n de Helen &amp; Shana.<\/p>\n<p style=\"text-align: justify\">Na xornada deste venres contin\u00faan as visitas guiadas para co\u00f1ecer o patrimonio do Monte Santa Trega, \u00e1s 11:30h realizarase a visita guiada ao Castro de Santa Trega, que ter\u00e1 como punto de encontro a vivenda reconstru\u00edda do Castro de Santa Trega e que ter\u00e1 unha duraci\u00f3n aproximada de 30 minutos.<\/p>\n<p style=\"text-align: justify\">\u00c1s 12:30h e \u00e1s 17:00h ter\u00e1n lugar d\u00faas novas visitas guiadas ao Monte Santa Trega, con punto de encontro no Museo Arqueol\u00f3xico(MASAT) e que ter\u00e1n unha duraci\u00f3n aproximada de 90 minutos.<\/p>\n<p style=\"text-align: justify\">Estas visitas guiadas son de car\u00e1cter gratu\u00edto e sen inscrici\u00f3n previa. Para grupos de m\u00e1is de 10 persoas \u00e9 obrigatorio facer unha reserva previa chamando ao tel\u00e9fono 986610504.<\/p>\n<p style=\"text-align: justify\">A taxa de acceso ao Monte Santa Trega \u00e9 de 1\u20ac para adultos e 0,5\u20ac para menores de 14 anos.<\/p>\n<p style=\"text-align: justify\"><strong>S\u00c1BADO 14<\/strong><\/p>\n<p style=\"text-align: justify\">A Asociaci\u00f3n Cultural O Percamino da G\u00e1ndara organiza un ano m\u00e1is as Festas das Mercedes, cunha ampla programaci\u00f3n que arranca xa este s\u00e1bado d\u00eda 14 de setembro con m\u00fasica, actividades deportivas, verbena, gastronom\u00eda e moito m\u00e1is.<\/p>\n<p style=\"text-align: justify\">A programaci\u00f3n para este s\u00e1bado d\u00eda 14 de setembro incl\u00fae a IV Baixada de Carrilanas, que ter\u00e1 lugar \u00e1s 16:00h dende a Pobra ata a bisorca, contando nesta edici\u00f3n cun total de 15 inscritos.<\/p>\n<p style=\"text-align: justify\">Pola noite do s\u00e1bado ter\u00e1 lugar o XIX Ser\u00e1n a partires das 21:00h na Praza dos Seixi\u00f1os organizado polo Grupo de Gaitas A Boalleira e obsequiarase aos asistentes con chocolate e biscoito.<\/p>\n<p style=\"text-align: justify\">Este s\u00e1bado a Praza de Bux\u00e1n acolle a 2\u00ba gran churrascada a partires das 21:00h da noite organizada pola Comisi\u00f3n das Festas da Pascua de Bux\u00e1n<\/p>\n<p style=\"text-align: justify\">Este s\u00e1bado contin\u00faan as visitas guiadas para co\u00f1ecer o patrimonio do Monte Santa Trega, \u00e1s 11:30h realizarase a visita guiada ao Castro de Santa Trega, que ter\u00e1 como punto de encontro a vivenda reconstru\u00edda do Castro de Santa Trega e que ter\u00e1 unha duraci\u00f3n aproximada de 30 minutos.<\/p>\n<p style=\"text-align: justify\">\u00c1s 12:30h e \u00e1s 17:00h ter\u00e1n lugar d\u00faas novas visitas guiadas ao Monte Santa Trega, con punto de encontro no Museo Arqueol\u00f3xico(MASAT) e que ter\u00e1n unha duraci\u00f3n aproximada de 90 minutos.<\/p>\n<p style=\"text-align: justify\">Estas visitas guiadas son de car\u00e1cter gratu\u00edto e sen inscrici\u00f3n previa. Para grupos de m\u00e1is de 10 persoas \u00e9 obrigatorio facer unha reserva previa chamando ao tel\u00e9fono 986610504.<\/p>\n<p style=\"text-align: justify\">A taxa de acceso ao Monte Santa Trega \u00e9 de 1\u20ac para adultos e 0,5\u20ac para menores de 14 anos.<\/p>\n<p style=\"text-align: justify\">O Centro de Interpretaci\u00f3n das Fortalezas no Castelo de Santa Cruz acolle a Exposici\u00f3n de maquetas e figuras de Prax\u00edteles Gonz\u00e1lez na que se expo\u00f1en varias maquetas do artista rosaleiro, como Ponte do Tamuxe, Igrexa de Santa Mari\u00f1a do Rosal, Mu\u00ed\u00f1o Serradoiro e d\u00faas vivendas rosaleiras, todos este elementos do Rosal. Ademais das maquetas das Catedrais de Santiago e Notre Dame. Completa esta exposici\u00f3n unha selecci\u00f3n das m\u00e1is de 40 esculturas realizadas polo artista. Horario de 11:00h a 14:00h e de 18:00h a 21:00h. Entrada: 1\u20ac adultos e 0,5\u20ac ata 14 anos inclusive.<\/p>\n<p style=\"text-align: justify\"><strong>DOMINGO 15<\/strong><\/p>\n<p style=\"text-align: justify\">Na xornada do domingo d\u00eda 15 de setembro, enmarcado nas Festas das Mercedes na G\u00e1ndara, celebrarase \u00e1s 17:00h o II Concurso degustaci\u00f3n de reposter\u00eda e tortillas con premios para os tres primeiros clasificados de cada categor\u00eda e \u00e1s 20:00h ter\u00e1 lugar a actuaci\u00f3n teatro musical de \u00abA chavola de Coiro Vello\u00bb.<\/p>\n<p style=\"text-align: justify\">O Centro de Interpretaci\u00f3n das Fortalezas no Castelo de Santa Cruz acolle a Exposici\u00f3n de maquetas e figuras de Prax\u00edteles Gonz\u00e1lez na que se expo\u00f1en varias maquetas do artista rosaleiro, como Ponte do Tamuxe, Igrexa de Santa Mari\u00f1a do Rosal, Mu\u00ed\u00f1o Serradoiro e d\u00faas vivendas rosaleiras, todos este elementos do Rosal. Ademais das maquetas das Catedrais de Santiago e Notre Dame. Completa esta exposici\u00f3n unha selecci\u00f3n das m\u00e1is de 40 esculturas realizadas polo artista. Horario de 11:00h a 14:00h e de 18:00h a 21:00h. Entrada: 1\u20ac adultos e 0,5\u20ac ata 14 anos inclusive.<\/p>\n","protected":false},"excerpt":{"rendered":"<p>Esta fin de semana A Guarda acolle varias actividades nas que destacan o inicio das celebraci\u00f3ns das Festas das Mercedes na G\u00e1ndara, un Relatorio sobre Violencia de X\u00e9nero con Amelia Tiganus, o concerto de peche de M\u00fasica nas Prazas 2019 &hellip; <\/p>\n","protected":false},"author":2,"featured_media":19425,"comment_status":"open","ping_status":"open","sticky":false,"template":"","format":"standard","meta":[],"categories":[34,56,33],"tags":[226,1343,243,1943,294,1273,232],"yoast_head":"<!-- This site is optimized with the Yoast SEO plugin v21.1 - https:\/\/yoast.com\/wordpress\/plugins\/seo\/ -->\n<title>A Guarda preparase para unha intensa fin de semana - Concello da Guarda<\/title>\n<meta name=\"robots\" content=\"index, follow, max-snippet:-1, max-image-preview:large, max-video-preview:-1\" \/>\n<link rel=\"canonical\" href=\"https:\/\/www.aguarda.es\/en\/a-guarda-preparase-para-unha-intensa-fin-de-semana\/\" \/>\n<meta property=\"og:locale\" content=\"en_US\" \/>\n<meta property=\"og:type\" content=\"article\" \/>\n<meta property=\"og:title\" content=\"A Guarda preparase para unha intensa fin de semana - Concello da Guarda\" \/>\n<meta property=\"og:description\" content=\"Esta fin de semana A Guarda acolle varias actividades nas que destacan o inicio das celebraci\u00f3ns das Festas das Mercedes na G\u00e1ndara, un Relatorio sobre Violencia de X\u00e9nero con Amelia Tiganus, o concerto de peche de M\u00fasica nas Prazas 2019 &hellip;\" \/>\n<meta property=\"og:url\" content=\"https:\/\/www.aguarda.es\/en\/a-guarda-preparase-para-unha-intensa-fin-de-semana\/\" \/>\n<meta property=\"og:site_name\" content=\"Concello da Guarda\" \/>\n<meta property=\"article:publisher\" content=\"https:\/\/www.facebook.com\/ConcellodaGuarda\" \/>\n<meta property=\"article:published_time\" content=\"2019-09-12T07:50:34+00:00\" \/>\n<meta property=\"og:image\" content=\"https:\/\/www.aguarda.es\/wp-content\/uploads\/2019\/09\/NP-12092019-FIN-DE-SEMANA.jpg\" \/>\n\t<meta property=\"og:image:width\" content=\"800\" \/>\n\t<meta property=\"og:image:height\" content=\"450\" \/>\n\t<meta property=\"og:image:type\" content=\"image\/jpeg\" \/>\n<meta name=\"author\" content=\"prensa\" \/>\n<meta name=\"twitter:card\" content=\"summary_large_image\" \/>\n<meta name=\"twitter:creator\" content=\"@AGuarda_es\" \/>\n<meta name=\"twitter:site\" content=\"@AGuarda_es\" \/>\n<meta name=\"twitter:label1\" content=\"Written by\" \/>\n\t<meta name=\"twitter:data1\" content=\"prensa\" \/>\n\t<meta name=\"twitter:label2\" content=\"Est. reading time\" \/>\n\t<meta name=\"twitter:data2\" content=\"5 minutes\" \/>\n<script type=\"application\/ld+json\" class=\"yoast-schema-graph\">{\"@context\":\"https:\/\/schema.org\",\"@graph\":[{\"@type\":\"WebPage\",\"@id\":\"https:\/\/www.aguarda.es\/en\/a-guarda-preparase-para-unha-intensa-fin-de-semana\/\",\"url\":\"https:\/\/www.aguarda.es\/en\/a-guarda-preparase-para-unha-intensa-fin-de-semana\/\",\"name\":\"A Guarda preparase para unha intensa fin de semana - Concello da Guarda\",\"isPartOf\":{\"@id\":\"https:\/\/www.aguarda.es\/en\/#website\"},\"datePublished\":\"2019-09-12T07:50:34+00:00\",\"dateModified\":\"2019-09-12T07:50:34+00:00\",\"author\":{\"@id\":\"https:\/\/www.aguarda.es\/en\/#\/schema\/person\/c463ca3006858ffb349d11179d044f21\"},\"breadcrumb\":{\"@id\":\"https:\/\/www.aguarda.es\/en\/a-guarda-preparase-para-unha-intensa-fin-de-semana\/#breadcrumb\"},\"inLanguage\":\"en-US\",\"potentialAction\":[{\"@type\":\"ReadAction\",\"target\":[\"https:\/\/www.aguarda.es\/en\/a-guarda-preparase-para-unha-intensa-fin-de-semana\/\"]}]},{\"@type\":\"BreadcrumbList\",\"@id\":\"https:\/\/www.aguarda.es\/en\/a-guarda-preparase-para-unha-intensa-fin-de-semana\/#breadcrumb\",\"itemListElement\":[{\"@type\":\"ListItem\",\"position\":1,\"name\":\"Portada\",\"item\":\"https:\/\/www.aguarda.es\/en\/\"},{\"@type\":\"ListItem\",\"position\":2,\"name\":\"A Guarda preparase para unha intensa fin de semana\"}]},{\"@type\":\"WebSite\",\"@id\":\"https:\/\/www.aguarda.es\/en\/#website\",\"url\":\"https:\/\/www.aguarda.es\/en\/\",\"name\":\"Concello da Guarda\",\"description\":\"P\u00e1xina web do concello da Guarda\",\"potentialAction\":[{\"@type\":\"SearchAction\",\"target\":{\"@type\":\"EntryPoint\",\"urlTemplate\":\"https:\/\/www.aguarda.es\/en\/?s={search_term_string}\"},\"query-input\":\"required name=search_term_string\"}],\"inLanguage\":\"en-US\"},{\"@type\":\"Person\",\"@id\":\"https:\/\/www.aguarda.es\/en\/#\/schema\/person\/c463ca3006858ffb349d11179d044f21\",\"name\":\"prensa\",\"image\":{\"@type\":\"ImageObject\",\"inLanguage\":\"en-US\",\"@id\":\"https:\/\/www.aguarda.es\/en\/#\/schema\/person\/image\/\",\"url\":\"https:\/\/secure.gravatar.com\/avatar\/5f90ef536b0f98306edf5c7a1135ffa1?s=96&d=mm&r=g\",\"contentUrl\":\"https:\/\/secure.gravatar.com\/avatar\/5f90ef536b0f98306edf5c7a1135ffa1?s=96&d=mm&r=g\",\"caption\":\"prensa\"},\"url\":\"https:\/\/www.aguarda.es\/en\/author\/prensa\/\"}]}<\/script>\n<!-- \/ Yoast SEO plugin. -->","yoast_head_json":{"title":"A Guarda preparase para unha intensa fin de semana - Concello da Guarda","robots":{"index":"index","follow":"follow","max-snippet":"max-snippet:-1","max-image-preview":"max-image-preview:large","max-video-preview":"max-video-preview:-1"},"canonical":"https:\/\/www.aguarda.es\/en\/a-guarda-preparase-para-unha-intensa-fin-de-semana\/","og_locale":"en_US","og_type":"article","og_title":"A Guarda preparase para unha intensa fin de semana - Concello da Guarda","og_description":"Esta fin de semana A Guarda acolle varias actividades nas que destacan o inicio das celebraci\u00f3ns das Festas das Mercedes na G\u00e1ndara, un Relatorio sobre Violencia de X\u00e9nero con Amelia Tiganus, o concerto de peche de M\u00fasica nas Prazas 2019 &hellip;","og_url":"https:\/\/www.aguarda.es\/en\/a-guarda-preparase-para-unha-intensa-fin-de-semana\/","og_site_name":"Concello da Guarda","article_publisher":"https:\/\/www.facebook.com\/ConcellodaGuarda","article_published_time":"2019-09-12T07:50:34+00:00","og_image":[{"width":800,"height":450,"url":"https:\/\/www.aguarda.es\/wp-content\/uploads\/2019\/09\/NP-12092019-FIN-DE-SEMANA.jpg","type":"image\/jpeg"}],"author":"prensa","twitter_card":"summary_large_image","twitter_creator":"@AGuarda_es","twitter_site":"@AGuarda_es","twitter_misc":{"Written by":"prensa","Est. reading time":"5 minutes"},"schema":{"@context":"https:\/\/schema.org","@graph":[{"@type":"WebPage","@id":"https:\/\/www.aguarda.es\/en\/a-guarda-preparase-para-unha-intensa-fin-de-semana\/","url":"https:\/\/www.aguarda.es\/en\/a-guarda-preparase-para-unha-intensa-fin-de-semana\/","name":"A Guarda preparase para unha intensa fin de semana - Concello da Guarda","isPartOf":{"@id":"https:\/\/www.aguarda.es\/en\/#website"},"datePublished":"2019-09-12T07:50:34+00:00","dateModified":"2019-09-12T07:50:34+00:00","author":{"@id":"https:\/\/www.aguarda.es\/en\/#\/schema\/person\/c463ca3006858ffb349d11179d044f21"},"breadcrumb":{"@id":"https:\/\/www.aguarda.es\/en\/a-guarda-preparase-para-unha-intensa-fin-de-semana\/#breadcrumb"},"inLanguage":"en-US","potentialAction":[{"@type":"ReadAction","target":["https:\/\/www.aguarda.es\/en\/a-guarda-preparase-para-unha-intensa-fin-de-semana\/"]}]},{"@type":"BreadcrumbList","@id":"https:\/\/www.aguarda.es\/en\/a-guarda-preparase-para-unha-intensa-fin-de-semana\/#breadcrumb","itemListElement":[{"@type":"ListItem","position":1,"name":"Portada","item":"https:\/\/www.aguarda.es\/en\/"},{"@type":"ListItem","position":2,"name":"A Guarda preparase para unha intensa fin de semana"}]},{"@type":"WebSite","@id":"https:\/\/www.aguarda.es\/en\/#website","url":"https:\/\/www.aguarda.es\/en\/","name":"Concello da Guarda","description":"P\u00e1xina web do concello da Guarda","potentialAction":[{"@type":"SearchAction","target":{"@type":"EntryPoint","urlTemplate":"https:\/\/www.aguarda.es\/en\/?s={search_term_string}"},"query-input":"required name=search_term_string"}],"inLanguage":"en-US"},{"@type":"Person","@id":"https:\/\/www.aguarda.es\/en\/#\/schema\/person\/c463ca3006858ffb349d11179d044f21","name":"prensa","image":{"@type":"ImageObject","inLanguage":"en-US","@id":"https:\/\/www.aguarda.es\/en\/#\/schema\/person\/image\/","url":"https:\/\/secure.gravatar.com\/avatar\/5f90ef536b0f98306edf5c7a1135ffa1?s=96&d=mm&r=g","contentUrl":"https:\/\/secure.gravatar.com\/avatar\/5f90ef536b0f98306edf5c7a1135ffa1?s=96&d=mm&r=g","caption":"prensa"},"url":"https:\/\/www.aguarda.es\/en\/author\/prensa\/"}]}},"_links":{"self":[{"href":"https:\/\/www.aguarda.es\/en\/wp-json\/wp\/v2\/posts\/19424"}],"collection":[{"href":"https:\/\/www.aguarda.es\/en\/wp-json\/wp\/v2\/posts"}],"about":[{"href":"https:\/\/www.aguarda.es\/en\/wp-json\/wp\/v2\/types\/post"}],"author":[{"embeddable":true,"href":"https:\/\/www.aguarda.es\/en\/wp-json\/wp\/v2\/users\/2"}],"replies":[{"embeddable":true,"href":"https:\/\/www.aguarda.es\/en\/wp-json\/wp\/v2\/comments?post=19424"}],"version-history":[{"count":1,"href":"https:\/\/www.aguarda.es\/en\/wp-json\/wp\/v2\/posts\/19424\/revisions"}],"predecessor-version":[{"id":19427,"href":"https:\/\/www.aguarda.es\/en\/wp-json\/wp\/v2\/posts\/19424\/revisions\/19427"}],"wp:featuredmedia":[{"embeddable":true,"href":"https:\/\/www.aguarda.es\/en\/wp-json\/wp\/v2\/media\/19425"}],"wp:attachment":[{"href":"https:\/\/www.aguarda.es\/en\/wp-json\/wp\/v2\/media?parent=19424"}],"wp:term":[{"taxonomy":"category","embeddable":true,"href":"https:\/\/www.aguarda.es\/en\/wp-json\/wp\/v2\/categories?post=19424"},{"taxonomy":"post_tag","embeddable":true,"href":"https:\/\/www.aguarda.es\/en\/wp-json\/wp\/v2\/tags?post=19424"}],"curies":[{"name":"wp","href":"https:\/\/api.w.org\/{rel}","templated":true}]}}