{"id":19461,"date":"2019-09-16T11:07:25","date_gmt":"2019-09-16T11:07:25","guid":{"rendered":"https:\/\/www.aguarda.es\/?p=19461"},"modified":"2019-09-16T11:07:25","modified_gmt":"2019-09-16T11:07:25","slug":"20-persoas-con-tea-da-fundacion-menela-percorreran-dende-este-martes-o-camino-portugues-da-costa","status":"publish","type":"post","link":"https:\/\/www.aguarda.es\/en\/20-persoas-con-tea-da-fundacion-menela-percorreran-dende-este-martes-o-camino-portugues-da-costa\/","title":{"rendered":"20 persoas con tea da Fundaci\u00f3n Menela percorrer\u00e1n dende este martes o Cami\u00f1o Portugu\u00e9s da Costa"},"content":{"rendered":"<p style=\"text-align: justify\">Este proxecto, denominado Xacobeo Autismo. Un cami\u00f1o de todos, est\u00e1 promovido pola Fundaci\u00f3n MENELA e enmarcado dentro do programa O teu Xacobeo, impulsado pola Xunta de Galicia. Conta ademais coa colaboraci\u00f3n do Concello de Nigr\u00e1n.<\/p>\n<p style=\"text-align: justify\">A Fundaci\u00f3n MENELA, O teu Xacobeo (Xunta de Galicia) e o Concello da Guarda convocan aos medios de comunicaci\u00f3n \u00e1 recepci\u00f3n que ter\u00e1 lugar no propio Concello con motivo do comezo da etapa inicial do Proxecto Xacobeo Autismo. Un cami\u00f1o de todos.<\/p>\n<p style=\"text-align: justify\">A partir de ma\u00f1\u00e1, 17 de setembro, 20 persoas con Trastorno do Espectro do Autismo (TEA) do Centro Castro Nav\u00e1s \u2013 Fundaci\u00f3n Menela, realizar\u00e1n un tramo do Cami\u00f1o Portugu\u00e9s da Costa dende A Guarda ata Nigr\u00e1n, organizado en 7 etapas que transcorreran durante os meses de setembro e outubro, e nas que se achegar\u00e1n a nosa cultura, o noso patrimonio, a nosa gastronom\u00eda e a nosa arte. O far\u00e1n acompa\u00f1ados por profesionais especializados da entidade as\u00ed como por outros colectivos, sendo neste d\u00eda, os rapaces e rapazas do CEIP Mall\u00f3n (Nigr\u00e1n) e do Centro San Xerome Emiliani (A Guarda) quenes se animen a facer primeiro tramo do Cami\u00f1o Portugu\u00e9s da Costa.<\/p>\n<p style=\"text-align: justify\">A primeira etapa sa\u00edra do Concello da Guarda. Ser\u00e1 trala recepci\u00f3n, que ter\u00e1 lugar no Sal\u00f3n de Plenos do Concello \u00e1s 11.30 horas, cando se iniciar\u00e1 a ruta que cami\u00f1a paralela a li\u00f1a costeira, durante un percorrido de 10 quil\u00f3metros que hai ata Portecelo, fin da primeira etapa. Asemade, destacarase a colocaci\u00f3n de pictogramas nas instalaci\u00f3ns do consistorio e no albergue municipal de peregrinos de A Guarda, elementos que melloran a accesibilidade cognitiva e potencian a calidade do turismo accesible, factor clave para a dinamizaci\u00f3n do noso entorno.<\/p>\n<p style=\"text-align: justify\">O Proxecto est\u00e1 financiado polo Programa O teu Xacobeo, impulsado pola Xunta de Galicia e conta coa colaboraci\u00f3n do Concello de Nigr\u00e1n.<\/p>\n","protected":false},"excerpt":{"rendered":"<p>Este proxecto, denominado Xacobeo Autismo. Un cami\u00f1o de todos, est\u00e1 promovido pola Fundaci\u00f3n MENELA e enmarcado dentro do programa O teu Xacobeo, impulsado pola Xunta de Galicia. Conta ademais coa colaboraci\u00f3n do Concello de Nigr\u00e1n. A Fundaci\u00f3n MENELA, O teu &hellip; <\/p>\n","protected":false},"author":2,"featured_media":19462,"comment_status":"open","ping_status":"open","sticky":false,"template":"","format":"standard","meta":[],"categories":[35,33],"tags":[226,1948,1946,1947],"yoast_head":"<!-- This site is optimized with the Yoast SEO plugin v21.1 - https:\/\/yoast.com\/wordpress\/plugins\/seo\/ -->\n<title>20 persoas con tea da Fundaci\u00f3n Menela percorrer\u00e1n dende este martes o Cami\u00f1o Portugu\u00e9s da Costa - Concello da Guarda<\/title>\n<meta name=\"robots\" content=\"index, follow, max-snippet:-1, max-image-preview:large, max-video-preview:-1\" \/>\n<link rel=\"canonical\" href=\"https:\/\/www.aguarda.es\/en\/20-persoas-con-tea-da-fundacion-menela-percorreran-dende-este-martes-o-camino-portugues-da-costa\/\" \/>\n<meta property=\"og:locale\" content=\"en_US\" \/>\n<meta property=\"og:type\" content=\"article\" \/>\n<meta property=\"og:title\" content=\"20 persoas con tea da Fundaci\u00f3n Menela percorrer\u00e1n dende este martes o Cami\u00f1o Portugu\u00e9s da Costa - Concello da Guarda\" \/>\n<meta property=\"og:description\" content=\"Este proxecto, denominado Xacobeo Autismo. Un cami\u00f1o de todos, est\u00e1 promovido pola Fundaci\u00f3n MENELA e enmarcado dentro do programa O teu Xacobeo, impulsado pola Xunta de Galicia. Conta ademais coa colaboraci\u00f3n do Concello de Nigr\u00e1n. A Fundaci\u00f3n MENELA, O teu &hellip;\" \/>\n<meta property=\"og:url\" content=\"https:\/\/www.aguarda.es\/en\/20-persoas-con-tea-da-fundacion-menela-percorreran-dende-este-martes-o-camino-portugues-da-costa\/\" \/>\n<meta property=\"og:site_name\" content=\"Concello da Guarda\" \/>\n<meta property=\"article:publisher\" content=\"https:\/\/www.facebook.com\/ConcellodaGuarda\" \/>\n<meta property=\"article:published_time\" content=\"2019-09-16T11:07:25+00:00\" \/>\n<meta property=\"og:image\" content=\"https:\/\/www.aguarda.es\/wp-content\/uploads\/2019\/09\/Dossier-Xacobeo-Autismo-3.jpg\" \/>\n\t<meta property=\"og:image:width\" content=\"800\" \/>\n\t<meta property=\"og:image:height\" content=\"675\" \/>\n\t<meta property=\"og:image:type\" content=\"image\/jpeg\" \/>\n<meta name=\"author\" content=\"prensa\" \/>\n<meta name=\"twitter:card\" content=\"summary_large_image\" \/>\n<meta name=\"twitter:creator\" content=\"@AGuarda_es\" \/>\n<meta name=\"twitter:site\" content=\"@AGuarda_es\" \/>\n<meta name=\"twitter:label1\" content=\"Written by\" \/>\n\t<meta name=\"twitter:data1\" content=\"prensa\" \/>\n\t<meta name=\"twitter:label2\" content=\"Est. reading time\" \/>\n\t<meta name=\"twitter:data2\" content=\"2 minutes\" \/>\n<script type=\"application\/ld+json\" class=\"yoast-schema-graph\">{\"@context\":\"https:\/\/schema.org\",\"@graph\":[{\"@type\":\"WebPage\",\"@id\":\"https:\/\/www.aguarda.es\/en\/20-persoas-con-tea-da-fundacion-menela-percorreran-dende-este-martes-o-camino-portugues-da-costa\/\",\"url\":\"https:\/\/www.aguarda.es\/en\/20-persoas-con-tea-da-fundacion-menela-percorreran-dende-este-martes-o-camino-portugues-da-costa\/\",\"name\":\"20 persoas con tea da Fundaci\u00f3n Menela percorrer\u00e1n dende este martes o Cami\u00f1o Portugu\u00e9s da Costa - Concello da Guarda\",\"isPartOf\":{\"@id\":\"https:\/\/www.aguarda.es\/en\/#website\"},\"datePublished\":\"2019-09-16T11:07:25+00:00\",\"dateModified\":\"2019-09-16T11:07:25+00:00\",\"author\":{\"@id\":\"https:\/\/www.aguarda.es\/en\/#\/schema\/person\/c463ca3006858ffb349d11179d044f21\"},\"breadcrumb\":{\"@id\":\"https:\/\/www.aguarda.es\/en\/20-persoas-con-tea-da-fundacion-menela-percorreran-dende-este-martes-o-camino-portugues-da-costa\/#breadcrumb\"},\"inLanguage\":\"en-US\",\"potentialAction\":[{\"@type\":\"ReadAction\",\"target\":[\"https:\/\/www.aguarda.es\/en\/20-persoas-con-tea-da-fundacion-menela-percorreran-dende-este-martes-o-camino-portugues-da-costa\/\"]}]},{\"@type\":\"BreadcrumbList\",\"@id\":\"https:\/\/www.aguarda.es\/en\/20-persoas-con-tea-da-fundacion-menela-percorreran-dende-este-martes-o-camino-portugues-da-costa\/#breadcrumb\",\"itemListElement\":[{\"@type\":\"ListItem\",\"position\":1,\"name\":\"Portada\",\"item\":\"https:\/\/www.aguarda.es\/en\/\"},{\"@type\":\"ListItem\",\"position\":2,\"name\":\"20 persoas con tea da Fundaci\u00f3n Menela percorrer\u00e1n dende este martes o Cami\u00f1o Portugu\u00e9s da Costa\"}]},{\"@type\":\"WebSite\",\"@id\":\"https:\/\/www.aguarda.es\/en\/#website\",\"url\":\"https:\/\/www.aguarda.es\/en\/\",\"name\":\"Concello da Guarda\",\"description\":\"P\u00e1xina web do concello da Guarda\",\"potentialAction\":[{\"@type\":\"SearchAction\",\"target\":{\"@type\":\"EntryPoint\",\"urlTemplate\":\"https:\/\/www.aguarda.es\/en\/?s={search_term_string}\"},\"query-input\":\"required name=search_term_string\"}],\"inLanguage\":\"en-US\"},{\"@type\":\"Person\",\"@id\":\"https:\/\/www.aguarda.es\/en\/#\/schema\/person\/c463ca3006858ffb349d11179d044f21\",\"name\":\"prensa\",\"image\":{\"@type\":\"ImageObject\",\"inLanguage\":\"en-US\",\"@id\":\"https:\/\/www.aguarda.es\/en\/#\/schema\/person\/image\/\",\"url\":\"https:\/\/secure.gravatar.com\/avatar\/5f90ef536b0f98306edf5c7a1135ffa1?s=96&d=mm&r=g\",\"contentUrl\":\"https:\/\/secure.gravatar.com\/avatar\/5f90ef536b0f98306edf5c7a1135ffa1?s=96&d=mm&r=g\",\"caption\":\"prensa\"},\"url\":\"https:\/\/www.aguarda.es\/en\/author\/prensa\/\"}]}<\/script>\n<!-- \/ Yoast SEO plugin. -->","yoast_head_json":{"title":"20 persoas con tea da Fundaci\u00f3n Menela percorrer\u00e1n dende este martes o Cami\u00f1o Portugu\u00e9s da Costa - Concello da Guarda","robots":{"index":"index","follow":"follow","max-snippet":"max-snippet:-1","max-image-preview":"max-image-preview:large","max-video-preview":"max-video-preview:-1"},"canonical":"https:\/\/www.aguarda.es\/en\/20-persoas-con-tea-da-fundacion-menela-percorreran-dende-este-martes-o-camino-portugues-da-costa\/","og_locale":"en_US","og_type":"article","og_title":"20 persoas con tea da Fundaci\u00f3n Menela percorrer\u00e1n dende este martes o Cami\u00f1o Portugu\u00e9s da Costa - Concello da Guarda","og_description":"Este proxecto, denominado Xacobeo Autismo. Un cami\u00f1o de todos, est\u00e1 promovido pola Fundaci\u00f3n MENELA e enmarcado dentro do programa O teu Xacobeo, impulsado pola Xunta de Galicia. Conta ademais coa colaboraci\u00f3n do Concello de Nigr\u00e1n. A Fundaci\u00f3n MENELA, O teu &hellip;","og_url":"https:\/\/www.aguarda.es\/en\/20-persoas-con-tea-da-fundacion-menela-percorreran-dende-este-martes-o-camino-portugues-da-costa\/","og_site_name":"Concello da Guarda","article_publisher":"https:\/\/www.facebook.com\/ConcellodaGuarda","article_published_time":"2019-09-16T11:07:25+00:00","og_image":[{"width":800,"height":675,"url":"https:\/\/www.aguarda.es\/wp-content\/uploads\/2019\/09\/Dossier-Xacobeo-Autismo-3.jpg","type":"image\/jpeg"}],"author":"prensa","twitter_card":"summary_large_image","twitter_creator":"@AGuarda_es","twitter_site":"@AGuarda_es","twitter_misc":{"Written by":"prensa","Est. reading time":"2 minutes"},"schema":{"@context":"https:\/\/schema.org","@graph":[{"@type":"WebPage","@id":"https:\/\/www.aguarda.es\/en\/20-persoas-con-tea-da-fundacion-menela-percorreran-dende-este-martes-o-camino-portugues-da-costa\/","url":"https:\/\/www.aguarda.es\/en\/20-persoas-con-tea-da-fundacion-menela-percorreran-dende-este-martes-o-camino-portugues-da-costa\/","name":"20 persoas con tea da Fundaci\u00f3n Menela percorrer\u00e1n dende este martes o Cami\u00f1o Portugu\u00e9s da Costa - Concello da Guarda","isPartOf":{"@id":"https:\/\/www.aguarda.es\/en\/#website"},"datePublished":"2019-09-16T11:07:25+00:00","dateModified":"2019-09-16T11:07:25+00:00","author":{"@id":"https:\/\/www.aguarda.es\/en\/#\/schema\/person\/c463ca3006858ffb349d11179d044f21"},"breadcrumb":{"@id":"https:\/\/www.aguarda.es\/en\/20-persoas-con-tea-da-fundacion-menela-percorreran-dende-este-martes-o-camino-portugues-da-costa\/#breadcrumb"},"inLanguage":"en-US","potentialAction":[{"@type":"ReadAction","target":["https:\/\/www.aguarda.es\/en\/20-persoas-con-tea-da-fundacion-menela-percorreran-dende-este-martes-o-camino-portugues-da-costa\/"]}]},{"@type":"BreadcrumbList","@id":"https:\/\/www.aguarda.es\/en\/20-persoas-con-tea-da-fundacion-menela-percorreran-dende-este-martes-o-camino-portugues-da-costa\/#breadcrumb","itemListElement":[{"@type":"ListItem","position":1,"name":"Portada","item":"https:\/\/www.aguarda.es\/en\/"},{"@type":"ListItem","position":2,"name":"20 persoas con tea da Fundaci\u00f3n Menela percorrer\u00e1n dende este martes o Cami\u00f1o Portugu\u00e9s da Costa"}]},{"@type":"WebSite","@id":"https:\/\/www.aguarda.es\/en\/#website","url":"https:\/\/www.aguarda.es\/en\/","name":"Concello da Guarda","description":"P\u00e1xina web do concello da Guarda","potentialAction":[{"@type":"SearchAction","target":{"@type":"EntryPoint","urlTemplate":"https:\/\/www.aguarda.es\/en\/?s={search_term_string}"},"query-input":"required name=search_term_string"}],"inLanguage":"en-US"},{"@type":"Person","@id":"https:\/\/www.aguarda.es\/en\/#\/schema\/person\/c463ca3006858ffb349d11179d044f21","name":"prensa","image":{"@type":"ImageObject","inLanguage":"en-US","@id":"https:\/\/www.aguarda.es\/en\/#\/schema\/person\/image\/","url":"https:\/\/secure.gravatar.com\/avatar\/5f90ef536b0f98306edf5c7a1135ffa1?s=96&d=mm&r=g","contentUrl":"https:\/\/secure.gravatar.com\/avatar\/5f90ef536b0f98306edf5c7a1135ffa1?s=96&d=mm&r=g","caption":"prensa"},"url":"https:\/\/www.aguarda.es\/en\/author\/prensa\/"}]}},"_links":{"self":[{"href":"https:\/\/www.aguarda.es\/en\/wp-json\/wp\/v2\/posts\/19461"}],"collection":[{"href":"https:\/\/www.aguarda.es\/en\/wp-json\/wp\/v2\/posts"}],"about":[{"href":"https:\/\/www.aguarda.es\/en\/wp-json\/wp\/v2\/types\/post"}],"author":[{"embeddable":true,"href":"https:\/\/www.aguarda.es\/en\/wp-json\/wp\/v2\/users\/2"}],"replies":[{"embeddable":true,"href":"https:\/\/www.aguarda.es\/en\/wp-json\/wp\/v2\/comments?post=19461"}],"version-history":[{"count":2,"href":"https:\/\/www.aguarda.es\/en\/wp-json\/wp\/v2\/posts\/19461\/revisions"}],"predecessor-version":[{"id":19465,"href":"https:\/\/www.aguarda.es\/en\/wp-json\/wp\/v2\/posts\/19461\/revisions\/19465"}],"wp:featuredmedia":[{"embeddable":true,"href":"https:\/\/www.aguarda.es\/en\/wp-json\/wp\/v2\/media\/19462"}],"wp:attachment":[{"href":"https:\/\/www.aguarda.es\/en\/wp-json\/wp\/v2\/media?parent=19461"}],"wp:term":[{"taxonomy":"category","embeddable":true,"href":"https:\/\/www.aguarda.es\/en\/wp-json\/wp\/v2\/categories?post=19461"},{"taxonomy":"post_tag","embeddable":true,"href":"https:\/\/www.aguarda.es\/en\/wp-json\/wp\/v2\/tags?post=19461"}],"curies":[{"name":"wp","href":"https:\/\/api.w.org\/{rel}","templated":true}]}}