{"id":19466,"date":"2019-09-16T11:55:26","date_gmt":"2019-09-16T11:55:26","guid":{"rendered":"https:\/\/www.aguarda.es\/?p=19466"},"modified":"2019-09-16T11:55:26","modified_gmt":"2019-09-16T11:55:26","slug":"arrancan-as-obras-da-mellora-da-seguridade-no-entorno-da-rua-vigo-e-celta-na-guarda-a-traves-do-plan-deporemse","status":"publish","type":"post","link":"https:\/\/www.aguarda.es\/en\/arrancan-as-obras-da-mellora-da-seguridade-no-entorno-da-rua-vigo-e-celta-na-guarda-a-traves-do-plan-deporemse\/","title":{"rendered":"Arrancan as obras da mellora da seguridade no entorno da r\u00faa Vigo e Celta na Guarda a trav\u00e9s do Plan DepoRemse"},"content":{"rendered":"<p style=\"text-align: justify\">Esta semana inici\u00e1ronse as obras de remodelaci\u00f3n e mellora da seguridade dos viarios municipais da R\u00faa Vigo e Celta na Guarda a trav\u00e9s do proxecto DepoRemse da Deputaci\u00f3n de Pontevedra.<\/p>\n<p style=\"text-align: justify\">O Concelleiro de V\u00edas e Obras no Rural, Miguel Espa\u00f1ol e o Alcalde da Guarda, Antonio Lomba, visitaron esta ma\u00f1\u00e1 o arranque das obras na R\u00faa Vigo.<\/p>\n<p style=\"text-align: justify\">No entorno destas r\u00faas, da parroquia de Salcidos, A Guarda conta con numerosas instalaci\u00f3ns e equipamentos p\u00fablicos coma o Centro de Sa\u00fade, o Conservatorio de M\u00fasica, o Pavill\u00f3n Municipal, o IES A Sangri\u00f1a, o CEIP A Sangri\u00f1a, o Estadio Municipal da Sangri\u00f1a, lugares que son frecuentados por milleiros de persoas, na s\u00faa maior\u00eda rapaces e rapazas, para asistir a estes equipamentos.<\/p>\n<p style=\"text-align: justify\">Coa posta en marcha deste proxecto se pretende mellorar estes desprazamentos peon\u00eds, mellorando a seguridade dos usuarios, pe\u00f3ns e tam\u00e9n a circulaci\u00f3n de veh\u00edculos, coa construci\u00f3n dunha glorieta no co\u00f1ecido coma \u00abcruce dos bechos\u00bb.<\/p>\n<p style=\"text-align: justify\">As obras real\u00edzanse na R\u00faa Vigo, dende o enlace coa PO-552 ata o Conservatorio e o enlace coa R\u00faa Celta, sendo esta actuaci\u00f3n unha primeira fase, que se pretende ampliar en futuros proxectos para dar continuidade \u00e1 humanizaci\u00f3n da totalidade destas d\u00faas r\u00faas.<\/p>\n<p style=\"text-align: justify\">O Proxecto de mellora da seguridade no entorno da r\u00faa Vigo e Celta, conta cun orzamento de 588.235,29 euros, dos cales 500.000 ap\u00f3rtaos a Deputaci\u00f3n de Pontevedra e 88.235\u20ac o Concello da Guarda.<\/p>\n<p style=\"text-align: justify\">Todos os proxectos aprobados, tal e como informou a presidenta da instituci\u00f3n provincial, corresp\u00f3ndense con obras completas que melloran a calidade de vida da veci\u00f1anza, dan cumprimento \u00e1 normativa vixente sobre seguridade viaria, foron aprobados polo \u00f3rgano competente do concello e contan con terreos de titularidade municipal. Ademais, para a valoraci\u00f3n de todos eles, tam\u00e9n se tiveron en conta criterios como a poboaci\u00f3n, a extensi\u00f3n da rede viaria municipal, a densidade de poboaci\u00f3n e a calidade e madurez dos proxectos, sendo o proxecto presentado pola Guarda, un dos que acadou as mellores puntuaci\u00f3ns.<\/p>\n<p style=\"text-align: center\"><img decoding=\"async\" loading=\"lazy\" class=\"aligncenter size-full wp-image-19471\" src=\"https:\/\/www.aguarda.es\/wp-content\/uploads\/2019\/09\/NP-16092019-Arrancan-as-obras-da-mellora-da-seguridade-no-entorno-da-r\u00faa-Vigo-e-Celta-na-Guarda-a-trav\u00e9s-do-Plan-DepoRemse-3.jpg\" alt=\"\" width=\"800\" height=\"533\" srcset=\"https:\/\/www.aguarda.es\/wp-content\/uploads\/2019\/09\/NP-16092019-Arrancan-as-obras-da-mellora-da-seguridade-no-entorno-da-r\u00faa-Vigo-e-Celta-na-Guarda-a-trav\u00e9s-do-Plan-DepoRemse-3.jpg 800w, https:\/\/www.aguarda.es\/wp-content\/uploads\/2019\/09\/NP-16092019-Arrancan-as-obras-da-mellora-da-seguridade-no-entorno-da-r\u00faa-Vigo-e-Celta-na-Guarda-a-trav\u00e9s-do-Plan-DepoRemse-3-300x200.jpg 300w, https:\/\/www.aguarda.es\/wp-content\/uploads\/2019\/09\/NP-16092019-Arrancan-as-obras-da-mellora-da-seguridade-no-entorno-da-r\u00faa-Vigo-e-Celta-na-Guarda-a-trav\u00e9s-do-Plan-DepoRemse-3-768x512.jpg 768w, https:\/\/www.aguarda.es\/wp-content\/uploads\/2019\/09\/NP-16092019-Arrancan-as-obras-da-mellora-da-seguridade-no-entorno-da-r\u00faa-Vigo-e-Celta-na-Guarda-a-trav\u00e9s-do-Plan-DepoRemse-3-570x380.jpg 570w\" sizes=\"(max-width: 800px) 100vw, 800px\" \/><img decoding=\"async\" loading=\"lazy\" class=\"aligncenter size-full wp-image-19467\" src=\"https:\/\/www.aguarda.es\/wp-content\/uploads\/2019\/09\/NP-16092019-Arrancan-as-obras-da-mellora-da-seguridade-no-entorno-da-r\u00faa-Vigo-e-Celta-na-Guarda-a-trav\u00e9s-do-Plan-DepoRemse-1.jpg\" alt=\"\" width=\"800\" height=\"533\" srcset=\"https:\/\/www.aguarda.es\/wp-content\/uploads\/2019\/09\/NP-16092019-Arrancan-as-obras-da-mellora-da-seguridade-no-entorno-da-r\u00faa-Vigo-e-Celta-na-Guarda-a-trav\u00e9s-do-Plan-DepoRemse-1.jpg 800w, https:\/\/www.aguarda.es\/wp-content\/uploads\/2019\/09\/NP-16092019-Arrancan-as-obras-da-mellora-da-seguridade-no-entorno-da-r\u00faa-Vigo-e-Celta-na-Guarda-a-trav\u00e9s-do-Plan-DepoRemse-1-300x200.jpg 300w, https:\/\/www.aguarda.es\/wp-content\/uploads\/2019\/09\/NP-16092019-Arrancan-as-obras-da-mellora-da-seguridade-no-entorno-da-r\u00faa-Vigo-e-Celta-na-Guarda-a-trav\u00e9s-do-Plan-DepoRemse-1-768x512.jpg 768w, https:\/\/www.aguarda.es\/wp-content\/uploads\/2019\/09\/NP-16092019-Arrancan-as-obras-da-mellora-da-seguridade-no-entorno-da-r\u00faa-Vigo-e-Celta-na-Guarda-a-trav\u00e9s-do-Plan-DepoRemse-1-570x380.jpg 570w\" sizes=\"(max-width: 800px) 100vw, 800px\" \/><\/p>\n","protected":false},"excerpt":{"rendered":"<p>Esta semana inici\u00e1ronse as obras de remodelaci\u00f3n e mellora da seguridade dos viarios municipais da R\u00faa Vigo e Celta na Guarda a trav\u00e9s do proxecto DepoRemse da Deputaci\u00f3n de Pontevedra. O Concelleiro de V\u00edas e Obras no Rural, Miguel Espa\u00f1ol &hellip; <\/p>\n","protected":false},"author":2,"featured_media":19469,"comment_status":"open","ping_status":"open","sticky":false,"template":"","format":"standard","meta":[],"categories":[47,33],"tags":[226,246,484,1111],"yoast_head":"<!-- This site is optimized with the Yoast SEO plugin v21.1 - https:\/\/yoast.com\/wordpress\/plugins\/seo\/ -->\n<title>Arrancan as obras da mellora da seguridade no entorno da r\u00faa Vigo e Celta na Guarda a trav\u00e9s do Plan DepoRemse - Concello da Guarda<\/title>\n<meta name=\"robots\" content=\"index, follow, max-snippet:-1, max-image-preview:large, max-video-preview:-1\" \/>\n<link rel=\"canonical\" href=\"https:\/\/www.aguarda.es\/en\/arrancan-as-obras-da-mellora-da-seguridade-no-entorno-da-rua-vigo-e-celta-na-guarda-a-traves-do-plan-deporemse\/\" \/>\n<meta property=\"og:locale\" content=\"en_US\" \/>\n<meta property=\"og:type\" content=\"article\" \/>\n<meta property=\"og:title\" content=\"Arrancan as obras da mellora da seguridade no entorno da r\u00faa Vigo e Celta na Guarda a trav\u00e9s do Plan DepoRemse - Concello da Guarda\" \/>\n<meta property=\"og:description\" content=\"Esta semana inici\u00e1ronse as obras de remodelaci\u00f3n e mellora da seguridade dos viarios municipais da R\u00faa Vigo e Celta na Guarda a trav\u00e9s do proxecto DepoRemse da Deputaci\u00f3n de Pontevedra. O Concelleiro de V\u00edas e Obras no Rural, Miguel Espa\u00f1ol &hellip;\" \/>\n<meta property=\"og:url\" content=\"https:\/\/www.aguarda.es\/en\/arrancan-as-obras-da-mellora-da-seguridade-no-entorno-da-rua-vigo-e-celta-na-guarda-a-traves-do-plan-deporemse\/\" \/>\n<meta property=\"og:site_name\" content=\"Concello da Guarda\" \/>\n<meta property=\"article:publisher\" content=\"https:\/\/www.facebook.com\/ConcellodaGuarda\" \/>\n<meta property=\"article:published_time\" content=\"2019-09-16T11:55:26+00:00\" \/>\n<meta property=\"og:image\" content=\"https:\/\/www.aguarda.es\/wp-content\/uploads\/2019\/09\/NP-16092019-Arrancan-as-obras-da-mellora-da-seguridade-no-entorno-da-r\u00faa-Vigo-e-Celta-na-Guarda-a-trav\u00e9s-do-Plan-DepoRemse-2.jpg\" \/>\n\t<meta property=\"og:image:width\" content=\"800\" \/>\n\t<meta property=\"og:image:height\" content=\"533\" \/>\n\t<meta property=\"og:image:type\" content=\"image\/jpeg\" \/>\n<meta name=\"author\" content=\"prensa\" \/>\n<meta name=\"twitter:card\" content=\"summary_large_image\" \/>\n<meta name=\"twitter:creator\" content=\"@AGuarda_es\" \/>\n<meta name=\"twitter:site\" content=\"@AGuarda_es\" \/>\n<meta name=\"twitter:label1\" content=\"Written by\" \/>\n\t<meta name=\"twitter:data1\" content=\"prensa\" \/>\n\t<meta name=\"twitter:label2\" content=\"Est. reading time\" \/>\n\t<meta name=\"twitter:data2\" content=\"2 minutes\" \/>\n<script type=\"application\/ld+json\" class=\"yoast-schema-graph\">{\"@context\":\"https:\/\/schema.org\",\"@graph\":[{\"@type\":\"WebPage\",\"@id\":\"https:\/\/www.aguarda.es\/en\/arrancan-as-obras-da-mellora-da-seguridade-no-entorno-da-rua-vigo-e-celta-na-guarda-a-traves-do-plan-deporemse\/\",\"url\":\"https:\/\/www.aguarda.es\/en\/arrancan-as-obras-da-mellora-da-seguridade-no-entorno-da-rua-vigo-e-celta-na-guarda-a-traves-do-plan-deporemse\/\",\"name\":\"Arrancan as obras da mellora da seguridade no entorno da r\u00faa Vigo e Celta na Guarda a trav\u00e9s do Plan DepoRemse - Concello da Guarda\",\"isPartOf\":{\"@id\":\"https:\/\/www.aguarda.es\/en\/#website\"},\"datePublished\":\"2019-09-16T11:55:26+00:00\",\"dateModified\":\"2019-09-16T11:55:26+00:00\",\"author\":{\"@id\":\"https:\/\/www.aguarda.es\/en\/#\/schema\/person\/c463ca3006858ffb349d11179d044f21\"},\"breadcrumb\":{\"@id\":\"https:\/\/www.aguarda.es\/en\/arrancan-as-obras-da-mellora-da-seguridade-no-entorno-da-rua-vigo-e-celta-na-guarda-a-traves-do-plan-deporemse\/#breadcrumb\"},\"inLanguage\":\"en-US\",\"potentialAction\":[{\"@type\":\"ReadAction\",\"target\":[\"https:\/\/www.aguarda.es\/en\/arrancan-as-obras-da-mellora-da-seguridade-no-entorno-da-rua-vigo-e-celta-na-guarda-a-traves-do-plan-deporemse\/\"]}]},{\"@type\":\"BreadcrumbList\",\"@id\":\"https:\/\/www.aguarda.es\/en\/arrancan-as-obras-da-mellora-da-seguridade-no-entorno-da-rua-vigo-e-celta-na-guarda-a-traves-do-plan-deporemse\/#breadcrumb\",\"itemListElement\":[{\"@type\":\"ListItem\",\"position\":1,\"name\":\"Portada\",\"item\":\"https:\/\/www.aguarda.es\/en\/\"},{\"@type\":\"ListItem\",\"position\":2,\"name\":\"Arrancan as obras da mellora da seguridade no entorno da r\u00faa Vigo e Celta na Guarda a trav\u00e9s do Plan DepoRemse\"}]},{\"@type\":\"WebSite\",\"@id\":\"https:\/\/www.aguarda.es\/en\/#website\",\"url\":\"https:\/\/www.aguarda.es\/en\/\",\"name\":\"Concello da Guarda\",\"description\":\"P\u00e1xina web do concello da Guarda\",\"potentialAction\":[{\"@type\":\"SearchAction\",\"target\":{\"@type\":\"EntryPoint\",\"urlTemplate\":\"https:\/\/www.aguarda.es\/en\/?s={search_term_string}\"},\"query-input\":\"required name=search_term_string\"}],\"inLanguage\":\"en-US\"},{\"@type\":\"Person\",\"@id\":\"https:\/\/www.aguarda.es\/en\/#\/schema\/person\/c463ca3006858ffb349d11179d044f21\",\"name\":\"prensa\",\"image\":{\"@type\":\"ImageObject\",\"inLanguage\":\"en-US\",\"@id\":\"https:\/\/www.aguarda.es\/en\/#\/schema\/person\/image\/\",\"url\":\"https:\/\/secure.gravatar.com\/avatar\/5f90ef536b0f98306edf5c7a1135ffa1?s=96&d=mm&r=g\",\"contentUrl\":\"https:\/\/secure.gravatar.com\/avatar\/5f90ef536b0f98306edf5c7a1135ffa1?s=96&d=mm&r=g\",\"caption\":\"prensa\"},\"url\":\"https:\/\/www.aguarda.es\/en\/author\/prensa\/\"}]}<\/script>\n<!-- \/ Yoast SEO plugin. -->","yoast_head_json":{"title":"Arrancan as obras da mellora da seguridade no entorno da r\u00faa Vigo e Celta na Guarda a trav\u00e9s do Plan DepoRemse - Concello da Guarda","robots":{"index":"index","follow":"follow","max-snippet":"max-snippet:-1","max-image-preview":"max-image-preview:large","max-video-preview":"max-video-preview:-1"},"canonical":"https:\/\/www.aguarda.es\/en\/arrancan-as-obras-da-mellora-da-seguridade-no-entorno-da-rua-vigo-e-celta-na-guarda-a-traves-do-plan-deporemse\/","og_locale":"en_US","og_type":"article","og_title":"Arrancan as obras da mellora da seguridade no entorno da r\u00faa Vigo e Celta na Guarda a trav\u00e9s do Plan DepoRemse - Concello da Guarda","og_description":"Esta semana inici\u00e1ronse as obras de remodelaci\u00f3n e mellora da seguridade dos viarios municipais da R\u00faa Vigo e Celta na Guarda a trav\u00e9s do proxecto DepoRemse da Deputaci\u00f3n de Pontevedra. O Concelleiro de V\u00edas e Obras no Rural, Miguel Espa\u00f1ol &hellip;","og_url":"https:\/\/www.aguarda.es\/en\/arrancan-as-obras-da-mellora-da-seguridade-no-entorno-da-rua-vigo-e-celta-na-guarda-a-traves-do-plan-deporemse\/","og_site_name":"Concello da Guarda","article_publisher":"https:\/\/www.facebook.com\/ConcellodaGuarda","article_published_time":"2019-09-16T11:55:26+00:00","og_image":[{"width":800,"height":533,"url":"https:\/\/www.aguarda.es\/wp-content\/uploads\/2019\/09\/NP-16092019-Arrancan-as-obras-da-mellora-da-seguridade-no-entorno-da-r\u00faa-Vigo-e-Celta-na-Guarda-a-trav\u00e9s-do-Plan-DepoRemse-2.jpg","type":"image\/jpeg"}],"author":"prensa","twitter_card":"summary_large_image","twitter_creator":"@AGuarda_es","twitter_site":"@AGuarda_es","twitter_misc":{"Written by":"prensa","Est. reading time":"2 minutes"},"schema":{"@context":"https:\/\/schema.org","@graph":[{"@type":"WebPage","@id":"https:\/\/www.aguarda.es\/en\/arrancan-as-obras-da-mellora-da-seguridade-no-entorno-da-rua-vigo-e-celta-na-guarda-a-traves-do-plan-deporemse\/","url":"https:\/\/www.aguarda.es\/en\/arrancan-as-obras-da-mellora-da-seguridade-no-entorno-da-rua-vigo-e-celta-na-guarda-a-traves-do-plan-deporemse\/","name":"Arrancan as obras da mellora da seguridade no entorno da r\u00faa Vigo e Celta na Guarda a trav\u00e9s do Plan DepoRemse - Concello da Guarda","isPartOf":{"@id":"https:\/\/www.aguarda.es\/en\/#website"},"datePublished":"2019-09-16T11:55:26+00:00","dateModified":"2019-09-16T11:55:26+00:00","author":{"@id":"https:\/\/www.aguarda.es\/en\/#\/schema\/person\/c463ca3006858ffb349d11179d044f21"},"breadcrumb":{"@id":"https:\/\/www.aguarda.es\/en\/arrancan-as-obras-da-mellora-da-seguridade-no-entorno-da-rua-vigo-e-celta-na-guarda-a-traves-do-plan-deporemse\/#breadcrumb"},"inLanguage":"en-US","potentialAction":[{"@type":"ReadAction","target":["https:\/\/www.aguarda.es\/en\/arrancan-as-obras-da-mellora-da-seguridade-no-entorno-da-rua-vigo-e-celta-na-guarda-a-traves-do-plan-deporemse\/"]}]},{"@type":"BreadcrumbList","@id":"https:\/\/www.aguarda.es\/en\/arrancan-as-obras-da-mellora-da-seguridade-no-entorno-da-rua-vigo-e-celta-na-guarda-a-traves-do-plan-deporemse\/#breadcrumb","itemListElement":[{"@type":"ListItem","position":1,"name":"Portada","item":"https:\/\/www.aguarda.es\/en\/"},{"@type":"ListItem","position":2,"name":"Arrancan as obras da mellora da seguridade no entorno da r\u00faa Vigo e Celta na Guarda a trav\u00e9s do Plan DepoRemse"}]},{"@type":"WebSite","@id":"https:\/\/www.aguarda.es\/en\/#website","url":"https:\/\/www.aguarda.es\/en\/","name":"Concello da Guarda","description":"P\u00e1xina web do concello da Guarda","potentialAction":[{"@type":"SearchAction","target":{"@type":"EntryPoint","urlTemplate":"https:\/\/www.aguarda.es\/en\/?s={search_term_string}"},"query-input":"required name=search_term_string"}],"inLanguage":"en-US"},{"@type":"Person","@id":"https:\/\/www.aguarda.es\/en\/#\/schema\/person\/c463ca3006858ffb349d11179d044f21","name":"prensa","image":{"@type":"ImageObject","inLanguage":"en-US","@id":"https:\/\/www.aguarda.es\/en\/#\/schema\/person\/image\/","url":"https:\/\/secure.gravatar.com\/avatar\/5f90ef536b0f98306edf5c7a1135ffa1?s=96&d=mm&r=g","contentUrl":"https:\/\/secure.gravatar.com\/avatar\/5f90ef536b0f98306edf5c7a1135ffa1?s=96&d=mm&r=g","caption":"prensa"},"url":"https:\/\/www.aguarda.es\/en\/author\/prensa\/"}]}},"_links":{"self":[{"href":"https:\/\/www.aguarda.es\/en\/wp-json\/wp\/v2\/posts\/19466"}],"collection":[{"href":"https:\/\/www.aguarda.es\/en\/wp-json\/wp\/v2\/posts"}],"about":[{"href":"https:\/\/www.aguarda.es\/en\/wp-json\/wp\/v2\/types\/post"}],"author":[{"embeddable":true,"href":"https:\/\/www.aguarda.es\/en\/wp-json\/wp\/v2\/users\/2"}],"replies":[{"embeddable":true,"href":"https:\/\/www.aguarda.es\/en\/wp-json\/wp\/v2\/comments?post=19466"}],"version-history":[{"count":1,"href":"https:\/\/www.aguarda.es\/en\/wp-json\/wp\/v2\/posts\/19466\/revisions"}],"predecessor-version":[{"id":19473,"href":"https:\/\/www.aguarda.es\/en\/wp-json\/wp\/v2\/posts\/19466\/revisions\/19473"}],"wp:featuredmedia":[{"embeddable":true,"href":"https:\/\/www.aguarda.es\/en\/wp-json\/wp\/v2\/media\/19469"}],"wp:attachment":[{"href":"https:\/\/www.aguarda.es\/en\/wp-json\/wp\/v2\/media?parent=19466"}],"wp:term":[{"taxonomy":"category","embeddable":true,"href":"https:\/\/www.aguarda.es\/en\/wp-json\/wp\/v2\/categories?post=19466"},{"taxonomy":"post_tag","embeddable":true,"href":"https:\/\/www.aguarda.es\/en\/wp-json\/wp\/v2\/tags?post=19466"}],"curies":[{"name":"wp","href":"https:\/\/api.w.org\/{rel}","templated":true}]}}