{"id":1950,"date":"2016-06-18T11:49:33","date_gmt":"2016-06-18T11:49:33","guid":{"rendered":"https:\/\/www.aguarda.es\/?p=1950"},"modified":"2016-06-18T11:49:33","modified_gmt":"2016-06-18T11:49:33","slug":"o-concello-da-guarda-realiza-a-reposicion-da-traida-de-auga-e-ampliacion-do-aparcamentoen-manuel-alvarez","status":"publish","type":"post","link":"https:\/\/www.aguarda.es\/en\/o-concello-da-guarda-realiza-a-reposicion-da-traida-de-auga-e-ampliacion-do-aparcamentoen-manuel-alvarez\/","title":{"rendered":"O Concello da Guarda realiza a reposici\u00f3n da tra\u00edda de auga e ampliaci\u00f3n do aparcamento en Manuel \u00c1lvarez"},"content":{"rendered":"<p>Estes d\u00edas estanse a realizar na c\u00e9ntrica r\u00faa Guardesa de Manuel \u00c1lvarez obras de reposici\u00f3n da tra\u00edda de auga. O concello acomete estas obras de renovaci\u00f3n da instalaci\u00f3n pola gran cantidade de avar\u00edas que se producen nesta r\u00faa debido a antig\u00fcidade da instalaci\u00f3n.<\/p>\n<p>  <!--more-->  <\/p>\n<p><span>Estes d\u00edas estanse a realizar na c\u00e9ntrica r\u00faa Guardesa de Manuel \u00c1lvarez obras de reposici\u00f3n da tra\u00edda de auga. O concello acomete estas obras de renovaci\u00f3n da instalaci\u00f3n pola gran cantidade de avar\u00edas que se producen nesta r\u00faa debido a antig\u00fcidade da instalaci\u00f3n.<\/span><\/p>\n<p>\u00a0<\/p>\n<p>As obras real\u00edzanse nas d\u00faas beirarr\u00faas e consisten na substituci\u00f3n dos tubos de fibrocemento por polietileno, renovando tanto da canalizaci\u00f3n principal como as acometidas. A nova canalizaci\u00f3n real\u00edzase no espazo que vai dende as xardineiras ata a estrada, aproveitando para incorporar esta franxa das beirarr\u00faas de aproximadamente un metro para anchear o vial. Isto permitira, modificando o seu eixe, habilitar aparcamento en bater\u00eda pola banda que da ao monte Trega. Con esta actuaci\u00f3n est\u00e1 previsto un aumento das prazas de aparcamento en 25 ser cambiar practicamente as caracter\u00edsticas da r\u00faa. Queda para unha futura actuaci\u00f3n a renovaci\u00f3n das beirarr\u00faas.<\/p>\n<p>\u00a0<img decoding=\"async\" loading=\"lazy\" class=\" size-full wp-image-1949\" src=\"https:\/\/www.aguarda.es\/wp-content\/uploads\/2016\/06\/2016_%20manuel%20lvarez.JPG\" alt=\"\" width=\"500\" height=\"331\" \/><\/p>\n<p>Est\u00e1 acordado coa empresa que durante as obras se produzan as m\u00ednimas molestias posibles, afectar\u00e1n as prazas de aparcamento e haber\u00e1 cortes de auga, debidamente anunciados, cando se produzan as novas conexi\u00f3ns, pero en ning\u00fan caso se producir\u00e1n cortes de tr\u00e1fico. Nos d\u00edas pasados o alcalde, Antonio Lomba, e o concelleiro de v\u00edas e obras, Miguel Espa\u00f1ol, mantiveron unha reuni\u00f3n cos comerciantes e veci\u00f1os afectados para informar dos pormenores das obras. A empresa ten previsto, se non aparecen inconvenientes, que finalicen na primeira semana do mes de xullo.<\/p>\n<p>\u00a0<\/p>\n","protected":false},"excerpt":{"rendered":"<p>Estes d\u00edas estanse a realizar na c\u00e9ntrica r\u00faa Guardesa de Manuel \u00c1lvarez obras de reposici\u00f3n da tra\u00edda de auga. O concello acomete estas obras de renovaci\u00f3n da instalaci\u00f3n pola gran cantidade de avar\u00edas que se producen nesta r\u00faa debido a &hellip; <\/p>\n","protected":false},"author":1,"featured_media":1949,"comment_status":"open","ping_status":"open","sticky":false,"template":"","format":"standard","meta":[],"categories":[47],"tags":[],"yoast_head":"<!-- This site is optimized with the Yoast SEO plugin v21.1 - https:\/\/yoast.com\/wordpress\/plugins\/seo\/ -->\n<title>O Concello da Guarda realiza a reposici\u00f3n da tra\u00edda de auga e ampliaci\u00f3n do aparcamento en Manuel \u00c1lvarez - Concello da Guarda<\/title>\n<meta name=\"robots\" content=\"index, follow, max-snippet:-1, max-image-preview:large, max-video-preview:-1\" \/>\n<link rel=\"canonical\" href=\"https:\/\/www.aguarda.es\/en\/o-concello-da-guarda-realiza-a-reposicion-da-traida-de-auga-e-ampliacion-do-aparcamentoen-manuel-alvarez\/\" \/>\n<meta property=\"og:locale\" content=\"en_US\" \/>\n<meta property=\"og:type\" content=\"article\" \/>\n<meta property=\"og:title\" content=\"O Concello da Guarda realiza a reposici\u00f3n da tra\u00edda de auga e ampliaci\u00f3n do aparcamento en Manuel \u00c1lvarez - Concello da Guarda\" \/>\n<meta property=\"og:description\" content=\"Estes d\u00edas estanse a realizar na c\u00e9ntrica r\u00faa Guardesa de Manuel \u00c1lvarez obras de reposici\u00f3n da tra\u00edda de auga. O concello acomete estas obras de renovaci\u00f3n da instalaci\u00f3n pola gran cantidade de avar\u00edas que se producen nesta r\u00faa debido a &hellip;\" \/>\n<meta property=\"og:url\" content=\"https:\/\/www.aguarda.es\/en\/o-concello-da-guarda-realiza-a-reposicion-da-traida-de-auga-e-ampliacion-do-aparcamentoen-manuel-alvarez\/\" \/>\n<meta property=\"og:site_name\" content=\"Concello da Guarda\" \/>\n<meta property=\"article:publisher\" content=\"https:\/\/www.facebook.com\/ConcellodaGuarda\" \/>\n<meta property=\"article:published_time\" content=\"2016-06-18T11:49:33+00:00\" \/>\n<meta property=\"og:image\" content=\"https:\/\/www.aguarda.es\/wp-content\/uploads\/2016\/06\/2016_%20manuel%20lvarez.JPG\" \/>\n\t<meta property=\"og:image:width\" content=\"640\" \/>\n\t<meta property=\"og:image:height\" content=\"424\" \/>\n\t<meta property=\"og:image:type\" content=\"image\/jpeg\" \/>\n<meta name=\"author\" content=\"Concello\" \/>\n<meta name=\"twitter:card\" content=\"summary_large_image\" \/>\n<meta name=\"twitter:creator\" content=\"@AGuarda_es\" \/>\n<meta name=\"twitter:site\" content=\"@AGuarda_es\" \/>\n<meta name=\"twitter:label1\" content=\"Written by\" \/>\n\t<meta name=\"twitter:data1\" content=\"Concello\" \/>\n\t<meta name=\"twitter:label2\" content=\"Est. reading time\" \/>\n\t<meta name=\"twitter:data2\" content=\"2 minutes\" \/>\n<script type=\"application\/ld+json\" class=\"yoast-schema-graph\">{\"@context\":\"https:\/\/schema.org\",\"@graph\":[{\"@type\":\"WebPage\",\"@id\":\"https:\/\/www.aguarda.es\/en\/o-concello-da-guarda-realiza-a-reposicion-da-traida-de-auga-e-ampliacion-do-aparcamentoen-manuel-alvarez\/\",\"url\":\"https:\/\/www.aguarda.es\/en\/o-concello-da-guarda-realiza-a-reposicion-da-traida-de-auga-e-ampliacion-do-aparcamentoen-manuel-alvarez\/\",\"name\":\"O Concello da Guarda realiza a reposici\u00f3n da tra\u00edda de auga e ampliaci\u00f3n do aparcamento en Manuel \u00c1lvarez - Concello da Guarda\",\"isPartOf\":{\"@id\":\"https:\/\/www.aguarda.es\/en\/#website\"},\"datePublished\":\"2016-06-18T11:49:33+00:00\",\"dateModified\":\"2016-06-18T11:49:33+00:00\",\"author\":{\"@id\":\"https:\/\/www.aguarda.es\/en\/#\/schema\/person\/ac30f4d74843174f0af56c730f74dd57\"},\"breadcrumb\":{\"@id\":\"https:\/\/www.aguarda.es\/en\/o-concello-da-guarda-realiza-a-reposicion-da-traida-de-auga-e-ampliacion-do-aparcamentoen-manuel-alvarez\/#breadcrumb\"},\"inLanguage\":\"en-US\",\"potentialAction\":[{\"@type\":\"ReadAction\",\"target\":[\"https:\/\/www.aguarda.es\/en\/o-concello-da-guarda-realiza-a-reposicion-da-traida-de-auga-e-ampliacion-do-aparcamentoen-manuel-alvarez\/\"]}]},{\"@type\":\"BreadcrumbList\",\"@id\":\"https:\/\/www.aguarda.es\/en\/o-concello-da-guarda-realiza-a-reposicion-da-traida-de-auga-e-ampliacion-do-aparcamentoen-manuel-alvarez\/#breadcrumb\",\"itemListElement\":[{\"@type\":\"ListItem\",\"position\":1,\"name\":\"Portada\",\"item\":\"https:\/\/www.aguarda.es\/en\/\"},{\"@type\":\"ListItem\",\"position\":2,\"name\":\"O Concello da Guarda realiza a reposici\u00f3n da tra\u00edda de auga e ampliaci\u00f3n do aparcamento en Manuel \u00c1lvarez\"}]},{\"@type\":\"WebSite\",\"@id\":\"https:\/\/www.aguarda.es\/en\/#website\",\"url\":\"https:\/\/www.aguarda.es\/en\/\",\"name\":\"Concello da Guarda\",\"description\":\"P\u00e1xina web do concello da Guarda\",\"potentialAction\":[{\"@type\":\"SearchAction\",\"target\":{\"@type\":\"EntryPoint\",\"urlTemplate\":\"https:\/\/www.aguarda.es\/en\/?s={search_term_string}\"},\"query-input\":\"required name=search_term_string\"}],\"inLanguage\":\"en-US\"},{\"@type\":\"Person\",\"@id\":\"https:\/\/www.aguarda.es\/en\/#\/schema\/person\/ac30f4d74843174f0af56c730f74dd57\",\"name\":\"Concello\",\"image\":{\"@type\":\"ImageObject\",\"inLanguage\":\"en-US\",\"@id\":\"https:\/\/www.aguarda.es\/en\/#\/schema\/person\/image\/\",\"url\":\"https:\/\/secure.gravatar.com\/avatar\/7eda12a04da40b2ef77eb62e68f07027?s=96&d=mm&r=g\",\"contentUrl\":\"https:\/\/secure.gravatar.com\/avatar\/7eda12a04da40b2ef77eb62e68f07027?s=96&d=mm&r=g\",\"caption\":\"Concello\"},\"url\":\"https:\/\/www.aguarda.es\/en\/author\/admin\/\"}]}<\/script>\n<!-- \/ Yoast SEO plugin. -->","yoast_head_json":{"title":"O Concello da Guarda realiza a reposici\u00f3n da tra\u00edda de auga e ampliaci\u00f3n do aparcamento en Manuel \u00c1lvarez - Concello da Guarda","robots":{"index":"index","follow":"follow","max-snippet":"max-snippet:-1","max-image-preview":"max-image-preview:large","max-video-preview":"max-video-preview:-1"},"canonical":"https:\/\/www.aguarda.es\/en\/o-concello-da-guarda-realiza-a-reposicion-da-traida-de-auga-e-ampliacion-do-aparcamentoen-manuel-alvarez\/","og_locale":"en_US","og_type":"article","og_title":"O Concello da Guarda realiza a reposici\u00f3n da tra\u00edda de auga e ampliaci\u00f3n do aparcamento en Manuel \u00c1lvarez - Concello da Guarda","og_description":"Estes d\u00edas estanse a realizar na c\u00e9ntrica r\u00faa Guardesa de Manuel \u00c1lvarez obras de reposici\u00f3n da tra\u00edda de auga. O concello acomete estas obras de renovaci\u00f3n da instalaci\u00f3n pola gran cantidade de avar\u00edas que se producen nesta r\u00faa debido a &hellip;","og_url":"https:\/\/www.aguarda.es\/en\/o-concello-da-guarda-realiza-a-reposicion-da-traida-de-auga-e-ampliacion-do-aparcamentoen-manuel-alvarez\/","og_site_name":"Concello da Guarda","article_publisher":"https:\/\/www.facebook.com\/ConcellodaGuarda","article_published_time":"2016-06-18T11:49:33+00:00","og_image":[{"width":640,"height":424,"url":"https:\/\/www.aguarda.es\/wp-content\/uploads\/2016\/06\/2016_ manuel lvarez.JPG","type":"image\/jpeg"}],"author":"Concello","twitter_card":"summary_large_image","twitter_creator":"@AGuarda_es","twitter_site":"@AGuarda_es","twitter_misc":{"Written by":"Concello","Est. reading time":"2 minutes"},"schema":{"@context":"https:\/\/schema.org","@graph":[{"@type":"WebPage","@id":"https:\/\/www.aguarda.es\/en\/o-concello-da-guarda-realiza-a-reposicion-da-traida-de-auga-e-ampliacion-do-aparcamentoen-manuel-alvarez\/","url":"https:\/\/www.aguarda.es\/en\/o-concello-da-guarda-realiza-a-reposicion-da-traida-de-auga-e-ampliacion-do-aparcamentoen-manuel-alvarez\/","name":"O Concello da Guarda realiza a reposici\u00f3n da tra\u00edda de auga e ampliaci\u00f3n do aparcamento en Manuel \u00c1lvarez - Concello da Guarda","isPartOf":{"@id":"https:\/\/www.aguarda.es\/en\/#website"},"datePublished":"2016-06-18T11:49:33+00:00","dateModified":"2016-06-18T11:49:33+00:00","author":{"@id":"https:\/\/www.aguarda.es\/en\/#\/schema\/person\/ac30f4d74843174f0af56c730f74dd57"},"breadcrumb":{"@id":"https:\/\/www.aguarda.es\/en\/o-concello-da-guarda-realiza-a-reposicion-da-traida-de-auga-e-ampliacion-do-aparcamentoen-manuel-alvarez\/#breadcrumb"},"inLanguage":"en-US","potentialAction":[{"@type":"ReadAction","target":["https:\/\/www.aguarda.es\/en\/o-concello-da-guarda-realiza-a-reposicion-da-traida-de-auga-e-ampliacion-do-aparcamentoen-manuel-alvarez\/"]}]},{"@type":"BreadcrumbList","@id":"https:\/\/www.aguarda.es\/en\/o-concello-da-guarda-realiza-a-reposicion-da-traida-de-auga-e-ampliacion-do-aparcamentoen-manuel-alvarez\/#breadcrumb","itemListElement":[{"@type":"ListItem","position":1,"name":"Portada","item":"https:\/\/www.aguarda.es\/en\/"},{"@type":"ListItem","position":2,"name":"O Concello da Guarda realiza a reposici\u00f3n da tra\u00edda de auga e ampliaci\u00f3n do aparcamento en Manuel \u00c1lvarez"}]},{"@type":"WebSite","@id":"https:\/\/www.aguarda.es\/en\/#website","url":"https:\/\/www.aguarda.es\/en\/","name":"Concello da Guarda","description":"P\u00e1xina web do concello da Guarda","potentialAction":[{"@type":"SearchAction","target":{"@type":"EntryPoint","urlTemplate":"https:\/\/www.aguarda.es\/en\/?s={search_term_string}"},"query-input":"required name=search_term_string"}],"inLanguage":"en-US"},{"@type":"Person","@id":"https:\/\/www.aguarda.es\/en\/#\/schema\/person\/ac30f4d74843174f0af56c730f74dd57","name":"Concello","image":{"@type":"ImageObject","inLanguage":"en-US","@id":"https:\/\/www.aguarda.es\/en\/#\/schema\/person\/image\/","url":"https:\/\/secure.gravatar.com\/avatar\/7eda12a04da40b2ef77eb62e68f07027?s=96&d=mm&r=g","contentUrl":"https:\/\/secure.gravatar.com\/avatar\/7eda12a04da40b2ef77eb62e68f07027?s=96&d=mm&r=g","caption":"Concello"},"url":"https:\/\/www.aguarda.es\/en\/author\/admin\/"}]}},"_links":{"self":[{"href":"https:\/\/www.aguarda.es\/en\/wp-json\/wp\/v2\/posts\/1950"}],"collection":[{"href":"https:\/\/www.aguarda.es\/en\/wp-json\/wp\/v2\/posts"}],"about":[{"href":"https:\/\/www.aguarda.es\/en\/wp-json\/wp\/v2\/types\/post"}],"author":[{"embeddable":true,"href":"https:\/\/www.aguarda.es\/en\/wp-json\/wp\/v2\/users\/1"}],"replies":[{"embeddable":true,"href":"https:\/\/www.aguarda.es\/en\/wp-json\/wp\/v2\/comments?post=1950"}],"version-history":[{"count":0,"href":"https:\/\/www.aguarda.es\/en\/wp-json\/wp\/v2\/posts\/1950\/revisions"}],"wp:featuredmedia":[{"embeddable":true,"href":"https:\/\/www.aguarda.es\/en\/wp-json\/wp\/v2\/media\/1949"}],"wp:attachment":[{"href":"https:\/\/www.aguarda.es\/en\/wp-json\/wp\/v2\/media?parent=1950"}],"wp:term":[{"taxonomy":"category","embeddable":true,"href":"https:\/\/www.aguarda.es\/en\/wp-json\/wp\/v2\/categories?post=1950"},{"taxonomy":"post_tag","embeddable":true,"href":"https:\/\/www.aguarda.es\/en\/wp-json\/wp\/v2\/tags?post=1950"}],"curies":[{"name":"wp","href":"https:\/\/api.w.org\/{rel}","templated":true}]}}