{"id":19524,"date":"2019-09-19T20:35:46","date_gmt":"2019-09-19T20:35:46","guid":{"rendered":"https:\/\/www.aguarda.es\/?p=19524"},"modified":"2019-09-19T20:42:39","modified_gmt":"2019-09-19T20:42:39","slug":"a-guarda-conmemora-o-dia-mundial-do-turismo-cunha-visita-nocturna-polo-casco-urbano","status":"publish","type":"post","link":"https:\/\/www.aguarda.es\/en\/a-guarda-conmemora-o-dia-mundial-do-turismo-cunha-visita-nocturna-polo-casco-urbano\/","title":{"rendered":"A Guarda conmemora o D\u00eda Mundial do Turismo cunha visita nocturna polo casco urbano"},"content":{"rendered":"<p style=\"text-align: justify\">O Concello da Guarda organiza con motivo do D\u00eda Mundial do Turismo unha visita guiada polo rico patrimonio existente no casco urbano da Guarda.<\/p>\n<p style=\"text-align: justify\">Despois da boa acollida das visitas singulares que tiveron lugar durante este ver\u00e1n escolleuse celebrar esta data para co\u00f1ecer parte da historia do noso municipio, pero co encanto da noite guardesa.<\/p>\n<p style=\"text-align: justify\">A cita ter\u00e1 lugar o vindeiro s\u00e1bado d\u00eda 28 de setembro e a visita guiada sair\u00e1 \u00e1s 23:00h dende a Oficina de Turismo da Praza do Rel\u00f3.<\/p>\n<p style=\"text-align: justify\">Esta visita guiada ten unha duraci\u00f3n aproximada dunha hora e rematar\u00e1 no Pir\u00fan, un miradoiro que ofrece unha excelente panor\u00e1mica nocturna sobre o Porto da Guarda.<\/p>\n<p style=\"text-align: justify\">Non \u00e9 preciso inscribirse pero si que se recomenda levar unha lanterna.<\/p>\n","protected":false},"excerpt":{"rendered":"<p>O Concello da Guarda organiza con motivo do D\u00eda Mundial do Turismo unha visita guiada polo rico patrimonio existente no casco urbano da Guarda. Despois da boa acollida das visitas singulares que tiveron lugar durante este ver\u00e1n escolleuse celebrar esta &hellip; <\/p>\n","protected":false},"author":2,"featured_media":19525,"comment_status":"open","ping_status":"open","sticky":false,"template":"","format":"standard","meta":[],"categories":[33],"tags":[226,1955,232,1794,1954],"yoast_head":"<!-- This site is optimized with the Yoast SEO plugin v21.1 - https:\/\/yoast.com\/wordpress\/plugins\/seo\/ -->\n<title>A Guarda conmemora o D\u00eda Mundial do Turismo cunha visita nocturna polo casco urbano - Concello da Guarda<\/title>\n<meta name=\"robots\" content=\"index, follow, max-snippet:-1, max-image-preview:large, max-video-preview:-1\" \/>\n<link rel=\"canonical\" href=\"https:\/\/www.aguarda.es\/en\/a-guarda-conmemora-o-dia-mundial-do-turismo-cunha-visita-nocturna-polo-casco-urbano\/\" \/>\n<meta property=\"og:locale\" content=\"en_US\" \/>\n<meta property=\"og:type\" content=\"article\" \/>\n<meta property=\"og:title\" content=\"A Guarda conmemora o D\u00eda Mundial do Turismo cunha visita nocturna polo casco urbano - Concello da Guarda\" \/>\n<meta property=\"og:description\" content=\"O Concello da Guarda organiza con motivo do D\u00eda Mundial do Turismo unha visita guiada polo rico patrimonio existente no casco urbano da Guarda. Despois da boa acollida das visitas singulares que tiveron lugar durante este ver\u00e1n escolleuse celebrar esta &hellip;\" \/>\n<meta property=\"og:url\" content=\"https:\/\/www.aguarda.es\/en\/a-guarda-conmemora-o-dia-mundial-do-turismo-cunha-visita-nocturna-polo-casco-urbano\/\" \/>\n<meta property=\"og:site_name\" content=\"Concello da Guarda\" \/>\n<meta property=\"article:publisher\" content=\"https:\/\/www.facebook.com\/ConcellodaGuarda\" \/>\n<meta property=\"article:published_time\" content=\"2019-09-19T20:35:46+00:00\" \/>\n<meta property=\"article:modified_time\" content=\"2019-09-19T20:42:39+00:00\" \/>\n<meta property=\"og:image\" content=\"https:\/\/www.aguarda.es\/wp-content\/uploads\/2019\/09\/NP-19092019-A-Guarda-conmemora-o-D\u00eda-Mundial-do-Turismo-cunha-visita-nocturna-polo-casco-urbano.jpg\" \/>\n\t<meta property=\"og:image:width\" content=\"1131\" \/>\n\t<meta property=\"og:image:height\" content=\"1600\" \/>\n\t<meta property=\"og:image:type\" content=\"image\/jpeg\" \/>\n<meta name=\"author\" content=\"prensa\" \/>\n<meta name=\"twitter:card\" content=\"summary_large_image\" \/>\n<meta name=\"twitter:creator\" content=\"@AGuarda_es\" \/>\n<meta name=\"twitter:site\" content=\"@AGuarda_es\" \/>\n<meta name=\"twitter:label1\" content=\"Written by\" \/>\n\t<meta name=\"twitter:data1\" content=\"prensa\" \/>\n\t<meta name=\"twitter:label2\" content=\"Est. reading time\" \/>\n\t<meta name=\"twitter:data2\" content=\"1 minute\" \/>\n<script type=\"application\/ld+json\" class=\"yoast-schema-graph\">{\"@context\":\"https:\/\/schema.org\",\"@graph\":[{\"@type\":\"WebPage\",\"@id\":\"https:\/\/www.aguarda.es\/en\/a-guarda-conmemora-o-dia-mundial-do-turismo-cunha-visita-nocturna-polo-casco-urbano\/\",\"url\":\"https:\/\/www.aguarda.es\/en\/a-guarda-conmemora-o-dia-mundial-do-turismo-cunha-visita-nocturna-polo-casco-urbano\/\",\"name\":\"A Guarda conmemora o D\u00eda Mundial do Turismo cunha visita nocturna polo casco urbano - Concello da Guarda\",\"isPartOf\":{\"@id\":\"https:\/\/www.aguarda.es\/en\/#website\"},\"datePublished\":\"2019-09-19T20:35:46+00:00\",\"dateModified\":\"2019-09-19T20:42:39+00:00\",\"author\":{\"@id\":\"https:\/\/www.aguarda.es\/en\/#\/schema\/person\/c463ca3006858ffb349d11179d044f21\"},\"breadcrumb\":{\"@id\":\"https:\/\/www.aguarda.es\/en\/a-guarda-conmemora-o-dia-mundial-do-turismo-cunha-visita-nocturna-polo-casco-urbano\/#breadcrumb\"},\"inLanguage\":\"en-US\",\"potentialAction\":[{\"@type\":\"ReadAction\",\"target\":[\"https:\/\/www.aguarda.es\/en\/a-guarda-conmemora-o-dia-mundial-do-turismo-cunha-visita-nocturna-polo-casco-urbano\/\"]}]},{\"@type\":\"BreadcrumbList\",\"@id\":\"https:\/\/www.aguarda.es\/en\/a-guarda-conmemora-o-dia-mundial-do-turismo-cunha-visita-nocturna-polo-casco-urbano\/#breadcrumb\",\"itemListElement\":[{\"@type\":\"ListItem\",\"position\":1,\"name\":\"Portada\",\"item\":\"https:\/\/www.aguarda.es\/en\/\"},{\"@type\":\"ListItem\",\"position\":2,\"name\":\"A Guarda conmemora o D\u00eda Mundial do Turismo cunha visita nocturna polo casco urbano\"}]},{\"@type\":\"WebSite\",\"@id\":\"https:\/\/www.aguarda.es\/en\/#website\",\"url\":\"https:\/\/www.aguarda.es\/en\/\",\"name\":\"Concello da Guarda\",\"description\":\"P\u00e1xina web do concello da Guarda\",\"potentialAction\":[{\"@type\":\"SearchAction\",\"target\":{\"@type\":\"EntryPoint\",\"urlTemplate\":\"https:\/\/www.aguarda.es\/en\/?s={search_term_string}\"},\"query-input\":\"required name=search_term_string\"}],\"inLanguage\":\"en-US\"},{\"@type\":\"Person\",\"@id\":\"https:\/\/www.aguarda.es\/en\/#\/schema\/person\/c463ca3006858ffb349d11179d044f21\",\"name\":\"prensa\",\"image\":{\"@type\":\"ImageObject\",\"inLanguage\":\"en-US\",\"@id\":\"https:\/\/www.aguarda.es\/en\/#\/schema\/person\/image\/\",\"url\":\"https:\/\/secure.gravatar.com\/avatar\/5f90ef536b0f98306edf5c7a1135ffa1?s=96&d=mm&r=g\",\"contentUrl\":\"https:\/\/secure.gravatar.com\/avatar\/5f90ef536b0f98306edf5c7a1135ffa1?s=96&d=mm&r=g\",\"caption\":\"prensa\"},\"url\":\"https:\/\/www.aguarda.es\/en\/author\/prensa\/\"}]}<\/script>\n<!-- \/ Yoast SEO plugin. -->","yoast_head_json":{"title":"A Guarda conmemora o D\u00eda Mundial do Turismo cunha visita nocturna polo casco urbano - Concello da Guarda","robots":{"index":"index","follow":"follow","max-snippet":"max-snippet:-1","max-image-preview":"max-image-preview:large","max-video-preview":"max-video-preview:-1"},"canonical":"https:\/\/www.aguarda.es\/en\/a-guarda-conmemora-o-dia-mundial-do-turismo-cunha-visita-nocturna-polo-casco-urbano\/","og_locale":"en_US","og_type":"article","og_title":"A Guarda conmemora o D\u00eda Mundial do Turismo cunha visita nocturna polo casco urbano - Concello da Guarda","og_description":"O Concello da Guarda organiza con motivo do D\u00eda Mundial do Turismo unha visita guiada polo rico patrimonio existente no casco urbano da Guarda. Despois da boa acollida das visitas singulares que tiveron lugar durante este ver\u00e1n escolleuse celebrar esta &hellip;","og_url":"https:\/\/www.aguarda.es\/en\/a-guarda-conmemora-o-dia-mundial-do-turismo-cunha-visita-nocturna-polo-casco-urbano\/","og_site_name":"Concello da Guarda","article_publisher":"https:\/\/www.facebook.com\/ConcellodaGuarda","article_published_time":"2019-09-19T20:35:46+00:00","article_modified_time":"2019-09-19T20:42:39+00:00","og_image":[{"width":1131,"height":1600,"url":"https:\/\/www.aguarda.es\/wp-content\/uploads\/2019\/09\/NP-19092019-A-Guarda-conmemora-o-D\u00eda-Mundial-do-Turismo-cunha-visita-nocturna-polo-casco-urbano.jpg","type":"image\/jpeg"}],"author":"prensa","twitter_card":"summary_large_image","twitter_creator":"@AGuarda_es","twitter_site":"@AGuarda_es","twitter_misc":{"Written by":"prensa","Est. reading time":"1 minute"},"schema":{"@context":"https:\/\/schema.org","@graph":[{"@type":"WebPage","@id":"https:\/\/www.aguarda.es\/en\/a-guarda-conmemora-o-dia-mundial-do-turismo-cunha-visita-nocturna-polo-casco-urbano\/","url":"https:\/\/www.aguarda.es\/en\/a-guarda-conmemora-o-dia-mundial-do-turismo-cunha-visita-nocturna-polo-casco-urbano\/","name":"A Guarda conmemora o D\u00eda Mundial do Turismo cunha visita nocturna polo casco urbano - Concello da Guarda","isPartOf":{"@id":"https:\/\/www.aguarda.es\/en\/#website"},"datePublished":"2019-09-19T20:35:46+00:00","dateModified":"2019-09-19T20:42:39+00:00","author":{"@id":"https:\/\/www.aguarda.es\/en\/#\/schema\/person\/c463ca3006858ffb349d11179d044f21"},"breadcrumb":{"@id":"https:\/\/www.aguarda.es\/en\/a-guarda-conmemora-o-dia-mundial-do-turismo-cunha-visita-nocturna-polo-casco-urbano\/#breadcrumb"},"inLanguage":"en-US","potentialAction":[{"@type":"ReadAction","target":["https:\/\/www.aguarda.es\/en\/a-guarda-conmemora-o-dia-mundial-do-turismo-cunha-visita-nocturna-polo-casco-urbano\/"]}]},{"@type":"BreadcrumbList","@id":"https:\/\/www.aguarda.es\/en\/a-guarda-conmemora-o-dia-mundial-do-turismo-cunha-visita-nocturna-polo-casco-urbano\/#breadcrumb","itemListElement":[{"@type":"ListItem","position":1,"name":"Portada","item":"https:\/\/www.aguarda.es\/en\/"},{"@type":"ListItem","position":2,"name":"A Guarda conmemora o D\u00eda Mundial do Turismo cunha visita nocturna polo casco urbano"}]},{"@type":"WebSite","@id":"https:\/\/www.aguarda.es\/en\/#website","url":"https:\/\/www.aguarda.es\/en\/","name":"Concello da Guarda","description":"P\u00e1xina web do concello da Guarda","potentialAction":[{"@type":"SearchAction","target":{"@type":"EntryPoint","urlTemplate":"https:\/\/www.aguarda.es\/en\/?s={search_term_string}"},"query-input":"required name=search_term_string"}],"inLanguage":"en-US"},{"@type":"Person","@id":"https:\/\/www.aguarda.es\/en\/#\/schema\/person\/c463ca3006858ffb349d11179d044f21","name":"prensa","image":{"@type":"ImageObject","inLanguage":"en-US","@id":"https:\/\/www.aguarda.es\/en\/#\/schema\/person\/image\/","url":"https:\/\/secure.gravatar.com\/avatar\/5f90ef536b0f98306edf5c7a1135ffa1?s=96&d=mm&r=g","contentUrl":"https:\/\/secure.gravatar.com\/avatar\/5f90ef536b0f98306edf5c7a1135ffa1?s=96&d=mm&r=g","caption":"prensa"},"url":"https:\/\/www.aguarda.es\/en\/author\/prensa\/"}]}},"_links":{"self":[{"href":"https:\/\/www.aguarda.es\/en\/wp-json\/wp\/v2\/posts\/19524"}],"collection":[{"href":"https:\/\/www.aguarda.es\/en\/wp-json\/wp\/v2\/posts"}],"about":[{"href":"https:\/\/www.aguarda.es\/en\/wp-json\/wp\/v2\/types\/post"}],"author":[{"embeddable":true,"href":"https:\/\/www.aguarda.es\/en\/wp-json\/wp\/v2\/users\/2"}],"replies":[{"embeddable":true,"href":"https:\/\/www.aguarda.es\/en\/wp-json\/wp\/v2\/comments?post=19524"}],"version-history":[{"count":2,"href":"https:\/\/www.aguarda.es\/en\/wp-json\/wp\/v2\/posts\/19524\/revisions"}],"predecessor-version":[{"id":19528,"href":"https:\/\/www.aguarda.es\/en\/wp-json\/wp\/v2\/posts\/19524\/revisions\/19528"}],"wp:featuredmedia":[{"embeddable":true,"href":"https:\/\/www.aguarda.es\/en\/wp-json\/wp\/v2\/media\/19525"}],"wp:attachment":[{"href":"https:\/\/www.aguarda.es\/en\/wp-json\/wp\/v2\/media?parent=19524"}],"wp:term":[{"taxonomy":"category","embeddable":true,"href":"https:\/\/www.aguarda.es\/en\/wp-json\/wp\/v2\/categories?post=19524"},{"taxonomy":"post_tag","embeddable":true,"href":"https:\/\/www.aguarda.es\/en\/wp-json\/wp\/v2\/tags?post=19524"}],"curies":[{"name":"wp","href":"https:\/\/api.w.org\/{rel}","templated":true}]}}