{"id":19535,"date":"2019-09-24T21:04:18","date_gmt":"2019-09-24T21:04:18","guid":{"rendered":"https:\/\/www.aguarda.es\/?p=19535"},"modified":"2019-09-24T21:08:06","modified_gmt":"2019-09-24T21:08:06","slug":"19535","status":"publish","type":"post","link":"https:\/\/www.aguarda.es\/en\/19535\/","title":{"rendered":"Convocatoria de pleno ordinario o venres 27 de setembro na Guarda"},"content":{"rendered":"<p style=\"text-align: justify\"><strong>DATOS DA CONVOCATORIA<\/strong><br \/>\nTipo Convocatoria: Ordinaria<br \/>\nData e hora: 27 de setembro de 2019 \u00e1s 20:00<br \/>\nLugar: Casa do Concello<\/p>\n<p style=\"text-align: left\"><strong>ASUNTOS DA CONVOCATORIA<\/strong><br \/>\n1. TOMA DE POSESI\u00d3N DO CONCELLEIRO DON JOS\u00c9 MIGUEL FERN\u00c1NDEZ LOMBA<br \/>\n2. Aprobaci\u00f3n da acta da sesi\u00f3n ordinaria do 30.07.19 e da sesi\u00f3n extraordinaria do 06.09.19<br \/>\n3. Expediente 2273\/2019. DAR CONTA DOS DECRETOS<br \/>\n4. Expediente 1564\/2017. Dar conta Informes Reparo Intervenci\u00f3n 27\/2019 a 34\/2019<br \/>\n5. Expediente 2336\/2017. Daci\u00f3n de conta informe morosidade e per\u00edodo medio de pago a provedores 2\u00ba trimestre 2019<br \/>\n6. Expediente 876\/2018. DAR CONTA SENTENCIA RECURSO SUPLICACI\u00d3N 1167\/2019<br \/>\n7. Expediente 421\/2019. PROPOSTA ALCALD\u00cdA APROBACI\u00d3N INICIAL ORDENANZA REGULADORA DA INSTALACI\u00d3N DE TERRAZAS EN ESPAZOS DE USO P\u00daBLICO<br \/>\n8. Expediente 2220\/2019. AUTORIZACI\u00d3N DE GASTO PLURIANUAL REHABILITACI\u00d3N ANTIGAS VIVENDAS DE MESTRES CAMI\u00d1O DO COUTO CAMPOSANCOS (IGVS)<br \/>\n9. Expediente 2221\/2019. Modificaci\u00f3n de Cr\u00e9dito 100\/2019 TRANSFERENCIA DE CR\u00c9DITO ENTRE DISTINTAS \u00c1REAS DE GASTO<br \/>\n10. Expediente 2222\/2019. MODIFICACI\u00d3N DE CR\u00c9DITO 101\/2019 CR\u00c9DITO EXTRAORDINARIO FINANCIADO CON CARGO A RLTGX<br \/>\n11. Expediente 2223\/2019. MODIFICACI\u00d3N DE CR\u00c9DITO 102\/2019 SUPLEMENTO DE CR\u00c9DITO FINANCIADO CON CARGO A RLTGX<br \/>\n12. Expediente 2224\/2019. RECO\u00d1ECEMENTO EXTRAXUDICIAL DE CR\u00c9DITO 3\/2019<br \/>\n13. Expediente 2208\/2019. MOCI\u00d3N PRESENTADA POR CONVERXENCIA GALEGA SOBRE A IMPLATACI\u00d3N DE VIDEO-ACTAS<br \/>\n14. Expediente 2233\/2019. MOCI\u00d3N PRESENTADA POR CONVERXENCIA GALEGA SOBRE DOCUMENTACI\u00d3N DA MANCOMUNIDADE INTERMUNICIPAL DO BAIXO MI\u00d1O<br \/>\n15. ROGOS E PREGUNTAS<\/p>\n","protected":false},"excerpt":{"rendered":"<p>DATOS DA CONVOCATORIA Tipo Convocatoria: Ordinaria Data e hora: 27 de setembro de 2019 \u00e1s 20:00 Lugar: Casa do Concello ASUNTOS DA CONVOCATORIA 1. TOMA DE POSESI\u00d3N DO CONCELLEIRO DON JOS\u00c9 MIGUEL FERN\u00c1NDEZ LOMBA 2. Aprobaci\u00f3n da acta da sesi\u00f3n &hellip; <\/p>\n","protected":false},"author":2,"featured_media":14432,"comment_status":"open","ping_status":"open","sticky":false,"template":"","format":"standard","meta":[],"categories":[33],"tags":[226,1329,1956],"yoast_head":"<!-- This site is optimized with the Yoast SEO plugin v21.1 - https:\/\/yoast.com\/wordpress\/plugins\/seo\/ -->\n<title>Convocatoria de pleno ordinario o venres 27 de setembro na Guarda - Concello da Guarda<\/title>\n<meta name=\"robots\" content=\"index, follow, max-snippet:-1, max-image-preview:large, max-video-preview:-1\" \/>\n<link rel=\"canonical\" href=\"https:\/\/www.aguarda.es\/en\/19535\/\" \/>\n<meta property=\"og:locale\" content=\"en_US\" \/>\n<meta property=\"og:type\" content=\"article\" \/>\n<meta property=\"og:title\" content=\"Convocatoria de pleno ordinario o venres 27 de setembro na Guarda - Concello da Guarda\" \/>\n<meta property=\"og:description\" content=\"DATOS DA CONVOCATORIA Tipo Convocatoria: Ordinaria Data e hora: 27 de setembro de 2019 \u00e1s 20:00 Lugar: Casa do Concello ASUNTOS DA CONVOCATORIA 1. TOMA DE POSESI\u00d3N DO CONCELLEIRO DON JOS\u00c9 MIGUEL FERN\u00c1NDEZ LOMBA 2. Aprobaci\u00f3n da acta da sesi\u00f3n &hellip;\" \/>\n<meta property=\"og:url\" content=\"https:\/\/www.aguarda.es\/en\/19535\/\" \/>\n<meta property=\"og:site_name\" content=\"Concello da Guarda\" \/>\n<meta property=\"article:publisher\" content=\"https:\/\/www.facebook.com\/ConcellodaGuarda\" \/>\n<meta property=\"article:published_time\" content=\"2019-09-24T21:04:18+00:00\" \/>\n<meta property=\"article:modified_time\" content=\"2019-09-24T21:08:06+00:00\" \/>\n<meta property=\"og:image\" content=\"https:\/\/www.aguarda.es\/wp-content\/uploads\/2018\/07\/LOGO-CONCELLO-A-GUARDA.jpg\" \/>\n\t<meta property=\"og:image:width\" content=\"1135\" \/>\n\t<meta property=\"og:image:height\" content=\"712\" \/>\n\t<meta property=\"og:image:type\" content=\"image\/jpeg\" \/>\n<meta name=\"author\" content=\"prensa\" \/>\n<meta name=\"twitter:card\" content=\"summary_large_image\" \/>\n<meta name=\"twitter:creator\" content=\"@AGuarda_es\" \/>\n<meta name=\"twitter:site\" content=\"@AGuarda_es\" \/>\n<meta name=\"twitter:label1\" content=\"Written by\" \/>\n\t<meta name=\"twitter:data1\" content=\"prensa\" \/>\n\t<meta name=\"twitter:label2\" content=\"Est. reading time\" \/>\n\t<meta name=\"twitter:data2\" content=\"1 minute\" \/>\n<script type=\"application\/ld+json\" class=\"yoast-schema-graph\">{\"@context\":\"https:\/\/schema.org\",\"@graph\":[{\"@type\":\"WebPage\",\"@id\":\"https:\/\/www.aguarda.es\/en\/19535\/\",\"url\":\"https:\/\/www.aguarda.es\/en\/19535\/\",\"name\":\"Convocatoria de pleno ordinario o venres 27 de setembro na Guarda - Concello da Guarda\",\"isPartOf\":{\"@id\":\"https:\/\/www.aguarda.es\/en\/#website\"},\"datePublished\":\"2019-09-24T21:04:18+00:00\",\"dateModified\":\"2019-09-24T21:08:06+00:00\",\"author\":{\"@id\":\"https:\/\/www.aguarda.es\/en\/#\/schema\/person\/c463ca3006858ffb349d11179d044f21\"},\"breadcrumb\":{\"@id\":\"https:\/\/www.aguarda.es\/en\/19535\/#breadcrumb\"},\"inLanguage\":\"en-US\",\"potentialAction\":[{\"@type\":\"ReadAction\",\"target\":[\"https:\/\/www.aguarda.es\/en\/19535\/\"]}]},{\"@type\":\"BreadcrumbList\",\"@id\":\"https:\/\/www.aguarda.es\/en\/19535\/#breadcrumb\",\"itemListElement\":[{\"@type\":\"ListItem\",\"position\":1,\"name\":\"Portada\",\"item\":\"https:\/\/www.aguarda.es\/en\/\"},{\"@type\":\"ListItem\",\"position\":2,\"name\":\"Convocatoria de pleno ordinario o venres 27 de setembro na Guarda\"}]},{\"@type\":\"WebSite\",\"@id\":\"https:\/\/www.aguarda.es\/en\/#website\",\"url\":\"https:\/\/www.aguarda.es\/en\/\",\"name\":\"Concello da Guarda\",\"description\":\"P\u00e1xina web do concello da Guarda\",\"potentialAction\":[{\"@type\":\"SearchAction\",\"target\":{\"@type\":\"EntryPoint\",\"urlTemplate\":\"https:\/\/www.aguarda.es\/en\/?s={search_term_string}\"},\"query-input\":\"required name=search_term_string\"}],\"inLanguage\":\"en-US\"},{\"@type\":\"Person\",\"@id\":\"https:\/\/www.aguarda.es\/en\/#\/schema\/person\/c463ca3006858ffb349d11179d044f21\",\"name\":\"prensa\",\"image\":{\"@type\":\"ImageObject\",\"inLanguage\":\"en-US\",\"@id\":\"https:\/\/www.aguarda.es\/en\/#\/schema\/person\/image\/\",\"url\":\"https:\/\/secure.gravatar.com\/avatar\/5f90ef536b0f98306edf5c7a1135ffa1?s=96&d=mm&r=g\",\"contentUrl\":\"https:\/\/secure.gravatar.com\/avatar\/5f90ef536b0f98306edf5c7a1135ffa1?s=96&d=mm&r=g\",\"caption\":\"prensa\"},\"url\":\"https:\/\/www.aguarda.es\/en\/author\/prensa\/\"}]}<\/script>\n<!-- \/ Yoast SEO plugin. -->","yoast_head_json":{"title":"Convocatoria de pleno ordinario o venres 27 de setembro na Guarda - Concello da Guarda","robots":{"index":"index","follow":"follow","max-snippet":"max-snippet:-1","max-image-preview":"max-image-preview:large","max-video-preview":"max-video-preview:-1"},"canonical":"https:\/\/www.aguarda.es\/en\/19535\/","og_locale":"en_US","og_type":"article","og_title":"Convocatoria de pleno ordinario o venres 27 de setembro na Guarda - Concello da Guarda","og_description":"DATOS DA CONVOCATORIA Tipo Convocatoria: Ordinaria Data e hora: 27 de setembro de 2019 \u00e1s 20:00 Lugar: Casa do Concello ASUNTOS DA CONVOCATORIA 1. TOMA DE POSESI\u00d3N DO CONCELLEIRO DON JOS\u00c9 MIGUEL FERN\u00c1NDEZ LOMBA 2. Aprobaci\u00f3n da acta da sesi\u00f3n &hellip;","og_url":"https:\/\/www.aguarda.es\/en\/19535\/","og_site_name":"Concello da Guarda","article_publisher":"https:\/\/www.facebook.com\/ConcellodaGuarda","article_published_time":"2019-09-24T21:04:18+00:00","article_modified_time":"2019-09-24T21:08:06+00:00","og_image":[{"width":1135,"height":712,"url":"https:\/\/www.aguarda.es\/wp-content\/uploads\/2018\/07\/LOGO-CONCELLO-A-GUARDA.jpg","type":"image\/jpeg"}],"author":"prensa","twitter_card":"summary_large_image","twitter_creator":"@AGuarda_es","twitter_site":"@AGuarda_es","twitter_misc":{"Written by":"prensa","Est. reading time":"1 minute"},"schema":{"@context":"https:\/\/schema.org","@graph":[{"@type":"WebPage","@id":"https:\/\/www.aguarda.es\/en\/19535\/","url":"https:\/\/www.aguarda.es\/en\/19535\/","name":"Convocatoria de pleno ordinario o venres 27 de setembro na Guarda - Concello da Guarda","isPartOf":{"@id":"https:\/\/www.aguarda.es\/en\/#website"},"datePublished":"2019-09-24T21:04:18+00:00","dateModified":"2019-09-24T21:08:06+00:00","author":{"@id":"https:\/\/www.aguarda.es\/en\/#\/schema\/person\/c463ca3006858ffb349d11179d044f21"},"breadcrumb":{"@id":"https:\/\/www.aguarda.es\/en\/19535\/#breadcrumb"},"inLanguage":"en-US","potentialAction":[{"@type":"ReadAction","target":["https:\/\/www.aguarda.es\/en\/19535\/"]}]},{"@type":"BreadcrumbList","@id":"https:\/\/www.aguarda.es\/en\/19535\/#breadcrumb","itemListElement":[{"@type":"ListItem","position":1,"name":"Portada","item":"https:\/\/www.aguarda.es\/en\/"},{"@type":"ListItem","position":2,"name":"Convocatoria de pleno ordinario o venres 27 de setembro na Guarda"}]},{"@type":"WebSite","@id":"https:\/\/www.aguarda.es\/en\/#website","url":"https:\/\/www.aguarda.es\/en\/","name":"Concello da Guarda","description":"P\u00e1xina web do concello da Guarda","potentialAction":[{"@type":"SearchAction","target":{"@type":"EntryPoint","urlTemplate":"https:\/\/www.aguarda.es\/en\/?s={search_term_string}"},"query-input":"required name=search_term_string"}],"inLanguage":"en-US"},{"@type":"Person","@id":"https:\/\/www.aguarda.es\/en\/#\/schema\/person\/c463ca3006858ffb349d11179d044f21","name":"prensa","image":{"@type":"ImageObject","inLanguage":"en-US","@id":"https:\/\/www.aguarda.es\/en\/#\/schema\/person\/image\/","url":"https:\/\/secure.gravatar.com\/avatar\/5f90ef536b0f98306edf5c7a1135ffa1?s=96&d=mm&r=g","contentUrl":"https:\/\/secure.gravatar.com\/avatar\/5f90ef536b0f98306edf5c7a1135ffa1?s=96&d=mm&r=g","caption":"prensa"},"url":"https:\/\/www.aguarda.es\/en\/author\/prensa\/"}]}},"_links":{"self":[{"href":"https:\/\/www.aguarda.es\/en\/wp-json\/wp\/v2\/posts\/19535"}],"collection":[{"href":"https:\/\/www.aguarda.es\/en\/wp-json\/wp\/v2\/posts"}],"about":[{"href":"https:\/\/www.aguarda.es\/en\/wp-json\/wp\/v2\/types\/post"}],"author":[{"embeddable":true,"href":"https:\/\/www.aguarda.es\/en\/wp-json\/wp\/v2\/users\/2"}],"replies":[{"embeddable":true,"href":"https:\/\/www.aguarda.es\/en\/wp-json\/wp\/v2\/comments?post=19535"}],"version-history":[{"count":2,"href":"https:\/\/www.aguarda.es\/en\/wp-json\/wp\/v2\/posts\/19535\/revisions"}],"predecessor-version":[{"id":19537,"href":"https:\/\/www.aguarda.es\/en\/wp-json\/wp\/v2\/posts\/19535\/revisions\/19537"}],"wp:featuredmedia":[{"embeddable":true,"href":"https:\/\/www.aguarda.es\/en\/wp-json\/wp\/v2\/media\/14432"}],"wp:attachment":[{"href":"https:\/\/www.aguarda.es\/en\/wp-json\/wp\/v2\/media?parent=19535"}],"wp:term":[{"taxonomy":"category","embeddable":true,"href":"https:\/\/www.aguarda.es\/en\/wp-json\/wp\/v2\/categories?post=19535"},{"taxonomy":"post_tag","embeddable":true,"href":"https:\/\/www.aguarda.es\/en\/wp-json\/wp\/v2\/tags?post=19535"}],"curies":[{"name":"wp","href":"https:\/\/api.w.org\/{rel}","templated":true}]}}