{"id":1955,"date":"2016-06-20T11:12:24","date_gmt":"2016-06-20T11:12:24","guid":{"rendered":"https:\/\/www.aguarda.es\/?p=1955"},"modified":"2016-06-20T11:12:24","modified_gmt":"2016-06-20T11:12:24","slug":"exposicion-mulleres-galegas-na-historia-no-centro-cultural-da-guarda","status":"publish","type":"post","link":"https:\/\/www.aguarda.es\/en\/exposicion-mulleres-galegas-na-historia-no-centro-cultural-da-guarda\/","title":{"rendered":"Exposici\u00f3n &#8220;Mulleres galegas na Historia&#8221; no Centro Cultural da Guarda"},"content":{"rendered":"<p lang=\"gl-ES\"><span><span lang=\"gl-ES\">A Sala I de Exposici\u00f3ns do Centro Cultural da Guarda acolle, ata o d\u00eda 30 de xu\u00f1o, a mostra \u201cMulleres Galegas na Historia\u201d, <\/span><span lang=\"gl-ES\">que pode ser visitada <\/span><span lang=\"gl-ES\">en horario de 9 a 14 horas.<\/span><\/span><\/p>\n<p>  <!--more-->  <\/p>\n<p lang=\"gl-ES\"><span><span lang=\"gl-ES\"><span lang=\"gl-ES\"><img decoding=\"async\" loading=\"lazy\" class=\" size-full wp-image-1954\" src=\"https:\/\/www.aguarda.es\/wp-content\/uploads\/2016\/06\/2016_Cartel%20mulleres%20galegas%20na%20historia.jpg\" alt=\"\" width=\"329\" height=\"526\" \/>A Sala I de Exposici\u00f3ns do Centro Cultural da Guarda acolle, ata o d\u00eda 30 de xu\u00f1o, a mostra \u201cMulleres Galegas na Historia\u201d,\u00a0<\/span><span lang=\"gl-ES\">que pode ser visitada\u00a0<\/span><span lang=\"gl-ES\">en horario de 9 a 14 horas.<\/span><\/span><\/span><\/p>\n<p lang=\"gl-ES\"><span>\u00a0<\/span><\/p>\n<p lang=\"gl-ES\"><span><span lang=\"gl-ES\">Tr\u00e1tase dunha <\/span><span lang=\"gl-ES\">e<\/span><span lang=\"gl-ES\">xposici\u00f3n na que se poder\u00e1<\/span><span lang=\"gl-ES\">n<\/span><span lang=\"gl-ES\"> ver imaxes e co\u00f1ecer m\u00e1is da biograf\u00eda dalgunhas das mulleres m\u00e1is importantes e singulares que marcaron a historia do noso pa\u00eds. <\/span><\/span><\/p>\n<p lang=\"gl-ES\"><span>\u00a0<\/span><\/p>\n<p lang=\"gl-ES\"><span>Entre as presentes nesta exposici\u00f3n at\u00f3panse 17 das mulleres m\u00e1is destacadas en diferentes \u00e1mbitos, como a cultura ou a pol\u00edtica, ao longo da historia de Galicia. Por resaltar alg\u00fans nomes, entre as biograf\u00edas homenaxeadas est\u00e1n presentes figuras tan co\u00f1ecidas como a poetisa Rosal\u00eda de Castro, escritora de \u201c<em>Cantares Galegos\u201d e \u201cFollas Novas\u201d, <\/em>d\u00faas das obras cumbre da literatura galega; Mar\u00eda Pita, hero\u00edna coru\u00f1esa que se fixo c\u00e9lebre pola s\u00faa participaci\u00f3n na defensa da cidade fronte a unha flota inglesa comandada por Drake en maio de 1589; a destacada avogada e feminista do s\u00e9culo XIX Concepci\u00f3n Arenal ou a icona da belle \u00e9poque europea La Bella Otero.<\/span><\/p>\n<p lang=\"gl-ES\"><span>\u00a0<\/span><\/p>\n<p lang=\"gl-ES\"><span>Tam\u00e9n est\u00e1n presentes na exposici\u00f3n figuras menos co\u00f1ecidas pero igualmente salientables como a soldadeira medieval e muller transgresora Mar\u00eda Balteira; a mestra pioneira Ernestina Otero; Julia Minguill\u00f3n, \u00fanica muller que obtivo a primeira medalla de Primeira Clase nunha Exposici\u00f3n Nacional de Belas Artes; Mar\u00eda Casta\u00f1a, de quen se di que encabezou unha revolta contra o se\u00f1or feudal, frei Pedro L\u00f3pez Aguiar, no s\u00e9culo XIV ou a autora do primeiro texto moderno feminista, Emilia Pardo Baz\u00e1n. A lista contin\u00faa cos nomes de In\u00e9s de Castro, Mar\u00eda Soli\u00f1a, Maruja Mallo, Xela Arias, Enriqueta Otero, Mar\u00eda Casares, Mar\u00eda Antonia Dans e Filomena Dato, todas elas pezas fundamentais da nosa historia.<\/span><\/p>\n<p lang=\"gl-ES\"><span>\u00a0<\/span><\/p>\n<p lang=\"gl-ES\"><span>Dende O concello da Guarda conv\u00eddase a todos os guardeses, as guardesas e visitantes doutras vilas que queiran achegarse a que non deixen pasar a oportunidade de co\u00f1ecer un pouco m\u00e1is da nosa historia da man dalgunhas das mulleres que axudaron a escribila.<\/span><\/p>\n","protected":false},"excerpt":{"rendered":"<p>A Sala I de Exposici\u00f3ns do Centro Cultural da Guarda acolle, ata o d\u00eda 30 de xu\u00f1o, a mostra \u201cMulleres Galegas na Historia\u201d, que pode ser visitada en horario de 9 a 14 horas.<\/p>\n","protected":false},"author":1,"featured_media":1954,"comment_status":"open","ping_status":"open","sticky":false,"template":"","format":"standard","meta":[],"categories":[34],"tags":[],"yoast_head":"<!-- This site is optimized with the Yoast SEO plugin v21.1 - https:\/\/yoast.com\/wordpress\/plugins\/seo\/ -->\n<title>Exposici\u00f3n &quot;Mulleres galegas na Historia&quot; no Centro Cultural da Guarda - Concello da Guarda<\/title>\n<meta name=\"robots\" content=\"index, follow, max-snippet:-1, max-image-preview:large, max-video-preview:-1\" \/>\n<link rel=\"canonical\" href=\"https:\/\/www.aguarda.es\/en\/exposicion-mulleres-galegas-na-historia-no-centro-cultural-da-guarda\/\" \/>\n<meta property=\"og:locale\" content=\"en_US\" \/>\n<meta property=\"og:type\" content=\"article\" \/>\n<meta property=\"og:title\" content=\"Exposici\u00f3n &quot;Mulleres galegas na Historia&quot; no Centro Cultural da Guarda - Concello da Guarda\" \/>\n<meta property=\"og:description\" content=\"A Sala I de Exposici\u00f3ns do Centro Cultural da Guarda acolle, ata o d\u00eda 30 de xu\u00f1o, a mostra \u201cMulleres Galegas na Historia\u201d, que pode ser visitada en horario de 9 a 14 horas.\" \/>\n<meta property=\"og:url\" content=\"https:\/\/www.aguarda.es\/en\/exposicion-mulleres-galegas-na-historia-no-centro-cultural-da-guarda\/\" \/>\n<meta property=\"og:site_name\" content=\"Concello da Guarda\" \/>\n<meta property=\"article:publisher\" content=\"https:\/\/www.facebook.com\/ConcellodaGuarda\" \/>\n<meta property=\"article:published_time\" content=\"2016-06-20T11:12:24+00:00\" \/>\n<meta property=\"og:image\" content=\"https:\/\/www.aguarda.es\/wp-content\/uploads\/2016\/06\/2016_Cartel%20mulleres%20galegas%20na%20historia.jpg\" \/>\n\t<meta property=\"og:image:width\" content=\"438\" \/>\n\t<meta property=\"og:image:height\" content=\"700\" \/>\n\t<meta property=\"og:image:type\" content=\"image\/jpeg\" \/>\n<meta name=\"author\" content=\"Concello\" \/>\n<meta name=\"twitter:card\" content=\"summary_large_image\" \/>\n<meta name=\"twitter:creator\" content=\"@AGuarda_es\" \/>\n<meta name=\"twitter:site\" content=\"@AGuarda_es\" \/>\n<meta name=\"twitter:label1\" content=\"Written by\" \/>\n\t<meta name=\"twitter:data1\" content=\"Concello\" \/>\n\t<meta name=\"twitter:label2\" content=\"Est. reading time\" \/>\n\t<meta name=\"twitter:data2\" content=\"2 minutes\" \/>\n<script type=\"application\/ld+json\" class=\"yoast-schema-graph\">{\"@context\":\"https:\/\/schema.org\",\"@graph\":[{\"@type\":\"WebPage\",\"@id\":\"https:\/\/www.aguarda.es\/en\/exposicion-mulleres-galegas-na-historia-no-centro-cultural-da-guarda\/\",\"url\":\"https:\/\/www.aguarda.es\/en\/exposicion-mulleres-galegas-na-historia-no-centro-cultural-da-guarda\/\",\"name\":\"Exposici\u00f3n \\\"Mulleres galegas na Historia\\\" no Centro Cultural da Guarda - Concello da Guarda\",\"isPartOf\":{\"@id\":\"https:\/\/www.aguarda.es\/en\/#website\"},\"datePublished\":\"2016-06-20T11:12:24+00:00\",\"dateModified\":\"2016-06-20T11:12:24+00:00\",\"author\":{\"@id\":\"https:\/\/www.aguarda.es\/en\/#\/schema\/person\/ac30f4d74843174f0af56c730f74dd57\"},\"breadcrumb\":{\"@id\":\"https:\/\/www.aguarda.es\/en\/exposicion-mulleres-galegas-na-historia-no-centro-cultural-da-guarda\/#breadcrumb\"},\"inLanguage\":\"en-US\",\"potentialAction\":[{\"@type\":\"ReadAction\",\"target\":[\"https:\/\/www.aguarda.es\/en\/exposicion-mulleres-galegas-na-historia-no-centro-cultural-da-guarda\/\"]}]},{\"@type\":\"BreadcrumbList\",\"@id\":\"https:\/\/www.aguarda.es\/en\/exposicion-mulleres-galegas-na-historia-no-centro-cultural-da-guarda\/#breadcrumb\",\"itemListElement\":[{\"@type\":\"ListItem\",\"position\":1,\"name\":\"Portada\",\"item\":\"https:\/\/www.aguarda.es\/en\/\"},{\"@type\":\"ListItem\",\"position\":2,\"name\":\"Exposici\u00f3n &#8220;Mulleres galegas na Historia&#8221; no Centro Cultural da Guarda\"}]},{\"@type\":\"WebSite\",\"@id\":\"https:\/\/www.aguarda.es\/en\/#website\",\"url\":\"https:\/\/www.aguarda.es\/en\/\",\"name\":\"Concello da Guarda\",\"description\":\"P\u00e1xina web do concello da Guarda\",\"potentialAction\":[{\"@type\":\"SearchAction\",\"target\":{\"@type\":\"EntryPoint\",\"urlTemplate\":\"https:\/\/www.aguarda.es\/en\/?s={search_term_string}\"},\"query-input\":\"required name=search_term_string\"}],\"inLanguage\":\"en-US\"},{\"@type\":\"Person\",\"@id\":\"https:\/\/www.aguarda.es\/en\/#\/schema\/person\/ac30f4d74843174f0af56c730f74dd57\",\"name\":\"Concello\",\"image\":{\"@type\":\"ImageObject\",\"inLanguage\":\"en-US\",\"@id\":\"https:\/\/www.aguarda.es\/en\/#\/schema\/person\/image\/\",\"url\":\"https:\/\/secure.gravatar.com\/avatar\/7eda12a04da40b2ef77eb62e68f07027?s=96&d=mm&r=g\",\"contentUrl\":\"https:\/\/secure.gravatar.com\/avatar\/7eda12a04da40b2ef77eb62e68f07027?s=96&d=mm&r=g\",\"caption\":\"Concello\"},\"url\":\"https:\/\/www.aguarda.es\/en\/author\/admin\/\"}]}<\/script>\n<!-- \/ Yoast SEO plugin. -->","yoast_head_json":{"title":"Exposici\u00f3n \"Mulleres galegas na Historia\" no Centro Cultural da Guarda - Concello da Guarda","robots":{"index":"index","follow":"follow","max-snippet":"max-snippet:-1","max-image-preview":"max-image-preview:large","max-video-preview":"max-video-preview:-1"},"canonical":"https:\/\/www.aguarda.es\/en\/exposicion-mulleres-galegas-na-historia-no-centro-cultural-da-guarda\/","og_locale":"en_US","og_type":"article","og_title":"Exposici\u00f3n \"Mulleres galegas na Historia\" no Centro Cultural da Guarda - Concello da Guarda","og_description":"A Sala I de Exposici\u00f3ns do Centro Cultural da Guarda acolle, ata o d\u00eda 30 de xu\u00f1o, a mostra \u201cMulleres Galegas na Historia\u201d, que pode ser visitada en horario de 9 a 14 horas.","og_url":"https:\/\/www.aguarda.es\/en\/exposicion-mulleres-galegas-na-historia-no-centro-cultural-da-guarda\/","og_site_name":"Concello da Guarda","article_publisher":"https:\/\/www.facebook.com\/ConcellodaGuarda","article_published_time":"2016-06-20T11:12:24+00:00","og_image":[{"width":438,"height":700,"url":"https:\/\/www.aguarda.es\/wp-content\/uploads\/2016\/06\/2016_Cartel mulleres galegas na historia.jpg","type":"image\/jpeg"}],"author":"Concello","twitter_card":"summary_large_image","twitter_creator":"@AGuarda_es","twitter_site":"@AGuarda_es","twitter_misc":{"Written by":"Concello","Est. reading time":"2 minutes"},"schema":{"@context":"https:\/\/schema.org","@graph":[{"@type":"WebPage","@id":"https:\/\/www.aguarda.es\/en\/exposicion-mulleres-galegas-na-historia-no-centro-cultural-da-guarda\/","url":"https:\/\/www.aguarda.es\/en\/exposicion-mulleres-galegas-na-historia-no-centro-cultural-da-guarda\/","name":"Exposici\u00f3n \"Mulleres galegas na Historia\" no Centro Cultural da Guarda - Concello da Guarda","isPartOf":{"@id":"https:\/\/www.aguarda.es\/en\/#website"},"datePublished":"2016-06-20T11:12:24+00:00","dateModified":"2016-06-20T11:12:24+00:00","author":{"@id":"https:\/\/www.aguarda.es\/en\/#\/schema\/person\/ac30f4d74843174f0af56c730f74dd57"},"breadcrumb":{"@id":"https:\/\/www.aguarda.es\/en\/exposicion-mulleres-galegas-na-historia-no-centro-cultural-da-guarda\/#breadcrumb"},"inLanguage":"en-US","potentialAction":[{"@type":"ReadAction","target":["https:\/\/www.aguarda.es\/en\/exposicion-mulleres-galegas-na-historia-no-centro-cultural-da-guarda\/"]}]},{"@type":"BreadcrumbList","@id":"https:\/\/www.aguarda.es\/en\/exposicion-mulleres-galegas-na-historia-no-centro-cultural-da-guarda\/#breadcrumb","itemListElement":[{"@type":"ListItem","position":1,"name":"Portada","item":"https:\/\/www.aguarda.es\/en\/"},{"@type":"ListItem","position":2,"name":"Exposici\u00f3n &#8220;Mulleres galegas na Historia&#8221; no Centro Cultural da Guarda"}]},{"@type":"WebSite","@id":"https:\/\/www.aguarda.es\/en\/#website","url":"https:\/\/www.aguarda.es\/en\/","name":"Concello da Guarda","description":"P\u00e1xina web do concello da Guarda","potentialAction":[{"@type":"SearchAction","target":{"@type":"EntryPoint","urlTemplate":"https:\/\/www.aguarda.es\/en\/?s={search_term_string}"},"query-input":"required name=search_term_string"}],"inLanguage":"en-US"},{"@type":"Person","@id":"https:\/\/www.aguarda.es\/en\/#\/schema\/person\/ac30f4d74843174f0af56c730f74dd57","name":"Concello","image":{"@type":"ImageObject","inLanguage":"en-US","@id":"https:\/\/www.aguarda.es\/en\/#\/schema\/person\/image\/","url":"https:\/\/secure.gravatar.com\/avatar\/7eda12a04da40b2ef77eb62e68f07027?s=96&d=mm&r=g","contentUrl":"https:\/\/secure.gravatar.com\/avatar\/7eda12a04da40b2ef77eb62e68f07027?s=96&d=mm&r=g","caption":"Concello"},"url":"https:\/\/www.aguarda.es\/en\/author\/admin\/"}]}},"_links":{"self":[{"href":"https:\/\/www.aguarda.es\/en\/wp-json\/wp\/v2\/posts\/1955"}],"collection":[{"href":"https:\/\/www.aguarda.es\/en\/wp-json\/wp\/v2\/posts"}],"about":[{"href":"https:\/\/www.aguarda.es\/en\/wp-json\/wp\/v2\/types\/post"}],"author":[{"embeddable":true,"href":"https:\/\/www.aguarda.es\/en\/wp-json\/wp\/v2\/users\/1"}],"replies":[{"embeddable":true,"href":"https:\/\/www.aguarda.es\/en\/wp-json\/wp\/v2\/comments?post=1955"}],"version-history":[{"count":0,"href":"https:\/\/www.aguarda.es\/en\/wp-json\/wp\/v2\/posts\/1955\/revisions"}],"wp:featuredmedia":[{"embeddable":true,"href":"https:\/\/www.aguarda.es\/en\/wp-json\/wp\/v2\/media\/1954"}],"wp:attachment":[{"href":"https:\/\/www.aguarda.es\/en\/wp-json\/wp\/v2\/media?parent=1955"}],"wp:term":[{"taxonomy":"category","embeddable":true,"href":"https:\/\/www.aguarda.es\/en\/wp-json\/wp\/v2\/categories?post=1955"},{"taxonomy":"post_tag","embeddable":true,"href":"https:\/\/www.aguarda.es\/en\/wp-json\/wp\/v2\/tags?post=1955"}],"curies":[{"name":"wp","href":"https:\/\/api.w.org\/{rel}","templated":true}]}}