{"id":19721,"date":"2019-10-11T09:17:03","date_gmt":"2019-10-11T09:17:03","guid":{"rendered":"https:\/\/www.aguarda.es\/?p=19721"},"modified":"2019-10-11T09:17:03","modified_gmt":"2019-10-11T09:17:03","slug":"alumnado-e-profesorado-do-ies-a-sangrina-participan-no-proxecto-ka102-de-mobilidade","status":"publish","type":"post","link":"https:\/\/www.aguarda.es\/en\/alumnado-e-profesorado-do-ies-a-sangrina-participan-no-proxecto-ka102-de-mobilidade\/","title":{"rendered":"Alumnado e profesorado do IES A Sangri\u00f1a participan no proxecto KA102 de Mobilidade"},"content":{"rendered":"<p style=\"text-align: justify\">Con data 14 de setembro conclu\u00edu o noso proxecto KA102 &#8211; Mobilidade de Estudantes e Persoal de FP correspondente ao curso 2018\/19 que permitiu realizar pr\u00e1cticas formativas aos estudantes e per\u00edodos de observaci\u00f3n aos docentes.<\/p>\n<p style=\"text-align: justify\">Neste curso 2018\/19 o IES A Sangri\u00f1a modificou a s\u00faa oferta educativa, por unha banda substitu\u00edr o CM de Carrocer\u00eda ordinario por outro de adultos na modalidade de FP Dual e impartiuse un curso de Capacitaci\u00f3n Profesional de Nivel 2 de \u201cEmbellecemento e Decoraci\u00f3n de Superficies de Veh\u00edculos\u201d.<\/p>\n<p style=\"text-align: justify\">O programa desenvolveuse en Portugal, concretamente en Lisboa e Oporto. Dada a situaci\u00f3n fronteiriza da nosa localidade, estas Mobilidades propician a posibilidade de abrir un novo e amplo mercado laboral, ademais de reforzar os v\u00ednculos entre Galicia e Portugal promovendo a circulaci\u00f3n e o intercambio de traballadores entre as nosas comunidades.<\/p>\n<p style=\"text-align: justify\">Os alumnos seleccionados recibiron previamente formaci\u00f3n cultural e ling\u00fc\u00edstica cunha profesora nativa.<\/p>\n<p style=\"text-align: justify\">Realiz\u00e1ronse 6 Mobilidades de alumnos de ciclos medios, 2 Mobilidades de alumnos de FP b\u00e1sica, 4 de estudantes titulados do curso de Capacitaci\u00f3n Profesional. Tam\u00e9n 4 docentes realizaron un \u201cJob shadowing\u201d en centros de FP da zona de Lisboa.<\/p>\n<p style=\"text-align: justify\">Con estas Mobilidades afianz\u00e1ronse as habilidades intelectuais, sociais, profesionais e interpersoais do profesorado e alumnado de formaci\u00f3n profesional do IES A Sangri\u00f1a da Garda complementando a s\u00faa formaci\u00f3n e proporcionando ferramentas para a consecuci\u00f3n dos seguintes obxectivos:<br \/>\n&#8211; Creaci\u00f3n dun novo v\u00ednculo cun centro de FP de Lisboa. Intercambiando experiencias, co\u00f1ecementos e propiciando posibles acordos de colaboraci\u00f3n futuros.<br \/>\n&#8211; Potenciar do efecto multiplicador que exerce a experiencia internacional dos profesores.<br \/>\n&#8211; Ofrecer aos estudantes de ciclos formativos que non participan nos programas de Mobilidade o beneficio do co\u00f1ecemento e a experiencia dos seus docentes.<br \/>\n&#8211; Desenvolver habilidades interpersonais, sociais, pragm\u00e1ticas e comunicativas de todos os participantes.<br \/>\n&#8211; Aproximaci\u00f3n a realidades empresariais, culturais e conceptuais diferentes \u00e1 contorna local.<\/p>\n<p style=\"text-align: justify\">A formaci\u00f3n para os alumnos de Ciclos Medios desenvolveuse do 3 de abril ao 21 de xu\u00f1o (80 d\u00edas) coa realizaci\u00f3n de Formaci\u00f3n en centros de traballo (FCT) relacionados cos seus respectivos ciclos. Os alumnos que realizaron as Mobilidades foron:<br \/>\n\u2022 -Ciclo Medio de Ectromec\u00e1nica de Veh\u00edculos: Jos\u00e9 Carlos Baz Gonz\u00e1lez, Ra\u00fal Castro Airas, Rub\u00e9n Corti\u00f1as Areas e Alfredo Fonti\u00f1as Gonz\u00e1lez.<br \/>\n-Ciclo Medio de Sistemas Microinform\u00e1ticos e Redes: Diego Gonz\u00e1lez Cerqueira e Adri\u00e1n N\u00fa\u00f1ez Mart\u00ednez.<br \/>\nA formaci\u00f3n para alumnos de FP B\u00e1sica de Mantemento de Veh\u00edculos iniciouse o 23 de abril estendeu ata o 21 de xu\u00f1o (60 d\u00edas) para cursar a FCT. Os alumnos que realizaron as Mobilidades foron:<br \/>\n&#8211; Miguel Eduardo Cardoso Gonz\u00e1lez e Jes\u00fas Dur\u00e1n Conde.<\/p>\n<p style=\"text-align: justify\">Os alumnos de Curso de Capacitaci\u00f3n Profesional de Nivel 2 de Embellecemento e Decoraci\u00f3n de Superficies de Veh\u00edculos realizaron pr\u00e1cticas en Oporto do 15 de xullo ao 30 de agosto (47 d\u00edas) complementando a s\u00faa formaci\u00f3n unha vez titulados. Os estudantes titulados que realizaron as Mobilidades foron:<br \/>\n&#8211; Francisco Carreira Carreira, F\u00e1tima Cividanes Rodr\u00edguez, Brais Ribeiro Mart\u00ednez e Mario Rodr\u00edguez \u00c1lvarez.<br \/>\nO Job shadowing dos docentes (5 d\u00edas) cursouse en tres centros formativos de FP da rexi\u00f3n de Lisboa, participando:<br \/>\n&#8211; Beatriz Couce Rodr\u00edguez, Mar\u00eda Teresa \u00c1lvarez Rodr\u00edguez Domingo Caldevilla Lago e Juan Carlos L\u00f3pez Pazos.<\/p>\n<p style=\"text-align: left\">Con Data 30 de setembro conclu\u00edu o proxecto KA103 &#8211; Mobilidade de Educaci\u00f3n Superior que permitiu \u00e1 alumna Daisy Fern\u00e1ndez Busto realizar a FCT (90 d\u00edas) dos seus estudos do Ciclo Superior de Administraci\u00f3n e Finanzas nunha multinacional con s\u00e9 en Lisboa.<\/p>\n<p style=\"text-align: left\">Foi Mar\u00eda Teresa \u00c1lvarez Rodr\u00edguez, profesora do Ciclo Superior de Administraci\u00f3n e Finanzas quen que puxo en marcha os protocolos de execuci\u00f3n de ambos proxectos coordinado \u00e1 Comisi\u00f3n de Mobilidade integrada os titores dos estudantes participantes.<\/p>\n<p style=\"text-align: left\">Neste novo curso 2019\/20 o IES A Sangri\u00f1a xestionar\u00e1 un proxecto KA116 &#8211; Mobilidade de Estudantes e Persoal de FP con Carta de Mobilidade de FP. Est\u00e1 prevista a participaci\u00f3n de 10 estudantes e 4 docentes.<\/p>\n<p style=\"text-align: left\">Como menciona o lema do proxecto ERASMUS+, seguimos \u201cENRIQUECENDO VIDAS, ABRINDO MENTES\u201d.<\/p>\n<p style=\"text-align: center\"><img decoding=\"async\" loading=\"lazy\" class=\"aligncenter size-full wp-image-19722\" src=\"https:\/\/www.aguarda.es\/wp-content\/uploads\/2019\/10\/imagen-4.jpg\" alt=\"\" width=\"605\" height=\"535\" srcset=\"https:\/\/www.aguarda.es\/wp-content\/uploads\/2019\/10\/imagen-4.jpg 605w, https:\/\/www.aguarda.es\/wp-content\/uploads\/2019\/10\/imagen-4-300x265.jpg 300w\" sizes=\"(max-width: 605px) 100vw, 605px\" \/><\/p>\n","protected":false},"excerpt":{"rendered":"<p>Con data 14 de setembro conclu\u00edu o noso proxecto KA102 &#8211; Mobilidade de Estudantes e Persoal de FP correspondente ao curso 2018\/19 que permitiu realizar pr\u00e1cticas formativas aos estudantes e per\u00edodos de observaci\u00f3n aos docentes. Neste curso 2018\/19 o IES &hellip; <\/p>\n","protected":false},"author":2,"featured_media":19724,"comment_status":"open","ping_status":"open","sticky":false,"template":"","format":"standard","meta":[],"categories":[37,33],"tags":[226,237,1170,304,699],"yoast_head":"<!-- This site is optimized with the Yoast SEO plugin v21.1 - https:\/\/yoast.com\/wordpress\/plugins\/seo\/ -->\n<title>Alumnado e profesorado do IES A Sangri\u00f1a participan no proxecto KA102 de Mobilidade - Concello da Guarda<\/title>\n<meta name=\"robots\" content=\"index, follow, max-snippet:-1, max-image-preview:large, max-video-preview:-1\" \/>\n<link rel=\"canonical\" href=\"https:\/\/www.aguarda.es\/en\/alumnado-e-profesorado-do-ies-a-sangrina-participan-no-proxecto-ka102-de-mobilidade\/\" \/>\n<meta property=\"og:locale\" content=\"en_US\" \/>\n<meta property=\"og:type\" content=\"article\" \/>\n<meta property=\"og:title\" content=\"Alumnado e profesorado do IES A Sangri\u00f1a participan no proxecto KA102 de Mobilidade - Concello da Guarda\" \/>\n<meta property=\"og:description\" content=\"Con data 14 de setembro conclu\u00edu o noso proxecto KA102 &#8211; Mobilidade de Estudantes e Persoal de FP correspondente ao curso 2018\/19 que permitiu realizar pr\u00e1cticas formativas aos estudantes e per\u00edodos de observaci\u00f3n aos docentes. Neste curso 2018\/19 o IES &hellip;\" \/>\n<meta property=\"og:url\" content=\"https:\/\/www.aguarda.es\/en\/alumnado-e-profesorado-do-ies-a-sangrina-participan-no-proxecto-ka102-de-mobilidade\/\" \/>\n<meta property=\"og:site_name\" content=\"Concello da Guarda\" \/>\n<meta property=\"article:publisher\" content=\"https:\/\/www.facebook.com\/ConcellodaGuarda\" \/>\n<meta property=\"article:published_time\" content=\"2019-10-11T09:17:03+00:00\" \/>\n<meta property=\"og:image\" content=\"https:\/\/www.aguarda.es\/wp-content\/uploads\/2019\/10\/imagen-5.jpg\" \/>\n\t<meta property=\"og:image:width\" content=\"727\" \/>\n\t<meta property=\"og:image:height\" content=\"545\" \/>\n\t<meta property=\"og:image:type\" content=\"image\/jpeg\" \/>\n<meta name=\"author\" content=\"prensa\" \/>\n<meta name=\"twitter:card\" content=\"summary_large_image\" \/>\n<meta name=\"twitter:creator\" content=\"@AGuarda_es\" \/>\n<meta name=\"twitter:site\" content=\"@AGuarda_es\" \/>\n<meta name=\"twitter:label1\" content=\"Written by\" \/>\n\t<meta name=\"twitter:data1\" content=\"prensa\" \/>\n\t<meta name=\"twitter:label2\" content=\"Est. reading time\" \/>\n\t<meta name=\"twitter:data2\" content=\"4 minutes\" \/>\n<script type=\"application\/ld+json\" class=\"yoast-schema-graph\">{\"@context\":\"https:\/\/schema.org\",\"@graph\":[{\"@type\":\"WebPage\",\"@id\":\"https:\/\/www.aguarda.es\/en\/alumnado-e-profesorado-do-ies-a-sangrina-participan-no-proxecto-ka102-de-mobilidade\/\",\"url\":\"https:\/\/www.aguarda.es\/en\/alumnado-e-profesorado-do-ies-a-sangrina-participan-no-proxecto-ka102-de-mobilidade\/\",\"name\":\"Alumnado e profesorado do IES A Sangri\u00f1a participan no proxecto KA102 de Mobilidade - Concello da Guarda\",\"isPartOf\":{\"@id\":\"https:\/\/www.aguarda.es\/en\/#website\"},\"datePublished\":\"2019-10-11T09:17:03+00:00\",\"dateModified\":\"2019-10-11T09:17:03+00:00\",\"author\":{\"@id\":\"https:\/\/www.aguarda.es\/en\/#\/schema\/person\/c463ca3006858ffb349d11179d044f21\"},\"breadcrumb\":{\"@id\":\"https:\/\/www.aguarda.es\/en\/alumnado-e-profesorado-do-ies-a-sangrina-participan-no-proxecto-ka102-de-mobilidade\/#breadcrumb\"},\"inLanguage\":\"en-US\",\"potentialAction\":[{\"@type\":\"ReadAction\",\"target\":[\"https:\/\/www.aguarda.es\/en\/alumnado-e-profesorado-do-ies-a-sangrina-participan-no-proxecto-ka102-de-mobilidade\/\"]}]},{\"@type\":\"BreadcrumbList\",\"@id\":\"https:\/\/www.aguarda.es\/en\/alumnado-e-profesorado-do-ies-a-sangrina-participan-no-proxecto-ka102-de-mobilidade\/#breadcrumb\",\"itemListElement\":[{\"@type\":\"ListItem\",\"position\":1,\"name\":\"Portada\",\"item\":\"https:\/\/www.aguarda.es\/en\/\"},{\"@type\":\"ListItem\",\"position\":2,\"name\":\"Alumnado e profesorado do IES A Sangri\u00f1a participan no proxecto KA102 de Mobilidade\"}]},{\"@type\":\"WebSite\",\"@id\":\"https:\/\/www.aguarda.es\/en\/#website\",\"url\":\"https:\/\/www.aguarda.es\/en\/\",\"name\":\"Concello da Guarda\",\"description\":\"P\u00e1xina web do concello da Guarda\",\"potentialAction\":[{\"@type\":\"SearchAction\",\"target\":{\"@type\":\"EntryPoint\",\"urlTemplate\":\"https:\/\/www.aguarda.es\/en\/?s={search_term_string}\"},\"query-input\":\"required name=search_term_string\"}],\"inLanguage\":\"en-US\"},{\"@type\":\"Person\",\"@id\":\"https:\/\/www.aguarda.es\/en\/#\/schema\/person\/c463ca3006858ffb349d11179d044f21\",\"name\":\"prensa\",\"image\":{\"@type\":\"ImageObject\",\"inLanguage\":\"en-US\",\"@id\":\"https:\/\/www.aguarda.es\/en\/#\/schema\/person\/image\/\",\"url\":\"https:\/\/secure.gravatar.com\/avatar\/5f90ef536b0f98306edf5c7a1135ffa1?s=96&d=mm&r=g\",\"contentUrl\":\"https:\/\/secure.gravatar.com\/avatar\/5f90ef536b0f98306edf5c7a1135ffa1?s=96&d=mm&r=g\",\"caption\":\"prensa\"},\"url\":\"https:\/\/www.aguarda.es\/en\/author\/prensa\/\"}]}<\/script>\n<!-- \/ Yoast SEO plugin. -->","yoast_head_json":{"title":"Alumnado e profesorado do IES A Sangri\u00f1a participan no proxecto KA102 de Mobilidade - Concello da Guarda","robots":{"index":"index","follow":"follow","max-snippet":"max-snippet:-1","max-image-preview":"max-image-preview:large","max-video-preview":"max-video-preview:-1"},"canonical":"https:\/\/www.aguarda.es\/en\/alumnado-e-profesorado-do-ies-a-sangrina-participan-no-proxecto-ka102-de-mobilidade\/","og_locale":"en_US","og_type":"article","og_title":"Alumnado e profesorado do IES A Sangri\u00f1a participan no proxecto KA102 de Mobilidade - Concello da Guarda","og_description":"Con data 14 de setembro conclu\u00edu o noso proxecto KA102 &#8211; Mobilidade de Estudantes e Persoal de FP correspondente ao curso 2018\/19 que permitiu realizar pr\u00e1cticas formativas aos estudantes e per\u00edodos de observaci\u00f3n aos docentes. Neste curso 2018\/19 o IES &hellip;","og_url":"https:\/\/www.aguarda.es\/en\/alumnado-e-profesorado-do-ies-a-sangrina-participan-no-proxecto-ka102-de-mobilidade\/","og_site_name":"Concello da Guarda","article_publisher":"https:\/\/www.facebook.com\/ConcellodaGuarda","article_published_time":"2019-10-11T09:17:03+00:00","og_image":[{"width":727,"height":545,"url":"https:\/\/www.aguarda.es\/wp-content\/uploads\/2019\/10\/imagen-5.jpg","type":"image\/jpeg"}],"author":"prensa","twitter_card":"summary_large_image","twitter_creator":"@AGuarda_es","twitter_site":"@AGuarda_es","twitter_misc":{"Written by":"prensa","Est. reading time":"4 minutes"},"schema":{"@context":"https:\/\/schema.org","@graph":[{"@type":"WebPage","@id":"https:\/\/www.aguarda.es\/en\/alumnado-e-profesorado-do-ies-a-sangrina-participan-no-proxecto-ka102-de-mobilidade\/","url":"https:\/\/www.aguarda.es\/en\/alumnado-e-profesorado-do-ies-a-sangrina-participan-no-proxecto-ka102-de-mobilidade\/","name":"Alumnado e profesorado do IES A Sangri\u00f1a participan no proxecto KA102 de Mobilidade - Concello da Guarda","isPartOf":{"@id":"https:\/\/www.aguarda.es\/en\/#website"},"datePublished":"2019-10-11T09:17:03+00:00","dateModified":"2019-10-11T09:17:03+00:00","author":{"@id":"https:\/\/www.aguarda.es\/en\/#\/schema\/person\/c463ca3006858ffb349d11179d044f21"},"breadcrumb":{"@id":"https:\/\/www.aguarda.es\/en\/alumnado-e-profesorado-do-ies-a-sangrina-participan-no-proxecto-ka102-de-mobilidade\/#breadcrumb"},"inLanguage":"en-US","potentialAction":[{"@type":"ReadAction","target":["https:\/\/www.aguarda.es\/en\/alumnado-e-profesorado-do-ies-a-sangrina-participan-no-proxecto-ka102-de-mobilidade\/"]}]},{"@type":"BreadcrumbList","@id":"https:\/\/www.aguarda.es\/en\/alumnado-e-profesorado-do-ies-a-sangrina-participan-no-proxecto-ka102-de-mobilidade\/#breadcrumb","itemListElement":[{"@type":"ListItem","position":1,"name":"Portada","item":"https:\/\/www.aguarda.es\/en\/"},{"@type":"ListItem","position":2,"name":"Alumnado e profesorado do IES A Sangri\u00f1a participan no proxecto KA102 de Mobilidade"}]},{"@type":"WebSite","@id":"https:\/\/www.aguarda.es\/en\/#website","url":"https:\/\/www.aguarda.es\/en\/","name":"Concello da Guarda","description":"P\u00e1xina web do concello da Guarda","potentialAction":[{"@type":"SearchAction","target":{"@type":"EntryPoint","urlTemplate":"https:\/\/www.aguarda.es\/en\/?s={search_term_string}"},"query-input":"required name=search_term_string"}],"inLanguage":"en-US"},{"@type":"Person","@id":"https:\/\/www.aguarda.es\/en\/#\/schema\/person\/c463ca3006858ffb349d11179d044f21","name":"prensa","image":{"@type":"ImageObject","inLanguage":"en-US","@id":"https:\/\/www.aguarda.es\/en\/#\/schema\/person\/image\/","url":"https:\/\/secure.gravatar.com\/avatar\/5f90ef536b0f98306edf5c7a1135ffa1?s=96&d=mm&r=g","contentUrl":"https:\/\/secure.gravatar.com\/avatar\/5f90ef536b0f98306edf5c7a1135ffa1?s=96&d=mm&r=g","caption":"prensa"},"url":"https:\/\/www.aguarda.es\/en\/author\/prensa\/"}]}},"_links":{"self":[{"href":"https:\/\/www.aguarda.es\/en\/wp-json\/wp\/v2\/posts\/19721"}],"collection":[{"href":"https:\/\/www.aguarda.es\/en\/wp-json\/wp\/v2\/posts"}],"about":[{"href":"https:\/\/www.aguarda.es\/en\/wp-json\/wp\/v2\/types\/post"}],"author":[{"embeddable":true,"href":"https:\/\/www.aguarda.es\/en\/wp-json\/wp\/v2\/users\/2"}],"replies":[{"embeddable":true,"href":"https:\/\/www.aguarda.es\/en\/wp-json\/wp\/v2\/comments?post=19721"}],"version-history":[{"count":1,"href":"https:\/\/www.aguarda.es\/en\/wp-json\/wp\/v2\/posts\/19721\/revisions"}],"predecessor-version":[{"id":19726,"href":"https:\/\/www.aguarda.es\/en\/wp-json\/wp\/v2\/posts\/19721\/revisions\/19726"}],"wp:featuredmedia":[{"embeddable":true,"href":"https:\/\/www.aguarda.es\/en\/wp-json\/wp\/v2\/media\/19724"}],"wp:attachment":[{"href":"https:\/\/www.aguarda.es\/en\/wp-json\/wp\/v2\/media?parent=19721"}],"wp:term":[{"taxonomy":"category","embeddable":true,"href":"https:\/\/www.aguarda.es\/en\/wp-json\/wp\/v2\/categories?post=19721"},{"taxonomy":"post_tag","embeddable":true,"href":"https:\/\/www.aguarda.es\/en\/wp-json\/wp\/v2\/tags?post=19721"}],"curies":[{"name":"wp","href":"https:\/\/api.w.org\/{rel}","templated":true}]}}