{"id":19731,"date":"2019-10-24T12:04:56","date_gmt":"2019-10-24T12:04:56","guid":{"rendered":"https:\/\/www.aguarda.es\/?p=19731"},"modified":"2019-10-24T09:53:06","modified_gmt":"2019-10-24T09:53:06","slug":"ibuprofeno-teatro-presenta-a-obra-raclette-o-25-de-outubro-na-guarda","status":"publish","type":"post","link":"https:\/\/www.aguarda.es\/en\/ibuprofeno-teatro-presenta-a-obra-raclette-o-25-de-outubro-na-guarda\/","title":{"rendered":"Ibuprofeno teatro presenta a obra \u00abRaclette\u00bb o venres 25 de outubro na Guarda"},"content":{"rendered":"<p>[vc_row][vc_column][vc_column_text]<\/p>\n<p style=\"text-align: justify\">O Centro Cultural da Guarda acolle o vindeiro venres d\u00eda 25 de outubro \u00e1s 21:00h a representaci\u00f3n teatral de \u00abRaclette\u00bb a cargo da Compa\u00f1\u00eda Ibuprofeno Teatro.<\/p>\n<p style=\"text-align: justify\">\u00abRaclette\u00bb \u00e9 unha xeira de Ibuprofeno Teatro, na que a compa\u00f1\u00eda asume produci\u00f3ns dun formato superior con elencos m\u00e1is numerosos, caracterizadas polo rigor na posta en escena, no traballo interpretativo e na concepci\u00f3n dos textos e dos procesos de creaci\u00f3n, baseados na obra dramat\u00farxica de Santiago Cortegoso.<\/p>\n<p style=\"text-align: justify\">As\u00ed pois, Ibuprofeno quere afondar na li\u00f1a da creaci\u00f3n propia e orixinal, seguindo na procura dunha linguaxe persoal e reco\u00f1ecible para falar dos temas claves que lle afectan ao ser humano contempor\u00e1neo, a trav\u00e9s de personaxes que buscan a s\u00faa identidade individual nun contexto social globalizado e complexo que non conseguen controlar, o que os leva a situaci\u00f3ns absurdas e cargadas dun humor acedo e sarc\u00e1stico.<\/p>\n<p style=\"text-align: justify\">No caso de \u00abRaclette\u00bb \u00e9 unha obra dirixida por Santiago Cortegoso cunha duraci\u00f3n de 75 minutos que xa foi finalista XX Premios Max das Artes Esc\u00e9nicas Mellor Autor\u00eda Teatral e Mellor Direcci\u00f3n de Escea, Premio \u00c1lvaro Cunqueiro para textos teatrais 2014, Mellor Espect\u00e1culo de Sala da 19 edici\u00f3n da &#8220;Feria de Teatro de Castilla y Le\u00f3n-Ciudad Rodrigo&#8221;, Menci\u00f3n Especial do Xurado no XIX Certamen de teatro Garnacha de Haro, Premio Mar\u00eda Casares de Teatro 2017 ao Mellor Texto Orixinal, Premio Teatro Autor Expr\u00e9s 2016.<\/p>\n<p style=\"text-align: justify\">A Raclette \u00e9 un xeito de comer en comunidade inventado polos pastores su\u00edzos que, para escorrentaren o fr\u00edo e a soidade da monta\u00f1a, se reun\u00edan arredor dunha pedra quentada ao lume para ir coci\u00f1ando nela -a medida que com\u00edan- queixo, carne e verduras.<\/p>\n<p style=\"text-align: justify\">Esta raclette urbana e contempor\u00e1nea une, durante unha cea, d\u00faas tramas que aparentemente non te\u00f1en relaci\u00f3n, pero que se entrelazan para rematar contando unha historia terrible que trata temas universais como a morte, a parella, a maternidade, a cobiza, a culpa e a violencia.<\/p>\n<p style=\"text-align: justify\">O realismo \u00e9 a base da posta en escena e do traballo interpretativo. Os actores e actrices coci\u00f1an e comen comida real, diante do p\u00fablico, que apreciar\u00e1 o transcurso da cea non s\u00f3 pola vista e o o\u00eddo, sen\u00f3n tam\u00e9n polo olfacto. O peso da funci\u00f3n recae no que transmiten os personaxes, na intensidade das relaci\u00f3ns que se establecen entre eles, na trascendencia do que din e do que calan, nos xestos, nas miradas&#8230;<br \/>\nAs entradas est\u00e1n dispo\u00f1ibles dende o 24 de outubro \u00e1s 17:00h da tarde no Centro Cultural.<\/p>\n<p>[\/vc_column_text][\/vc_column][\/vc_row][vc_row][vc_column][vc_video link=&#8221;https:\/\/youtu.be\/CPJOc2UOUTA&#8221;][\/vc_column][\/vc_row]<\/p>\n","protected":false},"excerpt":{"rendered":"<p>[vc_row][vc_column][vc_column_text] O Centro Cultural da Guarda acolle o vindeiro venres d\u00eda 25 de outubro \u00e1s 21:00h a representaci\u00f3n teatral de \u00abRaclette\u00bb a cargo da Compa\u00f1\u00eda Ibuprofeno Teatro. \u00abRaclette\u00bb \u00e9 unha xeira de Ibuprofeno Teatro, na que a compa\u00f1\u00eda asume produci\u00f3ns &hellip; <\/p>\n","protected":false},"author":2,"featured_media":19732,"comment_status":"open","ping_status":"open","sticky":false,"template":"","format":"standard","meta":[],"categories":[34],"tags":[226,1979,1978,373],"yoast_head":"<!-- This site is optimized with the Yoast SEO plugin v21.1 - https:\/\/yoast.com\/wordpress\/plugins\/seo\/ -->\n<title>Ibuprofeno teatro presenta a obra \u00abRaclette\u00bb o venres 25 de outubro na Guarda - Concello da Guarda<\/title>\n<meta name=\"robots\" content=\"index, follow, max-snippet:-1, max-image-preview:large, max-video-preview:-1\" \/>\n<link rel=\"canonical\" href=\"https:\/\/www.aguarda.es\/en\/ibuprofeno-teatro-presenta-a-obra-raclette-o-25-de-outubro-na-guarda\/\" \/>\n<meta property=\"og:locale\" content=\"en_US\" \/>\n<meta property=\"og:type\" content=\"article\" \/>\n<meta property=\"og:title\" content=\"Ibuprofeno teatro presenta a obra \u00abRaclette\u00bb o venres 25 de outubro na Guarda - Concello da Guarda\" \/>\n<meta property=\"og:description\" content=\"[vc_row][vc_column][vc_column_text] O Centro Cultural da Guarda acolle o vindeiro venres d\u00eda 25 de outubro \u00e1s 21:00h a representaci\u00f3n teatral de \u00abRaclette\u00bb a cargo da Compa\u00f1\u00eda Ibuprofeno Teatro. \u00abRaclette\u00bb \u00e9 unha xeira de Ibuprofeno Teatro, na que a compa\u00f1\u00eda asume produci\u00f3ns &hellip;\" \/>\n<meta property=\"og:url\" content=\"https:\/\/www.aguarda.es\/en\/ibuprofeno-teatro-presenta-a-obra-raclette-o-25-de-outubro-na-guarda\/\" \/>\n<meta property=\"og:site_name\" content=\"Concello da Guarda\" \/>\n<meta property=\"article:publisher\" content=\"https:\/\/www.facebook.com\/ConcellodaGuarda\" \/>\n<meta property=\"article:published_time\" content=\"2019-10-24T12:04:56+00:00\" \/>\n<meta property=\"article:modified_time\" content=\"2019-10-24T09:53:06+00:00\" \/>\n<meta property=\"og:image\" content=\"https:\/\/www.aguarda.es\/wp-content\/uploads\/2019\/10\/NP-11102019-Ibuprofeno-teatro-presenta-a-obra-\u00abRaclette\u00bb-o-25-de-outubro-na-Guarda.jpg\" \/>\n\t<meta property=\"og:image:width\" content=\"612\" \/>\n\t<meta property=\"og:image:height\" content=\"864\" \/>\n\t<meta property=\"og:image:type\" content=\"image\/jpeg\" \/>\n<meta name=\"author\" content=\"prensa\" \/>\n<meta name=\"twitter:card\" content=\"summary_large_image\" \/>\n<meta name=\"twitter:creator\" content=\"@AGuarda_es\" \/>\n<meta name=\"twitter:site\" content=\"@AGuarda_es\" \/>\n<meta name=\"twitter:label1\" content=\"Written by\" \/>\n\t<meta name=\"twitter:data1\" content=\"prensa\" \/>\n\t<meta name=\"twitter:label2\" content=\"Est. reading time\" \/>\n\t<meta name=\"twitter:data2\" content=\"2 minutes\" \/>\n<script type=\"application\/ld+json\" class=\"yoast-schema-graph\">{\"@context\":\"https:\/\/schema.org\",\"@graph\":[{\"@type\":\"WebPage\",\"@id\":\"https:\/\/www.aguarda.es\/en\/ibuprofeno-teatro-presenta-a-obra-raclette-o-25-de-outubro-na-guarda\/\",\"url\":\"https:\/\/www.aguarda.es\/en\/ibuprofeno-teatro-presenta-a-obra-raclette-o-25-de-outubro-na-guarda\/\",\"name\":\"Ibuprofeno teatro presenta a obra \u00abRaclette\u00bb o venres 25 de outubro na Guarda - Concello da Guarda\",\"isPartOf\":{\"@id\":\"https:\/\/www.aguarda.es\/en\/#website\"},\"datePublished\":\"2019-10-24T12:04:56+00:00\",\"dateModified\":\"2019-10-24T09:53:06+00:00\",\"author\":{\"@id\":\"https:\/\/www.aguarda.es\/en\/#\/schema\/person\/c463ca3006858ffb349d11179d044f21\"},\"breadcrumb\":{\"@id\":\"https:\/\/www.aguarda.es\/en\/ibuprofeno-teatro-presenta-a-obra-raclette-o-25-de-outubro-na-guarda\/#breadcrumb\"},\"inLanguage\":\"en-US\",\"potentialAction\":[{\"@type\":\"ReadAction\",\"target\":[\"https:\/\/www.aguarda.es\/en\/ibuprofeno-teatro-presenta-a-obra-raclette-o-25-de-outubro-na-guarda\/\"]}]},{\"@type\":\"BreadcrumbList\",\"@id\":\"https:\/\/www.aguarda.es\/en\/ibuprofeno-teatro-presenta-a-obra-raclette-o-25-de-outubro-na-guarda\/#breadcrumb\",\"itemListElement\":[{\"@type\":\"ListItem\",\"position\":1,\"name\":\"Portada\",\"item\":\"https:\/\/www.aguarda.es\/en\/\"},{\"@type\":\"ListItem\",\"position\":2,\"name\":\"Ibuprofeno teatro presenta a obra \u00abRaclette\u00bb o venres 25 de outubro na Guarda\"}]},{\"@type\":\"WebSite\",\"@id\":\"https:\/\/www.aguarda.es\/en\/#website\",\"url\":\"https:\/\/www.aguarda.es\/en\/\",\"name\":\"Concello da Guarda\",\"description\":\"P\u00e1xina web do concello da Guarda\",\"potentialAction\":[{\"@type\":\"SearchAction\",\"target\":{\"@type\":\"EntryPoint\",\"urlTemplate\":\"https:\/\/www.aguarda.es\/en\/?s={search_term_string}\"},\"query-input\":\"required name=search_term_string\"}],\"inLanguage\":\"en-US\"},{\"@type\":\"Person\",\"@id\":\"https:\/\/www.aguarda.es\/en\/#\/schema\/person\/c463ca3006858ffb349d11179d044f21\",\"name\":\"prensa\",\"image\":{\"@type\":\"ImageObject\",\"inLanguage\":\"en-US\",\"@id\":\"https:\/\/www.aguarda.es\/en\/#\/schema\/person\/image\/\",\"url\":\"https:\/\/secure.gravatar.com\/avatar\/5f90ef536b0f98306edf5c7a1135ffa1?s=96&d=mm&r=g\",\"contentUrl\":\"https:\/\/secure.gravatar.com\/avatar\/5f90ef536b0f98306edf5c7a1135ffa1?s=96&d=mm&r=g\",\"caption\":\"prensa\"},\"url\":\"https:\/\/www.aguarda.es\/en\/author\/prensa\/\"}]}<\/script>\n<!-- \/ Yoast SEO plugin. -->","yoast_head_json":{"title":"Ibuprofeno teatro presenta a obra \u00abRaclette\u00bb o venres 25 de outubro na Guarda - Concello da Guarda","robots":{"index":"index","follow":"follow","max-snippet":"max-snippet:-1","max-image-preview":"max-image-preview:large","max-video-preview":"max-video-preview:-1"},"canonical":"https:\/\/www.aguarda.es\/en\/ibuprofeno-teatro-presenta-a-obra-raclette-o-25-de-outubro-na-guarda\/","og_locale":"en_US","og_type":"article","og_title":"Ibuprofeno teatro presenta a obra \u00abRaclette\u00bb o venres 25 de outubro na Guarda - Concello da Guarda","og_description":"[vc_row][vc_column][vc_column_text] O Centro Cultural da Guarda acolle o vindeiro venres d\u00eda 25 de outubro \u00e1s 21:00h a representaci\u00f3n teatral de \u00abRaclette\u00bb a cargo da Compa\u00f1\u00eda Ibuprofeno Teatro. \u00abRaclette\u00bb \u00e9 unha xeira de Ibuprofeno Teatro, na que a compa\u00f1\u00eda asume produci\u00f3ns &hellip;","og_url":"https:\/\/www.aguarda.es\/en\/ibuprofeno-teatro-presenta-a-obra-raclette-o-25-de-outubro-na-guarda\/","og_site_name":"Concello da Guarda","article_publisher":"https:\/\/www.facebook.com\/ConcellodaGuarda","article_published_time":"2019-10-24T12:04:56+00:00","article_modified_time":"2019-10-24T09:53:06+00:00","og_image":[{"width":612,"height":864,"url":"https:\/\/www.aguarda.es\/wp-content\/uploads\/2019\/10\/NP-11102019-Ibuprofeno-teatro-presenta-a-obra-\u00abRaclette\u00bb-o-25-de-outubro-na-Guarda.jpg","type":"image\/jpeg"}],"author":"prensa","twitter_card":"summary_large_image","twitter_creator":"@AGuarda_es","twitter_site":"@AGuarda_es","twitter_misc":{"Written by":"prensa","Est. reading time":"2 minutes"},"schema":{"@context":"https:\/\/schema.org","@graph":[{"@type":"WebPage","@id":"https:\/\/www.aguarda.es\/en\/ibuprofeno-teatro-presenta-a-obra-raclette-o-25-de-outubro-na-guarda\/","url":"https:\/\/www.aguarda.es\/en\/ibuprofeno-teatro-presenta-a-obra-raclette-o-25-de-outubro-na-guarda\/","name":"Ibuprofeno teatro presenta a obra \u00abRaclette\u00bb o venres 25 de outubro na Guarda - Concello da Guarda","isPartOf":{"@id":"https:\/\/www.aguarda.es\/en\/#website"},"datePublished":"2019-10-24T12:04:56+00:00","dateModified":"2019-10-24T09:53:06+00:00","author":{"@id":"https:\/\/www.aguarda.es\/en\/#\/schema\/person\/c463ca3006858ffb349d11179d044f21"},"breadcrumb":{"@id":"https:\/\/www.aguarda.es\/en\/ibuprofeno-teatro-presenta-a-obra-raclette-o-25-de-outubro-na-guarda\/#breadcrumb"},"inLanguage":"en-US","potentialAction":[{"@type":"ReadAction","target":["https:\/\/www.aguarda.es\/en\/ibuprofeno-teatro-presenta-a-obra-raclette-o-25-de-outubro-na-guarda\/"]}]},{"@type":"BreadcrumbList","@id":"https:\/\/www.aguarda.es\/en\/ibuprofeno-teatro-presenta-a-obra-raclette-o-25-de-outubro-na-guarda\/#breadcrumb","itemListElement":[{"@type":"ListItem","position":1,"name":"Portada","item":"https:\/\/www.aguarda.es\/en\/"},{"@type":"ListItem","position":2,"name":"Ibuprofeno teatro presenta a obra \u00abRaclette\u00bb o venres 25 de outubro na Guarda"}]},{"@type":"WebSite","@id":"https:\/\/www.aguarda.es\/en\/#website","url":"https:\/\/www.aguarda.es\/en\/","name":"Concello da Guarda","description":"P\u00e1xina web do concello da Guarda","potentialAction":[{"@type":"SearchAction","target":{"@type":"EntryPoint","urlTemplate":"https:\/\/www.aguarda.es\/en\/?s={search_term_string}"},"query-input":"required name=search_term_string"}],"inLanguage":"en-US"},{"@type":"Person","@id":"https:\/\/www.aguarda.es\/en\/#\/schema\/person\/c463ca3006858ffb349d11179d044f21","name":"prensa","image":{"@type":"ImageObject","inLanguage":"en-US","@id":"https:\/\/www.aguarda.es\/en\/#\/schema\/person\/image\/","url":"https:\/\/secure.gravatar.com\/avatar\/5f90ef536b0f98306edf5c7a1135ffa1?s=96&d=mm&r=g","contentUrl":"https:\/\/secure.gravatar.com\/avatar\/5f90ef536b0f98306edf5c7a1135ffa1?s=96&d=mm&r=g","caption":"prensa"},"url":"https:\/\/www.aguarda.es\/en\/author\/prensa\/"}]}},"_links":{"self":[{"href":"https:\/\/www.aguarda.es\/en\/wp-json\/wp\/v2\/posts\/19731"}],"collection":[{"href":"https:\/\/www.aguarda.es\/en\/wp-json\/wp\/v2\/posts"}],"about":[{"href":"https:\/\/www.aguarda.es\/en\/wp-json\/wp\/v2\/types\/post"}],"author":[{"embeddable":true,"href":"https:\/\/www.aguarda.es\/en\/wp-json\/wp\/v2\/users\/2"}],"replies":[{"embeddable":true,"href":"https:\/\/www.aguarda.es\/en\/wp-json\/wp\/v2\/comments?post=19731"}],"version-history":[{"count":2,"href":"https:\/\/www.aguarda.es\/en\/wp-json\/wp\/v2\/posts\/19731\/revisions"}],"predecessor-version":[{"id":19815,"href":"https:\/\/www.aguarda.es\/en\/wp-json\/wp\/v2\/posts\/19731\/revisions\/19815"}],"wp:featuredmedia":[{"embeddable":true,"href":"https:\/\/www.aguarda.es\/en\/wp-json\/wp\/v2\/media\/19732"}],"wp:attachment":[{"href":"https:\/\/www.aguarda.es\/en\/wp-json\/wp\/v2\/media?parent=19731"}],"wp:term":[{"taxonomy":"category","embeddable":true,"href":"https:\/\/www.aguarda.es\/en\/wp-json\/wp\/v2\/categories?post=19731"},{"taxonomy":"post_tag","embeddable":true,"href":"https:\/\/www.aguarda.es\/en\/wp-json\/wp\/v2\/tags?post=19731"}],"curies":[{"name":"wp","href":"https:\/\/api.w.org\/{rel}","templated":true}]}}