{"id":19786,"date":"2019-10-22T08:29:07","date_gmt":"2019-10-22T08:29:07","guid":{"rendered":"https:\/\/www.aguarda.es\/?p=19786"},"modified":"2019-10-22T08:29:07","modified_gmt":"2019-10-22T08:29:07","slug":"costas-vai-realizar-unha-actuacion-de-urxencia-para-evitar-a-degradacion-do-areal-da-lamina-e-do-muino-na-guarda","status":"publish","type":"post","link":"https:\/\/www.aguarda.es\/en\/costas-vai-realizar-unha-actuacion-de-urxencia-para-evitar-a-degradacion-do-areal-da-lamina-e-do-muino-na-guarda\/","title":{"rendered":"Costas vai realizar unha actuaci\u00f3n de urxencia para evitar a degradaci\u00f3n do areal da Lami\u00f1a e do Mu\u00ed\u00f1o na Guarda"},"content":{"rendered":"<p style=\"text-align: justify\">Un dique de pedras de setenta metros protexer\u00e1 a duna<\/p>\n<p style=\"text-align: justify\">O alcalde, Antonio Lomba, acompa\u00f1ou \u00e1 subdelegada do Goberno xunto a responsables da xefatura territorial de Costas na praia onde recibiron explicaci\u00f3ns do proceso construtivo<\/p>\n<p style=\"text-align: justify\">A subdelegada do Goberno en Pontevedra, Maica Larriba, acompa\u00f1ada do alcalde de A Guarda, Antonio Lomba, recibiron hoxe as explicaci\u00f3ns da xefatura territorial de Costas sobre a actuaci\u00f3n de urxencia que van a acometer na praia de A Lami\u00f1a en Camposancos.<\/p>\n<p style=\"text-align: justify\">A praia, tal e como puido comprobar a propia subdelegada persoalmente, est\u00e1 sufrindo unha erosi\u00f3n do R\u00edo Mi\u00f1o que pode chegar a provocar a desaparici\u00f3n de todo o areal e incluso que o r\u00edo se adentre no pi\u00f1eiral cercano nunha zona con catalogaci\u00f3n de Rede Natura.<\/p>\n<p style=\"text-align: justify\">Esta actuaci\u00f3n de urxencia, que desenvolverase nos pr\u00f3ximos d\u00edas, vai crear un dique duns setenta metros de longo conformado por pedras de dous mil quilos sobre unha cuberta de xeotextil. O orzamento da actuaci\u00f3n achegase aos 130.000 euros e vaise facer pola empresa Tragsa rematando o pr\u00f3ximo 20 de novembro.<\/p>\n<p style=\"text-align: justify\">Maica Larriba comprobou esta ma\u00f1\u00e1 xunto co alcalde de A Guarda a situaci\u00f3n na praia onde varios \u00e1rbores at\u00f3panse a piques de caer a auga ao quedar as s\u00faas ra\u00edces o aire polo efecto da auga que vai eliminando a area da praia e do sistema dunar con que goza Camposancos. A subdelegada mostrou a s\u00faa satisfacci\u00f3n por esta actuaci\u00f3n de urxencia, que conta coa autorizaci\u00f3n dos servizos de medio Ambiente da Xunta e do Goberno portugu\u00e9s, mentres rematase coa redacci\u00f3n do proxecto definitivo de actuaci\u00f3n integral neste marxe da beira do r\u00edo Mi\u00f1o.<\/p>\n<p style=\"text-align: justify\">Esta actuaci\u00f3n demorouse no tempo pola necesidade de contar con todas as autorizaci\u00f3ns pertinentes ao tratarse dunha zona en Rede Natura e tam\u00e9n por ter incidencia na li\u00f1a de fronteira con Portugal. De feito, Larriba quixo transmitir o seu agradecemento as autoridades do pa\u00eds veci\u00f1o pola a s\u00faa axilidade a hora de conceder a autorizaci\u00f3n.<\/p>\n<p style=\"text-align: justify\">Antonio Lomba, Alcalde da Guarda, valorou moi positivamente o inicio destas actuaci\u00f3ns, que permitir\u00e1n reducir o impacto do deterioro do litoral deste emblem\u00e1tico e visitado espazo do noso municipio como \u00e9 a Praia da Lami\u00f1a e a do Mu\u00ed\u00f1o. Unhas actuaci\u00f3ns moi demandadas que, a\u00ednda que se trata dunha escolleira provisional, protexer\u00e1 o impacto sobre este litoral de xeito inmediato ata que se execute o proxecto definitivo, agradecendo tam\u00e9n a implicaci\u00f3n de todas as administraci\u00f3ns con competencias neste espazo natural de importante valor medioambiental.<\/p>\n<p style=\"text-align: center\"><img decoding=\"async\" loading=\"lazy\" class=\"aligncenter size-full wp-image-19793\" src=\"https:\/\/www.aguarda.es\/wp-content\/uploads\/2019\/10\/IMG_7427.jpg\" alt=\"\" width=\"800\" height=\"533\" srcset=\"https:\/\/www.aguarda.es\/wp-content\/uploads\/2019\/10\/IMG_7427.jpg 800w, https:\/\/www.aguarda.es\/wp-content\/uploads\/2019\/10\/IMG_7427-300x200.jpg 300w, https:\/\/www.aguarda.es\/wp-content\/uploads\/2019\/10\/IMG_7427-768x512.jpg 768w\" sizes=\"(max-width: 800px) 100vw, 800px\" \/><img decoding=\"async\" loading=\"lazy\" class=\"aligncenter size-full wp-image-19789\" src=\"https:\/\/www.aguarda.es\/wp-content\/uploads\/2019\/10\/IMG_7404.jpg\" alt=\"\" width=\"800\" height=\"533\" srcset=\"https:\/\/www.aguarda.es\/wp-content\/uploads\/2019\/10\/IMG_7404.jpg 800w, https:\/\/www.aguarda.es\/wp-content\/uploads\/2019\/10\/IMG_7404-300x200.jpg 300w, https:\/\/www.aguarda.es\/wp-content\/uploads\/2019\/10\/IMG_7404-768x512.jpg 768w\" sizes=\"(max-width: 800px) 100vw, 800px\" \/><img decoding=\"async\" loading=\"lazy\" class=\"aligncenter size-full wp-image-19787\" src=\"https:\/\/www.aguarda.es\/wp-content\/uploads\/2019\/10\/IMG_7399.jpg\" alt=\"\" width=\"800\" height=\"533\" srcset=\"https:\/\/www.aguarda.es\/wp-content\/uploads\/2019\/10\/IMG_7399.jpg 800w, https:\/\/www.aguarda.es\/wp-content\/uploads\/2019\/10\/IMG_7399-300x200.jpg 300w, https:\/\/www.aguarda.es\/wp-content\/uploads\/2019\/10\/IMG_7399-768x512.jpg 768w\" sizes=\"(max-width: 800px) 100vw, 800px\" \/><\/p>\n","protected":false},"excerpt":{"rendered":"<p>Un dique de pedras de setenta metros protexer\u00e1 a duna O alcalde, Antonio Lomba, acompa\u00f1ou \u00e1 subdelegada do Goberno xunto a responsables da xefatura territorial de Costas na praia onde recibiron explicaci\u00f3ns do proceso construtivo A subdelegada do Goberno en &hellip; <\/p>\n","protected":false},"author":2,"featured_media":19791,"comment_status":"open","ping_status":"open","sticky":false,"template":"","format":"standard","meta":[],"categories":[33],"tags":[226,1298,1409],"yoast_head":"<!-- This site is optimized with the Yoast SEO plugin v21.1 - https:\/\/yoast.com\/wordpress\/plugins\/seo\/ -->\n<title>Costas vai realizar unha actuaci\u00f3n de urxencia para evitar a degradaci\u00f3n do areal da Lami\u00f1a e do Mu\u00ed\u00f1o na Guarda - Concello da Guarda<\/title>\n<meta name=\"robots\" content=\"index, follow, max-snippet:-1, max-image-preview:large, max-video-preview:-1\" \/>\n<link rel=\"canonical\" href=\"https:\/\/www.aguarda.es\/en\/costas-vai-realizar-unha-actuacion-de-urxencia-para-evitar-a-degradacion-do-areal-da-lamina-e-do-muino-na-guarda\/\" \/>\n<meta property=\"og:locale\" content=\"en_US\" \/>\n<meta property=\"og:type\" content=\"article\" \/>\n<meta property=\"og:title\" content=\"Costas vai realizar unha actuaci\u00f3n de urxencia para evitar a degradaci\u00f3n do areal da Lami\u00f1a e do Mu\u00ed\u00f1o na Guarda - Concello da Guarda\" \/>\n<meta property=\"og:description\" content=\"Un dique de pedras de setenta metros protexer\u00e1 a duna O alcalde, Antonio Lomba, acompa\u00f1ou \u00e1 subdelegada do Goberno xunto a responsables da xefatura territorial de Costas na praia onde recibiron explicaci\u00f3ns do proceso construtivo A subdelegada do Goberno en &hellip;\" \/>\n<meta property=\"og:url\" content=\"https:\/\/www.aguarda.es\/en\/costas-vai-realizar-unha-actuacion-de-urxencia-para-evitar-a-degradacion-do-areal-da-lamina-e-do-muino-na-guarda\/\" \/>\n<meta property=\"og:site_name\" content=\"Concello da Guarda\" \/>\n<meta property=\"article:publisher\" content=\"https:\/\/www.facebook.com\/ConcellodaGuarda\" \/>\n<meta property=\"article:published_time\" content=\"2019-10-22T08:29:07+00:00\" \/>\n<meta property=\"og:image\" content=\"https:\/\/www.aguarda.es\/wp-content\/uploads\/2019\/10\/IMG_7418.jpg\" \/>\n\t<meta property=\"og:image:width\" content=\"800\" \/>\n\t<meta property=\"og:image:height\" content=\"533\" \/>\n\t<meta property=\"og:image:type\" content=\"image\/jpeg\" \/>\n<meta name=\"author\" content=\"prensa\" \/>\n<meta name=\"twitter:card\" content=\"summary_large_image\" \/>\n<meta name=\"twitter:creator\" content=\"@AGuarda_es\" \/>\n<meta name=\"twitter:site\" content=\"@AGuarda_es\" \/>\n<meta name=\"twitter:label1\" content=\"Written by\" \/>\n\t<meta name=\"twitter:data1\" content=\"prensa\" \/>\n\t<meta name=\"twitter:label2\" content=\"Est. reading time\" \/>\n\t<meta name=\"twitter:data2\" content=\"2 minutes\" \/>\n<script type=\"application\/ld+json\" class=\"yoast-schema-graph\">{\"@context\":\"https:\/\/schema.org\",\"@graph\":[{\"@type\":\"WebPage\",\"@id\":\"https:\/\/www.aguarda.es\/en\/costas-vai-realizar-unha-actuacion-de-urxencia-para-evitar-a-degradacion-do-areal-da-lamina-e-do-muino-na-guarda\/\",\"url\":\"https:\/\/www.aguarda.es\/en\/costas-vai-realizar-unha-actuacion-de-urxencia-para-evitar-a-degradacion-do-areal-da-lamina-e-do-muino-na-guarda\/\",\"name\":\"Costas vai realizar unha actuaci\u00f3n de urxencia para evitar a degradaci\u00f3n do areal da Lami\u00f1a e do Mu\u00ed\u00f1o na Guarda - Concello da Guarda\",\"isPartOf\":{\"@id\":\"https:\/\/www.aguarda.es\/en\/#website\"},\"datePublished\":\"2019-10-22T08:29:07+00:00\",\"dateModified\":\"2019-10-22T08:29:07+00:00\",\"author\":{\"@id\":\"https:\/\/www.aguarda.es\/en\/#\/schema\/person\/c463ca3006858ffb349d11179d044f21\"},\"breadcrumb\":{\"@id\":\"https:\/\/www.aguarda.es\/en\/costas-vai-realizar-unha-actuacion-de-urxencia-para-evitar-a-degradacion-do-areal-da-lamina-e-do-muino-na-guarda\/#breadcrumb\"},\"inLanguage\":\"en-US\",\"potentialAction\":[{\"@type\":\"ReadAction\",\"target\":[\"https:\/\/www.aguarda.es\/en\/costas-vai-realizar-unha-actuacion-de-urxencia-para-evitar-a-degradacion-do-areal-da-lamina-e-do-muino-na-guarda\/\"]}]},{\"@type\":\"BreadcrumbList\",\"@id\":\"https:\/\/www.aguarda.es\/en\/costas-vai-realizar-unha-actuacion-de-urxencia-para-evitar-a-degradacion-do-areal-da-lamina-e-do-muino-na-guarda\/#breadcrumb\",\"itemListElement\":[{\"@type\":\"ListItem\",\"position\":1,\"name\":\"Portada\",\"item\":\"https:\/\/www.aguarda.es\/en\/\"},{\"@type\":\"ListItem\",\"position\":2,\"name\":\"Costas vai realizar unha actuaci\u00f3n de urxencia para evitar a degradaci\u00f3n do areal da Lami\u00f1a e do Mu\u00ed\u00f1o na Guarda\"}]},{\"@type\":\"WebSite\",\"@id\":\"https:\/\/www.aguarda.es\/en\/#website\",\"url\":\"https:\/\/www.aguarda.es\/en\/\",\"name\":\"Concello da Guarda\",\"description\":\"P\u00e1xina web do concello da Guarda\",\"potentialAction\":[{\"@type\":\"SearchAction\",\"target\":{\"@type\":\"EntryPoint\",\"urlTemplate\":\"https:\/\/www.aguarda.es\/en\/?s={search_term_string}\"},\"query-input\":\"required name=search_term_string\"}],\"inLanguage\":\"en-US\"},{\"@type\":\"Person\",\"@id\":\"https:\/\/www.aguarda.es\/en\/#\/schema\/person\/c463ca3006858ffb349d11179d044f21\",\"name\":\"prensa\",\"image\":{\"@type\":\"ImageObject\",\"inLanguage\":\"en-US\",\"@id\":\"https:\/\/www.aguarda.es\/en\/#\/schema\/person\/image\/\",\"url\":\"https:\/\/secure.gravatar.com\/avatar\/5f90ef536b0f98306edf5c7a1135ffa1?s=96&d=mm&r=g\",\"contentUrl\":\"https:\/\/secure.gravatar.com\/avatar\/5f90ef536b0f98306edf5c7a1135ffa1?s=96&d=mm&r=g\",\"caption\":\"prensa\"},\"url\":\"https:\/\/www.aguarda.es\/en\/author\/prensa\/\"}]}<\/script>\n<!-- \/ Yoast SEO plugin. -->","yoast_head_json":{"title":"Costas vai realizar unha actuaci\u00f3n de urxencia para evitar a degradaci\u00f3n do areal da Lami\u00f1a e do Mu\u00ed\u00f1o na Guarda - Concello da Guarda","robots":{"index":"index","follow":"follow","max-snippet":"max-snippet:-1","max-image-preview":"max-image-preview:large","max-video-preview":"max-video-preview:-1"},"canonical":"https:\/\/www.aguarda.es\/en\/costas-vai-realizar-unha-actuacion-de-urxencia-para-evitar-a-degradacion-do-areal-da-lamina-e-do-muino-na-guarda\/","og_locale":"en_US","og_type":"article","og_title":"Costas vai realizar unha actuaci\u00f3n de urxencia para evitar a degradaci\u00f3n do areal da Lami\u00f1a e do Mu\u00ed\u00f1o na Guarda - Concello da Guarda","og_description":"Un dique de pedras de setenta metros protexer\u00e1 a duna O alcalde, Antonio Lomba, acompa\u00f1ou \u00e1 subdelegada do Goberno xunto a responsables da xefatura territorial de Costas na praia onde recibiron explicaci\u00f3ns do proceso construtivo A subdelegada do Goberno en &hellip;","og_url":"https:\/\/www.aguarda.es\/en\/costas-vai-realizar-unha-actuacion-de-urxencia-para-evitar-a-degradacion-do-areal-da-lamina-e-do-muino-na-guarda\/","og_site_name":"Concello da Guarda","article_publisher":"https:\/\/www.facebook.com\/ConcellodaGuarda","article_published_time":"2019-10-22T08:29:07+00:00","og_image":[{"width":800,"height":533,"url":"https:\/\/www.aguarda.es\/wp-content\/uploads\/2019\/10\/IMG_7418.jpg","type":"image\/jpeg"}],"author":"prensa","twitter_card":"summary_large_image","twitter_creator":"@AGuarda_es","twitter_site":"@AGuarda_es","twitter_misc":{"Written by":"prensa","Est. reading time":"2 minutes"},"schema":{"@context":"https:\/\/schema.org","@graph":[{"@type":"WebPage","@id":"https:\/\/www.aguarda.es\/en\/costas-vai-realizar-unha-actuacion-de-urxencia-para-evitar-a-degradacion-do-areal-da-lamina-e-do-muino-na-guarda\/","url":"https:\/\/www.aguarda.es\/en\/costas-vai-realizar-unha-actuacion-de-urxencia-para-evitar-a-degradacion-do-areal-da-lamina-e-do-muino-na-guarda\/","name":"Costas vai realizar unha actuaci\u00f3n de urxencia para evitar a degradaci\u00f3n do areal da Lami\u00f1a e do Mu\u00ed\u00f1o na Guarda - Concello da Guarda","isPartOf":{"@id":"https:\/\/www.aguarda.es\/en\/#website"},"datePublished":"2019-10-22T08:29:07+00:00","dateModified":"2019-10-22T08:29:07+00:00","author":{"@id":"https:\/\/www.aguarda.es\/en\/#\/schema\/person\/c463ca3006858ffb349d11179d044f21"},"breadcrumb":{"@id":"https:\/\/www.aguarda.es\/en\/costas-vai-realizar-unha-actuacion-de-urxencia-para-evitar-a-degradacion-do-areal-da-lamina-e-do-muino-na-guarda\/#breadcrumb"},"inLanguage":"en-US","potentialAction":[{"@type":"ReadAction","target":["https:\/\/www.aguarda.es\/en\/costas-vai-realizar-unha-actuacion-de-urxencia-para-evitar-a-degradacion-do-areal-da-lamina-e-do-muino-na-guarda\/"]}]},{"@type":"BreadcrumbList","@id":"https:\/\/www.aguarda.es\/en\/costas-vai-realizar-unha-actuacion-de-urxencia-para-evitar-a-degradacion-do-areal-da-lamina-e-do-muino-na-guarda\/#breadcrumb","itemListElement":[{"@type":"ListItem","position":1,"name":"Portada","item":"https:\/\/www.aguarda.es\/en\/"},{"@type":"ListItem","position":2,"name":"Costas vai realizar unha actuaci\u00f3n de urxencia para evitar a degradaci\u00f3n do areal da Lami\u00f1a e do Mu\u00ed\u00f1o na Guarda"}]},{"@type":"WebSite","@id":"https:\/\/www.aguarda.es\/en\/#website","url":"https:\/\/www.aguarda.es\/en\/","name":"Concello da Guarda","description":"P\u00e1xina web do concello da Guarda","potentialAction":[{"@type":"SearchAction","target":{"@type":"EntryPoint","urlTemplate":"https:\/\/www.aguarda.es\/en\/?s={search_term_string}"},"query-input":"required name=search_term_string"}],"inLanguage":"en-US"},{"@type":"Person","@id":"https:\/\/www.aguarda.es\/en\/#\/schema\/person\/c463ca3006858ffb349d11179d044f21","name":"prensa","image":{"@type":"ImageObject","inLanguage":"en-US","@id":"https:\/\/www.aguarda.es\/en\/#\/schema\/person\/image\/","url":"https:\/\/secure.gravatar.com\/avatar\/5f90ef536b0f98306edf5c7a1135ffa1?s=96&d=mm&r=g","contentUrl":"https:\/\/secure.gravatar.com\/avatar\/5f90ef536b0f98306edf5c7a1135ffa1?s=96&d=mm&r=g","caption":"prensa"},"url":"https:\/\/www.aguarda.es\/en\/author\/prensa\/"}]}},"_links":{"self":[{"href":"https:\/\/www.aguarda.es\/en\/wp-json\/wp\/v2\/posts\/19786"}],"collection":[{"href":"https:\/\/www.aguarda.es\/en\/wp-json\/wp\/v2\/posts"}],"about":[{"href":"https:\/\/www.aguarda.es\/en\/wp-json\/wp\/v2\/types\/post"}],"author":[{"embeddable":true,"href":"https:\/\/www.aguarda.es\/en\/wp-json\/wp\/v2\/users\/2"}],"replies":[{"embeddable":true,"href":"https:\/\/www.aguarda.es\/en\/wp-json\/wp\/v2\/comments?post=19786"}],"version-history":[{"count":1,"href":"https:\/\/www.aguarda.es\/en\/wp-json\/wp\/v2\/posts\/19786\/revisions"}],"predecessor-version":[{"id":19795,"href":"https:\/\/www.aguarda.es\/en\/wp-json\/wp\/v2\/posts\/19786\/revisions\/19795"}],"wp:featuredmedia":[{"embeddable":true,"href":"https:\/\/www.aguarda.es\/en\/wp-json\/wp\/v2\/media\/19791"}],"wp:attachment":[{"href":"https:\/\/www.aguarda.es\/en\/wp-json\/wp\/v2\/media?parent=19786"}],"wp:term":[{"taxonomy":"category","embeddable":true,"href":"https:\/\/www.aguarda.es\/en\/wp-json\/wp\/v2\/categories?post=19786"},{"taxonomy":"post_tag","embeddable":true,"href":"https:\/\/www.aguarda.es\/en\/wp-json\/wp\/v2\/tags?post=19786"}],"curies":[{"name":"wp","href":"https:\/\/api.w.org\/{rel}","templated":true}]}}