{"id":19800,"date":"2019-10-22T08:55:24","date_gmt":"2019-10-22T08:55:24","guid":{"rendered":"https:\/\/www.aguarda.es\/?p=19800"},"modified":"2019-10-22T08:55:24","modified_gmt":"2019-10-22T08:55:24","slug":"a-sustentabilidade-e-o-tema-principal-da-feira-de-emprego-ecoimaxin-na-guarda","status":"publish","type":"post","link":"https:\/\/www.aguarda.es\/en\/a-sustentabilidade-e-o-tema-principal-da-feira-de-emprego-ecoimaxin-na-guarda\/","title":{"rendered":"A sustentabilidade \u00e9 o tema principal da Feira de Emprego \u00abEcoimax\u00edn\u00bb na Guarda"},"content":{"rendered":"<p style=\"text-align: justify\">Dende este xoves d\u00eda 24 de outubro, a Casa dos Alonso da Guarda acolle a Feira de Emprego \u00abEcoimax\u00edn\u00bb, que este ano contar\u00e1 con charlas e conferencias de especialistas do sector, que falar\u00e1n sobre todas as novidades e as s\u00faas experiencias no mundo empresarial, amosando a todos os asistentes informaci\u00f3ns relevantes para a posta en marcha de proxectos empresariais.<\/p>\n<p style=\"text-align: justify\">O programa da Feira do Emprego e Formaci\u00f3n \u00abEcoimax\u00edn\u00bb ter\u00e1 inicio na xornada do xoves 24 \u00e1s 9:30h, cun acto inaugural no que se contar\u00e1 coa asistencia do Alcalde da Guarda, Antonio Lomba; a concelleira de Formaci\u00f3n, F\u00e1tima Rodr\u00edguez; o Delegado da Zona Franca de Vigo, David Regades e demais convidados.<\/p>\n<p style=\"text-align: justify\">Nas xornadas do xoves 24 e do venres 25 ter\u00e1n lugar d\u00faas c\u00e1psulas formativas a cargo de Sandra Fern\u00e1ndez Prado, Consultora e Auditora interna en sistemas integrados de xesti\u00f3n (calidade, medio ambiente, prevenci\u00f3n riscos laborais e responsabilidade social empresarial) sobre \u00abNovos perf\u00eds profesionais para un mundo sostible\u00bb. Sandra Fern\u00e1ndez \u00e9 Especialista de Desarrollo de RSE en pymes, cunha experiencia de m\u00e1s de 3 a\u00f1os en asistencia t\u00e9cnica a programas de la Conseller\u00eda de Econom\u00eda, Emprego e Industria de la Xunta de Galicia.<\/p>\n<p style=\"text-align: justify\">A segunda c\u00e1psula formativa ser\u00e1 a cargo de Sandra Touza, Xerente de \u00abPonle cara al turismo\u00bb e CEO de imalocal.es (consultor\u00eda, plans estrat\u00e9xicos, dinamizaci\u00f3n territorial, promoci\u00f3n tur\u00edstica e formaci\u00f3n en turismo creativo, comunitario e industrial). sobre \u00abTurismo Sostible, impacto no desenvolvemento local\u00bb, \u00e1mbalas c\u00e1psulas, os dous d\u00edas en horario de 10:00h a 12:00h. Sandra Touza def\u00ednese coma unha muller emprendedora incansable de esp\u00edrito libre, e forte. Caracterizase pola s\u00faa transparencia, ga\u00f1as de mellorar cada d\u00eda ante os obst\u00e1culos con perseverancia e positividade.<\/p>\n<p style=\"text-align: justify\">O xoves 24 entre as 12:30h e as 14:00h realizarase unha ponencia aberta a todo o p\u00fablico sobre a \u00abResponsabilidade Social nunha gran empresa\u00bb, Teiga TMI (Servizos Electromec\u00e1nicos Industriais), a cargo de Ver\u00f3nica Santiago Corral, Responsables do Departamento PRL, Calidade e Medio Ambiente.<\/p>\n<p style=\"text-align: justify\">O venres 25 entre as 12:30h e as 14:00h realizarase unha ponencia aberta a todo o p\u00fablico sobre \u00abPorque non hai un planeta B\u00bb, marketing sustentable, a cargo de Javier Varela, consultor de marketing, estratexia e comunicaci\u00f3n en toctocmedia. Javier Varela traballa en multitude de proxectos de marketing e marketing online tanto para importantes marcas e empresas privadas, coma para instituci\u00f3ns p\u00fablicas, \u00e9 profesor colaborador na Escola de Negocios IESIDE e na Escola de Organizaci\u00f3n Industrial EOI.<\/p>\n<p style=\"text-align: justify\">Para pechar esta edici\u00f3n da Feira do Emprego e Formaci\u00f3n, a xornada do s\u00e1bado d\u00eda 26 de outubro estar\u00e1 adicada a unha Feira de Empresas, que ter\u00e1 lugar de 10:00h a 14:00h e na que se presentar\u00e1 o portal de Emprego da Guarda e de 12:00- 13:00 horas presentaranse empresas eco da contorna.<\/p>\n<p style=\"text-align: justify\">Esta \u00e9 a terceira edici\u00f3n da Feira do Emprego e Formaci\u00f3n da Guarda, o primeiro ano estivo enfocada no emprendemento a nivel local, a segunda edici\u00f3n na tecnolox\u00eda como motor xerador de emprego e esta edici\u00f3n na sustentabilidade.<\/p>\n<p style=\"text-align: justify\">A Feira do Emprego e Formaci\u00f3n chega un ano m\u00e1is \u00e1 Guarda para desenvolver unha ampla programaci\u00f3n de actividades ao longo de 3 d\u00edas, un evento dirixido a estimular o talento e crear cultura emprendedora na comarca do Baixo Mi\u00f1o, baixo o concepto de sustentabilidade como elemento dinamizador socioecon\u00f3mico e xerador de oportunidades de emprego. Os participantes ter\u00e1n a oportunidade de asistir a obradoiros formativos en contacto directo con empresas sustentables.<\/p>\n<p style=\"text-align: justify\">Esta Feira do Emprego e Formaci\u00f3n aspira a converterse nunha cita obrigada para todas aquelas persoas interesadas en co\u00f1ecer m\u00e1is sobre as novas tecnolox\u00edas, a formaci\u00f3n continua e emprego, novas v\u00edas de negocio, entre outras novidades do sector empresarial.<\/p>\n<p style=\"text-align: justify\">As C\u00e1psulas formativas do xoves e do venres en horario de ma\u00f1\u00e1 requiren inscrici\u00f3n previa, m\u00e1is informaci\u00f3n e inscrici\u00f3ns na OMIX da Guarda, no tel\u00e9fono 986 61 0000 ext.7 ou no enderezo electr\u00f3nico informacion@aguarda.es<\/p>\n<h2 style=\"text-align: center\"><strong>PROGRAMA ECOIMAX\u00cdN \u2013 CONCELLO DA GUARDA<\/strong><\/h2>\n<p style=\"text-align: justify\"><strong>XOVES 24 OUTUBRO<\/strong><\/p>\n<p style=\"text-align: justify\">9:30h Presentaci\u00f3n e apertura das xornadas<\/p>\n<p style=\"text-align: justify\">10:00h-12:00h C\u00e1psulas formativas:<\/p>\n<p style=\"text-align: justify\">\u2022 Novos perf\u00eds profesionais para un mundo sostible, a cargo de Sandra Fern\u00e1ndez Prado, Consultora e Auditora interna en sistemas integrados de xesti\u00f3n (calidade, medio ambiente, prevenci\u00f3n riscos laborais e responsabilidade social empresarial).<\/p>\n<p style=\"text-align: justify\">\u2022 Turismo Sostible, impacto no desenvolvemento local, a cargo de Sandra Touza, Xerente de \u00abPonle cara al turismo\u00bb e CEO de imalocal.es (consultor\u00eda, plans estrat\u00e9xicos, dinamizaci\u00f3n territorial, promoci\u00f3n tur\u00edstica e formaci\u00f3n en turismo creativo, comunitario e industrial).<\/p>\n<p style=\"text-align: justify\">12:00-12:30 Descanso<\/p>\n<p style=\"text-align: justify\">12:30-14:00 Charlas\/Ponencias abertas ao p\u00fablico<\/p>\n<p style=\"text-align: justify\">\u2022 Responsabilidade Social nunha gran empresa: Teiga TMI (Servizos Electromec\u00e1nicos Industriais), a cargo de Ver\u00f3nica Santiago Corral, Responsables do Departamento PRL, Calidade e Medio Ambiente.<\/p>\n<p style=\"text-align: justify\"><strong>VENRES 25 OUTUBRO<\/strong><\/p>\n<p style=\"text-align: justify\">10:00h-12:00h C\u00e1psulas formativas:<\/p>\n<p style=\"text-align: justify\">\u2022 Novos perf\u00eds profesionais para un mundo sostible, a cargo de Sandra Fern\u00e1ndez Prado, Consultora e Auditora interna en sistemas integrados de xesti\u00f3n (calidade, medio ambiente, prevenci\u00f3n riscos laborais e responsabilidade social empresarial) .<\/p>\n<p style=\"text-align: justify\">\u2022 Turismo Sostible, impacto no desenvolvemento local, a cargo de Sandra Touza, Xerente de \u00abPonle cara al turismo\u00bb e CEO de imalocal.es (consultor\u00eda, plans estrat\u00e9xicos, dinamizaci\u00f3n territorial, promoci\u00f3n tur\u00edstica e formaci\u00f3n en turismo creativo, comunitario e industrial).<\/p>\n<p style=\"text-align: justify\">12:00-12:30 Descanso<\/p>\n<p style=\"text-align: justify\">12:30-14:00 Charlas\/Ponencias abertas ao p\u00fablico<\/p>\n<p style=\"text-align: justify\">\u2022 Porque non hai un planeta B, marketing sustentable, a cargo de Javier Varela, consultor de marketing, estratexia e comunicaci\u00f3n en toctocmedia.<\/p>\n<p style=\"text-align: justify\"><strong>S\u00c1BADO 26 DE OUTUBRO<\/strong><\/p>\n<p style=\"text-align: justify\">10:00h-14:00h Feira de Empresas<\/p>\n<p style=\"text-align: justify\">Presentaci\u00f3n do portal de Emprego da Guarda a cargo dos responsables municipais do programa <a href=\"http:\/\/www.empregonarede.gal\">www.empregonarede.gal<\/a><\/p>\n<p style=\"text-align: justify\">12:00- 13:00 horas presentaci\u00f3n empresas eco da contorna: Albergue O Peirao, Proxecto Xe-Mente, O Eixido dos Tendeiros, Biosenza e m\u00e1is por confirmar.<\/p>\n","protected":false},"excerpt":{"rendered":"<p>Dende este xoves d\u00eda 24 de outubro, a Casa dos Alonso da Guarda acolle a Feira de Emprego \u00abEcoimax\u00edn\u00bb, que este ano contar\u00e1 con charlas e conferencias de especialistas do sector, que falar\u00e1n sobre todas as novidades e as s\u00faas &hellip; <\/p>\n","protected":false},"author":2,"featured_media":19801,"comment_status":"open","ping_status":"open","sticky":false,"template":"","format":"standard","meta":[],"categories":[33],"tags":[226,1973,867,1513],"yoast_head":"<!-- This site is optimized with the Yoast SEO plugin v21.1 - https:\/\/yoast.com\/wordpress\/plugins\/seo\/ -->\n<title>A sustentabilidade \u00e9 o tema principal da Feira de Emprego \u00abEcoimax\u00edn\u00bb na Guarda - Concello da Guarda<\/title>\n<meta name=\"robots\" content=\"index, follow, max-snippet:-1, max-image-preview:large, max-video-preview:-1\" \/>\n<link rel=\"canonical\" href=\"https:\/\/www.aguarda.es\/en\/a-sustentabilidade-e-o-tema-principal-da-feira-de-emprego-ecoimaxin-na-guarda\/\" \/>\n<meta property=\"og:locale\" content=\"en_US\" \/>\n<meta property=\"og:type\" content=\"article\" \/>\n<meta property=\"og:title\" content=\"A sustentabilidade \u00e9 o tema principal da Feira de Emprego \u00abEcoimax\u00edn\u00bb na Guarda - Concello da Guarda\" \/>\n<meta property=\"og:description\" content=\"Dende este xoves d\u00eda 24 de outubro, a Casa dos Alonso da Guarda acolle a Feira de Emprego \u00abEcoimax\u00edn\u00bb, que este ano contar\u00e1 con charlas e conferencias de especialistas do sector, que falar\u00e1n sobre todas as novidades e as s\u00faas &hellip;\" \/>\n<meta property=\"og:url\" content=\"https:\/\/www.aguarda.es\/en\/a-sustentabilidade-e-o-tema-principal-da-feira-de-emprego-ecoimaxin-na-guarda\/\" \/>\n<meta property=\"og:site_name\" content=\"Concello da Guarda\" \/>\n<meta property=\"article:publisher\" content=\"https:\/\/www.facebook.com\/ConcellodaGuarda\" \/>\n<meta property=\"article:published_time\" content=\"2019-10-22T08:55:24+00:00\" \/>\n<meta property=\"og:image\" content=\"https:\/\/www.aguarda.es\/wp-content\/uploads\/2019\/10\/Sin-t\u00edtulo-1-3.jpg\" \/>\n\t<meta property=\"og:image:width\" content=\"800\" \/>\n\t<meta property=\"og:image:height\" content=\"857\" \/>\n\t<meta property=\"og:image:type\" content=\"image\/jpeg\" \/>\n<meta name=\"author\" content=\"prensa\" \/>\n<meta name=\"twitter:card\" content=\"summary_large_image\" \/>\n<meta name=\"twitter:creator\" content=\"@AGuarda_es\" \/>\n<meta name=\"twitter:site\" content=\"@AGuarda_es\" \/>\n<meta name=\"twitter:label1\" content=\"Written by\" \/>\n\t<meta name=\"twitter:data1\" content=\"prensa\" \/>\n\t<meta name=\"twitter:label2\" content=\"Est. reading time\" \/>\n\t<meta name=\"twitter:data2\" content=\"5 minutes\" \/>\n<script type=\"application\/ld+json\" class=\"yoast-schema-graph\">{\"@context\":\"https:\/\/schema.org\",\"@graph\":[{\"@type\":\"WebPage\",\"@id\":\"https:\/\/www.aguarda.es\/en\/a-sustentabilidade-e-o-tema-principal-da-feira-de-emprego-ecoimaxin-na-guarda\/\",\"url\":\"https:\/\/www.aguarda.es\/en\/a-sustentabilidade-e-o-tema-principal-da-feira-de-emprego-ecoimaxin-na-guarda\/\",\"name\":\"A sustentabilidade \u00e9 o tema principal da Feira de Emprego \u00abEcoimax\u00edn\u00bb na Guarda - Concello da Guarda\",\"isPartOf\":{\"@id\":\"https:\/\/www.aguarda.es\/en\/#website\"},\"datePublished\":\"2019-10-22T08:55:24+00:00\",\"dateModified\":\"2019-10-22T08:55:24+00:00\",\"author\":{\"@id\":\"https:\/\/www.aguarda.es\/en\/#\/schema\/person\/c463ca3006858ffb349d11179d044f21\"},\"breadcrumb\":{\"@id\":\"https:\/\/www.aguarda.es\/en\/a-sustentabilidade-e-o-tema-principal-da-feira-de-emprego-ecoimaxin-na-guarda\/#breadcrumb\"},\"inLanguage\":\"en-US\",\"potentialAction\":[{\"@type\":\"ReadAction\",\"target\":[\"https:\/\/www.aguarda.es\/en\/a-sustentabilidade-e-o-tema-principal-da-feira-de-emprego-ecoimaxin-na-guarda\/\"]}]},{\"@type\":\"BreadcrumbList\",\"@id\":\"https:\/\/www.aguarda.es\/en\/a-sustentabilidade-e-o-tema-principal-da-feira-de-emprego-ecoimaxin-na-guarda\/#breadcrumb\",\"itemListElement\":[{\"@type\":\"ListItem\",\"position\":1,\"name\":\"Portada\",\"item\":\"https:\/\/www.aguarda.es\/en\/\"},{\"@type\":\"ListItem\",\"position\":2,\"name\":\"A sustentabilidade \u00e9 o tema principal da Feira de Emprego \u00abEcoimax\u00edn\u00bb na Guarda\"}]},{\"@type\":\"WebSite\",\"@id\":\"https:\/\/www.aguarda.es\/en\/#website\",\"url\":\"https:\/\/www.aguarda.es\/en\/\",\"name\":\"Concello da Guarda\",\"description\":\"P\u00e1xina web do concello da Guarda\",\"potentialAction\":[{\"@type\":\"SearchAction\",\"target\":{\"@type\":\"EntryPoint\",\"urlTemplate\":\"https:\/\/www.aguarda.es\/en\/?s={search_term_string}\"},\"query-input\":\"required name=search_term_string\"}],\"inLanguage\":\"en-US\"},{\"@type\":\"Person\",\"@id\":\"https:\/\/www.aguarda.es\/en\/#\/schema\/person\/c463ca3006858ffb349d11179d044f21\",\"name\":\"prensa\",\"image\":{\"@type\":\"ImageObject\",\"inLanguage\":\"en-US\",\"@id\":\"https:\/\/www.aguarda.es\/en\/#\/schema\/person\/image\/\",\"url\":\"https:\/\/secure.gravatar.com\/avatar\/5f90ef536b0f98306edf5c7a1135ffa1?s=96&d=mm&r=g\",\"contentUrl\":\"https:\/\/secure.gravatar.com\/avatar\/5f90ef536b0f98306edf5c7a1135ffa1?s=96&d=mm&r=g\",\"caption\":\"prensa\"},\"url\":\"https:\/\/www.aguarda.es\/en\/author\/prensa\/\"}]}<\/script>\n<!-- \/ Yoast SEO plugin. -->","yoast_head_json":{"title":"A sustentabilidade \u00e9 o tema principal da Feira de Emprego \u00abEcoimax\u00edn\u00bb na Guarda - Concello da Guarda","robots":{"index":"index","follow":"follow","max-snippet":"max-snippet:-1","max-image-preview":"max-image-preview:large","max-video-preview":"max-video-preview:-1"},"canonical":"https:\/\/www.aguarda.es\/en\/a-sustentabilidade-e-o-tema-principal-da-feira-de-emprego-ecoimaxin-na-guarda\/","og_locale":"en_US","og_type":"article","og_title":"A sustentabilidade \u00e9 o tema principal da Feira de Emprego \u00abEcoimax\u00edn\u00bb na Guarda - Concello da Guarda","og_description":"Dende este xoves d\u00eda 24 de outubro, a Casa dos Alonso da Guarda acolle a Feira de Emprego \u00abEcoimax\u00edn\u00bb, que este ano contar\u00e1 con charlas e conferencias de especialistas do sector, que falar\u00e1n sobre todas as novidades e as s\u00faas &hellip;","og_url":"https:\/\/www.aguarda.es\/en\/a-sustentabilidade-e-o-tema-principal-da-feira-de-emprego-ecoimaxin-na-guarda\/","og_site_name":"Concello da Guarda","article_publisher":"https:\/\/www.facebook.com\/ConcellodaGuarda","article_published_time":"2019-10-22T08:55:24+00:00","og_image":[{"width":800,"height":857,"url":"https:\/\/www.aguarda.es\/wp-content\/uploads\/2019\/10\/Sin-t\u00edtulo-1-3.jpg","type":"image\/jpeg"}],"author":"prensa","twitter_card":"summary_large_image","twitter_creator":"@AGuarda_es","twitter_site":"@AGuarda_es","twitter_misc":{"Written by":"prensa","Est. reading time":"5 minutes"},"schema":{"@context":"https:\/\/schema.org","@graph":[{"@type":"WebPage","@id":"https:\/\/www.aguarda.es\/en\/a-sustentabilidade-e-o-tema-principal-da-feira-de-emprego-ecoimaxin-na-guarda\/","url":"https:\/\/www.aguarda.es\/en\/a-sustentabilidade-e-o-tema-principal-da-feira-de-emprego-ecoimaxin-na-guarda\/","name":"A sustentabilidade \u00e9 o tema principal da Feira de Emprego \u00abEcoimax\u00edn\u00bb na Guarda - Concello da Guarda","isPartOf":{"@id":"https:\/\/www.aguarda.es\/en\/#website"},"datePublished":"2019-10-22T08:55:24+00:00","dateModified":"2019-10-22T08:55:24+00:00","author":{"@id":"https:\/\/www.aguarda.es\/en\/#\/schema\/person\/c463ca3006858ffb349d11179d044f21"},"breadcrumb":{"@id":"https:\/\/www.aguarda.es\/en\/a-sustentabilidade-e-o-tema-principal-da-feira-de-emprego-ecoimaxin-na-guarda\/#breadcrumb"},"inLanguage":"en-US","potentialAction":[{"@type":"ReadAction","target":["https:\/\/www.aguarda.es\/en\/a-sustentabilidade-e-o-tema-principal-da-feira-de-emprego-ecoimaxin-na-guarda\/"]}]},{"@type":"BreadcrumbList","@id":"https:\/\/www.aguarda.es\/en\/a-sustentabilidade-e-o-tema-principal-da-feira-de-emprego-ecoimaxin-na-guarda\/#breadcrumb","itemListElement":[{"@type":"ListItem","position":1,"name":"Portada","item":"https:\/\/www.aguarda.es\/en\/"},{"@type":"ListItem","position":2,"name":"A sustentabilidade \u00e9 o tema principal da Feira de Emprego \u00abEcoimax\u00edn\u00bb na Guarda"}]},{"@type":"WebSite","@id":"https:\/\/www.aguarda.es\/en\/#website","url":"https:\/\/www.aguarda.es\/en\/","name":"Concello da Guarda","description":"P\u00e1xina web do concello da Guarda","potentialAction":[{"@type":"SearchAction","target":{"@type":"EntryPoint","urlTemplate":"https:\/\/www.aguarda.es\/en\/?s={search_term_string}"},"query-input":"required name=search_term_string"}],"inLanguage":"en-US"},{"@type":"Person","@id":"https:\/\/www.aguarda.es\/en\/#\/schema\/person\/c463ca3006858ffb349d11179d044f21","name":"prensa","image":{"@type":"ImageObject","inLanguage":"en-US","@id":"https:\/\/www.aguarda.es\/en\/#\/schema\/person\/image\/","url":"https:\/\/secure.gravatar.com\/avatar\/5f90ef536b0f98306edf5c7a1135ffa1?s=96&d=mm&r=g","contentUrl":"https:\/\/secure.gravatar.com\/avatar\/5f90ef536b0f98306edf5c7a1135ffa1?s=96&d=mm&r=g","caption":"prensa"},"url":"https:\/\/www.aguarda.es\/en\/author\/prensa\/"}]}},"_links":{"self":[{"href":"https:\/\/www.aguarda.es\/en\/wp-json\/wp\/v2\/posts\/19800"}],"collection":[{"href":"https:\/\/www.aguarda.es\/en\/wp-json\/wp\/v2\/posts"}],"about":[{"href":"https:\/\/www.aguarda.es\/en\/wp-json\/wp\/v2\/types\/post"}],"author":[{"embeddable":true,"href":"https:\/\/www.aguarda.es\/en\/wp-json\/wp\/v2\/users\/2"}],"replies":[{"embeddable":true,"href":"https:\/\/www.aguarda.es\/en\/wp-json\/wp\/v2\/comments?post=19800"}],"version-history":[{"count":1,"href":"https:\/\/www.aguarda.es\/en\/wp-json\/wp\/v2\/posts\/19800\/revisions"}],"predecessor-version":[{"id":19803,"href":"https:\/\/www.aguarda.es\/en\/wp-json\/wp\/v2\/posts\/19800\/revisions\/19803"}],"wp:featuredmedia":[{"embeddable":true,"href":"https:\/\/www.aguarda.es\/en\/wp-json\/wp\/v2\/media\/19801"}],"wp:attachment":[{"href":"https:\/\/www.aguarda.es\/en\/wp-json\/wp\/v2\/media?parent=19800"}],"wp:term":[{"taxonomy":"category","embeddable":true,"href":"https:\/\/www.aguarda.es\/en\/wp-json\/wp\/v2\/categories?post=19800"},{"taxonomy":"post_tag","embeddable":true,"href":"https:\/\/www.aguarda.es\/en\/wp-json\/wp\/v2\/tags?post=19800"}],"curies":[{"name":"wp","href":"https:\/\/api.w.org\/{rel}","templated":true}]}}