{"id":19806,"date":"2019-10-22T09:31:28","date_gmt":"2019-10-22T09:31:28","guid":{"rendered":"https:\/\/www.aguarda.es\/?p=19806"},"modified":"2019-10-23T09:00:13","modified_gmt":"2019-10-23T09:00:13","slug":"a-guarda-celebra-o-samain-con-actividades-para-os-mais-pequenos","status":"publish","type":"post","link":"https:\/\/www.aguarda.es\/en\/a-guarda-celebra-o-samain-con-actividades-para-os-mais-pequenos\/","title":{"rendered":"A Guarda celebra o Sama\u00edn con actividades para os m\u00e1is pequenos"},"content":{"rendered":"<p style=\"text-align: justify\">O vindeiro xoves d\u00eda 31 de outubro a Praza do Rel\u00f3 da Guarda acolle as actividades da programaci\u00f3n do Sama\u00edn 2019, organizadas dende o departamento de Cultura do Concello da Guarda.<\/p>\n<p style=\"text-align: justify\">Nesta edici\u00f3n as actividades arrancar\u00e1n \u00e1s 17:30h da tarde cun obradoiro de pinta caras para os m\u00e1is pequenos. De seguido \u00e1s 18:30h ter\u00e1 lugar o espect\u00e1culo \u00bfQuen dixo medo? a cargo da compa\u00f1\u00eda Barafunda Teatro, tr\u00e1tase dun terror\u00edfico e divertido show clown que combina xogos infant\u00eds, baile e moita animaci\u00f3n para t\u00f3dolos p\u00fablicos .<\/p>\n<p style=\"text-align: justify\">Xa para rematar esta xornada festiva \u00e1s 19:30hter\u00e1 lugar o Guateque de Sama\u00edn con m\u00fasica a cargo de DJ Guille e o mago Cayetano Lled\u00f3 acompa\u00f1ar\u00e1 a todos nesta xornada festiva.<\/p>\n<p style=\"text-align: justify\"><strong>PROGRAMA:<\/strong><\/p>\n<p style=\"text-align: justify\">17:30h \u2013 Pintacaras<\/p>\n<p style=\"text-align: justify\">18:30h \u2013 Animaci\u00f3n Clown \u00bfQuen dixo medo?<\/p>\n<p style=\"text-align: justify\">19:30h \u2013 Guateque de Sama\u00edn: DJ Guille e Cayetano Lled\u00f3<\/p>\n<p style=\"text-align: justify\">O recinto estar\u00e1 decorado polos alumnos e alumnas dos Centros de Ensino do municipio e haber\u00e1 lambetadas, fotomat\u00f3n e moitas sorpresas para todos e todas.<\/p>\n","protected":false},"excerpt":{"rendered":"<p>O vindeiro xoves d\u00eda 31 de outubro a Praza do Rel\u00f3 da Guarda acolle as actividades da programaci\u00f3n do Sama\u00edn 2019, organizadas dende o departamento de Cultura do Concello da Guarda. Nesta edici\u00f3n as actividades arrancar\u00e1n \u00e1s 17:30h da tarde &hellip; <\/p>\n","protected":false},"author":2,"featured_media":19813,"comment_status":"open","ping_status":"open","sticky":false,"template":"","format":"standard","meta":[],"categories":[34],"tags":[226,243,628],"yoast_head":"<!-- This site is optimized with the Yoast SEO plugin v21.1 - https:\/\/yoast.com\/wordpress\/plugins\/seo\/ -->\n<title>A Guarda celebra o Sama\u00edn con actividades para os m\u00e1is pequenos - Concello da Guarda<\/title>\n<meta name=\"robots\" content=\"index, follow, max-snippet:-1, max-image-preview:large, max-video-preview:-1\" \/>\n<link rel=\"canonical\" href=\"https:\/\/www.aguarda.es\/en\/a-guarda-celebra-o-samain-con-actividades-para-os-mais-pequenos\/\" \/>\n<meta property=\"og:locale\" content=\"en_US\" \/>\n<meta property=\"og:type\" content=\"article\" \/>\n<meta property=\"og:title\" content=\"A Guarda celebra o Sama\u00edn con actividades para os m\u00e1is pequenos - Concello da Guarda\" \/>\n<meta property=\"og:description\" content=\"O vindeiro xoves d\u00eda 31 de outubro a Praza do Rel\u00f3 da Guarda acolle as actividades da programaci\u00f3n do Sama\u00edn 2019, organizadas dende o departamento de Cultura do Concello da Guarda. Nesta edici\u00f3n as actividades arrancar\u00e1n \u00e1s 17:30h da tarde &hellip;\" \/>\n<meta property=\"og:url\" content=\"https:\/\/www.aguarda.es\/en\/a-guarda-celebra-o-samain-con-actividades-para-os-mais-pequenos\/\" \/>\n<meta property=\"og:site_name\" content=\"Concello da Guarda\" \/>\n<meta property=\"article:publisher\" content=\"https:\/\/www.facebook.com\/ConcellodaGuarda\" \/>\n<meta property=\"article:published_time\" content=\"2019-10-22T09:31:28+00:00\" \/>\n<meta property=\"article:modified_time\" content=\"2019-10-23T09:00:13+00:00\" \/>\n<meta property=\"og:image\" content=\"https:\/\/www.aguarda.es\/wp-content\/uploads\/2019\/10\/SAMA\u00cdN-1.jpg\" \/>\n\t<meta property=\"og:image:width\" content=\"800\" \/>\n\t<meta property=\"og:image:height\" content=\"1131\" \/>\n\t<meta property=\"og:image:type\" content=\"image\/jpeg\" \/>\n<meta name=\"author\" content=\"prensa\" \/>\n<meta name=\"twitter:card\" content=\"summary_large_image\" \/>\n<meta name=\"twitter:creator\" content=\"@AGuarda_es\" \/>\n<meta name=\"twitter:site\" content=\"@AGuarda_es\" \/>\n<meta name=\"twitter:label1\" content=\"Written by\" \/>\n\t<meta name=\"twitter:data1\" content=\"prensa\" \/>\n\t<meta name=\"twitter:label2\" content=\"Est. reading time\" \/>\n\t<meta name=\"twitter:data2\" content=\"1 minute\" \/>\n<script type=\"application\/ld+json\" class=\"yoast-schema-graph\">{\"@context\":\"https:\/\/schema.org\",\"@graph\":[{\"@type\":\"WebPage\",\"@id\":\"https:\/\/www.aguarda.es\/en\/a-guarda-celebra-o-samain-con-actividades-para-os-mais-pequenos\/\",\"url\":\"https:\/\/www.aguarda.es\/en\/a-guarda-celebra-o-samain-con-actividades-para-os-mais-pequenos\/\",\"name\":\"A Guarda celebra o Sama\u00edn con actividades para os m\u00e1is pequenos - Concello da Guarda\",\"isPartOf\":{\"@id\":\"https:\/\/www.aguarda.es\/en\/#website\"},\"datePublished\":\"2019-10-22T09:31:28+00:00\",\"dateModified\":\"2019-10-23T09:00:13+00:00\",\"author\":{\"@id\":\"https:\/\/www.aguarda.es\/en\/#\/schema\/person\/c463ca3006858ffb349d11179d044f21\"},\"breadcrumb\":{\"@id\":\"https:\/\/www.aguarda.es\/en\/a-guarda-celebra-o-samain-con-actividades-para-os-mais-pequenos\/#breadcrumb\"},\"inLanguage\":\"en-US\",\"potentialAction\":[{\"@type\":\"ReadAction\",\"target\":[\"https:\/\/www.aguarda.es\/en\/a-guarda-celebra-o-samain-con-actividades-para-os-mais-pequenos\/\"]}]},{\"@type\":\"BreadcrumbList\",\"@id\":\"https:\/\/www.aguarda.es\/en\/a-guarda-celebra-o-samain-con-actividades-para-os-mais-pequenos\/#breadcrumb\",\"itemListElement\":[{\"@type\":\"ListItem\",\"position\":1,\"name\":\"Portada\",\"item\":\"https:\/\/www.aguarda.es\/en\/\"},{\"@type\":\"ListItem\",\"position\":2,\"name\":\"A Guarda celebra o Sama\u00edn con actividades para os m\u00e1is pequenos\"}]},{\"@type\":\"WebSite\",\"@id\":\"https:\/\/www.aguarda.es\/en\/#website\",\"url\":\"https:\/\/www.aguarda.es\/en\/\",\"name\":\"Concello da Guarda\",\"description\":\"P\u00e1xina web do concello da Guarda\",\"potentialAction\":[{\"@type\":\"SearchAction\",\"target\":{\"@type\":\"EntryPoint\",\"urlTemplate\":\"https:\/\/www.aguarda.es\/en\/?s={search_term_string}\"},\"query-input\":\"required name=search_term_string\"}],\"inLanguage\":\"en-US\"},{\"@type\":\"Person\",\"@id\":\"https:\/\/www.aguarda.es\/en\/#\/schema\/person\/c463ca3006858ffb349d11179d044f21\",\"name\":\"prensa\",\"image\":{\"@type\":\"ImageObject\",\"inLanguage\":\"en-US\",\"@id\":\"https:\/\/www.aguarda.es\/en\/#\/schema\/person\/image\/\",\"url\":\"https:\/\/secure.gravatar.com\/avatar\/5f90ef536b0f98306edf5c7a1135ffa1?s=96&d=mm&r=g\",\"contentUrl\":\"https:\/\/secure.gravatar.com\/avatar\/5f90ef536b0f98306edf5c7a1135ffa1?s=96&d=mm&r=g\",\"caption\":\"prensa\"},\"url\":\"https:\/\/www.aguarda.es\/en\/author\/prensa\/\"}]}<\/script>\n<!-- \/ Yoast SEO plugin. -->","yoast_head_json":{"title":"A Guarda celebra o Sama\u00edn con actividades para os m\u00e1is pequenos - Concello da Guarda","robots":{"index":"index","follow":"follow","max-snippet":"max-snippet:-1","max-image-preview":"max-image-preview:large","max-video-preview":"max-video-preview:-1"},"canonical":"https:\/\/www.aguarda.es\/en\/a-guarda-celebra-o-samain-con-actividades-para-os-mais-pequenos\/","og_locale":"en_US","og_type":"article","og_title":"A Guarda celebra o Sama\u00edn con actividades para os m\u00e1is pequenos - Concello da Guarda","og_description":"O vindeiro xoves d\u00eda 31 de outubro a Praza do Rel\u00f3 da Guarda acolle as actividades da programaci\u00f3n do Sama\u00edn 2019, organizadas dende o departamento de Cultura do Concello da Guarda. Nesta edici\u00f3n as actividades arrancar\u00e1n \u00e1s 17:30h da tarde &hellip;","og_url":"https:\/\/www.aguarda.es\/en\/a-guarda-celebra-o-samain-con-actividades-para-os-mais-pequenos\/","og_site_name":"Concello da Guarda","article_publisher":"https:\/\/www.facebook.com\/ConcellodaGuarda","article_published_time":"2019-10-22T09:31:28+00:00","article_modified_time":"2019-10-23T09:00:13+00:00","og_image":[{"width":800,"height":1131,"url":"https:\/\/www.aguarda.es\/wp-content\/uploads\/2019\/10\/SAMA\u00cdN-1.jpg","type":"image\/jpeg"}],"author":"prensa","twitter_card":"summary_large_image","twitter_creator":"@AGuarda_es","twitter_site":"@AGuarda_es","twitter_misc":{"Written by":"prensa","Est. reading time":"1 minute"},"schema":{"@context":"https:\/\/schema.org","@graph":[{"@type":"WebPage","@id":"https:\/\/www.aguarda.es\/en\/a-guarda-celebra-o-samain-con-actividades-para-os-mais-pequenos\/","url":"https:\/\/www.aguarda.es\/en\/a-guarda-celebra-o-samain-con-actividades-para-os-mais-pequenos\/","name":"A Guarda celebra o Sama\u00edn con actividades para os m\u00e1is pequenos - Concello da Guarda","isPartOf":{"@id":"https:\/\/www.aguarda.es\/en\/#website"},"datePublished":"2019-10-22T09:31:28+00:00","dateModified":"2019-10-23T09:00:13+00:00","author":{"@id":"https:\/\/www.aguarda.es\/en\/#\/schema\/person\/c463ca3006858ffb349d11179d044f21"},"breadcrumb":{"@id":"https:\/\/www.aguarda.es\/en\/a-guarda-celebra-o-samain-con-actividades-para-os-mais-pequenos\/#breadcrumb"},"inLanguage":"en-US","potentialAction":[{"@type":"ReadAction","target":["https:\/\/www.aguarda.es\/en\/a-guarda-celebra-o-samain-con-actividades-para-os-mais-pequenos\/"]}]},{"@type":"BreadcrumbList","@id":"https:\/\/www.aguarda.es\/en\/a-guarda-celebra-o-samain-con-actividades-para-os-mais-pequenos\/#breadcrumb","itemListElement":[{"@type":"ListItem","position":1,"name":"Portada","item":"https:\/\/www.aguarda.es\/en\/"},{"@type":"ListItem","position":2,"name":"A Guarda celebra o Sama\u00edn con actividades para os m\u00e1is pequenos"}]},{"@type":"WebSite","@id":"https:\/\/www.aguarda.es\/en\/#website","url":"https:\/\/www.aguarda.es\/en\/","name":"Concello da Guarda","description":"P\u00e1xina web do concello da Guarda","potentialAction":[{"@type":"SearchAction","target":{"@type":"EntryPoint","urlTemplate":"https:\/\/www.aguarda.es\/en\/?s={search_term_string}"},"query-input":"required name=search_term_string"}],"inLanguage":"en-US"},{"@type":"Person","@id":"https:\/\/www.aguarda.es\/en\/#\/schema\/person\/c463ca3006858ffb349d11179d044f21","name":"prensa","image":{"@type":"ImageObject","inLanguage":"en-US","@id":"https:\/\/www.aguarda.es\/en\/#\/schema\/person\/image\/","url":"https:\/\/secure.gravatar.com\/avatar\/5f90ef536b0f98306edf5c7a1135ffa1?s=96&d=mm&r=g","contentUrl":"https:\/\/secure.gravatar.com\/avatar\/5f90ef536b0f98306edf5c7a1135ffa1?s=96&d=mm&r=g","caption":"prensa"},"url":"https:\/\/www.aguarda.es\/en\/author\/prensa\/"}]}},"_links":{"self":[{"href":"https:\/\/www.aguarda.es\/en\/wp-json\/wp\/v2\/posts\/19806"}],"collection":[{"href":"https:\/\/www.aguarda.es\/en\/wp-json\/wp\/v2\/posts"}],"about":[{"href":"https:\/\/www.aguarda.es\/en\/wp-json\/wp\/v2\/types\/post"}],"author":[{"embeddable":true,"href":"https:\/\/www.aguarda.es\/en\/wp-json\/wp\/v2\/users\/2"}],"replies":[{"embeddable":true,"href":"https:\/\/www.aguarda.es\/en\/wp-json\/wp\/v2\/comments?post=19806"}],"version-history":[{"count":1,"href":"https:\/\/www.aguarda.es\/en\/wp-json\/wp\/v2\/posts\/19806\/revisions"}],"predecessor-version":[{"id":19809,"href":"https:\/\/www.aguarda.es\/en\/wp-json\/wp\/v2\/posts\/19806\/revisions\/19809"}],"wp:featuredmedia":[{"embeddable":true,"href":"https:\/\/www.aguarda.es\/en\/wp-json\/wp\/v2\/media\/19813"}],"wp:attachment":[{"href":"https:\/\/www.aguarda.es\/en\/wp-json\/wp\/v2\/media?parent=19806"}],"wp:term":[{"taxonomy":"category","embeddable":true,"href":"https:\/\/www.aguarda.es\/en\/wp-json\/wp\/v2\/categories?post=19806"},{"taxonomy":"post_tag","embeddable":true,"href":"https:\/\/www.aguarda.es\/en\/wp-json\/wp\/v2\/tags?post=19806"}],"curies":[{"name":"wp","href":"https:\/\/api.w.org\/{rel}","templated":true}]}}