{"id":19816,"date":"2019-10-24T12:12:35","date_gmt":"2019-10-24T12:12:35","guid":{"rendered":"https:\/\/www.aguarda.es\/?p=19816"},"modified":"2019-10-24T12:12:35","modified_gmt":"2019-10-24T12:12:35","slug":"actividades-para-esta-fin-de-semana-na-guarda","status":"publish","type":"post","link":"https:\/\/www.aguarda.es\/en\/actividades-para-esta-fin-de-semana-na-guarda\/","title":{"rendered":"Actividades para esta fin de semana na Guarda"},"content":{"rendered":"<p style=\"text-align: justify\">A Guarda conta esta fin de semana con varias actividades nas que destacan a Feira de Emprego \u201cEcoimax\u00edn\u201d, a representaci\u00f3n teatral de Raclette e a derradeira actividade das celebraci\u00f3ns do D\u00eda da Biblioteca.<\/p>\n<p style=\"text-align: justify\"><strong>VENRES 25:<\/strong><\/p>\n<p style=\"text-align: justify\">Dende este xoves d\u00eda 24 de outubro, a Casa dos Alonso da Guarda acolle a Feira de Emprego \u00abEcoimax\u00edn\u00bb.<\/p>\n<p style=\"text-align: justify\">Na xornada do venres 25 ter\u00e1n lugar d\u00faas c\u00e1psulas formativas a cargo de Sandra Fern\u00e1ndez Prado, Consultora e Auditora interna en sistemas integrados de xesti\u00f3n (calidade, medio ambiente, prevenci\u00f3n riscos laborais e responsabilidade social empresarial) sobre \u00abNovos perf\u00eds profesionais para un mundo sostible\u00bb. Sandra Fern\u00e1ndez \u00e9 Especialista de Desarrollo de RSE en pymes, cunha experiencia de m\u00e1s de 3 a\u00f1os en asistencia t\u00e9cnica a programas de la Conseller\u00eda de Econom\u00eda, Emprego e Industria de la Xunta de Galicia.<\/p>\n<p style=\"text-align: justify\">A segunda c\u00e1psula formativa ser\u00e1 a cargo de Sandra Touza, Xerente de \u00abPonle cara al turismo\u00bb e CEO de imalocal.es (consultor\u00eda, plans estrat\u00e9xicos, dinamizaci\u00f3n territorial, promoci\u00f3n tur\u00edstica e formaci\u00f3n en turismo creativo, comunitario e industrial). sobre \u00abTurismo Sostible, impacto no desenvolvemento local\u00bb, \u00e1mbalas c\u00e1psulas, os dous d\u00edas en horario de 10:00h a 12:00h. Sandra Touza def\u00ednese coma unha muller emprendedora incansable de esp\u00edrito libre, e forte. Caracterizase pola s\u00faa transparencia, ga\u00f1as de mellorar cada d\u00eda ante os obst\u00e1culos con perseverancia e positividade.<\/p>\n<p style=\"text-align: justify\">Esta \u00e9 a terceira edici\u00f3n da Feira do Emprego e Formaci\u00f3n da Guarda, o primeiro ano estivo enfocada no emprendemento a nivel local, a segunda edici\u00f3n na tecnolox\u00eda como motor xerador de emprego e esta edici\u00f3n na sustentabilidade.<\/p>\n<p style=\"text-align: justify\">O Centro Cultural da Guarda acolle o vindeiro venres d\u00eda 25 de outubro \u00e1s 21:00h a representaci\u00f3n teatral de \u00abRaclette\u00bb a cargo da Compa\u00f1\u00eda Ibuprofeno Teatro.<\/p>\n<p style=\"text-align: justify\">\u00abRaclette\u00bb \u00e9 unha xeira de Ibuprofeno Teatro, na que a compa\u00f1\u00eda asume produci\u00f3ns dun formato superior con elencos m\u00e1is numerosos, caracterizadas polo rigor na posta en escena, no traballo interpretativo e na concepci\u00f3n dos textos e dos procesos de creaci\u00f3n, baseados na obra dramat\u00farxica de Santiago Cortegoso.<\/p>\n<p style=\"text-align: justify\">O realismo \u00e9 a base da posta en escena e do traballo interpretativo. Os actores e actrices coci\u00f1an e comen comida real, diante do p\u00fablico, que apreciar\u00e1 o transcurso da cea non s\u00f3 pola vista e o o\u00eddo, sen\u00f3n tam\u00e9n polo olfacto. O peso da funci\u00f3n recae no que transmiten os personaxes, na intensidade das relaci\u00f3ns que se establecen entre eles, na trascendencia do que din e do que calan, nos xestos, nas miradas&#8230;<\/p>\n<p style=\"text-align: justify\"><strong>S\u00c1BADO 26:<\/strong><\/p>\n<p style=\"text-align: justify\">Dende este xoves d\u00eda 24 de outubro, a Casa dos Alonso da Guarda acolle a Feira de Emprego \u00abEcoimax\u00edn\u00bb.<\/p>\n<p style=\"text-align: justify\">Para pechar esta edici\u00f3n da Feira do Emprego e Formaci\u00f3n, a xornada do s\u00e1bado d\u00eda 26 de outubro estar\u00e1 adicada a unha Feira de Empresas, que ter\u00e1 lugar de 10:00h a 14:00h e na que se presentar\u00e1 o portal de Emprego da Guarda e de 12:00- 13:00 horas presentaranse empresas eco da contorna.<\/p>\n<p style=\"text-align: justify\">Esta \u00e9 a terceira edici\u00f3n da Feira do Emprego e Formaci\u00f3n da Guarda, o primeiro ano estivo enfocada no emprendemento a nivel local, a segunda edici\u00f3n na tecnolox\u00eda como motor xerador de emprego e esta edici\u00f3n na sustentabilidade.<\/p>\n<p style=\"text-align: justify\">A Biblioteca P\u00fablica Municipal da Guarda remata esta semana as actividades para conmemorar o d\u00eda da Biblioteca 2019, que se celebra cada ano o 24 de outubro. O obxectivo destas actividades \u00e9 a animaci\u00f3n \u00e1 lectura durante o mes de outubro.<\/p>\n<p style=\"text-align: justify\">Xa para rematar a programaci\u00f3n deste ano o s\u00e1bado d\u00eda 26 de outubro \u00e1s 11:30h ter\u00e1 lugar a derradeira actividade co Obradoiro de creaci\u00f3n de teatros de papel: O obxectivo do obradoiro \u00e9 fomentar a lectura como veh\u00edculo para xerar historias e potenciar a creatividade. Ensinamos a constru\u00edr a maqueta dun teatro cl\u00e1sico e a crear escenarios e personaxes a partir de lecturas existentes ou inventando narrativas novas. O obradoiro promove destrezas motrices, o contacto coas artes pl\u00e1sticas, a convivencia e a colaboraci\u00f3n entre os participantes. P\u00fablico recomendado: Nenas e nenos entre 6 e 12 anos.<\/p>\n","protected":false},"excerpt":{"rendered":"<p>A Guarda conta esta fin de semana con varias actividades nas que destacan a Feira de Emprego \u201cEcoimax\u00edn\u201d, a representaci\u00f3n teatral de Raclette e a derradeira actividade das celebraci\u00f3ns do D\u00eda da Biblioteca. VENRES 25: Dende este xoves d\u00eda 24 &hellip; <\/p>\n","protected":false},"author":2,"featured_media":19817,"comment_status":"open","ping_status":"open","sticky":false,"template":"","format":"standard","meta":[],"categories":[34,33],"tags":[226,1988,1973,294,373,232],"yoast_head":"<!-- This site is optimized with the Yoast SEO plugin v21.1 - https:\/\/yoast.com\/wordpress\/plugins\/seo\/ -->\n<title>Actividades para esta fin de semana na Guarda - Concello da Guarda<\/title>\n<meta name=\"robots\" content=\"index, follow, max-snippet:-1, max-image-preview:large, max-video-preview:-1\" \/>\n<link rel=\"canonical\" href=\"https:\/\/www.aguarda.es\/en\/actividades-para-esta-fin-de-semana-na-guarda\/\" \/>\n<meta property=\"og:locale\" content=\"en_US\" \/>\n<meta property=\"og:type\" content=\"article\" \/>\n<meta property=\"og:title\" content=\"Actividades para esta fin de semana na Guarda - Concello da Guarda\" \/>\n<meta property=\"og:description\" content=\"A Guarda conta esta fin de semana con varias actividades nas que destacan a Feira de Emprego \u201cEcoimax\u00edn\u201d, a representaci\u00f3n teatral de Raclette e a derradeira actividade das celebraci\u00f3ns do D\u00eda da Biblioteca. VENRES 25: Dende este xoves d\u00eda 24 &hellip;\" \/>\n<meta property=\"og:url\" content=\"https:\/\/www.aguarda.es\/en\/actividades-para-esta-fin-de-semana-na-guarda\/\" \/>\n<meta property=\"og:site_name\" content=\"Concello da Guarda\" \/>\n<meta property=\"article:publisher\" content=\"https:\/\/www.facebook.com\/ConcellodaGuarda\" \/>\n<meta property=\"article:published_time\" content=\"2019-10-24T12:12:35+00:00\" \/>\n<meta property=\"og:image\" content=\"https:\/\/www.aguarda.es\/wp-content\/uploads\/2019\/10\/NP-24102019-FIN-DE-SEMANA.jpg\" \/>\n\t<meta property=\"og:image:width\" content=\"800\" \/>\n\t<meta property=\"og:image:height\" content=\"600\" \/>\n\t<meta property=\"og:image:type\" content=\"image\/jpeg\" \/>\n<meta name=\"author\" content=\"prensa\" \/>\n<meta name=\"twitter:card\" content=\"summary_large_image\" \/>\n<meta name=\"twitter:creator\" content=\"@AGuarda_es\" \/>\n<meta name=\"twitter:site\" content=\"@AGuarda_es\" \/>\n<meta name=\"twitter:label1\" content=\"Written by\" \/>\n\t<meta name=\"twitter:data1\" content=\"prensa\" \/>\n\t<meta name=\"twitter:label2\" content=\"Est. reading time\" \/>\n\t<meta name=\"twitter:data2\" content=\"4 minutes\" \/>\n<script type=\"application\/ld+json\" class=\"yoast-schema-graph\">{\"@context\":\"https:\/\/schema.org\",\"@graph\":[{\"@type\":\"WebPage\",\"@id\":\"https:\/\/www.aguarda.es\/en\/actividades-para-esta-fin-de-semana-na-guarda\/\",\"url\":\"https:\/\/www.aguarda.es\/en\/actividades-para-esta-fin-de-semana-na-guarda\/\",\"name\":\"Actividades para esta fin de semana na Guarda - Concello da Guarda\",\"isPartOf\":{\"@id\":\"https:\/\/www.aguarda.es\/en\/#website\"},\"datePublished\":\"2019-10-24T12:12:35+00:00\",\"dateModified\":\"2019-10-24T12:12:35+00:00\",\"author\":{\"@id\":\"https:\/\/www.aguarda.es\/en\/#\/schema\/person\/c463ca3006858ffb349d11179d044f21\"},\"breadcrumb\":{\"@id\":\"https:\/\/www.aguarda.es\/en\/actividades-para-esta-fin-de-semana-na-guarda\/#breadcrumb\"},\"inLanguage\":\"en-US\",\"potentialAction\":[{\"@type\":\"ReadAction\",\"target\":[\"https:\/\/www.aguarda.es\/en\/actividades-para-esta-fin-de-semana-na-guarda\/\"]}]},{\"@type\":\"BreadcrumbList\",\"@id\":\"https:\/\/www.aguarda.es\/en\/actividades-para-esta-fin-de-semana-na-guarda\/#breadcrumb\",\"itemListElement\":[{\"@type\":\"ListItem\",\"position\":1,\"name\":\"Portada\",\"item\":\"https:\/\/www.aguarda.es\/en\/\"},{\"@type\":\"ListItem\",\"position\":2,\"name\":\"Actividades para esta fin de semana na Guarda\"}]},{\"@type\":\"WebSite\",\"@id\":\"https:\/\/www.aguarda.es\/en\/#website\",\"url\":\"https:\/\/www.aguarda.es\/en\/\",\"name\":\"Concello da Guarda\",\"description\":\"P\u00e1xina web do concello da Guarda\",\"potentialAction\":[{\"@type\":\"SearchAction\",\"target\":{\"@type\":\"EntryPoint\",\"urlTemplate\":\"https:\/\/www.aguarda.es\/en\/?s={search_term_string}\"},\"query-input\":\"required name=search_term_string\"}],\"inLanguage\":\"en-US\"},{\"@type\":\"Person\",\"@id\":\"https:\/\/www.aguarda.es\/en\/#\/schema\/person\/c463ca3006858ffb349d11179d044f21\",\"name\":\"prensa\",\"image\":{\"@type\":\"ImageObject\",\"inLanguage\":\"en-US\",\"@id\":\"https:\/\/www.aguarda.es\/en\/#\/schema\/person\/image\/\",\"url\":\"https:\/\/secure.gravatar.com\/avatar\/5f90ef536b0f98306edf5c7a1135ffa1?s=96&d=mm&r=g\",\"contentUrl\":\"https:\/\/secure.gravatar.com\/avatar\/5f90ef536b0f98306edf5c7a1135ffa1?s=96&d=mm&r=g\",\"caption\":\"prensa\"},\"url\":\"https:\/\/www.aguarda.es\/en\/author\/prensa\/\"}]}<\/script>\n<!-- \/ Yoast SEO plugin. -->","yoast_head_json":{"title":"Actividades para esta fin de semana na Guarda - Concello da Guarda","robots":{"index":"index","follow":"follow","max-snippet":"max-snippet:-1","max-image-preview":"max-image-preview:large","max-video-preview":"max-video-preview:-1"},"canonical":"https:\/\/www.aguarda.es\/en\/actividades-para-esta-fin-de-semana-na-guarda\/","og_locale":"en_US","og_type":"article","og_title":"Actividades para esta fin de semana na Guarda - Concello da Guarda","og_description":"A Guarda conta esta fin de semana con varias actividades nas que destacan a Feira de Emprego \u201cEcoimax\u00edn\u201d, a representaci\u00f3n teatral de Raclette e a derradeira actividade das celebraci\u00f3ns do D\u00eda da Biblioteca. VENRES 25: Dende este xoves d\u00eda 24 &hellip;","og_url":"https:\/\/www.aguarda.es\/en\/actividades-para-esta-fin-de-semana-na-guarda\/","og_site_name":"Concello da Guarda","article_publisher":"https:\/\/www.facebook.com\/ConcellodaGuarda","article_published_time":"2019-10-24T12:12:35+00:00","og_image":[{"width":800,"height":600,"url":"https:\/\/www.aguarda.es\/wp-content\/uploads\/2019\/10\/NP-24102019-FIN-DE-SEMANA.jpg","type":"image\/jpeg"}],"author":"prensa","twitter_card":"summary_large_image","twitter_creator":"@AGuarda_es","twitter_site":"@AGuarda_es","twitter_misc":{"Written by":"prensa","Est. reading time":"4 minutes"},"schema":{"@context":"https:\/\/schema.org","@graph":[{"@type":"WebPage","@id":"https:\/\/www.aguarda.es\/en\/actividades-para-esta-fin-de-semana-na-guarda\/","url":"https:\/\/www.aguarda.es\/en\/actividades-para-esta-fin-de-semana-na-guarda\/","name":"Actividades para esta fin de semana na Guarda - Concello da Guarda","isPartOf":{"@id":"https:\/\/www.aguarda.es\/en\/#website"},"datePublished":"2019-10-24T12:12:35+00:00","dateModified":"2019-10-24T12:12:35+00:00","author":{"@id":"https:\/\/www.aguarda.es\/en\/#\/schema\/person\/c463ca3006858ffb349d11179d044f21"},"breadcrumb":{"@id":"https:\/\/www.aguarda.es\/en\/actividades-para-esta-fin-de-semana-na-guarda\/#breadcrumb"},"inLanguage":"en-US","potentialAction":[{"@type":"ReadAction","target":["https:\/\/www.aguarda.es\/en\/actividades-para-esta-fin-de-semana-na-guarda\/"]}]},{"@type":"BreadcrumbList","@id":"https:\/\/www.aguarda.es\/en\/actividades-para-esta-fin-de-semana-na-guarda\/#breadcrumb","itemListElement":[{"@type":"ListItem","position":1,"name":"Portada","item":"https:\/\/www.aguarda.es\/en\/"},{"@type":"ListItem","position":2,"name":"Actividades para esta fin de semana na Guarda"}]},{"@type":"WebSite","@id":"https:\/\/www.aguarda.es\/en\/#website","url":"https:\/\/www.aguarda.es\/en\/","name":"Concello da Guarda","description":"P\u00e1xina web do concello da Guarda","potentialAction":[{"@type":"SearchAction","target":{"@type":"EntryPoint","urlTemplate":"https:\/\/www.aguarda.es\/en\/?s={search_term_string}"},"query-input":"required name=search_term_string"}],"inLanguage":"en-US"},{"@type":"Person","@id":"https:\/\/www.aguarda.es\/en\/#\/schema\/person\/c463ca3006858ffb349d11179d044f21","name":"prensa","image":{"@type":"ImageObject","inLanguage":"en-US","@id":"https:\/\/www.aguarda.es\/en\/#\/schema\/person\/image\/","url":"https:\/\/secure.gravatar.com\/avatar\/5f90ef536b0f98306edf5c7a1135ffa1?s=96&d=mm&r=g","contentUrl":"https:\/\/secure.gravatar.com\/avatar\/5f90ef536b0f98306edf5c7a1135ffa1?s=96&d=mm&r=g","caption":"prensa"},"url":"https:\/\/www.aguarda.es\/en\/author\/prensa\/"}]}},"_links":{"self":[{"href":"https:\/\/www.aguarda.es\/en\/wp-json\/wp\/v2\/posts\/19816"}],"collection":[{"href":"https:\/\/www.aguarda.es\/en\/wp-json\/wp\/v2\/posts"}],"about":[{"href":"https:\/\/www.aguarda.es\/en\/wp-json\/wp\/v2\/types\/post"}],"author":[{"embeddable":true,"href":"https:\/\/www.aguarda.es\/en\/wp-json\/wp\/v2\/users\/2"}],"replies":[{"embeddable":true,"href":"https:\/\/www.aguarda.es\/en\/wp-json\/wp\/v2\/comments?post=19816"}],"version-history":[{"count":1,"href":"https:\/\/www.aguarda.es\/en\/wp-json\/wp\/v2\/posts\/19816\/revisions"}],"predecessor-version":[{"id":19819,"href":"https:\/\/www.aguarda.es\/en\/wp-json\/wp\/v2\/posts\/19816\/revisions\/19819"}],"wp:featuredmedia":[{"embeddable":true,"href":"https:\/\/www.aguarda.es\/en\/wp-json\/wp\/v2\/media\/19817"}],"wp:attachment":[{"href":"https:\/\/www.aguarda.es\/en\/wp-json\/wp\/v2\/media?parent=19816"}],"wp:term":[{"taxonomy":"category","embeddable":true,"href":"https:\/\/www.aguarda.es\/en\/wp-json\/wp\/v2\/categories?post=19816"},{"taxonomy":"post_tag","embeddable":true,"href":"https:\/\/www.aguarda.es\/en\/wp-json\/wp\/v2\/tags?post=19816"}],"curies":[{"name":"wp","href":"https:\/\/api.w.org\/{rel}","templated":true}]}}