{"id":19854,"date":"2019-11-06T14:21:16","date_gmt":"2019-11-06T14:21:16","guid":{"rendered":"https:\/\/www.aguarda.es\/?p=19854"},"modified":"2019-11-06T14:21:16","modified_gmt":"2019-11-06T14:21:16","slug":"o-concello-da-guarda-procede-a-retirada-de-varias-arbores-no-colexio-da-sangrina","status":"publish","type":"post","link":"https:\/\/www.aguarda.es\/en\/o-concello-da-guarda-procede-a-retirada-de-varias-arbores-no-colexio-da-sangrina\/","title":{"rendered":"O Concello da Guarda procede \u00e1 retirada de varias \u00e1rbores no Colexio da Sangri\u00f1a"},"content":{"rendered":"<p style=\"text-align: justify\">O Concello da Guarda ven de realizar a retirada de varias \u00e1rbores de gran porte do patio exterior do CEIP da Sangri\u00f1a.<\/p>\n<p style=\"text-align: justify\">Esta actuaci\u00f3n realizouse sobre unha serie de chopos que se atopaban na zona leste do patio exterior do colexio e que, debido ao seu gran porte, supo\u00f1\u00edan un risco por estar moi preto da r\u00faa Vigo, tanto para os alumnos do centro educativo como para os usuarios desta r\u00faa, na que se atopa o Conservatorio e serve de comunicaci\u00f3n coa zona escolar e deportiva.<\/p>\n<p style=\"text-align: justify\">Para seguir mantendo unha zona alborada no patio, est\u00e1 previsto realizar, de xeito coordinado co centro de ensino, unha plantaci\u00f3n de especies aut\u00f3ctonas.<\/p>\n","protected":false},"excerpt":{"rendered":"<p>O Concello da Guarda ven de realizar a retirada de varias \u00e1rbores de gran porte do patio exterior do CEIP da Sangri\u00f1a. Esta actuaci\u00f3n realizouse sobre unha serie de chopos que se atopaban na zona leste do patio exterior do &hellip; <\/p>\n","protected":false},"author":2,"featured_media":19855,"comment_status":"open","ping_status":"open","sticky":false,"template":"","format":"standard","meta":[],"categories":[37,33],"tags":[226,237],"yoast_head":"<!-- This site is optimized with the Yoast SEO plugin v21.1 - https:\/\/yoast.com\/wordpress\/plugins\/seo\/ -->\n<title>O Concello da Guarda procede \u00e1 retirada de varias \u00e1rbores no Colexio da Sangri\u00f1a - Concello da Guarda<\/title>\n<meta name=\"robots\" content=\"index, follow, max-snippet:-1, max-image-preview:large, max-video-preview:-1\" \/>\n<link rel=\"canonical\" href=\"https:\/\/www.aguarda.es\/en\/o-concello-da-guarda-procede-a-retirada-de-varias-arbores-no-colexio-da-sangrina\/\" \/>\n<meta property=\"og:locale\" content=\"en_US\" \/>\n<meta property=\"og:type\" content=\"article\" \/>\n<meta property=\"og:title\" content=\"O Concello da Guarda procede \u00e1 retirada de varias \u00e1rbores no Colexio da Sangri\u00f1a - Concello da Guarda\" \/>\n<meta property=\"og:description\" content=\"O Concello da Guarda ven de realizar a retirada de varias \u00e1rbores de gran porte do patio exterior do CEIP da Sangri\u00f1a. Esta actuaci\u00f3n realizouse sobre unha serie de chopos que se atopaban na zona leste do patio exterior do &hellip;\" \/>\n<meta property=\"og:url\" content=\"https:\/\/www.aguarda.es\/en\/o-concello-da-guarda-procede-a-retirada-de-varias-arbores-no-colexio-da-sangrina\/\" \/>\n<meta property=\"og:site_name\" content=\"Concello da Guarda\" \/>\n<meta property=\"article:publisher\" content=\"https:\/\/www.facebook.com\/ConcellodaGuarda\" \/>\n<meta property=\"article:published_time\" content=\"2019-11-06T14:21:16+00:00\" \/>\n<meta property=\"og:image\" content=\"https:\/\/www.aguarda.es\/wp-content\/uploads\/2019\/11\/Sin-t\u00edtulo-1.jpg\" \/>\n\t<meta property=\"og:image:width\" content=\"800\" \/>\n\t<meta property=\"og:image:height\" content=\"950\" \/>\n\t<meta property=\"og:image:type\" content=\"image\/jpeg\" \/>\n<meta name=\"author\" content=\"prensa\" \/>\n<meta name=\"twitter:card\" content=\"summary_large_image\" \/>\n<meta name=\"twitter:creator\" content=\"@AGuarda_es\" \/>\n<meta name=\"twitter:site\" content=\"@AGuarda_es\" \/>\n<meta name=\"twitter:label1\" content=\"Written by\" \/>\n\t<meta name=\"twitter:data1\" content=\"prensa\" \/>\n\t<meta name=\"twitter:label2\" content=\"Est. reading time\" \/>\n\t<meta name=\"twitter:data2\" content=\"1 minute\" \/>\n<script type=\"application\/ld+json\" class=\"yoast-schema-graph\">{\"@context\":\"https:\/\/schema.org\",\"@graph\":[{\"@type\":\"WebPage\",\"@id\":\"https:\/\/www.aguarda.es\/en\/o-concello-da-guarda-procede-a-retirada-de-varias-arbores-no-colexio-da-sangrina\/\",\"url\":\"https:\/\/www.aguarda.es\/en\/o-concello-da-guarda-procede-a-retirada-de-varias-arbores-no-colexio-da-sangrina\/\",\"name\":\"O Concello da Guarda procede \u00e1 retirada de varias \u00e1rbores no Colexio da Sangri\u00f1a - Concello da Guarda\",\"isPartOf\":{\"@id\":\"https:\/\/www.aguarda.es\/en\/#website\"},\"datePublished\":\"2019-11-06T14:21:16+00:00\",\"dateModified\":\"2019-11-06T14:21:16+00:00\",\"author\":{\"@id\":\"https:\/\/www.aguarda.es\/en\/#\/schema\/person\/c463ca3006858ffb349d11179d044f21\"},\"breadcrumb\":{\"@id\":\"https:\/\/www.aguarda.es\/en\/o-concello-da-guarda-procede-a-retirada-de-varias-arbores-no-colexio-da-sangrina\/#breadcrumb\"},\"inLanguage\":\"en-US\",\"potentialAction\":[{\"@type\":\"ReadAction\",\"target\":[\"https:\/\/www.aguarda.es\/en\/o-concello-da-guarda-procede-a-retirada-de-varias-arbores-no-colexio-da-sangrina\/\"]}]},{\"@type\":\"BreadcrumbList\",\"@id\":\"https:\/\/www.aguarda.es\/en\/o-concello-da-guarda-procede-a-retirada-de-varias-arbores-no-colexio-da-sangrina\/#breadcrumb\",\"itemListElement\":[{\"@type\":\"ListItem\",\"position\":1,\"name\":\"Portada\",\"item\":\"https:\/\/www.aguarda.es\/en\/\"},{\"@type\":\"ListItem\",\"position\":2,\"name\":\"O Concello da Guarda procede \u00e1 retirada de varias \u00e1rbores no Colexio da Sangri\u00f1a\"}]},{\"@type\":\"WebSite\",\"@id\":\"https:\/\/www.aguarda.es\/en\/#website\",\"url\":\"https:\/\/www.aguarda.es\/en\/\",\"name\":\"Concello da Guarda\",\"description\":\"P\u00e1xina web do concello da Guarda\",\"potentialAction\":[{\"@type\":\"SearchAction\",\"target\":{\"@type\":\"EntryPoint\",\"urlTemplate\":\"https:\/\/www.aguarda.es\/en\/?s={search_term_string}\"},\"query-input\":\"required name=search_term_string\"}],\"inLanguage\":\"en-US\"},{\"@type\":\"Person\",\"@id\":\"https:\/\/www.aguarda.es\/en\/#\/schema\/person\/c463ca3006858ffb349d11179d044f21\",\"name\":\"prensa\",\"image\":{\"@type\":\"ImageObject\",\"inLanguage\":\"en-US\",\"@id\":\"https:\/\/www.aguarda.es\/en\/#\/schema\/person\/image\/\",\"url\":\"https:\/\/secure.gravatar.com\/avatar\/5f90ef536b0f98306edf5c7a1135ffa1?s=96&d=mm&r=g\",\"contentUrl\":\"https:\/\/secure.gravatar.com\/avatar\/5f90ef536b0f98306edf5c7a1135ffa1?s=96&d=mm&r=g\",\"caption\":\"prensa\"},\"url\":\"https:\/\/www.aguarda.es\/en\/author\/prensa\/\"}]}<\/script>\n<!-- \/ Yoast SEO plugin. -->","yoast_head_json":{"title":"O Concello da Guarda procede \u00e1 retirada de varias \u00e1rbores no Colexio da Sangri\u00f1a - Concello da Guarda","robots":{"index":"index","follow":"follow","max-snippet":"max-snippet:-1","max-image-preview":"max-image-preview:large","max-video-preview":"max-video-preview:-1"},"canonical":"https:\/\/www.aguarda.es\/en\/o-concello-da-guarda-procede-a-retirada-de-varias-arbores-no-colexio-da-sangrina\/","og_locale":"en_US","og_type":"article","og_title":"O Concello da Guarda procede \u00e1 retirada de varias \u00e1rbores no Colexio da Sangri\u00f1a - Concello da Guarda","og_description":"O Concello da Guarda ven de realizar a retirada de varias \u00e1rbores de gran porte do patio exterior do CEIP da Sangri\u00f1a. Esta actuaci\u00f3n realizouse sobre unha serie de chopos que se atopaban na zona leste do patio exterior do &hellip;","og_url":"https:\/\/www.aguarda.es\/en\/o-concello-da-guarda-procede-a-retirada-de-varias-arbores-no-colexio-da-sangrina\/","og_site_name":"Concello da Guarda","article_publisher":"https:\/\/www.facebook.com\/ConcellodaGuarda","article_published_time":"2019-11-06T14:21:16+00:00","og_image":[{"width":800,"height":950,"url":"https:\/\/www.aguarda.es\/wp-content\/uploads\/2019\/11\/Sin-t\u00edtulo-1.jpg","type":"image\/jpeg"}],"author":"prensa","twitter_card":"summary_large_image","twitter_creator":"@AGuarda_es","twitter_site":"@AGuarda_es","twitter_misc":{"Written by":"prensa","Est. reading time":"1 minute"},"schema":{"@context":"https:\/\/schema.org","@graph":[{"@type":"WebPage","@id":"https:\/\/www.aguarda.es\/en\/o-concello-da-guarda-procede-a-retirada-de-varias-arbores-no-colexio-da-sangrina\/","url":"https:\/\/www.aguarda.es\/en\/o-concello-da-guarda-procede-a-retirada-de-varias-arbores-no-colexio-da-sangrina\/","name":"O Concello da Guarda procede \u00e1 retirada de varias \u00e1rbores no Colexio da Sangri\u00f1a - Concello da Guarda","isPartOf":{"@id":"https:\/\/www.aguarda.es\/en\/#website"},"datePublished":"2019-11-06T14:21:16+00:00","dateModified":"2019-11-06T14:21:16+00:00","author":{"@id":"https:\/\/www.aguarda.es\/en\/#\/schema\/person\/c463ca3006858ffb349d11179d044f21"},"breadcrumb":{"@id":"https:\/\/www.aguarda.es\/en\/o-concello-da-guarda-procede-a-retirada-de-varias-arbores-no-colexio-da-sangrina\/#breadcrumb"},"inLanguage":"en-US","potentialAction":[{"@type":"ReadAction","target":["https:\/\/www.aguarda.es\/en\/o-concello-da-guarda-procede-a-retirada-de-varias-arbores-no-colexio-da-sangrina\/"]}]},{"@type":"BreadcrumbList","@id":"https:\/\/www.aguarda.es\/en\/o-concello-da-guarda-procede-a-retirada-de-varias-arbores-no-colexio-da-sangrina\/#breadcrumb","itemListElement":[{"@type":"ListItem","position":1,"name":"Portada","item":"https:\/\/www.aguarda.es\/en\/"},{"@type":"ListItem","position":2,"name":"O Concello da Guarda procede \u00e1 retirada de varias \u00e1rbores no Colexio da Sangri\u00f1a"}]},{"@type":"WebSite","@id":"https:\/\/www.aguarda.es\/en\/#website","url":"https:\/\/www.aguarda.es\/en\/","name":"Concello da Guarda","description":"P\u00e1xina web do concello da Guarda","potentialAction":[{"@type":"SearchAction","target":{"@type":"EntryPoint","urlTemplate":"https:\/\/www.aguarda.es\/en\/?s={search_term_string}"},"query-input":"required name=search_term_string"}],"inLanguage":"en-US"},{"@type":"Person","@id":"https:\/\/www.aguarda.es\/en\/#\/schema\/person\/c463ca3006858ffb349d11179d044f21","name":"prensa","image":{"@type":"ImageObject","inLanguage":"en-US","@id":"https:\/\/www.aguarda.es\/en\/#\/schema\/person\/image\/","url":"https:\/\/secure.gravatar.com\/avatar\/5f90ef536b0f98306edf5c7a1135ffa1?s=96&d=mm&r=g","contentUrl":"https:\/\/secure.gravatar.com\/avatar\/5f90ef536b0f98306edf5c7a1135ffa1?s=96&d=mm&r=g","caption":"prensa"},"url":"https:\/\/www.aguarda.es\/en\/author\/prensa\/"}]}},"_links":{"self":[{"href":"https:\/\/www.aguarda.es\/en\/wp-json\/wp\/v2\/posts\/19854"}],"collection":[{"href":"https:\/\/www.aguarda.es\/en\/wp-json\/wp\/v2\/posts"}],"about":[{"href":"https:\/\/www.aguarda.es\/en\/wp-json\/wp\/v2\/types\/post"}],"author":[{"embeddable":true,"href":"https:\/\/www.aguarda.es\/en\/wp-json\/wp\/v2\/users\/2"}],"replies":[{"embeddable":true,"href":"https:\/\/www.aguarda.es\/en\/wp-json\/wp\/v2\/comments?post=19854"}],"version-history":[{"count":1,"href":"https:\/\/www.aguarda.es\/en\/wp-json\/wp\/v2\/posts\/19854\/revisions"}],"predecessor-version":[{"id":19857,"href":"https:\/\/www.aguarda.es\/en\/wp-json\/wp\/v2\/posts\/19854\/revisions\/19857"}],"wp:featuredmedia":[{"embeddable":true,"href":"https:\/\/www.aguarda.es\/en\/wp-json\/wp\/v2\/media\/19855"}],"wp:attachment":[{"href":"https:\/\/www.aguarda.es\/en\/wp-json\/wp\/v2\/media?parent=19854"}],"wp:term":[{"taxonomy":"category","embeddable":true,"href":"https:\/\/www.aguarda.es\/en\/wp-json\/wp\/v2\/categories?post=19854"},{"taxonomy":"post_tag","embeddable":true,"href":"https:\/\/www.aguarda.es\/en\/wp-json\/wp\/v2\/tags?post=19854"}],"curies":[{"name":"wp","href":"https:\/\/api.w.org\/{rel}","templated":true}]}}