{"id":19898,"date":"2019-11-12T10:46:24","date_gmt":"2019-11-12T10:46:24","guid":{"rendered":"https:\/\/www.aguarda.es\/?p=19898"},"modified":"2019-11-12T10:46:24","modified_gmt":"2019-11-12T10:46:24","slug":"exposicion-fotografica-sobre-dereitos-humanos-en-mozambique-na-guarda","status":"publish","type":"post","link":"https:\/\/www.aguarda.es\/en\/exposicion-fotografica-sobre-dereitos-humanos-en-mozambique-na-guarda\/","title":{"rendered":"Exposici\u00f3n fotogr\u00e1fica sobre Dereitos Humanos en Mozambique na Guarda"},"content":{"rendered":"<p style=\"text-align: justify\">Ata o 22 de novembro a Casa dos Alonso acolle a exposici\u00f3n \u201cDereitos Humanos en Mozambique: acompa\u00f1ando a mellora da sa\u00fade e a educaci\u00f3n desde a cooperaci\u00f3n municipalista\u201d, promovida polo Fondo Galego de Cooperaci\u00f3n e Solidariedade, entidade da que \u00e9 socio o Concello da Guarda.<\/p>\n<p style=\"text-align: justify\">A mostra ofrece unha panor\u00e1mica dos proxectos de desenvolvemento apoiados no pa\u00eds lus\u00f3fono, canda intres da vida coti\u00e1, a trav\u00e9s das fotograf\u00edas realizadas polo reporteiro Adri\u00e1n Irago, que viaxou \u00e1 zona como ga\u00f1ador do certame Imaxes con Fondo III.<\/p>\n<p style=\"text-align: justify\">A exposici\u00f3n, que se estreou polo 70\u00ba aniversario da Declaraci\u00f3n Universal dos Dereitos Humanos, estrut\u00farase en cinco cubos que nos achegan \u00e1 realidade mozambicana, comezando polas iniciativas de loita contra a pobreza cofinanciadas desde o ano 2001 en materia de educaci\u00f3n, sa\u00fade ou abastecemento de auga. O Fondo Galego ten impulsado no pa\u00eds africano unha decena de proxectos, que supuxeron uns 300.000 euros de investimento e que na s\u00faa maior\u00eda se levaron a cabo coa Casa do Gaiato e a s\u00faa \u201cirm\u00e1\u201d a Funda\u00e7\u00e3o Encontro como parceiros locais, pero tam\u00e9n coa colaboraci\u00f3n de ONGD galegas ou do Programa das Naci\u00f3ns Unidas para o desenvolvemento (PNUD).<\/p>\n<p style=\"text-align: justify\">Nos \u00faltimos tempos, executouse canda a Funda\u00e7\u00e3o Encontro unha intervenci\u00f3n co deporte como ferramenta para previr doenzas e adicci\u00f3ns entre a mocidade. Tam\u00e9n se traballou directamente co municipio de Nhamay\u00e1bue para a construci\u00f3n de pequenos sistemas de abastecemento de auga. Adri\u00e1n Irago visitou estes e outros proxectos anteriores, coma o realizado con Ecos do Sur para reparar un centro educativo na contorna de Maputo ou o impulsado canda Arquitectura sen Fronteiras para mellorar as condici\u00f3ns sanitarias na provincia de Inhambane. O seu obxectivo recolleu ademais actividades econ\u00f3micas, aspectos culturais, momentos de lecer, espazos naturais, etc.<\/p>\n<p style=\"text-align: justify\"><strong>O fot\u00f3grafo<\/strong><\/p>\n<p style=\"text-align: justify\">Adri\u00e1n Irago, que traballou en medios locais durante varios anos, conta na s\u00faa andaina con galard\u00f3ns coma o Premio Nacional de Fotoperiodismo da Asociaci\u00f3n Nacional de Informadores Gr\u00e1ficos de Prensa y Televisi\u00f3n. Entre os traballos do fotoxornalista vigu\u00e9s destaca a cobertura dos desafiuzamentos en Madrid de 2012, os incendios en Galicia de 2013 e a ruta das persoas refuxiadas en 2015, que o levou a percorrer Grecia, Macedonia, Serbia, Alema\u00f1a e Francia.<\/p>\n<p style=\"text-align: justify\"><strong>Un dos pa\u00edses m\u00e1is empobrecidos<\/strong><\/p>\n<p style=\"text-align: justify\">Mozambique ten experimentado un crecemento considerable desde o Acordo de Paz asinado en 1992 que puxo fin a dezaseis anos de guerra civil, mais o seu \u00cdndice de Desenvolvemento Humano (IDH) segue a ser dos m\u00e1is baixos do planeta. A pobreza atinxe ao 55% da poboaci\u00f3n, especialmente as mulleres, e a esperanza de vida sit\u00faase nos 57 anos. No entanto, tr\u00e1tase dun pa\u00eds cun gran potencial e existen iniciativas locais desde as que se loita por reverter esa situaci\u00f3n, algunhas delas con colaboraci\u00f3n internacional. Tal \u00e9 o caso dos concellos e organizaci\u00f3ns apoiadas polo Fondo Galego, que nos \u00faltimos anos mesmo iniciou unha li\u00f1a de traballo coa Asociaci\u00f3n Nacional de Municipios Mozambicanos.<\/p>\n<p style=\"text-align: justify\"><strong>O Fondo Galego<\/strong><\/p>\n<p style=\"text-align: justify\">O Fondo Galego de Cooperaci\u00f3n e Solidariedade est\u00e1 integrado por 97 concellos e as deputaci\u00f3ns de Pontevedra, A Coru\u00f1a e Lugo, que concentran a trav\u00e9s desta rede os seus esforzos no eido da cooperaci\u00f3n ao desenvolvemento. Gar\u00e1ntese deste xeito unha xesti\u00f3n profesional e transparente, as\u00ed como a realizaci\u00f3n de proxectos con impacto nos pa\u00edses do Sur e a sensibilizaci\u00f3n da sociedade galega a prol da solidariedade internacional. Reco\u00f1ecido como axencia municipal da cooperaci\u00f3n galega, desde a s\u00faa fundaci\u00f3n en 1997 o Fondo Galego ten desenvolvido m\u00e1is de 150 proxectos en preto de 30 pa\u00edses e promove numerosas actividades e materiais en relaci\u00f3n aos desequilibrios Norte-Sur.<\/p>\n","protected":false},"excerpt":{"rendered":"<p>Ata o 22 de novembro a Casa dos Alonso acolle a exposici\u00f3n \u201cDereitos Humanos en Mozambique: acompa\u00f1ando a mellora da sa\u00fade e a educaci\u00f3n desde a cooperaci\u00f3n municipalista\u201d, promovida polo Fondo Galego de Cooperaci\u00f3n e Solidariedade, entidade da que \u00e9 &hellip; <\/p>\n","protected":false},"author":2,"featured_media":19899,"comment_status":"open","ping_status":"open","sticky":false,"template":"","format":"standard","meta":[],"categories":[34,33],"tags":[226,387,502,381,1996],"yoast_head":"<!-- This site is optimized with the Yoast SEO plugin v21.1 - https:\/\/yoast.com\/wordpress\/plugins\/seo\/ -->\n<title>Exposici\u00f3n fotogr\u00e1fica sobre Dereitos Humanos en Mozambique na Guarda - Concello da Guarda<\/title>\n<meta name=\"robots\" content=\"index, follow, max-snippet:-1, max-image-preview:large, max-video-preview:-1\" \/>\n<link rel=\"canonical\" href=\"https:\/\/www.aguarda.es\/en\/exposicion-fotografica-sobre-dereitos-humanos-en-mozambique-na-guarda\/\" \/>\n<meta property=\"og:locale\" content=\"en_US\" \/>\n<meta property=\"og:type\" content=\"article\" \/>\n<meta property=\"og:title\" content=\"Exposici\u00f3n fotogr\u00e1fica sobre Dereitos Humanos en Mozambique na Guarda - Concello da Guarda\" \/>\n<meta property=\"og:description\" content=\"Ata o 22 de novembro a Casa dos Alonso acolle a exposici\u00f3n \u201cDereitos Humanos en Mozambique: acompa\u00f1ando a mellora da sa\u00fade e a educaci\u00f3n desde a cooperaci\u00f3n municipalista\u201d, promovida polo Fondo Galego de Cooperaci\u00f3n e Solidariedade, entidade da que \u00e9 &hellip;\" \/>\n<meta property=\"og:url\" content=\"https:\/\/www.aguarda.es\/en\/exposicion-fotografica-sobre-dereitos-humanos-en-mozambique-na-guarda\/\" \/>\n<meta property=\"og:site_name\" content=\"Concello da Guarda\" \/>\n<meta property=\"article:publisher\" content=\"https:\/\/www.facebook.com\/ConcellodaGuarda\" \/>\n<meta property=\"article:published_time\" content=\"2019-11-12T10:46:24+00:00\" \/>\n<meta property=\"og:image\" content=\"https:\/\/www.aguarda.es\/wp-content\/uploads\/2019\/11\/WEB.jpg\" \/>\n\t<meta property=\"og:image:width\" content=\"800\" \/>\n\t<meta property=\"og:image:height\" content=\"600\" \/>\n\t<meta property=\"og:image:type\" content=\"image\/jpeg\" \/>\n<meta name=\"author\" content=\"prensa\" \/>\n<meta name=\"twitter:card\" content=\"summary_large_image\" \/>\n<meta name=\"twitter:creator\" content=\"@AGuarda_es\" \/>\n<meta name=\"twitter:site\" content=\"@AGuarda_es\" \/>\n<meta name=\"twitter:label1\" content=\"Written by\" \/>\n\t<meta name=\"twitter:data1\" content=\"prensa\" \/>\n\t<meta name=\"twitter:label2\" content=\"Est. reading time\" \/>\n\t<meta name=\"twitter:data2\" content=\"3 minutes\" \/>\n<script type=\"application\/ld+json\" class=\"yoast-schema-graph\">{\"@context\":\"https:\/\/schema.org\",\"@graph\":[{\"@type\":\"WebPage\",\"@id\":\"https:\/\/www.aguarda.es\/en\/exposicion-fotografica-sobre-dereitos-humanos-en-mozambique-na-guarda\/\",\"url\":\"https:\/\/www.aguarda.es\/en\/exposicion-fotografica-sobre-dereitos-humanos-en-mozambique-na-guarda\/\",\"name\":\"Exposici\u00f3n fotogr\u00e1fica sobre Dereitos Humanos en Mozambique na Guarda - Concello da Guarda\",\"isPartOf\":{\"@id\":\"https:\/\/www.aguarda.es\/en\/#website\"},\"datePublished\":\"2019-11-12T10:46:24+00:00\",\"dateModified\":\"2019-11-12T10:46:24+00:00\",\"author\":{\"@id\":\"https:\/\/www.aguarda.es\/en\/#\/schema\/person\/c463ca3006858ffb349d11179d044f21\"},\"breadcrumb\":{\"@id\":\"https:\/\/www.aguarda.es\/en\/exposicion-fotografica-sobre-dereitos-humanos-en-mozambique-na-guarda\/#breadcrumb\"},\"inLanguage\":\"en-US\",\"potentialAction\":[{\"@type\":\"ReadAction\",\"target\":[\"https:\/\/www.aguarda.es\/en\/exposicion-fotografica-sobre-dereitos-humanos-en-mozambique-na-guarda\/\"]}]},{\"@type\":\"BreadcrumbList\",\"@id\":\"https:\/\/www.aguarda.es\/en\/exposicion-fotografica-sobre-dereitos-humanos-en-mozambique-na-guarda\/#breadcrumb\",\"itemListElement\":[{\"@type\":\"ListItem\",\"position\":1,\"name\":\"Portada\",\"item\":\"https:\/\/www.aguarda.es\/en\/\"},{\"@type\":\"ListItem\",\"position\":2,\"name\":\"Exposici\u00f3n fotogr\u00e1fica sobre Dereitos Humanos en Mozambique na Guarda\"}]},{\"@type\":\"WebSite\",\"@id\":\"https:\/\/www.aguarda.es\/en\/#website\",\"url\":\"https:\/\/www.aguarda.es\/en\/\",\"name\":\"Concello da Guarda\",\"description\":\"P\u00e1xina web do concello da Guarda\",\"potentialAction\":[{\"@type\":\"SearchAction\",\"target\":{\"@type\":\"EntryPoint\",\"urlTemplate\":\"https:\/\/www.aguarda.es\/en\/?s={search_term_string}\"},\"query-input\":\"required name=search_term_string\"}],\"inLanguage\":\"en-US\"},{\"@type\":\"Person\",\"@id\":\"https:\/\/www.aguarda.es\/en\/#\/schema\/person\/c463ca3006858ffb349d11179d044f21\",\"name\":\"prensa\",\"image\":{\"@type\":\"ImageObject\",\"inLanguage\":\"en-US\",\"@id\":\"https:\/\/www.aguarda.es\/en\/#\/schema\/person\/image\/\",\"url\":\"https:\/\/secure.gravatar.com\/avatar\/5f90ef536b0f98306edf5c7a1135ffa1?s=96&d=mm&r=g\",\"contentUrl\":\"https:\/\/secure.gravatar.com\/avatar\/5f90ef536b0f98306edf5c7a1135ffa1?s=96&d=mm&r=g\",\"caption\":\"prensa\"},\"url\":\"https:\/\/www.aguarda.es\/en\/author\/prensa\/\"}]}<\/script>\n<!-- \/ Yoast SEO plugin. -->","yoast_head_json":{"title":"Exposici\u00f3n fotogr\u00e1fica sobre Dereitos Humanos en Mozambique na Guarda - Concello da Guarda","robots":{"index":"index","follow":"follow","max-snippet":"max-snippet:-1","max-image-preview":"max-image-preview:large","max-video-preview":"max-video-preview:-1"},"canonical":"https:\/\/www.aguarda.es\/en\/exposicion-fotografica-sobre-dereitos-humanos-en-mozambique-na-guarda\/","og_locale":"en_US","og_type":"article","og_title":"Exposici\u00f3n fotogr\u00e1fica sobre Dereitos Humanos en Mozambique na Guarda - Concello da Guarda","og_description":"Ata o 22 de novembro a Casa dos Alonso acolle a exposici\u00f3n \u201cDereitos Humanos en Mozambique: acompa\u00f1ando a mellora da sa\u00fade e a educaci\u00f3n desde a cooperaci\u00f3n municipalista\u201d, promovida polo Fondo Galego de Cooperaci\u00f3n e Solidariedade, entidade da que \u00e9 &hellip;","og_url":"https:\/\/www.aguarda.es\/en\/exposicion-fotografica-sobre-dereitos-humanos-en-mozambique-na-guarda\/","og_site_name":"Concello da Guarda","article_publisher":"https:\/\/www.facebook.com\/ConcellodaGuarda","article_published_time":"2019-11-12T10:46:24+00:00","og_image":[{"width":800,"height":600,"url":"https:\/\/www.aguarda.es\/wp-content\/uploads\/2019\/11\/WEB.jpg","type":"image\/jpeg"}],"author":"prensa","twitter_card":"summary_large_image","twitter_creator":"@AGuarda_es","twitter_site":"@AGuarda_es","twitter_misc":{"Written by":"prensa","Est. reading time":"3 minutes"},"schema":{"@context":"https:\/\/schema.org","@graph":[{"@type":"WebPage","@id":"https:\/\/www.aguarda.es\/en\/exposicion-fotografica-sobre-dereitos-humanos-en-mozambique-na-guarda\/","url":"https:\/\/www.aguarda.es\/en\/exposicion-fotografica-sobre-dereitos-humanos-en-mozambique-na-guarda\/","name":"Exposici\u00f3n fotogr\u00e1fica sobre Dereitos Humanos en Mozambique na Guarda - Concello da Guarda","isPartOf":{"@id":"https:\/\/www.aguarda.es\/en\/#website"},"datePublished":"2019-11-12T10:46:24+00:00","dateModified":"2019-11-12T10:46:24+00:00","author":{"@id":"https:\/\/www.aguarda.es\/en\/#\/schema\/person\/c463ca3006858ffb349d11179d044f21"},"breadcrumb":{"@id":"https:\/\/www.aguarda.es\/en\/exposicion-fotografica-sobre-dereitos-humanos-en-mozambique-na-guarda\/#breadcrumb"},"inLanguage":"en-US","potentialAction":[{"@type":"ReadAction","target":["https:\/\/www.aguarda.es\/en\/exposicion-fotografica-sobre-dereitos-humanos-en-mozambique-na-guarda\/"]}]},{"@type":"BreadcrumbList","@id":"https:\/\/www.aguarda.es\/en\/exposicion-fotografica-sobre-dereitos-humanos-en-mozambique-na-guarda\/#breadcrumb","itemListElement":[{"@type":"ListItem","position":1,"name":"Portada","item":"https:\/\/www.aguarda.es\/en\/"},{"@type":"ListItem","position":2,"name":"Exposici\u00f3n fotogr\u00e1fica sobre Dereitos Humanos en Mozambique na Guarda"}]},{"@type":"WebSite","@id":"https:\/\/www.aguarda.es\/en\/#website","url":"https:\/\/www.aguarda.es\/en\/","name":"Concello da Guarda","description":"P\u00e1xina web do concello da Guarda","potentialAction":[{"@type":"SearchAction","target":{"@type":"EntryPoint","urlTemplate":"https:\/\/www.aguarda.es\/en\/?s={search_term_string}"},"query-input":"required name=search_term_string"}],"inLanguage":"en-US"},{"@type":"Person","@id":"https:\/\/www.aguarda.es\/en\/#\/schema\/person\/c463ca3006858ffb349d11179d044f21","name":"prensa","image":{"@type":"ImageObject","inLanguage":"en-US","@id":"https:\/\/www.aguarda.es\/en\/#\/schema\/person\/image\/","url":"https:\/\/secure.gravatar.com\/avatar\/5f90ef536b0f98306edf5c7a1135ffa1?s=96&d=mm&r=g","contentUrl":"https:\/\/secure.gravatar.com\/avatar\/5f90ef536b0f98306edf5c7a1135ffa1?s=96&d=mm&r=g","caption":"prensa"},"url":"https:\/\/www.aguarda.es\/en\/author\/prensa\/"}]}},"_links":{"self":[{"href":"https:\/\/www.aguarda.es\/en\/wp-json\/wp\/v2\/posts\/19898"}],"collection":[{"href":"https:\/\/www.aguarda.es\/en\/wp-json\/wp\/v2\/posts"}],"about":[{"href":"https:\/\/www.aguarda.es\/en\/wp-json\/wp\/v2\/types\/post"}],"author":[{"embeddable":true,"href":"https:\/\/www.aguarda.es\/en\/wp-json\/wp\/v2\/users\/2"}],"replies":[{"embeddable":true,"href":"https:\/\/www.aguarda.es\/en\/wp-json\/wp\/v2\/comments?post=19898"}],"version-history":[{"count":1,"href":"https:\/\/www.aguarda.es\/en\/wp-json\/wp\/v2\/posts\/19898\/revisions"}],"predecessor-version":[{"id":19901,"href":"https:\/\/www.aguarda.es\/en\/wp-json\/wp\/v2\/posts\/19898\/revisions\/19901"}],"wp:featuredmedia":[{"embeddable":true,"href":"https:\/\/www.aguarda.es\/en\/wp-json\/wp\/v2\/media\/19899"}],"wp:attachment":[{"href":"https:\/\/www.aguarda.es\/en\/wp-json\/wp\/v2\/media?parent=19898"}],"wp:term":[{"taxonomy":"category","embeddable":true,"href":"https:\/\/www.aguarda.es\/en\/wp-json\/wp\/v2\/categories?post=19898"},{"taxonomy":"post_tag","embeddable":true,"href":"https:\/\/www.aguarda.es\/en\/wp-json\/wp\/v2\/tags?post=19898"}],"curies":[{"name":"wp","href":"https:\/\/api.w.org\/{rel}","templated":true}]}}