{"id":19914,"date":"2019-11-13T12:52:30","date_gmt":"2019-11-13T12:52:30","guid":{"rendered":"https:\/\/www.aguarda.es\/?p=19914"},"modified":"2019-11-13T12:52:30","modified_gmt":"2019-11-13T12:52:30","slug":"pista-de-xeo-mercado-de-nadal-e-ampla-programacion-na-rua-este-nadal-na-guarda","status":"publish","type":"post","link":"https:\/\/www.aguarda.es\/en\/pista-de-xeo-mercado-de-nadal-e-ampla-programacion-na-rua-este-nadal-na-guarda\/","title":{"rendered":"Pista de xeo, Mercado de Nadal e ampla programaci\u00f3n na r\u00faa este Nadal na Guarda"},"content":{"rendered":"<p style=\"text-align: justify\">O Concello da Guarda deu a co\u00f1ecer onte, nunha reuni\u00f3n co sector do comercio do municipio, as principais novidades da Campa\u00f1a de Nadal deste ano 2019.<\/p>\n<p style=\"text-align: justify\">A reuni\u00f3n, que se celebrou na Casa dos Alonso e que contou coa asistencia de m\u00e1is dunha vintena de comerciantes, estivo encabezada pola Concelleira de Desenvolvemento Local, F\u00e1tima Rodr\u00edguez.<\/p>\n<p style=\"text-align: justify\">F\u00e1tima Rodr\u00edguez quixo aproveitar esta ocasi\u00f3n para recordar aos presentes a forte aposta que dende o Concello da Guarda se est\u00e1 a realizar para dinamizar e promover o comercio e hostalar\u00eda, sectores fundamentais para o tecido econ\u00f3mico da Guarda e que se distinguen pola s\u00faa calidade, a s\u00faa diversidade e variedade de servizos, facendo especial fincap\u00e9 en que esta campa\u00f1a se realiza para dinamizar estes sectores de cara a unhas datas moi importantes para a vila, nun dos municipios con maior densidade comercial de Pontevedra, o que repercute moi positivamente, xerando recursos, riqueza e emprego.<\/p>\n<p style=\"text-align: justify\">Este ano pret\u00e9ndese sacar \u00e1 r\u00faa a programaci\u00f3n de actividades de nadal, xerando un maior movemento de persoas pola vila, favorecendo a mobilidade das persoas polo casco urbano e incentivando as compras no comercio local.<\/p>\n<p style=\"text-align: justify\"><strong>Pista de xeo para o Nadal 2019<\/strong><\/p>\n<p style=\"text-align: justify\">En canto \u00e1 Programaci\u00f3n de Nadal, F\u00e1tima Rodr\u00edguez anunciou que este ano A Guarda contar\u00e1 novamente cunha Pista de Xeo, que estar\u00e1 instalada na Alameda da Guarda dende o 5 de decembro ata o 19 de xaneiro de 2020. Este ano establ\u00e9cese un sistema de puntos que permitir\u00e1 facer promoci\u00f3ns a trav\u00e9s das empresas locais, cada entrada para a Pista de Xeo ter\u00e1 un custo de 7 puntos e cada punto ter\u00e1 un valor de 1\u20ac. Todos aqueles comercios que desexen dispor de puntos para a Pista de Xeo poder\u00e1n mercar os que desexen a partires do 25 de novembro na empresa colaboradora Inform\u00e1tica San Benito no tel\u00e9fono 986 60 89 20, tam\u00e9n se poder\u00e1n mercar \u201cin situ\u201d unha vez estea instalada a Pista de Xeo na Alameda da Guarda. As empresas que se adhiran ao sistema de puntos deber\u00e1n de manter o seu compromiso de dispor de puntos nos seus establecementos ao longo da duraci\u00f3n da campa\u00f1a de Nadal, do 5 ao 19 de xaneiro, o seu reparto entre os seus clientes queda \u00e1 elecci\u00f3n de cada comerciante, os puntos que non se consuman ao remate da campa\u00f1a ser\u00e1n reembolsados. Cada local participante aparecer\u00e1 nunha lona na propia pista de xeo e ter\u00e1 un cartel anunciador da campa\u00f1a no seu establecemento. Tam\u00e9n se dispor\u00e1 de espazos publicitarios no interior destas instalaci\u00f3ns, un lugar para dar visibilidade aos servizos e produtos das empresas que desexen inclu\u00edr publicidade al\u00ed.<\/p>\n<p style=\"text-align: justify\">Dende o Concello da Guarda rec\u00f3rdase ao comercio e ao sector hostaleiro o importante esforzo econ\u00f3mico que sup\u00f3n traer novamente \u00e1 Guarda unha Pista de Xeo, polo que se pide a s\u00faa colaboraci\u00f3n e implicaci\u00f3n para facer que o seu funcionamento sexa o agardado e se converta nunha tradici\u00f3n do Nadal Guard\u00e9s.<\/p>\n<p style=\"text-align: justify\">Coa instalaci\u00f3n desta Pista de Xeo pret\u00e9ndese incentivar o consumo e as estancias de visitantes na Guarda, nunha das \u00e9pocas de maior afluencia e m\u00e1is importantes para o tecido econ\u00f3mico guard\u00e9s como \u00e9 o Nadal.<\/p>\n<p style=\"text-align: justify\"><strong>Mercado de Nadal e actividades infant\u00eds<\/strong><\/p>\n<p style=\"text-align: justify\">Ademais da Pista de Xeo, A Guarda contar\u00e1 este Nadal con moitas m\u00e1is actividades e diversi\u00f3n para toda a familia con dous espazos de dinamizaci\u00f3n: un Mercado de Nadal, que estar\u00e1 no entorno da Praza Avelino Vicente(As de Copas) e unha zona de obradoiros e actividades infant\u00eds na Praza Bautista Alonso(Monterreal).<\/p>\n<p style=\"text-align: justify\"><strong>Decora o teu Nadal<\/strong><\/p>\n<p style=\"text-align: justify\">A Campa\u00f1a de \u201cDecora o teu Nadal\u201d contar\u00e1 este ano coa colaboraci\u00f3n de 11 asociaci\u00f3ns, que embelecer\u00e1n 11 espazos p\u00fablicos do municipio coa tem\u00e1tica mari\u00f1eira empregando materiais de refugallo.<\/p>\n<p style=\"text-align: justify\"><strong>M\u00e1is actividades<\/strong><\/p>\n<p style=\"text-align: justify\">Como ven sendo habitual celebrarase a Cabalgata de Reis Magos e tam\u00e9n haber\u00e1 as tradicionais actuaci\u00f3ns musicais de nadal, como o Festival de Panxoli\u00f1as e concertos de nadal.<\/p>\n","protected":false},"excerpt":{"rendered":"<p>O Concello da Guarda deu a co\u00f1ecer onte, nunha reuni\u00f3n co sector do comercio do municipio, as principais novidades da Campa\u00f1a de Nadal deste ano 2019. A reuni\u00f3n, que se celebrou na Casa dos Alonso e que contou coa asistencia &hellip; <\/p>\n","protected":false},"author":2,"featured_media":19915,"comment_status":"open","ping_status":"open","sticky":false,"template":"","format":"standard","meta":[],"categories":[34,33],"tags":[226,581,2001,694,1565],"yoast_head":"<!-- This site is optimized with the Yoast SEO plugin v21.1 - https:\/\/yoast.com\/wordpress\/plugins\/seo\/ -->\n<title>Pista de xeo, Mercado de Nadal e ampla programaci\u00f3n na r\u00faa este Nadal na Guarda - Concello da Guarda<\/title>\n<meta name=\"robots\" content=\"index, follow, max-snippet:-1, max-image-preview:large, max-video-preview:-1\" \/>\n<link rel=\"canonical\" href=\"https:\/\/www.aguarda.es\/en\/pista-de-xeo-mercado-de-nadal-e-ampla-programacion-na-rua-este-nadal-na-guarda\/\" \/>\n<meta property=\"og:locale\" content=\"en_US\" \/>\n<meta property=\"og:type\" content=\"article\" \/>\n<meta property=\"og:title\" content=\"Pista de xeo, Mercado de Nadal e ampla programaci\u00f3n na r\u00faa este Nadal na Guarda - Concello da Guarda\" \/>\n<meta property=\"og:description\" content=\"O Concello da Guarda deu a co\u00f1ecer onte, nunha reuni\u00f3n co sector do comercio do municipio, as principais novidades da Campa\u00f1a de Nadal deste ano 2019. A reuni\u00f3n, que se celebrou na Casa dos Alonso e que contou coa asistencia &hellip;\" \/>\n<meta property=\"og:url\" content=\"https:\/\/www.aguarda.es\/en\/pista-de-xeo-mercado-de-nadal-e-ampla-programacion-na-rua-este-nadal-na-guarda\/\" \/>\n<meta property=\"og:site_name\" content=\"Concello da Guarda\" \/>\n<meta property=\"article:publisher\" content=\"https:\/\/www.facebook.com\/ConcellodaGuarda\" \/>\n<meta property=\"article:published_time\" content=\"2019-11-13T12:52:30+00:00\" \/>\n<meta property=\"og:image\" content=\"https:\/\/www.aguarda.es\/wp-content\/uploads\/2019\/11\/Sin-t\u00edtulo-1-3.jpg\" \/>\n\t<meta property=\"og:image:width\" content=\"800\" \/>\n\t<meta property=\"og:image:height\" content=\"800\" \/>\n\t<meta property=\"og:image:type\" content=\"image\/jpeg\" \/>\n<meta name=\"author\" content=\"prensa\" \/>\n<meta name=\"twitter:card\" content=\"summary_large_image\" \/>\n<meta name=\"twitter:creator\" content=\"@AGuarda_es\" \/>\n<meta name=\"twitter:site\" content=\"@AGuarda_es\" \/>\n<meta name=\"twitter:label1\" content=\"Written by\" \/>\n\t<meta name=\"twitter:data1\" content=\"prensa\" \/>\n\t<meta name=\"twitter:label2\" content=\"Est. reading time\" \/>\n\t<meta name=\"twitter:data2\" content=\"3 minutes\" \/>\n<script type=\"application\/ld+json\" class=\"yoast-schema-graph\">{\"@context\":\"https:\/\/schema.org\",\"@graph\":[{\"@type\":\"WebPage\",\"@id\":\"https:\/\/www.aguarda.es\/en\/pista-de-xeo-mercado-de-nadal-e-ampla-programacion-na-rua-este-nadal-na-guarda\/\",\"url\":\"https:\/\/www.aguarda.es\/en\/pista-de-xeo-mercado-de-nadal-e-ampla-programacion-na-rua-este-nadal-na-guarda\/\",\"name\":\"Pista de xeo, Mercado de Nadal e ampla programaci\u00f3n na r\u00faa este Nadal na Guarda - Concello da Guarda\",\"isPartOf\":{\"@id\":\"https:\/\/www.aguarda.es\/en\/#website\"},\"datePublished\":\"2019-11-13T12:52:30+00:00\",\"dateModified\":\"2019-11-13T12:52:30+00:00\",\"author\":{\"@id\":\"https:\/\/www.aguarda.es\/en\/#\/schema\/person\/c463ca3006858ffb349d11179d044f21\"},\"breadcrumb\":{\"@id\":\"https:\/\/www.aguarda.es\/en\/pista-de-xeo-mercado-de-nadal-e-ampla-programacion-na-rua-este-nadal-na-guarda\/#breadcrumb\"},\"inLanguage\":\"en-US\",\"potentialAction\":[{\"@type\":\"ReadAction\",\"target\":[\"https:\/\/www.aguarda.es\/en\/pista-de-xeo-mercado-de-nadal-e-ampla-programacion-na-rua-este-nadal-na-guarda\/\"]}]},{\"@type\":\"BreadcrumbList\",\"@id\":\"https:\/\/www.aguarda.es\/en\/pista-de-xeo-mercado-de-nadal-e-ampla-programacion-na-rua-este-nadal-na-guarda\/#breadcrumb\",\"itemListElement\":[{\"@type\":\"ListItem\",\"position\":1,\"name\":\"Portada\",\"item\":\"https:\/\/www.aguarda.es\/en\/\"},{\"@type\":\"ListItem\",\"position\":2,\"name\":\"Pista de xeo, Mercado de Nadal e ampla programaci\u00f3n na r\u00faa este Nadal na Guarda\"}]},{\"@type\":\"WebSite\",\"@id\":\"https:\/\/www.aguarda.es\/en\/#website\",\"url\":\"https:\/\/www.aguarda.es\/en\/\",\"name\":\"Concello da Guarda\",\"description\":\"P\u00e1xina web do concello da Guarda\",\"potentialAction\":[{\"@type\":\"SearchAction\",\"target\":{\"@type\":\"EntryPoint\",\"urlTemplate\":\"https:\/\/www.aguarda.es\/en\/?s={search_term_string}\"},\"query-input\":\"required name=search_term_string\"}],\"inLanguage\":\"en-US\"},{\"@type\":\"Person\",\"@id\":\"https:\/\/www.aguarda.es\/en\/#\/schema\/person\/c463ca3006858ffb349d11179d044f21\",\"name\":\"prensa\",\"image\":{\"@type\":\"ImageObject\",\"inLanguage\":\"en-US\",\"@id\":\"https:\/\/www.aguarda.es\/en\/#\/schema\/person\/image\/\",\"url\":\"https:\/\/secure.gravatar.com\/avatar\/5f90ef536b0f98306edf5c7a1135ffa1?s=96&d=mm&r=g\",\"contentUrl\":\"https:\/\/secure.gravatar.com\/avatar\/5f90ef536b0f98306edf5c7a1135ffa1?s=96&d=mm&r=g\",\"caption\":\"prensa\"},\"url\":\"https:\/\/www.aguarda.es\/en\/author\/prensa\/\"}]}<\/script>\n<!-- \/ Yoast SEO plugin. -->","yoast_head_json":{"title":"Pista de xeo, Mercado de Nadal e ampla programaci\u00f3n na r\u00faa este Nadal na Guarda - Concello da Guarda","robots":{"index":"index","follow":"follow","max-snippet":"max-snippet:-1","max-image-preview":"max-image-preview:large","max-video-preview":"max-video-preview:-1"},"canonical":"https:\/\/www.aguarda.es\/en\/pista-de-xeo-mercado-de-nadal-e-ampla-programacion-na-rua-este-nadal-na-guarda\/","og_locale":"en_US","og_type":"article","og_title":"Pista de xeo, Mercado de Nadal e ampla programaci\u00f3n na r\u00faa este Nadal na Guarda - Concello da Guarda","og_description":"O Concello da Guarda deu a co\u00f1ecer onte, nunha reuni\u00f3n co sector do comercio do municipio, as principais novidades da Campa\u00f1a de Nadal deste ano 2019. A reuni\u00f3n, que se celebrou na Casa dos Alonso e que contou coa asistencia &hellip;","og_url":"https:\/\/www.aguarda.es\/en\/pista-de-xeo-mercado-de-nadal-e-ampla-programacion-na-rua-este-nadal-na-guarda\/","og_site_name":"Concello da Guarda","article_publisher":"https:\/\/www.facebook.com\/ConcellodaGuarda","article_published_time":"2019-11-13T12:52:30+00:00","og_image":[{"width":800,"height":800,"url":"https:\/\/www.aguarda.es\/wp-content\/uploads\/2019\/11\/Sin-t\u00edtulo-1-3.jpg","type":"image\/jpeg"}],"author":"prensa","twitter_card":"summary_large_image","twitter_creator":"@AGuarda_es","twitter_site":"@AGuarda_es","twitter_misc":{"Written by":"prensa","Est. reading time":"3 minutes"},"schema":{"@context":"https:\/\/schema.org","@graph":[{"@type":"WebPage","@id":"https:\/\/www.aguarda.es\/en\/pista-de-xeo-mercado-de-nadal-e-ampla-programacion-na-rua-este-nadal-na-guarda\/","url":"https:\/\/www.aguarda.es\/en\/pista-de-xeo-mercado-de-nadal-e-ampla-programacion-na-rua-este-nadal-na-guarda\/","name":"Pista de xeo, Mercado de Nadal e ampla programaci\u00f3n na r\u00faa este Nadal na Guarda - Concello da Guarda","isPartOf":{"@id":"https:\/\/www.aguarda.es\/en\/#website"},"datePublished":"2019-11-13T12:52:30+00:00","dateModified":"2019-11-13T12:52:30+00:00","author":{"@id":"https:\/\/www.aguarda.es\/en\/#\/schema\/person\/c463ca3006858ffb349d11179d044f21"},"breadcrumb":{"@id":"https:\/\/www.aguarda.es\/en\/pista-de-xeo-mercado-de-nadal-e-ampla-programacion-na-rua-este-nadal-na-guarda\/#breadcrumb"},"inLanguage":"en-US","potentialAction":[{"@type":"ReadAction","target":["https:\/\/www.aguarda.es\/en\/pista-de-xeo-mercado-de-nadal-e-ampla-programacion-na-rua-este-nadal-na-guarda\/"]}]},{"@type":"BreadcrumbList","@id":"https:\/\/www.aguarda.es\/en\/pista-de-xeo-mercado-de-nadal-e-ampla-programacion-na-rua-este-nadal-na-guarda\/#breadcrumb","itemListElement":[{"@type":"ListItem","position":1,"name":"Portada","item":"https:\/\/www.aguarda.es\/en\/"},{"@type":"ListItem","position":2,"name":"Pista de xeo, Mercado de Nadal e ampla programaci\u00f3n na r\u00faa este Nadal na Guarda"}]},{"@type":"WebSite","@id":"https:\/\/www.aguarda.es\/en\/#website","url":"https:\/\/www.aguarda.es\/en\/","name":"Concello da Guarda","description":"P\u00e1xina web do concello da Guarda","potentialAction":[{"@type":"SearchAction","target":{"@type":"EntryPoint","urlTemplate":"https:\/\/www.aguarda.es\/en\/?s={search_term_string}"},"query-input":"required name=search_term_string"}],"inLanguage":"en-US"},{"@type":"Person","@id":"https:\/\/www.aguarda.es\/en\/#\/schema\/person\/c463ca3006858ffb349d11179d044f21","name":"prensa","image":{"@type":"ImageObject","inLanguage":"en-US","@id":"https:\/\/www.aguarda.es\/en\/#\/schema\/person\/image\/","url":"https:\/\/secure.gravatar.com\/avatar\/5f90ef536b0f98306edf5c7a1135ffa1?s=96&d=mm&r=g","contentUrl":"https:\/\/secure.gravatar.com\/avatar\/5f90ef536b0f98306edf5c7a1135ffa1?s=96&d=mm&r=g","caption":"prensa"},"url":"https:\/\/www.aguarda.es\/en\/author\/prensa\/"}]}},"_links":{"self":[{"href":"https:\/\/www.aguarda.es\/en\/wp-json\/wp\/v2\/posts\/19914"}],"collection":[{"href":"https:\/\/www.aguarda.es\/en\/wp-json\/wp\/v2\/posts"}],"about":[{"href":"https:\/\/www.aguarda.es\/en\/wp-json\/wp\/v2\/types\/post"}],"author":[{"embeddable":true,"href":"https:\/\/www.aguarda.es\/en\/wp-json\/wp\/v2\/users\/2"}],"replies":[{"embeddable":true,"href":"https:\/\/www.aguarda.es\/en\/wp-json\/wp\/v2\/comments?post=19914"}],"version-history":[{"count":1,"href":"https:\/\/www.aguarda.es\/en\/wp-json\/wp\/v2\/posts\/19914\/revisions"}],"predecessor-version":[{"id":19917,"href":"https:\/\/www.aguarda.es\/en\/wp-json\/wp\/v2\/posts\/19914\/revisions\/19917"}],"wp:featuredmedia":[{"embeddable":true,"href":"https:\/\/www.aguarda.es\/en\/wp-json\/wp\/v2\/media\/19915"}],"wp:attachment":[{"href":"https:\/\/www.aguarda.es\/en\/wp-json\/wp\/v2\/media?parent=19914"}],"wp:term":[{"taxonomy":"category","embeddable":true,"href":"https:\/\/www.aguarda.es\/en\/wp-json\/wp\/v2\/categories?post=19914"},{"taxonomy":"post_tag","embeddable":true,"href":"https:\/\/www.aguarda.es\/en\/wp-json\/wp\/v2\/tags?post=19914"}],"curies":[{"name":"wp","href":"https:\/\/api.w.org\/{rel}","templated":true}]}}