{"id":19949,"date":"2019-11-21T09:15:33","date_gmt":"2019-11-21T09:15:33","guid":{"rendered":"https:\/\/www.aguarda.es\/?p=19949"},"modified":"2019-11-21T09:15:33","modified_gmt":"2019-11-21T09:15:33","slug":"fin-de-semana-deportiva-e-cultural-na-guarda","status":"publish","type":"post","link":"https:\/\/www.aguarda.es\/en\/fin-de-semana-deportiva-e-cultural-na-guarda\/","title":{"rendered":"Fin de semana deportiva e cultural na Guarda"},"content":{"rendered":"<p style=\"text-align: justify\">A Guarda congrega esta fin de semana varias actividades entre as que destacan a VI edici\u00f3n do Trail do Trega, a Carreira de Ciclismo de Vellas Glorias, a obra de teatro en conmemoraci\u00f3n do D\u00eda Internacional contra a Violencia de X\u00e9nero, unha xornada de micolox\u00eda, o Concerto de Santa Ic\u00eda da Agrupaci\u00f3n Musical da Guarda e o Concerto de Gli Appassionati.<\/p>\n<p style=\"text-align: justify\"><strong>\u200bVENRES 22<\/strong><\/p>\n<p style=\"text-align: justify\">O venres d\u00eda 22 de novembro o Centro Cultural acolle \u00e1s 21:00h a obra de teatro \u00abAnatom\u00eda dunha serea\u00bb, unha peza de teatro autobiogr\u00e1fica e testemu\u00f1al que conta a historia e a experiencia persoal da propia actriz coma unha muller, madre e v\u00edtima da violencia obst\u00e9trica. Entrada de balde previa retirada de tickets, dispo\u00f1ibles dende o d\u00eda 21 de novembro no Centro Cultural, de 10:00h a 13:00h e de 17:00h a 20:00h e no CIM de 9:00h a 14:30h. Esta actividade est\u00e1 subvencionada pola Deputaci\u00f3n de Pontevedra e est\u00e1 enmarcada nas actividades organizadas para as conmemoraci\u00f3ns do D\u00eda Internacional Contra a Violencia de X\u00e9nero.<\/p>\n<p style=\"text-align: justify\"><strong>S\u00c1BADO 23<\/strong><\/p>\n<p style=\"text-align: justify\">As actividades programadas para este s\u00e1bado arrancan coa Carreira das vellas glorias do ciclismo galego, un evento que xa se celebrara na Guarda uns anos atr\u00e1s e contar\u00e1 coa presenza de m\u00e1is de 80 deportistas ex &#8211; profesionais do mundo do ciclismo galego coma Veloso ou M\u00e1rques.<\/p>\n<p style=\"text-align: justify\">A proba ter\u00e1 lugar \u00e1s 16:30h da tarde dende a Alameda da Guarda, facendo un percorrido de 20 voltas a un circuito urbano de 1,2km polas R\u00faas Galicia, Brasil e Rep\u00fablica Dominicana, con varios sprints especiais e rematando cunha subida ata o Monte Santa Trega.<\/p>\n<p style=\"text-align: justify\">Previa a esta proba contarase na Alameda da Guarda con actividades para os ciclistas da base do CC O Rosal, cunha proba de gymcana para os m\u00e1is pequenos.<\/p>\n<p style=\"text-align: justify\">Este s\u00e1bado tam\u00e9n realizarase unha Xornada de Micolox\u00eda organizada entre A Jalleira AFEA e o Concello da Guarda con sa\u00edda ao monte pola ma\u00f1\u00e1 e pola tarde, contando con formaci\u00f3n a cargo de Santi Corral. As prazas est\u00e1n xa cubertas.<\/p>\n<p style=\"text-align: justify\">A Banda de M\u00fasica da Agrupaci\u00f3n Musical da Guarda organiza este s\u00e1bado o tradicional Concerto de Santa Ic\u00eda, que ter\u00e1 lugar \u00e1s 17:00h na Igrexa Parroquial da Guarda e que contar\u00e1 coas actuaci\u00f3ns da Coral do Clube da Terceira Idade da Guarda e da Banda de M\u00fasica da Agrupaci\u00f3n Musical da Guarda.<\/p>\n<p style=\"text-align: justify\"><strong>DOMINGO 24<\/strong><\/p>\n<p style=\"text-align: justify\">Preto de 500 deportistas tomar\u00e1n este domingo o Monte Santa Trega na VI edici\u00f3n do Trail do Trega<\/p>\n<p style=\"text-align: justify\">Nesta VI edici\u00f3n, que ter\u00e1 lugar este domingo d\u00eda 24 de novembro a partires das 9:30h da ma\u00f1\u00e1 se conta con varias opci\u00f3ns competitivas coma a Experiencie 12k, Advance 18k e unha andaina popular de 12km.<\/p>\n<p style=\"text-align: justify\">A primeira en sa\u00edr ser\u00e1 a Andaina, cunha distancia total de 10kms e cun desnivel acumulado de 650m e que sair\u00e1 \u00e1s 9:30h da ma\u00f1\u00e1, seguido da proba Advance 18k cun desnivel acumulado de 1100m e que sair\u00e1 \u00e1s 10:00h e a Experiencie 12k cun desnivel acumulado de 650m e que sair\u00e1 \u00e1s 10:30h.<\/p>\n<p style=\"text-align: justify\">Todas as modalidades ter\u00e1n punto de sa\u00edda e chegada dende a Alameda da Guarda, agardando unha asistencia de preto de 500 deportistas, estando inscritos xa m\u00e1is de 360, destacando unha forte representaci\u00f3n portuguesa e de persoas de m\u00e1is de 12 provincias de toda Espa\u00f1a.<\/p>\n<p style=\"text-align: justify\">Xa para rematar a fin de semana o domingo \u00e1s 18:00h a Igrexa Parroquial da Guarda acolle o concerto do Coro Gli Appassionati, un coro integrado por xoves apaixonados onde o canto e a m\u00fasica\u00a0os define como grupo. Unha formaci\u00f3n musical moi activa a nivel nacional e que te\u00f1en participado en numerosos festivais, concertos e \u00f3peras musicais, contando cun amplo palmar\u00e9s de reco\u00f1ecementos.<\/p>\n","protected":false},"excerpt":{"rendered":"<p>A Guarda congrega esta fin de semana varias actividades entre as que destacan a VI edici\u00f3n do Trail do Trega, a Carreira de Ciclismo de Vellas Glorias, a obra de teatro en conmemoraci\u00f3n do D\u00eda Internacional contra a Violencia de &hellip; <\/p>\n","protected":false},"author":2,"featured_media":19950,"comment_status":"open","ping_status":"open","sticky":false,"template":"","format":"standard","meta":[],"categories":[34,35,56,33],"tags":[226,1343,797,243,276,294,719,1273,1470],"yoast_head":"<!-- This site is optimized with the Yoast SEO plugin v21.1 - https:\/\/yoast.com\/wordpress\/plugins\/seo\/ -->\n<title>Fin de semana deportiva e cultural na Guarda - Concello da Guarda<\/title>\n<meta name=\"robots\" content=\"index, follow, max-snippet:-1, max-image-preview:large, max-video-preview:-1\" \/>\n<link rel=\"canonical\" href=\"https:\/\/www.aguarda.es\/en\/fin-de-semana-deportiva-e-cultural-na-guarda\/\" \/>\n<meta property=\"og:locale\" content=\"en_US\" \/>\n<meta property=\"og:type\" content=\"article\" \/>\n<meta property=\"og:title\" content=\"Fin de semana deportiva e cultural na Guarda - Concello da Guarda\" \/>\n<meta property=\"og:description\" content=\"A Guarda congrega esta fin de semana varias actividades entre as que destacan a VI edici\u00f3n do Trail do Trega, a Carreira de Ciclismo de Vellas Glorias, a obra de teatro en conmemoraci\u00f3n do D\u00eda Internacional contra a Violencia de &hellip;\" \/>\n<meta property=\"og:url\" content=\"https:\/\/www.aguarda.es\/en\/fin-de-semana-deportiva-e-cultural-na-guarda\/\" \/>\n<meta property=\"og:site_name\" content=\"Concello da Guarda\" \/>\n<meta property=\"article:publisher\" content=\"https:\/\/www.facebook.com\/ConcellodaGuarda\" \/>\n<meta property=\"article:published_time\" content=\"2019-11-21T09:15:33+00:00\" \/>\n<meta property=\"og:image\" content=\"https:\/\/www.aguarda.es\/wp-content\/uploads\/2019\/11\/NP-21112019-FIN-DE-SEMANA.jpg\" \/>\n\t<meta property=\"og:image:width\" content=\"800\" \/>\n\t<meta property=\"og:image:height\" content=\"600\" \/>\n\t<meta property=\"og:image:type\" content=\"image\/jpeg\" \/>\n<meta name=\"author\" content=\"prensa\" \/>\n<meta name=\"twitter:card\" content=\"summary_large_image\" \/>\n<meta name=\"twitter:creator\" content=\"@AGuarda_es\" \/>\n<meta name=\"twitter:site\" content=\"@AGuarda_es\" \/>\n<meta name=\"twitter:label1\" content=\"Written by\" \/>\n\t<meta name=\"twitter:data1\" content=\"prensa\" \/>\n\t<meta name=\"twitter:label2\" content=\"Est. reading time\" \/>\n\t<meta name=\"twitter:data2\" content=\"3 minutes\" \/>\n<script type=\"application\/ld+json\" class=\"yoast-schema-graph\">{\"@context\":\"https:\/\/schema.org\",\"@graph\":[{\"@type\":\"WebPage\",\"@id\":\"https:\/\/www.aguarda.es\/en\/fin-de-semana-deportiva-e-cultural-na-guarda\/\",\"url\":\"https:\/\/www.aguarda.es\/en\/fin-de-semana-deportiva-e-cultural-na-guarda\/\",\"name\":\"Fin de semana deportiva e cultural na Guarda - Concello da Guarda\",\"isPartOf\":{\"@id\":\"https:\/\/www.aguarda.es\/en\/#website\"},\"datePublished\":\"2019-11-21T09:15:33+00:00\",\"dateModified\":\"2019-11-21T09:15:33+00:00\",\"author\":{\"@id\":\"https:\/\/www.aguarda.es\/en\/#\/schema\/person\/c463ca3006858ffb349d11179d044f21\"},\"breadcrumb\":{\"@id\":\"https:\/\/www.aguarda.es\/en\/fin-de-semana-deportiva-e-cultural-na-guarda\/#breadcrumb\"},\"inLanguage\":\"en-US\",\"potentialAction\":[{\"@type\":\"ReadAction\",\"target\":[\"https:\/\/www.aguarda.es\/en\/fin-de-semana-deportiva-e-cultural-na-guarda\/\"]}]},{\"@type\":\"BreadcrumbList\",\"@id\":\"https:\/\/www.aguarda.es\/en\/fin-de-semana-deportiva-e-cultural-na-guarda\/#breadcrumb\",\"itemListElement\":[{\"@type\":\"ListItem\",\"position\":1,\"name\":\"Portada\",\"item\":\"https:\/\/www.aguarda.es\/en\/\"},{\"@type\":\"ListItem\",\"position\":2,\"name\":\"Fin de semana deportiva e cultural na Guarda\"}]},{\"@type\":\"WebSite\",\"@id\":\"https:\/\/www.aguarda.es\/en\/#website\",\"url\":\"https:\/\/www.aguarda.es\/en\/\",\"name\":\"Concello da Guarda\",\"description\":\"P\u00e1xina web do concello da Guarda\",\"potentialAction\":[{\"@type\":\"SearchAction\",\"target\":{\"@type\":\"EntryPoint\",\"urlTemplate\":\"https:\/\/www.aguarda.es\/en\/?s={search_term_string}\"},\"query-input\":\"required name=search_term_string\"}],\"inLanguage\":\"en-US\"},{\"@type\":\"Person\",\"@id\":\"https:\/\/www.aguarda.es\/en\/#\/schema\/person\/c463ca3006858ffb349d11179d044f21\",\"name\":\"prensa\",\"image\":{\"@type\":\"ImageObject\",\"inLanguage\":\"en-US\",\"@id\":\"https:\/\/www.aguarda.es\/en\/#\/schema\/person\/image\/\",\"url\":\"https:\/\/secure.gravatar.com\/avatar\/5f90ef536b0f98306edf5c7a1135ffa1?s=96&d=mm&r=g\",\"contentUrl\":\"https:\/\/secure.gravatar.com\/avatar\/5f90ef536b0f98306edf5c7a1135ffa1?s=96&d=mm&r=g\",\"caption\":\"prensa\"},\"url\":\"https:\/\/www.aguarda.es\/en\/author\/prensa\/\"}]}<\/script>\n<!-- \/ Yoast SEO plugin. -->","yoast_head_json":{"title":"Fin de semana deportiva e cultural na Guarda - Concello da Guarda","robots":{"index":"index","follow":"follow","max-snippet":"max-snippet:-1","max-image-preview":"max-image-preview:large","max-video-preview":"max-video-preview:-1"},"canonical":"https:\/\/www.aguarda.es\/en\/fin-de-semana-deportiva-e-cultural-na-guarda\/","og_locale":"en_US","og_type":"article","og_title":"Fin de semana deportiva e cultural na Guarda - Concello da Guarda","og_description":"A Guarda congrega esta fin de semana varias actividades entre as que destacan a VI edici\u00f3n do Trail do Trega, a Carreira de Ciclismo de Vellas Glorias, a obra de teatro en conmemoraci\u00f3n do D\u00eda Internacional contra a Violencia de &hellip;","og_url":"https:\/\/www.aguarda.es\/en\/fin-de-semana-deportiva-e-cultural-na-guarda\/","og_site_name":"Concello da Guarda","article_publisher":"https:\/\/www.facebook.com\/ConcellodaGuarda","article_published_time":"2019-11-21T09:15:33+00:00","og_image":[{"width":800,"height":600,"url":"https:\/\/www.aguarda.es\/wp-content\/uploads\/2019\/11\/NP-21112019-FIN-DE-SEMANA.jpg","type":"image\/jpeg"}],"author":"prensa","twitter_card":"summary_large_image","twitter_creator":"@AGuarda_es","twitter_site":"@AGuarda_es","twitter_misc":{"Written by":"prensa","Est. reading time":"3 minutes"},"schema":{"@context":"https:\/\/schema.org","@graph":[{"@type":"WebPage","@id":"https:\/\/www.aguarda.es\/en\/fin-de-semana-deportiva-e-cultural-na-guarda\/","url":"https:\/\/www.aguarda.es\/en\/fin-de-semana-deportiva-e-cultural-na-guarda\/","name":"Fin de semana deportiva e cultural na Guarda - Concello da Guarda","isPartOf":{"@id":"https:\/\/www.aguarda.es\/en\/#website"},"datePublished":"2019-11-21T09:15:33+00:00","dateModified":"2019-11-21T09:15:33+00:00","author":{"@id":"https:\/\/www.aguarda.es\/en\/#\/schema\/person\/c463ca3006858ffb349d11179d044f21"},"breadcrumb":{"@id":"https:\/\/www.aguarda.es\/en\/fin-de-semana-deportiva-e-cultural-na-guarda\/#breadcrumb"},"inLanguage":"en-US","potentialAction":[{"@type":"ReadAction","target":["https:\/\/www.aguarda.es\/en\/fin-de-semana-deportiva-e-cultural-na-guarda\/"]}]},{"@type":"BreadcrumbList","@id":"https:\/\/www.aguarda.es\/en\/fin-de-semana-deportiva-e-cultural-na-guarda\/#breadcrumb","itemListElement":[{"@type":"ListItem","position":1,"name":"Portada","item":"https:\/\/www.aguarda.es\/en\/"},{"@type":"ListItem","position":2,"name":"Fin de semana deportiva e cultural na Guarda"}]},{"@type":"WebSite","@id":"https:\/\/www.aguarda.es\/en\/#website","url":"https:\/\/www.aguarda.es\/en\/","name":"Concello da Guarda","description":"P\u00e1xina web do concello da Guarda","potentialAction":[{"@type":"SearchAction","target":{"@type":"EntryPoint","urlTemplate":"https:\/\/www.aguarda.es\/en\/?s={search_term_string}"},"query-input":"required name=search_term_string"}],"inLanguage":"en-US"},{"@type":"Person","@id":"https:\/\/www.aguarda.es\/en\/#\/schema\/person\/c463ca3006858ffb349d11179d044f21","name":"prensa","image":{"@type":"ImageObject","inLanguage":"en-US","@id":"https:\/\/www.aguarda.es\/en\/#\/schema\/person\/image\/","url":"https:\/\/secure.gravatar.com\/avatar\/5f90ef536b0f98306edf5c7a1135ffa1?s=96&d=mm&r=g","contentUrl":"https:\/\/secure.gravatar.com\/avatar\/5f90ef536b0f98306edf5c7a1135ffa1?s=96&d=mm&r=g","caption":"prensa"},"url":"https:\/\/www.aguarda.es\/en\/author\/prensa\/"}]}},"_links":{"self":[{"href":"https:\/\/www.aguarda.es\/en\/wp-json\/wp\/v2\/posts\/19949"}],"collection":[{"href":"https:\/\/www.aguarda.es\/en\/wp-json\/wp\/v2\/posts"}],"about":[{"href":"https:\/\/www.aguarda.es\/en\/wp-json\/wp\/v2\/types\/post"}],"author":[{"embeddable":true,"href":"https:\/\/www.aguarda.es\/en\/wp-json\/wp\/v2\/users\/2"}],"replies":[{"embeddable":true,"href":"https:\/\/www.aguarda.es\/en\/wp-json\/wp\/v2\/comments?post=19949"}],"version-history":[{"count":1,"href":"https:\/\/www.aguarda.es\/en\/wp-json\/wp\/v2\/posts\/19949\/revisions"}],"predecessor-version":[{"id":19952,"href":"https:\/\/www.aguarda.es\/en\/wp-json\/wp\/v2\/posts\/19949\/revisions\/19952"}],"wp:featuredmedia":[{"embeddable":true,"href":"https:\/\/www.aguarda.es\/en\/wp-json\/wp\/v2\/media\/19950"}],"wp:attachment":[{"href":"https:\/\/www.aguarda.es\/en\/wp-json\/wp\/v2\/media?parent=19949"}],"wp:term":[{"taxonomy":"category","embeddable":true,"href":"https:\/\/www.aguarda.es\/en\/wp-json\/wp\/v2\/categories?post=19949"},{"taxonomy":"post_tag","embeddable":true,"href":"https:\/\/www.aguarda.es\/en\/wp-json\/wp\/v2\/tags?post=19949"}],"curies":[{"name":"wp","href":"https:\/\/api.w.org\/{rel}","templated":true}]}}