{"id":19955,"date":"2019-11-22T09:35:29","date_gmt":"2019-11-22T09:35:29","guid":{"rendered":"https:\/\/www.aguarda.es\/?p=19955"},"modified":"2019-11-22T09:35:29","modified_gmt":"2019-11-22T09:35:29","slug":"costas-do-estado-remata-a-escollera-provisional-de-proteccion-da-praia-lamina-forte","status":"publish","type":"post","link":"https:\/\/www.aguarda.es\/en\/costas-do-estado-remata-a-escollera-provisional-de-proteccion-da-praia-lamina-forte\/","title":{"rendered":"Costas do Estado remata a escollera provisional de protecci\u00f3n da praia Lami\u00f1a-Forte"},"content":{"rendered":"<p style=\"text-align: justify\">Esta actuaci\u00f3n evitar\u00e1 o dano irreversible que supor\u00eda, previsiblemente neste pr\u00f3ximo inverno, a inundaci\u00f3n da cova da areeira, a depresi\u00f3n que se atopa tras o punto cr\u00edtico da duna que estaba sufrindo a erosi\u00f3n.<\/p>\n<p style=\"text-align: justify\">Despois de case dous anos de xesti\u00f3ns por parte do alcalde da Guarda, Antonio Lomba, e cando a situaci\u00f3n, no punto m\u00e1is cr\u00edtico da praia, fac\u00eda prever que a duna non aguantar\u00eda un inverno m\u00e1is, e se producir\u00eda a inundaci\u00f3n da depresi\u00f3n existente tras ela; Costas do Estado acometeu unha escollera provisional que permitir\u00e1 frear a erosi\u00f3n do litoral mentres se traballa no proxecto definitivo de Estabilizaci\u00f3n da Marxe do R\u00edo na s\u00faa Desembocadura.<\/p>\n<p style=\"text-align: justify\">Dende o concello da Guarda, dende o primeiro momento, observando o deterioro acelerado do litoral da Lami\u00f1a nestes \u00faltimos anos, se demandou unha actuaci\u00f3n urxente por parte de Costas do Estado. Esta demanda contou sempre co apoio de moitas persoas, a nivel particular ou de forma colectiva, que fixeron chegar as s\u00faas queixas ao concello, sobre todo veci\u00f1os e veci\u00f1as de Camposancos.<\/p>\n<p style=\"text-align: justify\">A competencia para actuar no litoral do r\u00edo Mi\u00f1o no seu tramo internacional, Pertence a Costas do estado, que a s\u00faa vez depende da \u201cDirecci\u00f3n General de Sostenibilidade de la Costa y del Mar\u201d que est\u00e1 integrada no \u201cMinisterio para la Transici\u00f3n Ecol\u00f3gica\u201d. Dado o car\u00e1cter internacional do Esteiro do Mi\u00f1o calquera actuaci\u00f3n debe contar co visto bo do Ministerio de Administraci\u00f3n Interna de Portugal, e, por pertencer a rede Natura 2000, debe ter informe favorable da Conseller\u00eda de Medio Ambiente Territorio e Vivenda, dado que ten que cumprir co plan director da rede Natura 2000. Neste caso, por tratarse dunha actuaci\u00f3n urxente, puntual, de pouca lonxitude e de car\u00e1cter provisional non \u00e9 preceptivo o estudo de avaliaci\u00f3n ambiental segundo indica a \u201cLey de Evaluaci\u00f3n Ambiental\u201d.<\/p>\n<p style=\"text-align: justify\">Dende o concello da Guarda coincidimos plenamente coa Conseller\u00eda de Medio Ambiente cando expo\u00f1en no seu informe que: \u201c\u00e9 necesario realizar estudos, xesti\u00f3ns e avaliaci\u00f3ns ambientais a escala internacional, contemplando todo o r\u00edo e as s\u00faas marxes, que permitan propo\u00f1er unha soluci\u00f3n global aos problemas erosivos\u201d. Pero, \u201cdado que o devandito proceso pode precisar prazos non inferiores a dous anos, parece urxente realizar unha actuaci\u00f3n local e temporal no tramo cr\u00edtico, onde a duna est\u00e1 m\u00e1is afectada, cara a evitar o dano irreversible que supor\u00eda a inundaci\u00f3n da depresi\u00f3n que existe tras ela\u201d.<\/p>\n<p style=\"text-align: justify\">De feito as recomendaci\u00f3ns que a Conseller\u00eda de Medio Ambiente fai no seu informe son as que se seguiron a hora de acometer a actuaci\u00f3n da escollera provisional que se acaba de rematar. Po\u00f1endo sempre por diante a protecci\u00f3n do entorno para evitar danos irreversibles no ecosistema dunar. Entendemos tam\u00e9n, dende o concello da Guarda, que a soluci\u00f3n definitiva que se propo\u00f1a para o problema de erosi\u00f3n no litoral galego do esteiro, que est\u00e1 afectando a centos de metros de praia e dunas, debe ter as garant\u00edas medioambientais precisas as que fai menci\u00f3n tam\u00e9n o informe da Conseller\u00eda.<\/p>\n<p style=\"text-align: justify\">Na actualidade, dende o concello, estamos a espera de que remate a redacci\u00f3n do proxecto definitivo de estabilizaci\u00f3n. Esperamos que este proxecto contemple a construci\u00f3n do dique-escollera proposto no informe t\u00e9cnico do CEDEX (Centro de Estudios y Experimentaci\u00f3n de Obras P\u00fablicas) como alternativa 5. Esta foi dende o principio a que entend\u00edamos como soluci\u00f3n de futuro a longo prazo que permitir\u00eda a protecci\u00f3n e rexeneraci\u00f3n da praia e o entorno dunar.<\/p>\n<p style=\"text-align: justify\">Foron moitas as persoas e as instituci\u00f3ns que nos axudaron e fixeron posible acometer esta actuaci\u00f3n antes de que os efectos da erosi\u00f3n foran irreversibles. Dende o concello da Guarda queremos agradecer a preocupaci\u00f3n e o apoio recibido por todas elas, ben axilizando os permisos para a actuaci\u00f3n ou colaborando na busca de financiamento. En particular queremos mencionar a colaboraci\u00f3n directa de: o Delegado do Goberno en Galicia, a Subdelegada do Goberno en Pontevedra, o Xefe de Costas de Pontevedra, o Xefe Provincial da Conseller\u00eda de Medio Ambiente, o Presidente da C\u00e1mara de Caminha, O Comandante Naval do Mi\u00f1o, o Ministro de Administraci\u00f3n Interna de Portugal, Os Deputados Socialistas do Parlamento Galego e Espa\u00f1ol e a Comisi\u00f3n Internacional do R\u00edo Mi\u00f1o. Gracias a todos.<\/p>\n","protected":false},"excerpt":{"rendered":"<p>Esta actuaci\u00f3n evitar\u00e1 o dano irreversible que supor\u00eda, previsiblemente neste pr\u00f3ximo inverno, a inundaci\u00f3n da cova da areeira, a depresi\u00f3n que se atopa tras o punto cr\u00edtico da duna que estaba sufrindo a erosi\u00f3n. Despois de case dous anos de &hellip; <\/p>\n","protected":false},"author":2,"featured_media":19956,"comment_status":"open","ping_status":"open","sticky":false,"template":"","format":"standard","meta":[],"categories":[40,47,33],"tags":[226,1298,1512,246],"yoast_head":"<!-- This site is optimized with the Yoast SEO plugin v21.1 - https:\/\/yoast.com\/wordpress\/plugins\/seo\/ -->\n<title>Costas do Estado remata a escollera provisional de protecci\u00f3n da praia Lami\u00f1a-Forte - Concello da Guarda<\/title>\n<meta name=\"robots\" content=\"index, follow, max-snippet:-1, max-image-preview:large, max-video-preview:-1\" \/>\n<link rel=\"canonical\" href=\"https:\/\/www.aguarda.es\/en\/costas-do-estado-remata-a-escollera-provisional-de-proteccion-da-praia-lamina-forte\/\" \/>\n<meta property=\"og:locale\" content=\"en_US\" \/>\n<meta property=\"og:type\" content=\"article\" \/>\n<meta property=\"og:title\" content=\"Costas do Estado remata a escollera provisional de protecci\u00f3n da praia Lami\u00f1a-Forte - Concello da Guarda\" \/>\n<meta property=\"og:description\" content=\"Esta actuaci\u00f3n evitar\u00e1 o dano irreversible que supor\u00eda, previsiblemente neste pr\u00f3ximo inverno, a inundaci\u00f3n da cova da areeira, a depresi\u00f3n que se atopa tras o punto cr\u00edtico da duna que estaba sufrindo a erosi\u00f3n. Despois de case dous anos de &hellip;\" \/>\n<meta property=\"og:url\" content=\"https:\/\/www.aguarda.es\/en\/costas-do-estado-remata-a-escollera-provisional-de-proteccion-da-praia-lamina-forte\/\" \/>\n<meta property=\"og:site_name\" content=\"Concello da Guarda\" \/>\n<meta property=\"article:publisher\" content=\"https:\/\/www.facebook.com\/ConcellodaGuarda\" \/>\n<meta property=\"article:published_time\" content=\"2019-11-22T09:35:29+00:00\" \/>\n<meta property=\"og:image\" content=\"https:\/\/www.aguarda.es\/wp-content\/uploads\/2019\/11\/Sin-t\u00edtulo-1-5.jpg\" \/>\n\t<meta property=\"og:image:width\" content=\"800\" \/>\n\t<meta property=\"og:image:height\" content=\"534\" \/>\n\t<meta property=\"og:image:type\" content=\"image\/jpeg\" \/>\n<meta name=\"author\" content=\"prensa\" \/>\n<meta name=\"twitter:card\" content=\"summary_large_image\" \/>\n<meta name=\"twitter:creator\" content=\"@AGuarda_es\" \/>\n<meta name=\"twitter:site\" content=\"@AGuarda_es\" \/>\n<meta name=\"twitter:label1\" content=\"Written by\" \/>\n\t<meta name=\"twitter:data1\" content=\"prensa\" \/>\n\t<meta name=\"twitter:label2\" content=\"Est. reading time\" \/>\n\t<meta name=\"twitter:data2\" content=\"4 minutes\" \/>\n<script type=\"application\/ld+json\" class=\"yoast-schema-graph\">{\"@context\":\"https:\/\/schema.org\",\"@graph\":[{\"@type\":\"WebPage\",\"@id\":\"https:\/\/www.aguarda.es\/en\/costas-do-estado-remata-a-escollera-provisional-de-proteccion-da-praia-lamina-forte\/\",\"url\":\"https:\/\/www.aguarda.es\/en\/costas-do-estado-remata-a-escollera-provisional-de-proteccion-da-praia-lamina-forte\/\",\"name\":\"Costas do Estado remata a escollera provisional de protecci\u00f3n da praia Lami\u00f1a-Forte - Concello da Guarda\",\"isPartOf\":{\"@id\":\"https:\/\/www.aguarda.es\/en\/#website\"},\"datePublished\":\"2019-11-22T09:35:29+00:00\",\"dateModified\":\"2019-11-22T09:35:29+00:00\",\"author\":{\"@id\":\"https:\/\/www.aguarda.es\/en\/#\/schema\/person\/c463ca3006858ffb349d11179d044f21\"},\"breadcrumb\":{\"@id\":\"https:\/\/www.aguarda.es\/en\/costas-do-estado-remata-a-escollera-provisional-de-proteccion-da-praia-lamina-forte\/#breadcrumb\"},\"inLanguage\":\"en-US\",\"potentialAction\":[{\"@type\":\"ReadAction\",\"target\":[\"https:\/\/www.aguarda.es\/en\/costas-do-estado-remata-a-escollera-provisional-de-proteccion-da-praia-lamina-forte\/\"]}]},{\"@type\":\"BreadcrumbList\",\"@id\":\"https:\/\/www.aguarda.es\/en\/costas-do-estado-remata-a-escollera-provisional-de-proteccion-da-praia-lamina-forte\/#breadcrumb\",\"itemListElement\":[{\"@type\":\"ListItem\",\"position\":1,\"name\":\"Portada\",\"item\":\"https:\/\/www.aguarda.es\/en\/\"},{\"@type\":\"ListItem\",\"position\":2,\"name\":\"Costas do Estado remata a escollera provisional de protecci\u00f3n da praia Lami\u00f1a-Forte\"}]},{\"@type\":\"WebSite\",\"@id\":\"https:\/\/www.aguarda.es\/en\/#website\",\"url\":\"https:\/\/www.aguarda.es\/en\/\",\"name\":\"Concello da Guarda\",\"description\":\"P\u00e1xina web do concello da Guarda\",\"potentialAction\":[{\"@type\":\"SearchAction\",\"target\":{\"@type\":\"EntryPoint\",\"urlTemplate\":\"https:\/\/www.aguarda.es\/en\/?s={search_term_string}\"},\"query-input\":\"required name=search_term_string\"}],\"inLanguage\":\"en-US\"},{\"@type\":\"Person\",\"@id\":\"https:\/\/www.aguarda.es\/en\/#\/schema\/person\/c463ca3006858ffb349d11179d044f21\",\"name\":\"prensa\",\"image\":{\"@type\":\"ImageObject\",\"inLanguage\":\"en-US\",\"@id\":\"https:\/\/www.aguarda.es\/en\/#\/schema\/person\/image\/\",\"url\":\"https:\/\/secure.gravatar.com\/avatar\/5f90ef536b0f98306edf5c7a1135ffa1?s=96&d=mm&r=g\",\"contentUrl\":\"https:\/\/secure.gravatar.com\/avatar\/5f90ef536b0f98306edf5c7a1135ffa1?s=96&d=mm&r=g\",\"caption\":\"prensa\"},\"url\":\"https:\/\/www.aguarda.es\/en\/author\/prensa\/\"}]}<\/script>\n<!-- \/ Yoast SEO plugin. -->","yoast_head_json":{"title":"Costas do Estado remata a escollera provisional de protecci\u00f3n da praia Lami\u00f1a-Forte - Concello da Guarda","robots":{"index":"index","follow":"follow","max-snippet":"max-snippet:-1","max-image-preview":"max-image-preview:large","max-video-preview":"max-video-preview:-1"},"canonical":"https:\/\/www.aguarda.es\/en\/costas-do-estado-remata-a-escollera-provisional-de-proteccion-da-praia-lamina-forte\/","og_locale":"en_US","og_type":"article","og_title":"Costas do Estado remata a escollera provisional de protecci\u00f3n da praia Lami\u00f1a-Forte - Concello da Guarda","og_description":"Esta actuaci\u00f3n evitar\u00e1 o dano irreversible que supor\u00eda, previsiblemente neste pr\u00f3ximo inverno, a inundaci\u00f3n da cova da areeira, a depresi\u00f3n que se atopa tras o punto cr\u00edtico da duna que estaba sufrindo a erosi\u00f3n. Despois de case dous anos de &hellip;","og_url":"https:\/\/www.aguarda.es\/en\/costas-do-estado-remata-a-escollera-provisional-de-proteccion-da-praia-lamina-forte\/","og_site_name":"Concello da Guarda","article_publisher":"https:\/\/www.facebook.com\/ConcellodaGuarda","article_published_time":"2019-11-22T09:35:29+00:00","og_image":[{"width":800,"height":534,"url":"https:\/\/www.aguarda.es\/wp-content\/uploads\/2019\/11\/Sin-t\u00edtulo-1-5.jpg","type":"image\/jpeg"}],"author":"prensa","twitter_card":"summary_large_image","twitter_creator":"@AGuarda_es","twitter_site":"@AGuarda_es","twitter_misc":{"Written by":"prensa","Est. reading time":"4 minutes"},"schema":{"@context":"https:\/\/schema.org","@graph":[{"@type":"WebPage","@id":"https:\/\/www.aguarda.es\/en\/costas-do-estado-remata-a-escollera-provisional-de-proteccion-da-praia-lamina-forte\/","url":"https:\/\/www.aguarda.es\/en\/costas-do-estado-remata-a-escollera-provisional-de-proteccion-da-praia-lamina-forte\/","name":"Costas do Estado remata a escollera provisional de protecci\u00f3n da praia Lami\u00f1a-Forte - Concello da Guarda","isPartOf":{"@id":"https:\/\/www.aguarda.es\/en\/#website"},"datePublished":"2019-11-22T09:35:29+00:00","dateModified":"2019-11-22T09:35:29+00:00","author":{"@id":"https:\/\/www.aguarda.es\/en\/#\/schema\/person\/c463ca3006858ffb349d11179d044f21"},"breadcrumb":{"@id":"https:\/\/www.aguarda.es\/en\/costas-do-estado-remata-a-escollera-provisional-de-proteccion-da-praia-lamina-forte\/#breadcrumb"},"inLanguage":"en-US","potentialAction":[{"@type":"ReadAction","target":["https:\/\/www.aguarda.es\/en\/costas-do-estado-remata-a-escollera-provisional-de-proteccion-da-praia-lamina-forte\/"]}]},{"@type":"BreadcrumbList","@id":"https:\/\/www.aguarda.es\/en\/costas-do-estado-remata-a-escollera-provisional-de-proteccion-da-praia-lamina-forte\/#breadcrumb","itemListElement":[{"@type":"ListItem","position":1,"name":"Portada","item":"https:\/\/www.aguarda.es\/en\/"},{"@type":"ListItem","position":2,"name":"Costas do Estado remata a escollera provisional de protecci\u00f3n da praia Lami\u00f1a-Forte"}]},{"@type":"WebSite","@id":"https:\/\/www.aguarda.es\/en\/#website","url":"https:\/\/www.aguarda.es\/en\/","name":"Concello da Guarda","description":"P\u00e1xina web do concello da Guarda","potentialAction":[{"@type":"SearchAction","target":{"@type":"EntryPoint","urlTemplate":"https:\/\/www.aguarda.es\/en\/?s={search_term_string}"},"query-input":"required name=search_term_string"}],"inLanguage":"en-US"},{"@type":"Person","@id":"https:\/\/www.aguarda.es\/en\/#\/schema\/person\/c463ca3006858ffb349d11179d044f21","name":"prensa","image":{"@type":"ImageObject","inLanguage":"en-US","@id":"https:\/\/www.aguarda.es\/en\/#\/schema\/person\/image\/","url":"https:\/\/secure.gravatar.com\/avatar\/5f90ef536b0f98306edf5c7a1135ffa1?s=96&d=mm&r=g","contentUrl":"https:\/\/secure.gravatar.com\/avatar\/5f90ef536b0f98306edf5c7a1135ffa1?s=96&d=mm&r=g","caption":"prensa"},"url":"https:\/\/www.aguarda.es\/en\/author\/prensa\/"}]}},"_links":{"self":[{"href":"https:\/\/www.aguarda.es\/en\/wp-json\/wp\/v2\/posts\/19955"}],"collection":[{"href":"https:\/\/www.aguarda.es\/en\/wp-json\/wp\/v2\/posts"}],"about":[{"href":"https:\/\/www.aguarda.es\/en\/wp-json\/wp\/v2\/types\/post"}],"author":[{"embeddable":true,"href":"https:\/\/www.aguarda.es\/en\/wp-json\/wp\/v2\/users\/2"}],"replies":[{"embeddable":true,"href":"https:\/\/www.aguarda.es\/en\/wp-json\/wp\/v2\/comments?post=19955"}],"version-history":[{"count":1,"href":"https:\/\/www.aguarda.es\/en\/wp-json\/wp\/v2\/posts\/19955\/revisions"}],"predecessor-version":[{"id":19958,"href":"https:\/\/www.aguarda.es\/en\/wp-json\/wp\/v2\/posts\/19955\/revisions\/19958"}],"wp:featuredmedia":[{"embeddable":true,"href":"https:\/\/www.aguarda.es\/en\/wp-json\/wp\/v2\/media\/19956"}],"wp:attachment":[{"href":"https:\/\/www.aguarda.es\/en\/wp-json\/wp\/v2\/media?parent=19955"}],"wp:term":[{"taxonomy":"category","embeddable":true,"href":"https:\/\/www.aguarda.es\/en\/wp-json\/wp\/v2\/categories?post=19955"},{"taxonomy":"post_tag","embeddable":true,"href":"https:\/\/www.aguarda.es\/en\/wp-json\/wp\/v2\/tags?post=19955"}],"curies":[{"name":"wp","href":"https:\/\/api.w.org\/{rel}","templated":true}]}}