{"id":19975,"date":"2019-11-25T12:42:56","date_gmt":"2019-11-25T12:42:56","guid":{"rendered":"https:\/\/www.aguarda.es\/?p=19975"},"modified":"2019-11-25T12:42:56","modified_gmt":"2019-11-25T12:42:56","slug":"a-guarda-conmemora-o-dia-internacional-contra-a-violencia-de-xenero","status":"publish","type":"post","link":"https:\/\/www.aguarda.es\/en\/a-guarda-conmemora-o-dia-internacional-contra-a-violencia-de-xenero\/","title":{"rendered":"A Guarda conmemora o D\u00eda Internacional contra a Violencia de X\u00e9nero"},"content":{"rendered":"<p style=\"text-align: justify\">A Guarda pechou este luns as actividades en conmemoraci\u00f3n do D\u00eda Internacional da Violencia de X\u00e9nero cunha multitudinaria concentraci\u00f3n na Praza do Rel\u00f3 da vila, onde se deu lectura a un manifesto por parte da Concelleira de Igualdade e alumnos e alumnas dos centro educativos da vila e onde a cantautora viguesa Su Garrido realizou unha actuaci\u00f3n musical acompa\u00f1ada da s\u00faa guitarra. Esta actuaci\u00f3n estivo subvencionada pola Secretar\u00eda Xeral de Igualdade da Xunta de Galicia.<\/p>\n<p style=\"text-align: justify\"><img decoding=\"async\" loading=\"lazy\" class=\"aligncenter size-full wp-image-19980\" src=\"https:\/\/www.aguarda.es\/wp-content\/uploads\/2019\/11\/IMG_8822.jpg\" alt=\"\" width=\"800\" height=\"533\" srcset=\"https:\/\/www.aguarda.es\/wp-content\/uploads\/2019\/11\/IMG_8822.jpg 800w, https:\/\/www.aguarda.es\/wp-content\/uploads\/2019\/11\/IMG_8822-300x200.jpg 300w, https:\/\/www.aguarda.es\/wp-content\/uploads\/2019\/11\/IMG_8822-768x512.jpg 768w\" sizes=\"(max-width: 800px) 100vw, 800px\" \/><img decoding=\"async\" loading=\"lazy\" class=\"aligncenter size-full wp-image-19984\" src=\"https:\/\/www.aguarda.es\/wp-content\/uploads\/2019\/11\/IMG_8842.jpg\" alt=\"\" width=\"800\" height=\"533\" srcset=\"https:\/\/www.aguarda.es\/wp-content\/uploads\/2019\/11\/IMG_8842.jpg 800w, https:\/\/www.aguarda.es\/wp-content\/uploads\/2019\/11\/IMG_8842-300x200.jpg 300w, https:\/\/www.aguarda.es\/wp-content\/uploads\/2019\/11\/IMG_8842-768x512.jpg 768w\" sizes=\"(max-width: 800px) 100vw, 800px\" \/>As actividades deste ano estiveron coordinada dende o Centro de Informaci\u00f3n \u00e1 Muller da Guarda e a Conceller\u00eda de Igualdade e servizos Sociais, participando unha vez m\u00e1is na campa\u00f1a de sensibilizaci\u00f3n En Negro contra as Violencias, coa que se convidou aos establecementos comerciais e asociaci\u00f3ns da vila a tinguir de negro A Guarda co reparto de diverso material de forma totalmente gratu\u00edta, carteler\u00eda para todos\/as, camisetas, bolsas, pousavasos e servilletas para a hostalar\u00eda e delantais para os\/as preaceiros\/as, entre outros.<\/p>\n<p style=\"text-align: justify\">O venres d\u00eda 22 de novembro o Centro Cultural acolleu a obra de teatro \u00abAnatom\u00eda dunha serea\u00bb, unha peza de teatro autobiogr\u00e1fica e testemu\u00f1al que conta a historia e a experiencia persoal da propia actriz coma unha muller, madre e v\u00edtima da violencia obst\u00e9trica. Esta actividade, que estivo subvencionada pola Deputaci\u00f3n de Pontevedra, encheu de asistentes o Centro Cultural da vila.<\/p>\n<p style=\"text-align: justify\"><img decoding=\"async\" loading=\"lazy\" class=\"aligncenter size-full wp-image-19978\" src=\"https:\/\/www.aguarda.es\/wp-content\/uploads\/2019\/11\/IMG_7787.jpg\" alt=\"\" width=\"800\" height=\"533\" srcset=\"https:\/\/www.aguarda.es\/wp-content\/uploads\/2019\/11\/IMG_7787.jpg 800w, https:\/\/www.aguarda.es\/wp-content\/uploads\/2019\/11\/IMG_7787-300x200.jpg 300w, https:\/\/www.aguarda.es\/wp-content\/uploads\/2019\/11\/IMG_7787-768x512.jpg 768w\" sizes=\"(max-width: 800px) 100vw, 800px\" \/>Tam\u00e9n nas redes sociais se convidou a compartir imaxes co material da campa\u00f1a, interactuando a trav\u00e9s dos hashtags #AguardaenNegro e #Aguardacontraasviolencias.<\/p>\n<p style=\"text-align: justify\"><img decoding=\"async\" loading=\"lazy\" class=\"aligncenter size-full wp-image-19976\" src=\"https:\/\/www.aguarda.es\/wp-content\/uploads\/2019\/11\/NP-25112019-CONCENTRACION-VIENCIA-DE-XENERO-A-GUARDA.jpg\" alt=\"\" width=\"800\" height=\"600\" srcset=\"https:\/\/www.aguarda.es\/wp-content\/uploads\/2019\/11\/NP-25112019-CONCENTRACION-VIENCIA-DE-XENERO-A-GUARDA.jpg 800w, https:\/\/www.aguarda.es\/wp-content\/uploads\/2019\/11\/NP-25112019-CONCENTRACION-VIENCIA-DE-XENERO-A-GUARDA-300x225.jpg 300w, https:\/\/www.aguarda.es\/wp-content\/uploads\/2019\/11\/NP-25112019-CONCENTRACION-VIENCIA-DE-XENERO-A-GUARDA-768x576.jpg 768w\" sizes=\"(max-width: 800px) 100vw, 800px\" \/>Dende o Centro de Informaci\u00f3n \u00e1 Muller da Guarda e a Conceller\u00eda de Igualdade e servizos Sociais agrad\u00e9cese a colaboraci\u00f3n de todas as persoas, empresarios e entidades que se uniron coa causa para que as violencias de x\u00e9nero sexan cousa do pasado.<\/p>\n","protected":false},"excerpt":{"rendered":"<p>A Guarda pechou este luns as actividades en conmemoraci\u00f3n do D\u00eda Internacional da Violencia de X\u00e9nero cunha multitudinaria concentraci\u00f3n na Praza do Rel\u00f3 da vila, onde se deu lectura a un manifesto por parte da Concelleira de Igualdade e alumnos &hellip; <\/p>\n","protected":false},"author":2,"featured_media":19982,"comment_status":"open","ping_status":"open","sticky":false,"template":"","format":"standard","meta":[],"categories":[41,33],"tags":[226,1993,1992,634,666],"yoast_head":"<!-- This site is optimized with the Yoast SEO plugin v21.1 - https:\/\/yoast.com\/wordpress\/plugins\/seo\/ -->\n<title>A Guarda conmemora o D\u00eda Internacional contra a Violencia de X\u00e9nero - Concello da Guarda<\/title>\n<meta name=\"robots\" content=\"index, follow, max-snippet:-1, max-image-preview:large, max-video-preview:-1\" \/>\n<link rel=\"canonical\" href=\"https:\/\/www.aguarda.es\/en\/a-guarda-conmemora-o-dia-internacional-contra-a-violencia-de-xenero\/\" \/>\n<meta property=\"og:locale\" content=\"en_US\" \/>\n<meta property=\"og:type\" content=\"article\" \/>\n<meta property=\"og:title\" content=\"A Guarda conmemora o D\u00eda Internacional contra a Violencia de X\u00e9nero - Concello da Guarda\" \/>\n<meta property=\"og:description\" content=\"A Guarda pechou este luns as actividades en conmemoraci\u00f3n do D\u00eda Internacional da Violencia de X\u00e9nero cunha multitudinaria concentraci\u00f3n na Praza do Rel\u00f3 da vila, onde se deu lectura a un manifesto por parte da Concelleira de Igualdade e alumnos &hellip;\" \/>\n<meta property=\"og:url\" content=\"https:\/\/www.aguarda.es\/en\/a-guarda-conmemora-o-dia-internacional-contra-a-violencia-de-xenero\/\" \/>\n<meta property=\"og:site_name\" content=\"Concello da Guarda\" \/>\n<meta property=\"article:publisher\" content=\"https:\/\/www.facebook.com\/ConcellodaGuarda\" \/>\n<meta property=\"article:published_time\" content=\"2019-11-25T12:42:56+00:00\" \/>\n<meta property=\"og:image\" content=\"https:\/\/www.aguarda.es\/wp-content\/uploads\/2019\/11\/IMG_8830.jpg\" \/>\n\t<meta property=\"og:image:width\" content=\"800\" \/>\n\t<meta property=\"og:image:height\" content=\"533\" \/>\n\t<meta property=\"og:image:type\" content=\"image\/jpeg\" \/>\n<meta name=\"author\" content=\"prensa\" \/>\n<meta name=\"twitter:card\" content=\"summary_large_image\" \/>\n<meta name=\"twitter:creator\" content=\"@AGuarda_es\" \/>\n<meta name=\"twitter:site\" content=\"@AGuarda_es\" \/>\n<meta name=\"twitter:label1\" content=\"Written by\" \/>\n\t<meta name=\"twitter:data1\" content=\"prensa\" \/>\n\t<meta name=\"twitter:label2\" content=\"Est. reading time\" \/>\n\t<meta name=\"twitter:data2\" content=\"2 minutes\" \/>\n<script type=\"application\/ld+json\" class=\"yoast-schema-graph\">{\"@context\":\"https:\/\/schema.org\",\"@graph\":[{\"@type\":\"WebPage\",\"@id\":\"https:\/\/www.aguarda.es\/en\/a-guarda-conmemora-o-dia-internacional-contra-a-violencia-de-xenero\/\",\"url\":\"https:\/\/www.aguarda.es\/en\/a-guarda-conmemora-o-dia-internacional-contra-a-violencia-de-xenero\/\",\"name\":\"A Guarda conmemora o D\u00eda Internacional contra a Violencia de X\u00e9nero - Concello da Guarda\",\"isPartOf\":{\"@id\":\"https:\/\/www.aguarda.es\/en\/#website\"},\"datePublished\":\"2019-11-25T12:42:56+00:00\",\"dateModified\":\"2019-11-25T12:42:56+00:00\",\"author\":{\"@id\":\"https:\/\/www.aguarda.es\/en\/#\/schema\/person\/c463ca3006858ffb349d11179d044f21\"},\"breadcrumb\":{\"@id\":\"https:\/\/www.aguarda.es\/en\/a-guarda-conmemora-o-dia-internacional-contra-a-violencia-de-xenero\/#breadcrumb\"},\"inLanguage\":\"en-US\",\"potentialAction\":[{\"@type\":\"ReadAction\",\"target\":[\"https:\/\/www.aguarda.es\/en\/a-guarda-conmemora-o-dia-internacional-contra-a-violencia-de-xenero\/\"]}]},{\"@type\":\"BreadcrumbList\",\"@id\":\"https:\/\/www.aguarda.es\/en\/a-guarda-conmemora-o-dia-internacional-contra-a-violencia-de-xenero\/#breadcrumb\",\"itemListElement\":[{\"@type\":\"ListItem\",\"position\":1,\"name\":\"Portada\",\"item\":\"https:\/\/www.aguarda.es\/en\/\"},{\"@type\":\"ListItem\",\"position\":2,\"name\":\"A Guarda conmemora o D\u00eda Internacional contra a Violencia de X\u00e9nero\"}]},{\"@type\":\"WebSite\",\"@id\":\"https:\/\/www.aguarda.es\/en\/#website\",\"url\":\"https:\/\/www.aguarda.es\/en\/\",\"name\":\"Concello da Guarda\",\"description\":\"P\u00e1xina web do concello da Guarda\",\"potentialAction\":[{\"@type\":\"SearchAction\",\"target\":{\"@type\":\"EntryPoint\",\"urlTemplate\":\"https:\/\/www.aguarda.es\/en\/?s={search_term_string}\"},\"query-input\":\"required name=search_term_string\"}],\"inLanguage\":\"en-US\"},{\"@type\":\"Person\",\"@id\":\"https:\/\/www.aguarda.es\/en\/#\/schema\/person\/c463ca3006858ffb349d11179d044f21\",\"name\":\"prensa\",\"image\":{\"@type\":\"ImageObject\",\"inLanguage\":\"en-US\",\"@id\":\"https:\/\/www.aguarda.es\/en\/#\/schema\/person\/image\/\",\"url\":\"https:\/\/secure.gravatar.com\/avatar\/5f90ef536b0f98306edf5c7a1135ffa1?s=96&d=mm&r=g\",\"contentUrl\":\"https:\/\/secure.gravatar.com\/avatar\/5f90ef536b0f98306edf5c7a1135ffa1?s=96&d=mm&r=g\",\"caption\":\"prensa\"},\"url\":\"https:\/\/www.aguarda.es\/en\/author\/prensa\/\"}]}<\/script>\n<!-- \/ Yoast SEO plugin. -->","yoast_head_json":{"title":"A Guarda conmemora o D\u00eda Internacional contra a Violencia de X\u00e9nero - Concello da Guarda","robots":{"index":"index","follow":"follow","max-snippet":"max-snippet:-1","max-image-preview":"max-image-preview:large","max-video-preview":"max-video-preview:-1"},"canonical":"https:\/\/www.aguarda.es\/en\/a-guarda-conmemora-o-dia-internacional-contra-a-violencia-de-xenero\/","og_locale":"en_US","og_type":"article","og_title":"A Guarda conmemora o D\u00eda Internacional contra a Violencia de X\u00e9nero - Concello da Guarda","og_description":"A Guarda pechou este luns as actividades en conmemoraci\u00f3n do D\u00eda Internacional da Violencia de X\u00e9nero cunha multitudinaria concentraci\u00f3n na Praza do Rel\u00f3 da vila, onde se deu lectura a un manifesto por parte da Concelleira de Igualdade e alumnos &hellip;","og_url":"https:\/\/www.aguarda.es\/en\/a-guarda-conmemora-o-dia-internacional-contra-a-violencia-de-xenero\/","og_site_name":"Concello da Guarda","article_publisher":"https:\/\/www.facebook.com\/ConcellodaGuarda","article_published_time":"2019-11-25T12:42:56+00:00","og_image":[{"width":800,"height":533,"url":"https:\/\/www.aguarda.es\/wp-content\/uploads\/2019\/11\/IMG_8830.jpg","type":"image\/jpeg"}],"author":"prensa","twitter_card":"summary_large_image","twitter_creator":"@AGuarda_es","twitter_site":"@AGuarda_es","twitter_misc":{"Written by":"prensa","Est. reading time":"2 minutes"},"schema":{"@context":"https:\/\/schema.org","@graph":[{"@type":"WebPage","@id":"https:\/\/www.aguarda.es\/en\/a-guarda-conmemora-o-dia-internacional-contra-a-violencia-de-xenero\/","url":"https:\/\/www.aguarda.es\/en\/a-guarda-conmemora-o-dia-internacional-contra-a-violencia-de-xenero\/","name":"A Guarda conmemora o D\u00eda Internacional contra a Violencia de X\u00e9nero - Concello da Guarda","isPartOf":{"@id":"https:\/\/www.aguarda.es\/en\/#website"},"datePublished":"2019-11-25T12:42:56+00:00","dateModified":"2019-11-25T12:42:56+00:00","author":{"@id":"https:\/\/www.aguarda.es\/en\/#\/schema\/person\/c463ca3006858ffb349d11179d044f21"},"breadcrumb":{"@id":"https:\/\/www.aguarda.es\/en\/a-guarda-conmemora-o-dia-internacional-contra-a-violencia-de-xenero\/#breadcrumb"},"inLanguage":"en-US","potentialAction":[{"@type":"ReadAction","target":["https:\/\/www.aguarda.es\/en\/a-guarda-conmemora-o-dia-internacional-contra-a-violencia-de-xenero\/"]}]},{"@type":"BreadcrumbList","@id":"https:\/\/www.aguarda.es\/en\/a-guarda-conmemora-o-dia-internacional-contra-a-violencia-de-xenero\/#breadcrumb","itemListElement":[{"@type":"ListItem","position":1,"name":"Portada","item":"https:\/\/www.aguarda.es\/en\/"},{"@type":"ListItem","position":2,"name":"A Guarda conmemora o D\u00eda Internacional contra a Violencia de X\u00e9nero"}]},{"@type":"WebSite","@id":"https:\/\/www.aguarda.es\/en\/#website","url":"https:\/\/www.aguarda.es\/en\/","name":"Concello da Guarda","description":"P\u00e1xina web do concello da Guarda","potentialAction":[{"@type":"SearchAction","target":{"@type":"EntryPoint","urlTemplate":"https:\/\/www.aguarda.es\/en\/?s={search_term_string}"},"query-input":"required name=search_term_string"}],"inLanguage":"en-US"},{"@type":"Person","@id":"https:\/\/www.aguarda.es\/en\/#\/schema\/person\/c463ca3006858ffb349d11179d044f21","name":"prensa","image":{"@type":"ImageObject","inLanguage":"en-US","@id":"https:\/\/www.aguarda.es\/en\/#\/schema\/person\/image\/","url":"https:\/\/secure.gravatar.com\/avatar\/5f90ef536b0f98306edf5c7a1135ffa1?s=96&d=mm&r=g","contentUrl":"https:\/\/secure.gravatar.com\/avatar\/5f90ef536b0f98306edf5c7a1135ffa1?s=96&d=mm&r=g","caption":"prensa"},"url":"https:\/\/www.aguarda.es\/en\/author\/prensa\/"}]}},"_links":{"self":[{"href":"https:\/\/www.aguarda.es\/en\/wp-json\/wp\/v2\/posts\/19975"}],"collection":[{"href":"https:\/\/www.aguarda.es\/en\/wp-json\/wp\/v2\/posts"}],"about":[{"href":"https:\/\/www.aguarda.es\/en\/wp-json\/wp\/v2\/types\/post"}],"author":[{"embeddable":true,"href":"https:\/\/www.aguarda.es\/en\/wp-json\/wp\/v2\/users\/2"}],"replies":[{"embeddable":true,"href":"https:\/\/www.aguarda.es\/en\/wp-json\/wp\/v2\/comments?post=19975"}],"version-history":[{"count":1,"href":"https:\/\/www.aguarda.es\/en\/wp-json\/wp\/v2\/posts\/19975\/revisions"}],"predecessor-version":[{"id":19986,"href":"https:\/\/www.aguarda.es\/en\/wp-json\/wp\/v2\/posts\/19975\/revisions\/19986"}],"wp:featuredmedia":[{"embeddable":true,"href":"https:\/\/www.aguarda.es\/en\/wp-json\/wp\/v2\/media\/19982"}],"wp:attachment":[{"href":"https:\/\/www.aguarda.es\/en\/wp-json\/wp\/v2\/media?parent=19975"}],"wp:term":[{"taxonomy":"category","embeddable":true,"href":"https:\/\/www.aguarda.es\/en\/wp-json\/wp\/v2\/categories?post=19975"},{"taxonomy":"post_tag","embeddable":true,"href":"https:\/\/www.aguarda.es\/en\/wp-json\/wp\/v2\/tags?post=19975"}],"curies":[{"name":"wp","href":"https:\/\/api.w.org\/{rel}","templated":true}]}}