{"id":20023,"date":"2019-11-29T09:15:41","date_gmt":"2019-11-29T09:15:41","guid":{"rendered":"https:\/\/www.aguarda.es\/?p=20023"},"modified":"2019-11-29T09:15:41","modified_gmt":"2019-11-29T09:15:41","slug":"a-guarda-fai-un-novo-chamamento-a-concienciacion-sobre-a-limpeza-publica-e-a-recollida-do-lixo","status":"publish","type":"post","link":"https:\/\/www.aguarda.es\/en\/a-guarda-fai-un-novo-chamamento-a-concienciacion-sobre-a-limpeza-publica-e-a-recollida-do-lixo\/","title":{"rendered":"A Guarda fai un novo chamamento \u00e1 concienciaci\u00f3n sobre a limpeza p\u00fablica e a recollida do lixo"},"content":{"rendered":"<p style=\"text-align: justify\">O Concello da Guarda fai un chamamento \u00e1 cidadan\u00eda guardesa para a s\u00faa implicaci\u00f3n na limpeza dos espazos p\u00fablicos e a recollida de lixo, en aras de mellorar a imaxe para ter A Guarda m\u00e1is limpa.<\/p>\n<p style=\"text-align: justify\">Dende o Concello da Guarda recordase que non se pode depositar lixo fora dos contedores, que os residuos vexetais de limpeza de fincas e xard\u00edns, residuos voluminosos, entullos ou cascallos, deben levarse ao punto limpo.<\/p>\n<figure id=\"attachment_20024\" aria-describedby=\"caption-attachment-20024\" style=\"width: 775px\" class=\"wp-caption aligncenter\"><img decoding=\"async\" loading=\"lazy\" class=\"size-full wp-image-20024\" src=\"https:\/\/www.aguarda.es\/wp-content\/uploads\/2019\/11\/NP-29112019-A-Guarda-fai-un-novo-chamamento-\u00e1-concienciaci\u00f3n-sobre-a-limpeza-1.jpg\" alt=\"\" width=\"775\" height=\"495\" srcset=\"https:\/\/www.aguarda.es\/wp-content\/uploads\/2019\/11\/NP-29112019-A-Guarda-fai-un-novo-chamamento-\u00e1-concienciaci\u00f3n-sobre-a-limpeza-1.jpg 775w, https:\/\/www.aguarda.es\/wp-content\/uploads\/2019\/11\/NP-29112019-A-Guarda-fai-un-novo-chamamento-\u00e1-concienciaci\u00f3n-sobre-a-limpeza-1-300x192.jpg 300w, https:\/\/www.aguarda.es\/wp-content\/uploads\/2019\/11\/NP-29112019-A-Guarda-fai-un-novo-chamamento-\u00e1-concienciaci\u00f3n-sobre-a-limpeza-1-768x491.jpg 768w\" sizes=\"(max-width: 775px) 100vw, 775px\" \/><figcaption id=\"caption-attachment-20024\" class=\"wp-caption-text\"><em>Imaxes coma esta afean a nosa vila e se poden evitar<\/em><\/figcaption><\/figure>\n<p style=\"text-align: justify\">As\u00ed mesmo, o lixo que se deposita nos contedores verde(org\u00e1nico) e amarelo(envases pl\u00e1sticos), debe depositarse en bolsas de pl\u00e1stico debidamente pechadas, para evitar malos cheiros e manter estes elementos nas mellores condici\u00f3ns.<\/p>\n<p style=\"text-align: justify\">A Guarda \u00e9 un dos concellos de Galicia cunha maior taxa de reciclaxe. O cumprimento do Regulamento de Limpeza P\u00fablica e de Recollida de Lixo \u00e9 tarefa de todos, establec\u00e9ndose un horario espec\u00edfico para o dep\u00f3sito do lixo: para residuos org\u00e1nicos do contedor verde o horario \u00e9 de 21:00h a 23:00h(de abril a setembro) e de 19:00h a 23:00h (de outubro a marzo) e para os residuos de vidro o dep\u00f3sito dos mesmos realizarase en horario de 8:00h a 22:00h.<\/p>\n<p style=\"text-align: justify\">O Punto Limpo da Guarda situase ao car\u00f3n das instalaci\u00f3ns da Piscina Municipal na zona da Sangri\u00f1a e os veci\u00f1os e usuarios o poden empregar os luns, martes, xoves e venres en horario de 8:00h a 14:00h, os m\u00e9rcores en horario de 8:00h a 18:00h e os s\u00e1bados en horario de 8:30h a 13:30h.<\/p>\n<p style=\"text-align: justify\"><img decoding=\"async\" loading=\"lazy\" class=\"aligncenter size-full wp-image-20032\" src=\"https:\/\/www.aguarda.es\/wp-content\/uploads\/2019\/11\/NP-29112019-A-Guarda-fai-un-novo-chamamento-\u00e1-concienciaci\u00f3n-sobre-a-limpeza-10.jpg\" alt=\"\" width=\"786\" height=\"1113\" srcset=\"https:\/\/www.aguarda.es\/wp-content\/uploads\/2019\/11\/NP-29112019-A-Guarda-fai-un-novo-chamamento-\u00e1-concienciaci\u00f3n-sobre-a-limpeza-10.jpg 786w, https:\/\/www.aguarda.es\/wp-content\/uploads\/2019\/11\/NP-29112019-A-Guarda-fai-un-novo-chamamento-\u00e1-concienciaci\u00f3n-sobre-a-limpeza-10-212x300.jpg 212w, https:\/\/www.aguarda.es\/wp-content\/uploads\/2019\/11\/NP-29112019-A-Guarda-fai-un-novo-chamamento-\u00e1-concienciaci\u00f3n-sobre-a-limpeza-10-768x1088.jpg 768w, https:\/\/www.aguarda.es\/wp-content\/uploads\/2019\/11\/NP-29112019-A-Guarda-fai-un-novo-chamamento-\u00e1-concienciaci\u00f3n-sobre-a-limpeza-10-723x1024.jpg 723w\" sizes=\"(max-width: 786px) 100vw, 786px\" \/>De igual xeito se pide a colaboraci\u00f3n cidad\u00e1 para informar cando algo est\u00e1 mal, chamando a Polic\u00eda Local nos tel\u00e9fonos 986 610 025 e 606 452 655.<\/p>\n<p style=\"text-align: justify\">O incumprimento do Regulamento de Limpeza P\u00fablica e de Recollida de Lixo pode constitu\u00edr unha infracci\u00f3n administrativa, que conleva a un expediente sancionador, con sanci\u00f3ns moi graves, graves e leves, segundo corresponda.<\/p>\n<p style=\"text-align: center\"><em><strong>So entre todos \u00e9 posible ter A Guarda m\u00e1is limpa<\/strong><\/em><\/p>\n","protected":false},"excerpt":{"rendered":"<p>O Concello da Guarda fai un chamamento \u00e1 cidadan\u00eda guardesa para a s\u00faa implicaci\u00f3n na limpeza dos espazos p\u00fablicos e a recollida de lixo, en aras de mellorar a imaxe para ter A Guarda m\u00e1is limpa. Dende o Concello da &hellip; <\/p>\n","protected":false},"author":2,"featured_media":20026,"comment_status":"open","ping_status":"open","sticky":false,"template":"","format":"standard","meta":[],"categories":[40,33],"tags":[226,263,1017,2011,2012],"yoast_head":"<!-- This site is optimized with the Yoast SEO plugin v21.1 - https:\/\/yoast.com\/wordpress\/plugins\/seo\/ -->\n<title>A Guarda fai un novo chamamento \u00e1 concienciaci\u00f3n sobre a limpeza p\u00fablica e a recollida do lixo - Concello da Guarda<\/title>\n<meta name=\"robots\" content=\"index, follow, max-snippet:-1, max-image-preview:large, max-video-preview:-1\" \/>\n<link rel=\"canonical\" href=\"https:\/\/www.aguarda.es\/en\/a-guarda-fai-un-novo-chamamento-a-concienciacion-sobre-a-limpeza-publica-e-a-recollida-do-lixo\/\" \/>\n<meta property=\"og:locale\" content=\"en_US\" \/>\n<meta property=\"og:type\" content=\"article\" \/>\n<meta property=\"og:title\" content=\"A Guarda fai un novo chamamento \u00e1 concienciaci\u00f3n sobre a limpeza p\u00fablica e a recollida do lixo - Concello da Guarda\" \/>\n<meta property=\"og:description\" content=\"O Concello da Guarda fai un chamamento \u00e1 cidadan\u00eda guardesa para a s\u00faa implicaci\u00f3n na limpeza dos espazos p\u00fablicos e a recollida de lixo, en aras de mellorar a imaxe para ter A Guarda m\u00e1is limpa. Dende o Concello da &hellip;\" \/>\n<meta property=\"og:url\" content=\"https:\/\/www.aguarda.es\/en\/a-guarda-fai-un-novo-chamamento-a-concienciacion-sobre-a-limpeza-publica-e-a-recollida-do-lixo\/\" \/>\n<meta property=\"og:site_name\" content=\"Concello da Guarda\" \/>\n<meta property=\"article:publisher\" content=\"https:\/\/www.facebook.com\/ConcellodaGuarda\" \/>\n<meta property=\"article:published_time\" content=\"2019-11-29T09:15:41+00:00\" \/>\n<meta property=\"og:image\" content=\"https:\/\/www.aguarda.es\/wp-content\/uploads\/2019\/11\/NP-29112019-A-Guarda-fai-un-novo-chamamento-\u00e1-concienciaci\u00f3n-sobre-a-limpeza-2.jpg\" \/>\n\t<meta property=\"og:image:width\" content=\"800\" \/>\n\t<meta property=\"og:image:height\" content=\"400\" \/>\n\t<meta property=\"og:image:type\" content=\"image\/jpeg\" \/>\n<meta name=\"author\" content=\"prensa\" \/>\n<meta name=\"twitter:card\" content=\"summary_large_image\" \/>\n<meta name=\"twitter:creator\" content=\"@AGuarda_es\" \/>\n<meta name=\"twitter:site\" content=\"@AGuarda_es\" \/>\n<meta name=\"twitter:label1\" content=\"Written by\" \/>\n\t<meta name=\"twitter:data1\" content=\"prensa\" \/>\n\t<meta name=\"twitter:label2\" content=\"Est. reading time\" \/>\n\t<meta name=\"twitter:data2\" content=\"2 minutes\" \/>\n<script type=\"application\/ld+json\" class=\"yoast-schema-graph\">{\"@context\":\"https:\/\/schema.org\",\"@graph\":[{\"@type\":\"WebPage\",\"@id\":\"https:\/\/www.aguarda.es\/en\/a-guarda-fai-un-novo-chamamento-a-concienciacion-sobre-a-limpeza-publica-e-a-recollida-do-lixo\/\",\"url\":\"https:\/\/www.aguarda.es\/en\/a-guarda-fai-un-novo-chamamento-a-concienciacion-sobre-a-limpeza-publica-e-a-recollida-do-lixo\/\",\"name\":\"A Guarda fai un novo chamamento \u00e1 concienciaci\u00f3n sobre a limpeza p\u00fablica e a recollida do lixo - Concello da Guarda\",\"isPartOf\":{\"@id\":\"https:\/\/www.aguarda.es\/en\/#website\"},\"datePublished\":\"2019-11-29T09:15:41+00:00\",\"dateModified\":\"2019-11-29T09:15:41+00:00\",\"author\":{\"@id\":\"https:\/\/www.aguarda.es\/en\/#\/schema\/person\/c463ca3006858ffb349d11179d044f21\"},\"breadcrumb\":{\"@id\":\"https:\/\/www.aguarda.es\/en\/a-guarda-fai-un-novo-chamamento-a-concienciacion-sobre-a-limpeza-publica-e-a-recollida-do-lixo\/#breadcrumb\"},\"inLanguage\":\"en-US\",\"potentialAction\":[{\"@type\":\"ReadAction\",\"target\":[\"https:\/\/www.aguarda.es\/en\/a-guarda-fai-un-novo-chamamento-a-concienciacion-sobre-a-limpeza-publica-e-a-recollida-do-lixo\/\"]}]},{\"@type\":\"BreadcrumbList\",\"@id\":\"https:\/\/www.aguarda.es\/en\/a-guarda-fai-un-novo-chamamento-a-concienciacion-sobre-a-limpeza-publica-e-a-recollida-do-lixo\/#breadcrumb\",\"itemListElement\":[{\"@type\":\"ListItem\",\"position\":1,\"name\":\"Portada\",\"item\":\"https:\/\/www.aguarda.es\/en\/\"},{\"@type\":\"ListItem\",\"position\":2,\"name\":\"A Guarda fai un novo chamamento \u00e1 concienciaci\u00f3n sobre a limpeza p\u00fablica e a recollida do lixo\"}]},{\"@type\":\"WebSite\",\"@id\":\"https:\/\/www.aguarda.es\/en\/#website\",\"url\":\"https:\/\/www.aguarda.es\/en\/\",\"name\":\"Concello da Guarda\",\"description\":\"P\u00e1xina web do concello da Guarda\",\"potentialAction\":[{\"@type\":\"SearchAction\",\"target\":{\"@type\":\"EntryPoint\",\"urlTemplate\":\"https:\/\/www.aguarda.es\/en\/?s={search_term_string}\"},\"query-input\":\"required name=search_term_string\"}],\"inLanguage\":\"en-US\"},{\"@type\":\"Person\",\"@id\":\"https:\/\/www.aguarda.es\/en\/#\/schema\/person\/c463ca3006858ffb349d11179d044f21\",\"name\":\"prensa\",\"image\":{\"@type\":\"ImageObject\",\"inLanguage\":\"en-US\",\"@id\":\"https:\/\/www.aguarda.es\/en\/#\/schema\/person\/image\/\",\"url\":\"https:\/\/secure.gravatar.com\/avatar\/5f90ef536b0f98306edf5c7a1135ffa1?s=96&d=mm&r=g\",\"contentUrl\":\"https:\/\/secure.gravatar.com\/avatar\/5f90ef536b0f98306edf5c7a1135ffa1?s=96&d=mm&r=g\",\"caption\":\"prensa\"},\"url\":\"https:\/\/www.aguarda.es\/en\/author\/prensa\/\"}]}<\/script>\n<!-- \/ Yoast SEO plugin. -->","yoast_head_json":{"title":"A Guarda fai un novo chamamento \u00e1 concienciaci\u00f3n sobre a limpeza p\u00fablica e a recollida do lixo - Concello da Guarda","robots":{"index":"index","follow":"follow","max-snippet":"max-snippet:-1","max-image-preview":"max-image-preview:large","max-video-preview":"max-video-preview:-1"},"canonical":"https:\/\/www.aguarda.es\/en\/a-guarda-fai-un-novo-chamamento-a-concienciacion-sobre-a-limpeza-publica-e-a-recollida-do-lixo\/","og_locale":"en_US","og_type":"article","og_title":"A Guarda fai un novo chamamento \u00e1 concienciaci\u00f3n sobre a limpeza p\u00fablica e a recollida do lixo - Concello da Guarda","og_description":"O Concello da Guarda fai un chamamento \u00e1 cidadan\u00eda guardesa para a s\u00faa implicaci\u00f3n na limpeza dos espazos p\u00fablicos e a recollida de lixo, en aras de mellorar a imaxe para ter A Guarda m\u00e1is limpa. Dende o Concello da &hellip;","og_url":"https:\/\/www.aguarda.es\/en\/a-guarda-fai-un-novo-chamamento-a-concienciacion-sobre-a-limpeza-publica-e-a-recollida-do-lixo\/","og_site_name":"Concello da Guarda","article_publisher":"https:\/\/www.facebook.com\/ConcellodaGuarda","article_published_time":"2019-11-29T09:15:41+00:00","og_image":[{"width":800,"height":400,"url":"https:\/\/www.aguarda.es\/wp-content\/uploads\/2019\/11\/NP-29112019-A-Guarda-fai-un-novo-chamamento-\u00e1-concienciaci\u00f3n-sobre-a-limpeza-2.jpg","type":"image\/jpeg"}],"author":"prensa","twitter_card":"summary_large_image","twitter_creator":"@AGuarda_es","twitter_site":"@AGuarda_es","twitter_misc":{"Written by":"prensa","Est. reading time":"2 minutes"},"schema":{"@context":"https:\/\/schema.org","@graph":[{"@type":"WebPage","@id":"https:\/\/www.aguarda.es\/en\/a-guarda-fai-un-novo-chamamento-a-concienciacion-sobre-a-limpeza-publica-e-a-recollida-do-lixo\/","url":"https:\/\/www.aguarda.es\/en\/a-guarda-fai-un-novo-chamamento-a-concienciacion-sobre-a-limpeza-publica-e-a-recollida-do-lixo\/","name":"A Guarda fai un novo chamamento \u00e1 concienciaci\u00f3n sobre a limpeza p\u00fablica e a recollida do lixo - Concello da Guarda","isPartOf":{"@id":"https:\/\/www.aguarda.es\/en\/#website"},"datePublished":"2019-11-29T09:15:41+00:00","dateModified":"2019-11-29T09:15:41+00:00","author":{"@id":"https:\/\/www.aguarda.es\/en\/#\/schema\/person\/c463ca3006858ffb349d11179d044f21"},"breadcrumb":{"@id":"https:\/\/www.aguarda.es\/en\/a-guarda-fai-un-novo-chamamento-a-concienciacion-sobre-a-limpeza-publica-e-a-recollida-do-lixo\/#breadcrumb"},"inLanguage":"en-US","potentialAction":[{"@type":"ReadAction","target":["https:\/\/www.aguarda.es\/en\/a-guarda-fai-un-novo-chamamento-a-concienciacion-sobre-a-limpeza-publica-e-a-recollida-do-lixo\/"]}]},{"@type":"BreadcrumbList","@id":"https:\/\/www.aguarda.es\/en\/a-guarda-fai-un-novo-chamamento-a-concienciacion-sobre-a-limpeza-publica-e-a-recollida-do-lixo\/#breadcrumb","itemListElement":[{"@type":"ListItem","position":1,"name":"Portada","item":"https:\/\/www.aguarda.es\/en\/"},{"@type":"ListItem","position":2,"name":"A Guarda fai un novo chamamento \u00e1 concienciaci\u00f3n sobre a limpeza p\u00fablica e a recollida do lixo"}]},{"@type":"WebSite","@id":"https:\/\/www.aguarda.es\/en\/#website","url":"https:\/\/www.aguarda.es\/en\/","name":"Concello da Guarda","description":"P\u00e1xina web do concello da Guarda","potentialAction":[{"@type":"SearchAction","target":{"@type":"EntryPoint","urlTemplate":"https:\/\/www.aguarda.es\/en\/?s={search_term_string}"},"query-input":"required name=search_term_string"}],"inLanguage":"en-US"},{"@type":"Person","@id":"https:\/\/www.aguarda.es\/en\/#\/schema\/person\/c463ca3006858ffb349d11179d044f21","name":"prensa","image":{"@type":"ImageObject","inLanguage":"en-US","@id":"https:\/\/www.aguarda.es\/en\/#\/schema\/person\/image\/","url":"https:\/\/secure.gravatar.com\/avatar\/5f90ef536b0f98306edf5c7a1135ffa1?s=96&d=mm&r=g","contentUrl":"https:\/\/secure.gravatar.com\/avatar\/5f90ef536b0f98306edf5c7a1135ffa1?s=96&d=mm&r=g","caption":"prensa"},"url":"https:\/\/www.aguarda.es\/en\/author\/prensa\/"}]}},"_links":{"self":[{"href":"https:\/\/www.aguarda.es\/en\/wp-json\/wp\/v2\/posts\/20023"}],"collection":[{"href":"https:\/\/www.aguarda.es\/en\/wp-json\/wp\/v2\/posts"}],"about":[{"href":"https:\/\/www.aguarda.es\/en\/wp-json\/wp\/v2\/types\/post"}],"author":[{"embeddable":true,"href":"https:\/\/www.aguarda.es\/en\/wp-json\/wp\/v2\/users\/2"}],"replies":[{"embeddable":true,"href":"https:\/\/www.aguarda.es\/en\/wp-json\/wp\/v2\/comments?post=20023"}],"version-history":[{"count":1,"href":"https:\/\/www.aguarda.es\/en\/wp-json\/wp\/v2\/posts\/20023\/revisions"}],"predecessor-version":[{"id":20034,"href":"https:\/\/www.aguarda.es\/en\/wp-json\/wp\/v2\/posts\/20023\/revisions\/20034"}],"wp:featuredmedia":[{"embeddable":true,"href":"https:\/\/www.aguarda.es\/en\/wp-json\/wp\/v2\/media\/20026"}],"wp:attachment":[{"href":"https:\/\/www.aguarda.es\/en\/wp-json\/wp\/v2\/media?parent=20023"}],"wp:term":[{"taxonomy":"category","embeddable":true,"href":"https:\/\/www.aguarda.es\/en\/wp-json\/wp\/v2\/categories?post=20023"},{"taxonomy":"post_tag","embeddable":true,"href":"https:\/\/www.aguarda.es\/en\/wp-json\/wp\/v2\/tags?post=20023"}],"curies":[{"name":"wp","href":"https:\/\/api.w.org\/{rel}","templated":true}]}}