{"id":20052,"date":"2019-11-29T16:51:45","date_gmt":"2019-11-29T16:51:45","guid":{"rendered":"https:\/\/www.aguarda.es\/?p=20052"},"modified":"2019-11-29T16:51:45","modified_gmt":"2019-11-29T16:51:45","slug":"a-vida-de-maria-vinyals-foi-recollida-na-primeira-barferencia-de-finais-de-2019-na-guarda","status":"publish","type":"post","link":"https:\/\/www.aguarda.es\/en\/a-vida-de-maria-vinyals-foi-recollida-na-primeira-barferencia-de-finais-de-2019-na-guarda\/","title":{"rendered":"A vida de Mar\u00eda Vinyals foi recollida na primeira Barferencia de finais de 2019 na Guarda"},"content":{"rendered":"<p>O pasado xoves d\u00eda 28 de novembro celebrouse a primeira Barferencia do ciclo finais 2019 no bar \u00abBugus Zentral\u00bb da Guarda, unha Barferencia que versou sobre \u00abMar\u00eda Vinyals, unha galega de armas tomar\u00bb contando coa ponencia de Silvia Cernadas.<br \/>\nSilvia Cernadas Mart\u00ednez, explicou aos presentes como foi a vida desta grande e polifac\u00e9tica muller do s\u00e9culo XIX, froito das s\u00faas investigaci\u00f3ns que a levaron a contactar e buscar informaci\u00f3n con boa parte dos seus descendentes e familiares directos e indirectos. Silvia Cernadas, nada en Soutomaior no ano 1988, \u00e9 investigadora e Gu\u00eda oficial de Turismo, Licenciada en Historia pola Universidade de Santiago de Compostela.<br \/>\nEntre as s\u00faas principais li\u00f1as de investigaci\u00f3n destacan a historia da nobreza e os castelos, especialmente o de Soutomaior, sobre o que versa o seu proxecto de tese de doutoramento; a historia da fronteira con Portugal na Idade Media, que comezou a estudar no seu Traballo de Fin de M\u00e1ster, e a historia das mulleres na Galicia contempor\u00e1nea, centr\u00e1ndose na figura de Mar\u00eda Vinyals. Ten publicado artigos e participado en varios congresos en relaci\u00f3n a todos estes temas.<br \/>\nMar\u00eda Vinyals (1875-1940?) co\u00f1ecida como a \u201cMarquesa roja\u201d polas s\u00faas ideas sociais e pol\u00edticas, destacou como escritora e feminista pero acabou morrendo na miseria e no esquecemento. Nesta Barferencia falousese desta muller tan vencellada \u00f3 Castelo de Soutomaior e cuxa vida ben poder\u00eda ser levada \u00f3 mundo do cine ou a televisi\u00f3n.<br \/>\nA segunda Barferencia deste ciclo ter\u00e1 lugar o vindeiro xoves d\u00eda 26 de decembro \u00e1s 20:30h na \u00abCervexer\u00eda La Bodega\u00bb e versar\u00e1 sobre \u00abJuan Bautista Alonso Espa\u00f1ol (1801-1879). Relembrando a este deputado \u00e1 corte da Guarda no 140 aniversario do seu pasamento\u00bb, a cargo do historiador local Joaqu\u00edn Miguel Villa.<br \/>\nDende o Concello da Guarda an\u00edmase unha vez m\u00e1is a participar nestas barferencias que ano a ano espertan o interese dos guardeses e for\u00e1neos nun clima distendido e de intercambio de co\u00f1ecementos de gran interese xeral e que conta cunha ampla participaci\u00f3n.<\/p>\n<p style=\"text-align: center\"><img decoding=\"async\" loading=\"lazy\" class=\"aligncenter size-full wp-image-20055\" src=\"https:\/\/www.aguarda.es\/wp-content\/uploads\/2019\/11\/NP-29112019-A-vida-de-Mar\u00eda-Vinyals-foi-recollida-na-primeira-Barferencia-de-finais-de-2019-na-Guarda-6.jpg\" alt=\"\" width=\"800\" height=\"533\" srcset=\"https:\/\/www.aguarda.es\/wp-content\/uploads\/2019\/11\/NP-29112019-A-vida-de-Mar\u00eda-Vinyals-foi-recollida-na-primeira-Barferencia-de-finais-de-2019-na-Guarda-6.jpg 800w, https:\/\/www.aguarda.es\/wp-content\/uploads\/2019\/11\/NP-29112019-A-vida-de-Mar\u00eda-Vinyals-foi-recollida-na-primeira-Barferencia-de-finais-de-2019-na-Guarda-6-300x200.jpg 300w, https:\/\/www.aguarda.es\/wp-content\/uploads\/2019\/11\/NP-29112019-A-vida-de-Mar\u00eda-Vinyals-foi-recollida-na-primeira-Barferencia-de-finais-de-2019-na-Guarda-6-768x512.jpg 768w\" sizes=\"(max-width: 800px) 100vw, 800px\" \/><\/p>\n","protected":false},"excerpt":{"rendered":"<p>O pasado xoves d\u00eda 28 de novembro celebrouse a primeira Barferencia do ciclo finais 2019 no bar \u00abBugus Zentral\u00bb da Guarda, unha Barferencia que versou sobre \u00abMar\u00eda Vinyals, unha galega de armas tomar\u00bb contando coa ponencia de Silvia Cernadas. Silvia &hellip; <\/p>\n","protected":false},"author":2,"featured_media":20053,"comment_status":"open","ping_status":"open","sticky":false,"template":"","format":"standard","meta":[],"categories":[34,56],"tags":[226,642,2016],"yoast_head":"<!-- This site is optimized with the Yoast SEO plugin v21.1 - https:\/\/yoast.com\/wordpress\/plugins\/seo\/ -->\n<title>A vida de Mar\u00eda Vinyals foi recollida na primeira Barferencia de finais de 2019 na Guarda - Concello da Guarda<\/title>\n<meta name=\"robots\" content=\"index, follow, max-snippet:-1, max-image-preview:large, max-video-preview:-1\" \/>\n<link rel=\"canonical\" href=\"https:\/\/www.aguarda.es\/en\/a-vida-de-maria-vinyals-foi-recollida-na-primeira-barferencia-de-finais-de-2019-na-guarda\/\" \/>\n<meta property=\"og:locale\" content=\"en_US\" \/>\n<meta property=\"og:type\" content=\"article\" \/>\n<meta property=\"og:title\" content=\"A vida de Mar\u00eda Vinyals foi recollida na primeira Barferencia de finais de 2019 na Guarda - Concello da Guarda\" \/>\n<meta property=\"og:description\" content=\"O pasado xoves d\u00eda 28 de novembro celebrouse a primeira Barferencia do ciclo finais 2019 no bar \u00abBugus Zentral\u00bb da Guarda, unha Barferencia que versou sobre \u00abMar\u00eda Vinyals, unha galega de armas tomar\u00bb contando coa ponencia de Silvia Cernadas. Silvia &hellip;\" \/>\n<meta property=\"og:url\" content=\"https:\/\/www.aguarda.es\/en\/a-vida-de-maria-vinyals-foi-recollida-na-primeira-barferencia-de-finais-de-2019-na-guarda\/\" \/>\n<meta property=\"og:site_name\" content=\"Concello da Guarda\" \/>\n<meta property=\"article:publisher\" content=\"https:\/\/www.facebook.com\/ConcellodaGuarda\" \/>\n<meta property=\"article:published_time\" content=\"2019-11-29T16:51:45+00:00\" \/>\n<meta property=\"og:image\" content=\"https:\/\/www.aguarda.es\/wp-content\/uploads\/2019\/11\/NP-29112019-A-vida-de-Mar\u00eda-Vinyals-foi-recollida-na-primeira-Barferencia-de-finais-de-2019-na-Guarda-2.jpg\" \/>\n\t<meta property=\"og:image:width\" content=\"800\" \/>\n\t<meta property=\"og:image:height\" content=\"533\" \/>\n\t<meta property=\"og:image:type\" content=\"image\/jpeg\" \/>\n<meta name=\"author\" content=\"prensa\" \/>\n<meta name=\"twitter:card\" content=\"summary_large_image\" \/>\n<meta name=\"twitter:creator\" content=\"@AGuarda_es\" \/>\n<meta name=\"twitter:site\" content=\"@AGuarda_es\" \/>\n<meta name=\"twitter:label1\" content=\"Written by\" \/>\n\t<meta name=\"twitter:data1\" content=\"prensa\" \/>\n\t<meta name=\"twitter:label2\" content=\"Est. reading time\" \/>\n\t<meta name=\"twitter:data2\" content=\"2 minutes\" \/>\n<script type=\"application\/ld+json\" class=\"yoast-schema-graph\">{\"@context\":\"https:\/\/schema.org\",\"@graph\":[{\"@type\":\"WebPage\",\"@id\":\"https:\/\/www.aguarda.es\/en\/a-vida-de-maria-vinyals-foi-recollida-na-primeira-barferencia-de-finais-de-2019-na-guarda\/\",\"url\":\"https:\/\/www.aguarda.es\/en\/a-vida-de-maria-vinyals-foi-recollida-na-primeira-barferencia-de-finais-de-2019-na-guarda\/\",\"name\":\"A vida de Mar\u00eda Vinyals foi recollida na primeira Barferencia de finais de 2019 na Guarda - Concello da Guarda\",\"isPartOf\":{\"@id\":\"https:\/\/www.aguarda.es\/en\/#website\"},\"datePublished\":\"2019-11-29T16:51:45+00:00\",\"dateModified\":\"2019-11-29T16:51:45+00:00\",\"author\":{\"@id\":\"https:\/\/www.aguarda.es\/en\/#\/schema\/person\/c463ca3006858ffb349d11179d044f21\"},\"breadcrumb\":{\"@id\":\"https:\/\/www.aguarda.es\/en\/a-vida-de-maria-vinyals-foi-recollida-na-primeira-barferencia-de-finais-de-2019-na-guarda\/#breadcrumb\"},\"inLanguage\":\"en-US\",\"potentialAction\":[{\"@type\":\"ReadAction\",\"target\":[\"https:\/\/www.aguarda.es\/en\/a-vida-de-maria-vinyals-foi-recollida-na-primeira-barferencia-de-finais-de-2019-na-guarda\/\"]}]},{\"@type\":\"BreadcrumbList\",\"@id\":\"https:\/\/www.aguarda.es\/en\/a-vida-de-maria-vinyals-foi-recollida-na-primeira-barferencia-de-finais-de-2019-na-guarda\/#breadcrumb\",\"itemListElement\":[{\"@type\":\"ListItem\",\"position\":1,\"name\":\"Portada\",\"item\":\"https:\/\/www.aguarda.es\/en\/\"},{\"@type\":\"ListItem\",\"position\":2,\"name\":\"A vida de Mar\u00eda Vinyals foi recollida na primeira Barferencia de finais de 2019 na Guarda\"}]},{\"@type\":\"WebSite\",\"@id\":\"https:\/\/www.aguarda.es\/en\/#website\",\"url\":\"https:\/\/www.aguarda.es\/en\/\",\"name\":\"Concello da Guarda\",\"description\":\"P\u00e1xina web do concello da Guarda\",\"potentialAction\":[{\"@type\":\"SearchAction\",\"target\":{\"@type\":\"EntryPoint\",\"urlTemplate\":\"https:\/\/www.aguarda.es\/en\/?s={search_term_string}\"},\"query-input\":\"required name=search_term_string\"}],\"inLanguage\":\"en-US\"},{\"@type\":\"Person\",\"@id\":\"https:\/\/www.aguarda.es\/en\/#\/schema\/person\/c463ca3006858ffb349d11179d044f21\",\"name\":\"prensa\",\"image\":{\"@type\":\"ImageObject\",\"inLanguage\":\"en-US\",\"@id\":\"https:\/\/www.aguarda.es\/en\/#\/schema\/person\/image\/\",\"url\":\"https:\/\/secure.gravatar.com\/avatar\/5f90ef536b0f98306edf5c7a1135ffa1?s=96&d=mm&r=g\",\"contentUrl\":\"https:\/\/secure.gravatar.com\/avatar\/5f90ef536b0f98306edf5c7a1135ffa1?s=96&d=mm&r=g\",\"caption\":\"prensa\"},\"url\":\"https:\/\/www.aguarda.es\/en\/author\/prensa\/\"}]}<\/script>\n<!-- \/ Yoast SEO plugin. -->","yoast_head_json":{"title":"A vida de Mar\u00eda Vinyals foi recollida na primeira Barferencia de finais de 2019 na Guarda - Concello da Guarda","robots":{"index":"index","follow":"follow","max-snippet":"max-snippet:-1","max-image-preview":"max-image-preview:large","max-video-preview":"max-video-preview:-1"},"canonical":"https:\/\/www.aguarda.es\/en\/a-vida-de-maria-vinyals-foi-recollida-na-primeira-barferencia-de-finais-de-2019-na-guarda\/","og_locale":"en_US","og_type":"article","og_title":"A vida de Mar\u00eda Vinyals foi recollida na primeira Barferencia de finais de 2019 na Guarda - Concello da Guarda","og_description":"O pasado xoves d\u00eda 28 de novembro celebrouse a primeira Barferencia do ciclo finais 2019 no bar \u00abBugus Zentral\u00bb da Guarda, unha Barferencia que versou sobre \u00abMar\u00eda Vinyals, unha galega de armas tomar\u00bb contando coa ponencia de Silvia Cernadas. Silvia &hellip;","og_url":"https:\/\/www.aguarda.es\/en\/a-vida-de-maria-vinyals-foi-recollida-na-primeira-barferencia-de-finais-de-2019-na-guarda\/","og_site_name":"Concello da Guarda","article_publisher":"https:\/\/www.facebook.com\/ConcellodaGuarda","article_published_time":"2019-11-29T16:51:45+00:00","og_image":[{"width":800,"height":533,"url":"https:\/\/www.aguarda.es\/wp-content\/uploads\/2019\/11\/NP-29112019-A-vida-de-Mar\u00eda-Vinyals-foi-recollida-na-primeira-Barferencia-de-finais-de-2019-na-Guarda-2.jpg","type":"image\/jpeg"}],"author":"prensa","twitter_card":"summary_large_image","twitter_creator":"@AGuarda_es","twitter_site":"@AGuarda_es","twitter_misc":{"Written by":"prensa","Est. reading time":"2 minutes"},"schema":{"@context":"https:\/\/schema.org","@graph":[{"@type":"WebPage","@id":"https:\/\/www.aguarda.es\/en\/a-vida-de-maria-vinyals-foi-recollida-na-primeira-barferencia-de-finais-de-2019-na-guarda\/","url":"https:\/\/www.aguarda.es\/en\/a-vida-de-maria-vinyals-foi-recollida-na-primeira-barferencia-de-finais-de-2019-na-guarda\/","name":"A vida de Mar\u00eda Vinyals foi recollida na primeira Barferencia de finais de 2019 na Guarda - Concello da Guarda","isPartOf":{"@id":"https:\/\/www.aguarda.es\/en\/#website"},"datePublished":"2019-11-29T16:51:45+00:00","dateModified":"2019-11-29T16:51:45+00:00","author":{"@id":"https:\/\/www.aguarda.es\/en\/#\/schema\/person\/c463ca3006858ffb349d11179d044f21"},"breadcrumb":{"@id":"https:\/\/www.aguarda.es\/en\/a-vida-de-maria-vinyals-foi-recollida-na-primeira-barferencia-de-finais-de-2019-na-guarda\/#breadcrumb"},"inLanguage":"en-US","potentialAction":[{"@type":"ReadAction","target":["https:\/\/www.aguarda.es\/en\/a-vida-de-maria-vinyals-foi-recollida-na-primeira-barferencia-de-finais-de-2019-na-guarda\/"]}]},{"@type":"BreadcrumbList","@id":"https:\/\/www.aguarda.es\/en\/a-vida-de-maria-vinyals-foi-recollida-na-primeira-barferencia-de-finais-de-2019-na-guarda\/#breadcrumb","itemListElement":[{"@type":"ListItem","position":1,"name":"Portada","item":"https:\/\/www.aguarda.es\/en\/"},{"@type":"ListItem","position":2,"name":"A vida de Mar\u00eda Vinyals foi recollida na primeira Barferencia de finais de 2019 na Guarda"}]},{"@type":"WebSite","@id":"https:\/\/www.aguarda.es\/en\/#website","url":"https:\/\/www.aguarda.es\/en\/","name":"Concello da Guarda","description":"P\u00e1xina web do concello da Guarda","potentialAction":[{"@type":"SearchAction","target":{"@type":"EntryPoint","urlTemplate":"https:\/\/www.aguarda.es\/en\/?s={search_term_string}"},"query-input":"required name=search_term_string"}],"inLanguage":"en-US"},{"@type":"Person","@id":"https:\/\/www.aguarda.es\/en\/#\/schema\/person\/c463ca3006858ffb349d11179d044f21","name":"prensa","image":{"@type":"ImageObject","inLanguage":"en-US","@id":"https:\/\/www.aguarda.es\/en\/#\/schema\/person\/image\/","url":"https:\/\/secure.gravatar.com\/avatar\/5f90ef536b0f98306edf5c7a1135ffa1?s=96&d=mm&r=g","contentUrl":"https:\/\/secure.gravatar.com\/avatar\/5f90ef536b0f98306edf5c7a1135ffa1?s=96&d=mm&r=g","caption":"prensa"},"url":"https:\/\/www.aguarda.es\/en\/author\/prensa\/"}]}},"_links":{"self":[{"href":"https:\/\/www.aguarda.es\/en\/wp-json\/wp\/v2\/posts\/20052"}],"collection":[{"href":"https:\/\/www.aguarda.es\/en\/wp-json\/wp\/v2\/posts"}],"about":[{"href":"https:\/\/www.aguarda.es\/en\/wp-json\/wp\/v2\/types\/post"}],"author":[{"embeddable":true,"href":"https:\/\/www.aguarda.es\/en\/wp-json\/wp\/v2\/users\/2"}],"replies":[{"embeddable":true,"href":"https:\/\/www.aguarda.es\/en\/wp-json\/wp\/v2\/comments?post=20052"}],"version-history":[{"count":1,"href":"https:\/\/www.aguarda.es\/en\/wp-json\/wp\/v2\/posts\/20052\/revisions"}],"predecessor-version":[{"id":20057,"href":"https:\/\/www.aguarda.es\/en\/wp-json\/wp\/v2\/posts\/20052\/revisions\/20057"}],"wp:featuredmedia":[{"embeddable":true,"href":"https:\/\/www.aguarda.es\/en\/wp-json\/wp\/v2\/media\/20053"}],"wp:attachment":[{"href":"https:\/\/www.aguarda.es\/en\/wp-json\/wp\/v2\/media?parent=20052"}],"wp:term":[{"taxonomy":"category","embeddable":true,"href":"https:\/\/www.aguarda.es\/en\/wp-json\/wp\/v2\/categories?post=20052"},{"taxonomy":"post_tag","embeddable":true,"href":"https:\/\/www.aguarda.es\/en\/wp-json\/wp\/v2\/tags?post=20052"}],"curies":[{"name":"wp","href":"https:\/\/api.w.org\/{rel}","templated":true}]}}