{"id":20224,"date":"2019-12-23T09:39:23","date_gmt":"2019-12-23T09:39:23","guid":{"rendered":"https:\/\/www.aguarda.es\/?p=20224"},"modified":"2019-12-23T09:39:23","modified_gmt":"2019-12-23T09:39:23","slug":"este-xoves-chega-a-guarda-a-derradeira-barferencia-do-ano-sobre-juan-bautista-alonso","status":"publish","type":"post","link":"https:\/\/www.aguarda.es\/en\/este-xoves-chega-a-guarda-a-derradeira-barferencia-do-ano-sobre-juan-bautista-alonso\/","title":{"rendered":"Este xoves chega \u00e1 Guarda a derradeira Barferencia do ano sobre Juan Bautista Alonso"},"content":{"rendered":"<p style=\"text-align: justify\">O vindeiro xoves d\u00eda 26 de decembro ter\u00e1 lugar a segunda Barferencia do ciclo finais 2019 que ter\u00e1 lugar \u00e1s 20:30h na Cervexar\u00eda \u00abLa Bodega\u00bb da Guarda.<\/p>\n<p style=\"text-align: justify\">Despois da primeira Barferencia celebrada no mes de novembro e que versou sobre \u00abMar\u00eda Vinyals, unha galega de armas tomar\u00bb e que correu a cargo de Silvia Cernadas, chega a segunda na cal o historiador local J. Miguel Villa falar\u00e1 sobre \u00abJuan Bautista Alonso Espa\u00f1ol (1801-1879). Relembrando a este deputado \u00e1 corte da Guarda no 140 aniversario do seu pasamento\u00bb, a cargo do historiador local Joaqu\u00edn Miguel Villa.<\/p>\n<p style=\"text-align: justify\">Juan Bautista Alonso Espa\u00f1ol, nado na parroquia guardesa de San Lourenzo de Salcidos no ano 1879, foi xurista, pol\u00edtico, periodista e presidente do Consello do Estado, cursando estudos en Filosof\u00eda e Leis na Universidade de Salamanca.<\/p>\n<p style=\"text-align: justify\">Na d\u00e9cada de 1830, momento no que se instala en Madrid, lle levar\u00eda a opinar sobre os m\u00e1is acuciantes problemas da Espa\u00f1a isabelina como redactor de famosos peri\u00f3dicos, destacando de maneira notable como xurista no foro madrile\u00f1o, chegando a ser deputado polas circunscripci\u00f3ns de Madrid no 1839, de Pontevedra entre 1841 e 1843 e de Lugo no 1843. En 1843 foi subsecretario de Gobernaci\u00f3n sendo condecorado ese mesmo ano coa Cruz de Carlos III como premio aos seus servizos neste ministerio.<\/p>\n<p style=\"text-align: justify\">No regreso dos progresistas ao poder en 1854, Juan Bautista Alonso voltou a aparecer coma deputado pola provincia de Pontevedra ante as Cortes constitu\u00edntes, e xa retirado da vida p\u00fablica, volveu a ser deputado \u00e1s Cortes, esta vez por Santiago de Compostela no 1865-1866.<\/p>\n<p style=\"text-align: justify\">Repite coma parlamentario no 1872-1873, como senador pola provincia de Murcia, e exerceu de presidente interino do Consello do Estado, acadando a presidencia do mesmo durante a I Rep\u00fablica espa\u00f1ola.<\/p>\n<p style=\"text-align: justify\">Dende o Concello da Guarda an\u00edmase unha vez m\u00e1is a participar nestas barferencias que ano a ano espertan o interese dos guardeses e for\u00e1neos nun clima distendido e de intercambio de co\u00f1ecementos de gran interese xeral e que conta cunha ampla participaci\u00f3n.<\/p>\n","protected":false},"excerpt":{"rendered":"<p>O vindeiro xoves d\u00eda 26 de decembro ter\u00e1 lugar a segunda Barferencia do ciclo finais 2019 que ter\u00e1 lugar \u00e1s 20:30h na Cervexar\u00eda \u00abLa Bodega\u00bb da Guarda. Despois da primeira Barferencia celebrada no mes de novembro e que versou sobre &hellip; <\/p>\n","protected":false},"author":2,"featured_media":20225,"comment_status":"open","ping_status":"open","sticky":false,"template":"","format":"standard","meta":[],"categories":[34,43,56],"tags":[226,1602,2032,2033,1146],"yoast_head":"<!-- This site is optimized with the Yoast SEO plugin v21.1 - https:\/\/yoast.com\/wordpress\/plugins\/seo\/ -->\n<title>Este xoves chega \u00e1 Guarda a derradeira Barferencia do ano sobre Juan Bautista Alonso - Concello da Guarda<\/title>\n<meta name=\"robots\" content=\"index, follow, max-snippet:-1, max-image-preview:large, max-video-preview:-1\" \/>\n<link rel=\"canonical\" href=\"https:\/\/www.aguarda.es\/en\/este-xoves-chega-a-guarda-a-derradeira-barferencia-do-ano-sobre-juan-bautista-alonso\/\" \/>\n<meta property=\"og:locale\" content=\"en_US\" \/>\n<meta property=\"og:type\" content=\"article\" \/>\n<meta property=\"og:title\" content=\"Este xoves chega \u00e1 Guarda a derradeira Barferencia do ano sobre Juan Bautista Alonso - Concello da Guarda\" \/>\n<meta property=\"og:description\" content=\"O vindeiro xoves d\u00eda 26 de decembro ter\u00e1 lugar a segunda Barferencia do ciclo finais 2019 que ter\u00e1 lugar \u00e1s 20:30h na Cervexar\u00eda \u00abLa Bodega\u00bb da Guarda. Despois da primeira Barferencia celebrada no mes de novembro e que versou sobre &hellip;\" \/>\n<meta property=\"og:url\" content=\"https:\/\/www.aguarda.es\/en\/este-xoves-chega-a-guarda-a-derradeira-barferencia-do-ano-sobre-juan-bautista-alonso\/\" \/>\n<meta property=\"og:site_name\" content=\"Concello da Guarda\" \/>\n<meta property=\"article:publisher\" content=\"https:\/\/www.facebook.com\/ConcellodaGuarda\" \/>\n<meta property=\"article:published_time\" content=\"2019-12-23T09:39:23+00:00\" \/>\n<meta property=\"og:image\" content=\"https:\/\/www.aguarda.es\/wp-content\/uploads\/2019\/12\/Barferencia2019-copia.jpg\" \/>\n\t<meta property=\"og:image:width\" content=\"800\" \/>\n\t<meta property=\"og:image:height\" content=\"1131\" \/>\n\t<meta property=\"og:image:type\" content=\"image\/jpeg\" \/>\n<meta name=\"author\" content=\"prensa\" \/>\n<meta name=\"twitter:card\" content=\"summary_large_image\" \/>\n<meta name=\"twitter:creator\" content=\"@AGuarda_es\" \/>\n<meta name=\"twitter:site\" content=\"@AGuarda_es\" \/>\n<meta name=\"twitter:label1\" content=\"Written by\" \/>\n\t<meta name=\"twitter:data1\" content=\"prensa\" \/>\n\t<meta name=\"twitter:label2\" content=\"Est. reading time\" \/>\n\t<meta name=\"twitter:data2\" content=\"2 minutes\" \/>\n<script type=\"application\/ld+json\" class=\"yoast-schema-graph\">{\"@context\":\"https:\/\/schema.org\",\"@graph\":[{\"@type\":\"WebPage\",\"@id\":\"https:\/\/www.aguarda.es\/en\/este-xoves-chega-a-guarda-a-derradeira-barferencia-do-ano-sobre-juan-bautista-alonso\/\",\"url\":\"https:\/\/www.aguarda.es\/en\/este-xoves-chega-a-guarda-a-derradeira-barferencia-do-ano-sobre-juan-bautista-alonso\/\",\"name\":\"Este xoves chega \u00e1 Guarda a derradeira Barferencia do ano sobre Juan Bautista Alonso - Concello da Guarda\",\"isPartOf\":{\"@id\":\"https:\/\/www.aguarda.es\/en\/#website\"},\"datePublished\":\"2019-12-23T09:39:23+00:00\",\"dateModified\":\"2019-12-23T09:39:23+00:00\",\"author\":{\"@id\":\"https:\/\/www.aguarda.es\/en\/#\/schema\/person\/c463ca3006858ffb349d11179d044f21\"},\"breadcrumb\":{\"@id\":\"https:\/\/www.aguarda.es\/en\/este-xoves-chega-a-guarda-a-derradeira-barferencia-do-ano-sobre-juan-bautista-alonso\/#breadcrumb\"},\"inLanguage\":\"en-US\",\"potentialAction\":[{\"@type\":\"ReadAction\",\"target\":[\"https:\/\/www.aguarda.es\/en\/este-xoves-chega-a-guarda-a-derradeira-barferencia-do-ano-sobre-juan-bautista-alonso\/\"]}]},{\"@type\":\"BreadcrumbList\",\"@id\":\"https:\/\/www.aguarda.es\/en\/este-xoves-chega-a-guarda-a-derradeira-barferencia-do-ano-sobre-juan-bautista-alonso\/#breadcrumb\",\"itemListElement\":[{\"@type\":\"ListItem\",\"position\":1,\"name\":\"Portada\",\"item\":\"https:\/\/www.aguarda.es\/en\/\"},{\"@type\":\"ListItem\",\"position\":2,\"name\":\"Este xoves chega \u00e1 Guarda a derradeira Barferencia do ano sobre Juan Bautista Alonso\"}]},{\"@type\":\"WebSite\",\"@id\":\"https:\/\/www.aguarda.es\/en\/#website\",\"url\":\"https:\/\/www.aguarda.es\/en\/\",\"name\":\"Concello da Guarda\",\"description\":\"P\u00e1xina web do concello da Guarda\",\"potentialAction\":[{\"@type\":\"SearchAction\",\"target\":{\"@type\":\"EntryPoint\",\"urlTemplate\":\"https:\/\/www.aguarda.es\/en\/?s={search_term_string}\"},\"query-input\":\"required name=search_term_string\"}],\"inLanguage\":\"en-US\"},{\"@type\":\"Person\",\"@id\":\"https:\/\/www.aguarda.es\/en\/#\/schema\/person\/c463ca3006858ffb349d11179d044f21\",\"name\":\"prensa\",\"image\":{\"@type\":\"ImageObject\",\"inLanguage\":\"en-US\",\"@id\":\"https:\/\/www.aguarda.es\/en\/#\/schema\/person\/image\/\",\"url\":\"https:\/\/secure.gravatar.com\/avatar\/5f90ef536b0f98306edf5c7a1135ffa1?s=96&d=mm&r=g\",\"contentUrl\":\"https:\/\/secure.gravatar.com\/avatar\/5f90ef536b0f98306edf5c7a1135ffa1?s=96&d=mm&r=g\",\"caption\":\"prensa\"},\"url\":\"https:\/\/www.aguarda.es\/en\/author\/prensa\/\"}]}<\/script>\n<!-- \/ Yoast SEO plugin. -->","yoast_head_json":{"title":"Este xoves chega \u00e1 Guarda a derradeira Barferencia do ano sobre Juan Bautista Alonso - Concello da Guarda","robots":{"index":"index","follow":"follow","max-snippet":"max-snippet:-1","max-image-preview":"max-image-preview:large","max-video-preview":"max-video-preview:-1"},"canonical":"https:\/\/www.aguarda.es\/en\/este-xoves-chega-a-guarda-a-derradeira-barferencia-do-ano-sobre-juan-bautista-alonso\/","og_locale":"en_US","og_type":"article","og_title":"Este xoves chega \u00e1 Guarda a derradeira Barferencia do ano sobre Juan Bautista Alonso - Concello da Guarda","og_description":"O vindeiro xoves d\u00eda 26 de decembro ter\u00e1 lugar a segunda Barferencia do ciclo finais 2019 que ter\u00e1 lugar \u00e1s 20:30h na Cervexar\u00eda \u00abLa Bodega\u00bb da Guarda. Despois da primeira Barferencia celebrada no mes de novembro e que versou sobre &hellip;","og_url":"https:\/\/www.aguarda.es\/en\/este-xoves-chega-a-guarda-a-derradeira-barferencia-do-ano-sobre-juan-bautista-alonso\/","og_site_name":"Concello da Guarda","article_publisher":"https:\/\/www.facebook.com\/ConcellodaGuarda","article_published_time":"2019-12-23T09:39:23+00:00","og_image":[{"width":800,"height":1131,"url":"https:\/\/www.aguarda.es\/wp-content\/uploads\/2019\/12\/Barferencia2019-copia.jpg","type":"image\/jpeg"}],"author":"prensa","twitter_card":"summary_large_image","twitter_creator":"@AGuarda_es","twitter_site":"@AGuarda_es","twitter_misc":{"Written by":"prensa","Est. reading time":"2 minutes"},"schema":{"@context":"https:\/\/schema.org","@graph":[{"@type":"WebPage","@id":"https:\/\/www.aguarda.es\/en\/este-xoves-chega-a-guarda-a-derradeira-barferencia-do-ano-sobre-juan-bautista-alonso\/","url":"https:\/\/www.aguarda.es\/en\/este-xoves-chega-a-guarda-a-derradeira-barferencia-do-ano-sobre-juan-bautista-alonso\/","name":"Este xoves chega \u00e1 Guarda a derradeira Barferencia do ano sobre Juan Bautista Alonso - Concello da Guarda","isPartOf":{"@id":"https:\/\/www.aguarda.es\/en\/#website"},"datePublished":"2019-12-23T09:39:23+00:00","dateModified":"2019-12-23T09:39:23+00:00","author":{"@id":"https:\/\/www.aguarda.es\/en\/#\/schema\/person\/c463ca3006858ffb349d11179d044f21"},"breadcrumb":{"@id":"https:\/\/www.aguarda.es\/en\/este-xoves-chega-a-guarda-a-derradeira-barferencia-do-ano-sobre-juan-bautista-alonso\/#breadcrumb"},"inLanguage":"en-US","potentialAction":[{"@type":"ReadAction","target":["https:\/\/www.aguarda.es\/en\/este-xoves-chega-a-guarda-a-derradeira-barferencia-do-ano-sobre-juan-bautista-alonso\/"]}]},{"@type":"BreadcrumbList","@id":"https:\/\/www.aguarda.es\/en\/este-xoves-chega-a-guarda-a-derradeira-barferencia-do-ano-sobre-juan-bautista-alonso\/#breadcrumb","itemListElement":[{"@type":"ListItem","position":1,"name":"Portada","item":"https:\/\/www.aguarda.es\/en\/"},{"@type":"ListItem","position":2,"name":"Este xoves chega \u00e1 Guarda a derradeira Barferencia do ano sobre Juan Bautista Alonso"}]},{"@type":"WebSite","@id":"https:\/\/www.aguarda.es\/en\/#website","url":"https:\/\/www.aguarda.es\/en\/","name":"Concello da Guarda","description":"P\u00e1xina web do concello da Guarda","potentialAction":[{"@type":"SearchAction","target":{"@type":"EntryPoint","urlTemplate":"https:\/\/www.aguarda.es\/en\/?s={search_term_string}"},"query-input":"required name=search_term_string"}],"inLanguage":"en-US"},{"@type":"Person","@id":"https:\/\/www.aguarda.es\/en\/#\/schema\/person\/c463ca3006858ffb349d11179d044f21","name":"prensa","image":{"@type":"ImageObject","inLanguage":"en-US","@id":"https:\/\/www.aguarda.es\/en\/#\/schema\/person\/image\/","url":"https:\/\/secure.gravatar.com\/avatar\/5f90ef536b0f98306edf5c7a1135ffa1?s=96&d=mm&r=g","contentUrl":"https:\/\/secure.gravatar.com\/avatar\/5f90ef536b0f98306edf5c7a1135ffa1?s=96&d=mm&r=g","caption":"prensa"},"url":"https:\/\/www.aguarda.es\/en\/author\/prensa\/"}]}},"_links":{"self":[{"href":"https:\/\/www.aguarda.es\/en\/wp-json\/wp\/v2\/posts\/20224"}],"collection":[{"href":"https:\/\/www.aguarda.es\/en\/wp-json\/wp\/v2\/posts"}],"about":[{"href":"https:\/\/www.aguarda.es\/en\/wp-json\/wp\/v2\/types\/post"}],"author":[{"embeddable":true,"href":"https:\/\/www.aguarda.es\/en\/wp-json\/wp\/v2\/users\/2"}],"replies":[{"embeddable":true,"href":"https:\/\/www.aguarda.es\/en\/wp-json\/wp\/v2\/comments?post=20224"}],"version-history":[{"count":1,"href":"https:\/\/www.aguarda.es\/en\/wp-json\/wp\/v2\/posts\/20224\/revisions"}],"predecessor-version":[{"id":20227,"href":"https:\/\/www.aguarda.es\/en\/wp-json\/wp\/v2\/posts\/20224\/revisions\/20227"}],"wp:featuredmedia":[{"embeddable":true,"href":"https:\/\/www.aguarda.es\/en\/wp-json\/wp\/v2\/media\/20225"}],"wp:attachment":[{"href":"https:\/\/www.aguarda.es\/en\/wp-json\/wp\/v2\/media?parent=20224"}],"wp:term":[{"taxonomy":"category","embeddable":true,"href":"https:\/\/www.aguarda.es\/en\/wp-json\/wp\/v2\/categories?post=20224"},{"taxonomy":"post_tag","embeddable":true,"href":"https:\/\/www.aguarda.es\/en\/wp-json\/wp\/v2\/tags?post=20224"}],"curies":[{"name":"wp","href":"https:\/\/api.w.org\/{rel}","templated":true}]}}