{"id":2030,"date":"2016-07-11T10:29:25","date_gmt":"2016-07-11T10:29:25","guid":{"rendered":"https:\/\/www.aguarda.es\/?p=2030"},"modified":"2017-04-02T23:46:12","modified_gmt":"2017-04-02T23:46:12","slug":"o-porto-da-guarda-acolleu-a-ix-edicion-da-festa-do-avo","status":"publish","type":"post","link":"https:\/\/www.aguarda.es\/en\/o-porto-da-guarda-acolleu-a-ix-edicion-da-festa-do-avo\/","title":{"rendered":"O Porto da Guarda acolleu a IX Edici\u00f3n da Festa do Av\u00f3"},"content":{"rendered":"<p lang=\"gl-ES\">A tradicional Festa do Av\u00f3 celebrouse onte, domingo d\u00eda 10 de xullo pola tarde, na carpa do Porto da Guarda.<\/p>\n<p><!--more--><\/p>\n<p lang=\"gl-ES\">A tradicional Festa do Av\u00f3 celebrouse onte, domingo d\u00eda 10 de xullo pola tarde, na carpa do Porto da Guarda.<\/p>\n<p lang=\"gl-ES\">\n<p lang=\"gl-ES\">Esta celebraci\u00f3n, organizada polo Club da Terceira Idade en colaboraci\u00f3n co Concello da Guarda, ofrece aos asistentes unha variedade de m\u00fasica e entretemento, \u00e1 vez que sirve para reivindicar a importante figura dos av\u00f3s e avoas.<\/p>\n<p lang=\"gl-ES\">\u00a0<img decoding=\"async\" loading=\"lazy\" class=\" size-full wp-image-2026\" src=\"https:\/\/www.aguarda.es\/wp-content\/uploads\/2016\/07\/2016_FestaDoAv11.JPG\" alt=\"\" width=\"496\" height=\"372\" srcset=\"https:\/\/www.aguarda.es\/wp-content\/uploads\/2016\/07\/2016_FestaDoAv11.JPG 700w, https:\/\/www.aguarda.es\/wp-content\/uploads\/2016\/07\/2016_FestaDoAv11-570x428.jpg 570w, https:\/\/www.aguarda.es\/wp-content\/uploads\/2016\/07\/2016_FestaDoAv11-300x225.jpg 300w\" sizes=\"(max-width: 496px) 100vw, 496px\" \/><\/p>\n<p lang=\"gl-ES\">A tarde comezou pasadas as 16 horas co grupo SABOR, que comezou a tocar unhas pezas de m\u00fasica e que acompa\u00f1ar\u00eda \u00f3s presentes durante toda a tarde, amenizando a celebraci\u00f3n e levantando \u00f3s asistentes dos seus asentos para bailar durante un bo rato.<\/p>\n<p lang=\"gl-ES\"><img decoding=\"async\" loading=\"lazy\" class=\" size-full wp-image-2027\" src=\"https:\/\/www.aguarda.es\/wp-content\/uploads\/2016\/07\/2016_FestaDoAv21.JPG\" alt=\"\" width=\"540\" height=\"405\" srcset=\"https:\/\/www.aguarda.es\/wp-content\/uploads\/2016\/07\/2016_FestaDoAv21.JPG 700w, https:\/\/www.aguarda.es\/wp-content\/uploads\/2016\/07\/2016_FestaDoAv21-570x428.jpg 570w, https:\/\/www.aguarda.es\/wp-content\/uploads\/2016\/07\/2016_FestaDoAv21-300x225.jpg 300w\" sizes=\"(max-width: 540px) 100vw, 540px\" \/><\/p>\n<p lang=\"gl-ES\">Tras estes primeiros bailes a 2\u00ba Tenente de Alcalde, Montse Magallanes, dixo unhas verbas de benvida \u00e1 Festa do Av\u00f3 e quixo destacar a importancia da figura dos av\u00f3s e das avoas por todo o cari\u00f1o, a paciencia, as historias e ensinanzas que transmiten e toda a ilusi\u00f3n e importante labor que fan polos netos e netas, e por toda a familia, que fai deles unha parte imprescindible da sociedade.<\/p>\n<p lang=\"gl-ES\">\u00a0<img decoding=\"async\" loading=\"lazy\" class=\" size-full wp-image-2028\" src=\"https:\/\/www.aguarda.es\/wp-content\/uploads\/2016\/07\/2016_FestaDoAv41.JPG\" alt=\"\" width=\"522\" height=\"391\" srcset=\"https:\/\/www.aguarda.es\/wp-content\/uploads\/2016\/07\/2016_FestaDoAv41.JPG 700w, https:\/\/www.aguarda.es\/wp-content\/uploads\/2016\/07\/2016_FestaDoAv41-570x428.jpg 570w, https:\/\/www.aguarda.es\/wp-content\/uploads\/2016\/07\/2016_FestaDoAv41-300x225.jpg 300w\" sizes=\"(max-width: 522px) 100vw, 522px\" \/><\/p>\n<p lang=\"gl-ES\">A continuaci\u00f3n a quenda da palabra foi para o p\u00e1rroco da Guarda, Don Jes\u00fas, quen tam\u00e9n tivo unhas palabras para os presentes. No seu discurso citou unhas frases recollidas por profesores \u00f3s seus alumnos sobre os av\u00f3s, entre as que destacou unha: \u201c Todo o mundo deber\u00eda intentar ter un av\u00f3\u201d. As\u00ed, tam\u00e9n destacou a incrible forza, fidelidade e amor incondicional que nos brindan os av\u00f3s e avoas, sendo un exemplo para toda a familia.<\/p>\n<p lang=\"gl-ES\">\u00a0<img decoding=\"async\" loading=\"lazy\" class=\" size-full wp-image-2029\" src=\"https:\/\/www.aguarda.es\/wp-content\/uploads\/2016\/07\/2016_FestaDoAv31.JPG\" alt=\"\" width=\"549\" height=\"412\" srcset=\"https:\/\/www.aguarda.es\/wp-content\/uploads\/2016\/07\/2016_FestaDoAv31.JPG 700w, https:\/\/www.aguarda.es\/wp-content\/uploads\/2016\/07\/2016_FestaDoAv31-570x428.jpg 570w, https:\/\/www.aguarda.es\/wp-content\/uploads\/2016\/07\/2016_FestaDoAv31-300x225.jpg 300w\" sizes=\"(max-width: 549px) 100vw, 549px\" \/><\/p>\n<p lang=\"gl-ES\">A charla do p\u00e1rroco foi seguida polo mon\u00f3logo de C\u00e1ndido Paz\u00f3 que, como non pod\u00eda ser doutro xeito, ofreceu unha actuaci\u00f3n moi centrada no papel dos av\u00f3s, avoas, pais e nais cheo de an\u00e9cdotas familiares que arrancaron as risas entre os asistentes.<\/p>\n<p lang=\"gl-ES\">\n<p lang=\"gl-ES\">Durante a tarde tam\u00e9n foron presentadas a ra\u00ed\u00f1a e damas do Club da terceira idade, que recibiron un ramo de flores de mans da 2\u00ba Tenente de alcalde, Montse Magallanes e da concelleira de Servizos Sociais, M\u00aa Teresa Vicente.<\/p>\n<p lang=\"gl-ES\">\n<p lang=\"gl-ES\">A tarde completouse cun sorteo e co reparto de rosca e sidra entre os asistentes, que remataron o d\u00eda acompa\u00f1ando este doce con m\u00e1is bailes e m\u00fasica \u00f3 ritmo do grupo SABOR.<\/p>\n","protected":false},"excerpt":{"rendered":"<p>A tradicional Festa do Av\u00f3 celebrouse onte, domingo d\u00eda 10 de xullo pola tarde, na carpa do Porto da Guarda.<\/p>\n","protected":false},"author":1,"featured_media":2029,"comment_status":"open","ping_status":"open","sticky":false,"template":"","format":"standard","meta":[],"categories":[45],"tags":[],"yoast_head":"<!-- This site is optimized with the Yoast SEO plugin v21.1 - https:\/\/yoast.com\/wordpress\/plugins\/seo\/ -->\n<title>O Porto da Guarda acolleu a IX Edici\u00f3n da Festa do Av\u00f3 - Concello da Guarda<\/title>\n<meta name=\"robots\" content=\"index, follow, max-snippet:-1, max-image-preview:large, max-video-preview:-1\" \/>\n<link rel=\"canonical\" href=\"https:\/\/www.aguarda.es\/en\/o-porto-da-guarda-acolleu-a-ix-edicion-da-festa-do-avo\/\" \/>\n<meta property=\"og:locale\" content=\"en_US\" \/>\n<meta property=\"og:type\" content=\"article\" \/>\n<meta property=\"og:title\" content=\"O Porto da Guarda acolleu a IX Edici\u00f3n da Festa do Av\u00f3 - Concello da Guarda\" \/>\n<meta property=\"og:description\" content=\"A tradicional Festa do Av\u00f3 celebrouse onte, domingo d\u00eda 10 de xullo pola tarde, na carpa do Porto da Guarda.\" \/>\n<meta property=\"og:url\" content=\"https:\/\/www.aguarda.es\/en\/o-porto-da-guarda-acolleu-a-ix-edicion-da-festa-do-avo\/\" \/>\n<meta property=\"og:site_name\" content=\"Concello da Guarda\" \/>\n<meta property=\"article:publisher\" content=\"https:\/\/www.facebook.com\/ConcellodaGuarda\" \/>\n<meta property=\"article:published_time\" content=\"2016-07-11T10:29:25+00:00\" \/>\n<meta property=\"article:modified_time\" content=\"2017-04-02T23:46:12+00:00\" \/>\n<meta property=\"og:image\" content=\"https:\/\/www.aguarda.es\/wp-content\/uploads\/2016\/07\/2016_FestaDoAv31.JPG\" \/>\n\t<meta property=\"og:image:width\" content=\"700\" \/>\n\t<meta property=\"og:image:height\" content=\"525\" \/>\n\t<meta property=\"og:image:type\" content=\"image\/jpeg\" \/>\n<meta name=\"author\" content=\"Concello\" \/>\n<meta name=\"twitter:card\" content=\"summary_large_image\" \/>\n<meta name=\"twitter:creator\" content=\"@AGuarda_es\" \/>\n<meta name=\"twitter:site\" content=\"@AGuarda_es\" \/>\n<meta name=\"twitter:label1\" content=\"Written by\" \/>\n\t<meta name=\"twitter:data1\" content=\"Concello\" \/>\n\t<meta name=\"twitter:label2\" content=\"Est. reading time\" \/>\n\t<meta name=\"twitter:data2\" content=\"2 minutes\" \/>\n<script type=\"application\/ld+json\" class=\"yoast-schema-graph\">{\"@context\":\"https:\/\/schema.org\",\"@graph\":[{\"@type\":\"WebPage\",\"@id\":\"https:\/\/www.aguarda.es\/en\/o-porto-da-guarda-acolleu-a-ix-edicion-da-festa-do-avo\/\",\"url\":\"https:\/\/www.aguarda.es\/en\/o-porto-da-guarda-acolleu-a-ix-edicion-da-festa-do-avo\/\",\"name\":\"O Porto da Guarda acolleu a IX Edici\u00f3n da Festa do Av\u00f3 - Concello da Guarda\",\"isPartOf\":{\"@id\":\"https:\/\/www.aguarda.es\/en\/#website\"},\"datePublished\":\"2016-07-11T10:29:25+00:00\",\"dateModified\":\"2017-04-02T23:46:12+00:00\",\"author\":{\"@id\":\"https:\/\/www.aguarda.es\/en\/#\/schema\/person\/ac30f4d74843174f0af56c730f74dd57\"},\"breadcrumb\":{\"@id\":\"https:\/\/www.aguarda.es\/en\/o-porto-da-guarda-acolleu-a-ix-edicion-da-festa-do-avo\/#breadcrumb\"},\"inLanguage\":\"en-US\",\"potentialAction\":[{\"@type\":\"ReadAction\",\"target\":[\"https:\/\/www.aguarda.es\/en\/o-porto-da-guarda-acolleu-a-ix-edicion-da-festa-do-avo\/\"]}]},{\"@type\":\"BreadcrumbList\",\"@id\":\"https:\/\/www.aguarda.es\/en\/o-porto-da-guarda-acolleu-a-ix-edicion-da-festa-do-avo\/#breadcrumb\",\"itemListElement\":[{\"@type\":\"ListItem\",\"position\":1,\"name\":\"Portada\",\"item\":\"https:\/\/www.aguarda.es\/en\/\"},{\"@type\":\"ListItem\",\"position\":2,\"name\":\"O Porto da Guarda acolleu a IX Edici\u00f3n da Festa do Av\u00f3\"}]},{\"@type\":\"WebSite\",\"@id\":\"https:\/\/www.aguarda.es\/en\/#website\",\"url\":\"https:\/\/www.aguarda.es\/en\/\",\"name\":\"Concello da Guarda\",\"description\":\"P\u00e1xina web do concello da Guarda\",\"potentialAction\":[{\"@type\":\"SearchAction\",\"target\":{\"@type\":\"EntryPoint\",\"urlTemplate\":\"https:\/\/www.aguarda.es\/en\/?s={search_term_string}\"},\"query-input\":\"required name=search_term_string\"}],\"inLanguage\":\"en-US\"},{\"@type\":\"Person\",\"@id\":\"https:\/\/www.aguarda.es\/en\/#\/schema\/person\/ac30f4d74843174f0af56c730f74dd57\",\"name\":\"Concello\",\"image\":{\"@type\":\"ImageObject\",\"inLanguage\":\"en-US\",\"@id\":\"https:\/\/www.aguarda.es\/en\/#\/schema\/person\/image\/\",\"url\":\"https:\/\/secure.gravatar.com\/avatar\/7eda12a04da40b2ef77eb62e68f07027?s=96&d=mm&r=g\",\"contentUrl\":\"https:\/\/secure.gravatar.com\/avatar\/7eda12a04da40b2ef77eb62e68f07027?s=96&d=mm&r=g\",\"caption\":\"Concello\"},\"url\":\"https:\/\/www.aguarda.es\/en\/author\/admin\/\"}]}<\/script>\n<!-- \/ Yoast SEO plugin. -->","yoast_head_json":{"title":"O Porto da Guarda acolleu a IX Edici\u00f3n da Festa do Av\u00f3 - Concello da Guarda","robots":{"index":"index","follow":"follow","max-snippet":"max-snippet:-1","max-image-preview":"max-image-preview:large","max-video-preview":"max-video-preview:-1"},"canonical":"https:\/\/www.aguarda.es\/en\/o-porto-da-guarda-acolleu-a-ix-edicion-da-festa-do-avo\/","og_locale":"en_US","og_type":"article","og_title":"O Porto da Guarda acolleu a IX Edici\u00f3n da Festa do Av\u00f3 - Concello da Guarda","og_description":"A tradicional Festa do Av\u00f3 celebrouse onte, domingo d\u00eda 10 de xullo pola tarde, na carpa do Porto da Guarda.","og_url":"https:\/\/www.aguarda.es\/en\/o-porto-da-guarda-acolleu-a-ix-edicion-da-festa-do-avo\/","og_site_name":"Concello da Guarda","article_publisher":"https:\/\/www.facebook.com\/ConcellodaGuarda","article_published_time":"2016-07-11T10:29:25+00:00","article_modified_time":"2017-04-02T23:46:12+00:00","og_image":[{"width":700,"height":525,"url":"https:\/\/www.aguarda.es\/wp-content\/uploads\/2016\/07\/2016_FestaDoAv31.JPG","type":"image\/jpeg"}],"author":"Concello","twitter_card":"summary_large_image","twitter_creator":"@AGuarda_es","twitter_site":"@AGuarda_es","twitter_misc":{"Written by":"Concello","Est. reading time":"2 minutes"},"schema":{"@context":"https:\/\/schema.org","@graph":[{"@type":"WebPage","@id":"https:\/\/www.aguarda.es\/en\/o-porto-da-guarda-acolleu-a-ix-edicion-da-festa-do-avo\/","url":"https:\/\/www.aguarda.es\/en\/o-porto-da-guarda-acolleu-a-ix-edicion-da-festa-do-avo\/","name":"O Porto da Guarda acolleu a IX Edici\u00f3n da Festa do Av\u00f3 - Concello da Guarda","isPartOf":{"@id":"https:\/\/www.aguarda.es\/en\/#website"},"datePublished":"2016-07-11T10:29:25+00:00","dateModified":"2017-04-02T23:46:12+00:00","author":{"@id":"https:\/\/www.aguarda.es\/en\/#\/schema\/person\/ac30f4d74843174f0af56c730f74dd57"},"breadcrumb":{"@id":"https:\/\/www.aguarda.es\/en\/o-porto-da-guarda-acolleu-a-ix-edicion-da-festa-do-avo\/#breadcrumb"},"inLanguage":"en-US","potentialAction":[{"@type":"ReadAction","target":["https:\/\/www.aguarda.es\/en\/o-porto-da-guarda-acolleu-a-ix-edicion-da-festa-do-avo\/"]}]},{"@type":"BreadcrumbList","@id":"https:\/\/www.aguarda.es\/en\/o-porto-da-guarda-acolleu-a-ix-edicion-da-festa-do-avo\/#breadcrumb","itemListElement":[{"@type":"ListItem","position":1,"name":"Portada","item":"https:\/\/www.aguarda.es\/en\/"},{"@type":"ListItem","position":2,"name":"O Porto da Guarda acolleu a IX Edici\u00f3n da Festa do Av\u00f3"}]},{"@type":"WebSite","@id":"https:\/\/www.aguarda.es\/en\/#website","url":"https:\/\/www.aguarda.es\/en\/","name":"Concello da Guarda","description":"P\u00e1xina web do concello da Guarda","potentialAction":[{"@type":"SearchAction","target":{"@type":"EntryPoint","urlTemplate":"https:\/\/www.aguarda.es\/en\/?s={search_term_string}"},"query-input":"required name=search_term_string"}],"inLanguage":"en-US"},{"@type":"Person","@id":"https:\/\/www.aguarda.es\/en\/#\/schema\/person\/ac30f4d74843174f0af56c730f74dd57","name":"Concello","image":{"@type":"ImageObject","inLanguage":"en-US","@id":"https:\/\/www.aguarda.es\/en\/#\/schema\/person\/image\/","url":"https:\/\/secure.gravatar.com\/avatar\/7eda12a04da40b2ef77eb62e68f07027?s=96&d=mm&r=g","contentUrl":"https:\/\/secure.gravatar.com\/avatar\/7eda12a04da40b2ef77eb62e68f07027?s=96&d=mm&r=g","caption":"Concello"},"url":"https:\/\/www.aguarda.es\/en\/author\/admin\/"}]}},"_links":{"self":[{"href":"https:\/\/www.aguarda.es\/en\/wp-json\/wp\/v2\/posts\/2030"}],"collection":[{"href":"https:\/\/www.aguarda.es\/en\/wp-json\/wp\/v2\/posts"}],"about":[{"href":"https:\/\/www.aguarda.es\/en\/wp-json\/wp\/v2\/types\/post"}],"author":[{"embeddable":true,"href":"https:\/\/www.aguarda.es\/en\/wp-json\/wp\/v2\/users\/1"}],"replies":[{"embeddable":true,"href":"https:\/\/www.aguarda.es\/en\/wp-json\/wp\/v2\/comments?post=2030"}],"version-history":[{"count":1,"href":"https:\/\/www.aguarda.es\/en\/wp-json\/wp\/v2\/posts\/2030\/revisions"}],"predecessor-version":[{"id":8149,"href":"https:\/\/www.aguarda.es\/en\/wp-json\/wp\/v2\/posts\/2030\/revisions\/8149"}],"wp:featuredmedia":[{"embeddable":true,"href":"https:\/\/www.aguarda.es\/en\/wp-json\/wp\/v2\/media\/2029"}],"wp:attachment":[{"href":"https:\/\/www.aguarda.es\/en\/wp-json\/wp\/v2\/media?parent=2030"}],"wp:term":[{"taxonomy":"category","embeddable":true,"href":"https:\/\/www.aguarda.es\/en\/wp-json\/wp\/v2\/categories?post=2030"},{"taxonomy":"post_tag","embeddable":true,"href":"https:\/\/www.aguarda.es\/en\/wp-json\/wp\/v2\/tags?post=2030"}],"curies":[{"name":"wp","href":"https:\/\/api.w.org\/{rel}","templated":true}]}}