{"id":20377,"date":"2020-01-16T11:41:09","date_gmt":"2020-01-16T11:41:09","guid":{"rendered":"https:\/\/www.aguarda.es\/?p=20377"},"modified":"2020-01-16T11:41:09","modified_gmt":"2020-01-16T11:41:09","slug":"a-guarda-estara-presente-na-40a-edicion-de-fitur","status":"publish","type":"post","link":"https:\/\/www.aguarda.es\/en\/a-guarda-estara-presente-na-40a-edicion-de-fitur\/","title":{"rendered":"A Guarda estar\u00e1 presente na 40\u00aa edici\u00f3n de FITUR"},"content":{"rendered":"<p style=\"text-align: justify\">Un ano m\u00e1is, o Concello da Guarda estar\u00e1 presente na Feira Internacional de Turismo de Madrid (FITUR) que este ano celebra, do 22 ao 26 de xaneiro, a s\u00faa 40\u00aa edici\u00f3n.<\/p>\n<p style=\"text-align: justify\">A Guarda promocionarase como en anos anteriores no stand de Turismo de Galicia e o m\u00e9rcores 22 participar\u00e1 na presentaci\u00f3n oficial do Xeodestino R\u00eda de Vigo Baixo Mi\u00f1o co seu primeiro produto coa tem\u00e1tica \u201cBenvidos ao primeiro reino medieval de Europa\u201d. A Guarda forma parte deste Xeodestino que se creou no 2019 e ao longo do pasado ano est\u00edvose traballando na elaboraci\u00f3n do Plan Estrat\u00e9xico con horizonte 2025. Esta presentaci\u00f3n ser\u00e1 \u00e1s 18.00h no espazo habilitado para os eventos no stand de Turismo de Galicia.<\/p>\n<p style=\"text-align: justify\">Na xornada do xoves 23 destaca a asistencia \u00e1 d\u00faas presentaci\u00f3ns. En primeiro lugar \u00e1 presentaci\u00f3n da Deputaci\u00f3n de Pontevedra co Destino R\u00edas Baixas onde A Guarda como destino tur\u00edstico sempre est\u00e1 presente e tam\u00e9n ser\u00e1 no stand de Turismo de Galicia.<\/p>\n<p style=\"text-align: justify\">A terceira e \u00faltima presentaci\u00f3n ter\u00e1 lugar no stand de TURESPA\u00d1A coa Presentaci\u00f3n dos Destinos Europeos de Excelencia (EDEN) e a entrega oficial aos premiados na 9\u00aa edici\u00f3n coa tem\u00e1tica Turismo de sa\u00fade e Bienestar coa asistencia da Secretaria de Estado de Turismo. A Guarda asistir\u00e1 como convidada ao ser Destino EDEN dende 2010. Ademais haber\u00e1 unha mesa de traballo dos Destinos EDEN para definir os obxectivos de promoci\u00f3n para vindeiros anos.<\/p>\n<p style=\"text-align: justify\">Durante estas xornadas a delegaci\u00f3n da Guarda, encabezada polo Alcalde, manter\u00e1 diversas reuni\u00f3n con maioristas e asociaci\u00f3ns de turismo para potenciar a promoci\u00f3n da Guarda como destino tur\u00edstico.<\/p>\n","protected":false},"excerpt":{"rendered":"<p>Un ano m\u00e1is, o Concello da Guarda estar\u00e1 presente na Feira Internacional de Turismo de Madrid (FITUR) que este ano celebra, do 22 ao 26 de xaneiro, a s\u00faa 40\u00aa edici\u00f3n. A Guarda promocionarase como en anos anteriores no stand &hellip; <\/p>\n","protected":false},"author":2,"featured_media":20378,"comment_status":"open","ping_status":"open","sticky":false,"template":"","format":"standard","meta":[],"categories":[56],"tags":[226,824,232],"yoast_head":"<!-- This site is optimized with the Yoast SEO plugin v21.1 - https:\/\/yoast.com\/wordpress\/plugins\/seo\/ -->\n<title>A Guarda estar\u00e1 presente na 40\u00aa edici\u00f3n de FITUR - Concello da Guarda<\/title>\n<meta name=\"robots\" content=\"index, follow, max-snippet:-1, max-image-preview:large, max-video-preview:-1\" \/>\n<link rel=\"canonical\" href=\"https:\/\/www.aguarda.es\/en\/a-guarda-estara-presente-na-40a-edicion-de-fitur\/\" \/>\n<meta property=\"og:locale\" content=\"en_US\" \/>\n<meta property=\"og:type\" content=\"article\" \/>\n<meta property=\"og:title\" content=\"A Guarda estar\u00e1 presente na 40\u00aa edici\u00f3n de FITUR - Concello da Guarda\" \/>\n<meta property=\"og:description\" content=\"Un ano m\u00e1is, o Concello da Guarda estar\u00e1 presente na Feira Internacional de Turismo de Madrid (FITUR) que este ano celebra, do 22 ao 26 de xaneiro, a s\u00faa 40\u00aa edici\u00f3n. A Guarda promocionarase como en anos anteriores no stand &hellip;\" \/>\n<meta property=\"og:url\" content=\"https:\/\/www.aguarda.es\/en\/a-guarda-estara-presente-na-40a-edicion-de-fitur\/\" \/>\n<meta property=\"og:site_name\" content=\"Concello da Guarda\" \/>\n<meta property=\"article:publisher\" content=\"https:\/\/www.facebook.com\/ConcellodaGuarda\" \/>\n<meta property=\"article:published_time\" content=\"2020-01-16T11:41:09+00:00\" \/>\n<meta property=\"og:image\" content=\"https:\/\/www.aguarda.es\/wp-content\/uploads\/2020\/01\/NP-16012020-A-Guarda-estar\u00e1-presente-na-40\u00aa-edici\u00f3n-de-FITUR-1.jpg\" \/>\n\t<meta property=\"og:image:width\" content=\"800\" \/>\n\t<meta property=\"og:image:height\" content=\"800\" \/>\n\t<meta property=\"og:image:type\" content=\"image\/jpeg\" \/>\n<meta name=\"author\" content=\"prensa\" \/>\n<meta name=\"twitter:card\" content=\"summary_large_image\" \/>\n<meta name=\"twitter:creator\" content=\"@AGuarda_es\" \/>\n<meta name=\"twitter:site\" content=\"@AGuarda_es\" \/>\n<meta name=\"twitter:label1\" content=\"Written by\" \/>\n\t<meta name=\"twitter:data1\" content=\"prensa\" \/>\n\t<meta name=\"twitter:label2\" content=\"Est. reading time\" \/>\n\t<meta name=\"twitter:data2\" content=\"1 minute\" \/>\n<script type=\"application\/ld+json\" class=\"yoast-schema-graph\">{\"@context\":\"https:\/\/schema.org\",\"@graph\":[{\"@type\":\"WebPage\",\"@id\":\"https:\/\/www.aguarda.es\/en\/a-guarda-estara-presente-na-40a-edicion-de-fitur\/\",\"url\":\"https:\/\/www.aguarda.es\/en\/a-guarda-estara-presente-na-40a-edicion-de-fitur\/\",\"name\":\"A Guarda estar\u00e1 presente na 40\u00aa edici\u00f3n de FITUR - Concello da Guarda\",\"isPartOf\":{\"@id\":\"https:\/\/www.aguarda.es\/en\/#website\"},\"datePublished\":\"2020-01-16T11:41:09+00:00\",\"dateModified\":\"2020-01-16T11:41:09+00:00\",\"author\":{\"@id\":\"https:\/\/www.aguarda.es\/en\/#\/schema\/person\/c463ca3006858ffb349d11179d044f21\"},\"breadcrumb\":{\"@id\":\"https:\/\/www.aguarda.es\/en\/a-guarda-estara-presente-na-40a-edicion-de-fitur\/#breadcrumb\"},\"inLanguage\":\"en-US\",\"potentialAction\":[{\"@type\":\"ReadAction\",\"target\":[\"https:\/\/www.aguarda.es\/en\/a-guarda-estara-presente-na-40a-edicion-de-fitur\/\"]}]},{\"@type\":\"BreadcrumbList\",\"@id\":\"https:\/\/www.aguarda.es\/en\/a-guarda-estara-presente-na-40a-edicion-de-fitur\/#breadcrumb\",\"itemListElement\":[{\"@type\":\"ListItem\",\"position\":1,\"name\":\"Portada\",\"item\":\"https:\/\/www.aguarda.es\/en\/\"},{\"@type\":\"ListItem\",\"position\":2,\"name\":\"A Guarda estar\u00e1 presente na 40\u00aa edici\u00f3n de FITUR\"}]},{\"@type\":\"WebSite\",\"@id\":\"https:\/\/www.aguarda.es\/en\/#website\",\"url\":\"https:\/\/www.aguarda.es\/en\/\",\"name\":\"Concello da Guarda\",\"description\":\"P\u00e1xina web do concello da Guarda\",\"potentialAction\":[{\"@type\":\"SearchAction\",\"target\":{\"@type\":\"EntryPoint\",\"urlTemplate\":\"https:\/\/www.aguarda.es\/en\/?s={search_term_string}\"},\"query-input\":\"required name=search_term_string\"}],\"inLanguage\":\"en-US\"},{\"@type\":\"Person\",\"@id\":\"https:\/\/www.aguarda.es\/en\/#\/schema\/person\/c463ca3006858ffb349d11179d044f21\",\"name\":\"prensa\",\"image\":{\"@type\":\"ImageObject\",\"inLanguage\":\"en-US\",\"@id\":\"https:\/\/www.aguarda.es\/en\/#\/schema\/person\/image\/\",\"url\":\"https:\/\/secure.gravatar.com\/avatar\/5f90ef536b0f98306edf5c7a1135ffa1?s=96&d=mm&r=g\",\"contentUrl\":\"https:\/\/secure.gravatar.com\/avatar\/5f90ef536b0f98306edf5c7a1135ffa1?s=96&d=mm&r=g\",\"caption\":\"prensa\"},\"url\":\"https:\/\/www.aguarda.es\/en\/author\/prensa\/\"}]}<\/script>\n<!-- \/ Yoast SEO plugin. -->","yoast_head_json":{"title":"A Guarda estar\u00e1 presente na 40\u00aa edici\u00f3n de FITUR - Concello da Guarda","robots":{"index":"index","follow":"follow","max-snippet":"max-snippet:-1","max-image-preview":"max-image-preview:large","max-video-preview":"max-video-preview:-1"},"canonical":"https:\/\/www.aguarda.es\/en\/a-guarda-estara-presente-na-40a-edicion-de-fitur\/","og_locale":"en_US","og_type":"article","og_title":"A Guarda estar\u00e1 presente na 40\u00aa edici\u00f3n de FITUR - Concello da Guarda","og_description":"Un ano m\u00e1is, o Concello da Guarda estar\u00e1 presente na Feira Internacional de Turismo de Madrid (FITUR) que este ano celebra, do 22 ao 26 de xaneiro, a s\u00faa 40\u00aa edici\u00f3n. A Guarda promocionarase como en anos anteriores no stand &hellip;","og_url":"https:\/\/www.aguarda.es\/en\/a-guarda-estara-presente-na-40a-edicion-de-fitur\/","og_site_name":"Concello da Guarda","article_publisher":"https:\/\/www.facebook.com\/ConcellodaGuarda","article_published_time":"2020-01-16T11:41:09+00:00","og_image":[{"width":800,"height":800,"url":"https:\/\/www.aguarda.es\/wp-content\/uploads\/2020\/01\/NP-16012020-A-Guarda-estar\u00e1-presente-na-40\u00aa-edici\u00f3n-de-FITUR-1.jpg","type":"image\/jpeg"}],"author":"prensa","twitter_card":"summary_large_image","twitter_creator":"@AGuarda_es","twitter_site":"@AGuarda_es","twitter_misc":{"Written by":"prensa","Est. reading time":"1 minute"},"schema":{"@context":"https:\/\/schema.org","@graph":[{"@type":"WebPage","@id":"https:\/\/www.aguarda.es\/en\/a-guarda-estara-presente-na-40a-edicion-de-fitur\/","url":"https:\/\/www.aguarda.es\/en\/a-guarda-estara-presente-na-40a-edicion-de-fitur\/","name":"A Guarda estar\u00e1 presente na 40\u00aa edici\u00f3n de FITUR - Concello da Guarda","isPartOf":{"@id":"https:\/\/www.aguarda.es\/en\/#website"},"datePublished":"2020-01-16T11:41:09+00:00","dateModified":"2020-01-16T11:41:09+00:00","author":{"@id":"https:\/\/www.aguarda.es\/en\/#\/schema\/person\/c463ca3006858ffb349d11179d044f21"},"breadcrumb":{"@id":"https:\/\/www.aguarda.es\/en\/a-guarda-estara-presente-na-40a-edicion-de-fitur\/#breadcrumb"},"inLanguage":"en-US","potentialAction":[{"@type":"ReadAction","target":["https:\/\/www.aguarda.es\/en\/a-guarda-estara-presente-na-40a-edicion-de-fitur\/"]}]},{"@type":"BreadcrumbList","@id":"https:\/\/www.aguarda.es\/en\/a-guarda-estara-presente-na-40a-edicion-de-fitur\/#breadcrumb","itemListElement":[{"@type":"ListItem","position":1,"name":"Portada","item":"https:\/\/www.aguarda.es\/en\/"},{"@type":"ListItem","position":2,"name":"A Guarda estar\u00e1 presente na 40\u00aa edici\u00f3n de FITUR"}]},{"@type":"WebSite","@id":"https:\/\/www.aguarda.es\/en\/#website","url":"https:\/\/www.aguarda.es\/en\/","name":"Concello da Guarda","description":"P\u00e1xina web do concello da Guarda","potentialAction":[{"@type":"SearchAction","target":{"@type":"EntryPoint","urlTemplate":"https:\/\/www.aguarda.es\/en\/?s={search_term_string}"},"query-input":"required name=search_term_string"}],"inLanguage":"en-US"},{"@type":"Person","@id":"https:\/\/www.aguarda.es\/en\/#\/schema\/person\/c463ca3006858ffb349d11179d044f21","name":"prensa","image":{"@type":"ImageObject","inLanguage":"en-US","@id":"https:\/\/www.aguarda.es\/en\/#\/schema\/person\/image\/","url":"https:\/\/secure.gravatar.com\/avatar\/5f90ef536b0f98306edf5c7a1135ffa1?s=96&d=mm&r=g","contentUrl":"https:\/\/secure.gravatar.com\/avatar\/5f90ef536b0f98306edf5c7a1135ffa1?s=96&d=mm&r=g","caption":"prensa"},"url":"https:\/\/www.aguarda.es\/en\/author\/prensa\/"}]}},"_links":{"self":[{"href":"https:\/\/www.aguarda.es\/en\/wp-json\/wp\/v2\/posts\/20377"}],"collection":[{"href":"https:\/\/www.aguarda.es\/en\/wp-json\/wp\/v2\/posts"}],"about":[{"href":"https:\/\/www.aguarda.es\/en\/wp-json\/wp\/v2\/types\/post"}],"author":[{"embeddable":true,"href":"https:\/\/www.aguarda.es\/en\/wp-json\/wp\/v2\/users\/2"}],"replies":[{"embeddable":true,"href":"https:\/\/www.aguarda.es\/en\/wp-json\/wp\/v2\/comments?post=20377"}],"version-history":[{"count":1,"href":"https:\/\/www.aguarda.es\/en\/wp-json\/wp\/v2\/posts\/20377\/revisions"}],"predecessor-version":[{"id":20380,"href":"https:\/\/www.aguarda.es\/en\/wp-json\/wp\/v2\/posts\/20377\/revisions\/20380"}],"wp:featuredmedia":[{"embeddable":true,"href":"https:\/\/www.aguarda.es\/en\/wp-json\/wp\/v2\/media\/20378"}],"wp:attachment":[{"href":"https:\/\/www.aguarda.es\/en\/wp-json\/wp\/v2\/media?parent=20377"}],"wp:term":[{"taxonomy":"category","embeddable":true,"href":"https:\/\/www.aguarda.es\/en\/wp-json\/wp\/v2\/categories?post=20377"},{"taxonomy":"post_tag","embeddable":true,"href":"https:\/\/www.aguarda.es\/en\/wp-json\/wp\/v2\/tags?post=20377"}],"curies":[{"name":"wp","href":"https:\/\/api.w.org\/{rel}","templated":true}]}}