{"id":20381,"date":"2020-01-18T16:05:31","date_gmt":"2020-01-18T16:05:31","guid":{"rendered":"https:\/\/www.aguarda.es\/?p=20381"},"modified":"2020-01-18T16:05:31","modified_gmt":"2020-01-18T16:05:31","slug":"despois-de-anos-de-xestions-municipais-a-nova-escola-infantil-da-guarda-mais-cerca-de-facerse-realidade","status":"publish","type":"post","link":"https:\/\/www.aguarda.es\/en\/despois-de-anos-de-xestions-municipais-a-nova-escola-infantil-da-guarda-mais-cerca-de-facerse-realidade\/","title":{"rendered":"Despois de anos de xesti\u00f3ns municipais a nova Escola Infantil da Guarda m\u00e1is cerca de facerse realidade"},"content":{"rendered":"<p style=\"text-align: justify\"><em>\u25cf O concello da Guarda levar\u00e1 a pleno a aprobaci\u00f3n do proxecto da nova Escola Infantil e asinar\u00e1 en breve o convenio para a s\u00faa construci\u00f3n.<\/em><br \/>\n<em>\u25cf O custo da obra ascende a 691.747\u20ac dos cales o concello ter\u00e1 que aportar 281.747\u20ac ademais de facerse cargo do custo da redacci\u00f3n do proxecto.<\/em><\/p>\n<p style=\"text-align: justify\">\nDespois de anos de xesti\u00f3ns do alcalde da Guarda, Antonio Lomba e de miles de quil\u00f3metros en viaxes a Santiago, acompa\u00f1ado, a maior\u00eda das veces, pola anterior concelleira de Servizos Sociais, Tere Vicente, a construci\u00f3n da nova Escola Infantil da Guarda plasmarase na sinatura dun convenio entre a Xunta e o concello en pr\u00f3ximas datas.<\/p>\n<p style=\"text-align: justify\">\nAnte a necesidade evidente de contar con m\u00e1is prazas de atenci\u00f3n a infancia de 0-3 anos na Guarda. No ano 2017 o alcalde tomou a decisi\u00f3n de encargar e financiar, por conta do concello, o proxecto de construci\u00f3n da nova Escola Infantil, que estar\u00e1 emprazada na parcela municipal que actualmente ocupan as que foron vivendas de mestres do antigo colexio Manuel Rodr\u00edguez Sinde.<\/p>\n<p style=\"text-align: justify\">\nA conseller\u00eda de Pol\u00edtica Social remitiu fai uns d\u00edas o borrador do convenio que comprometer\u00e1 a Xunta e concello na execuci\u00f3n da obra. Esta actuaci\u00f3n representa un importante investimento para o concello da Guarda. Un esforzo que o propio alcalde considera urxente e prioritario para a vila: \u201cesta actuaci\u00f3n \u00e9 unha necesidade para avanzar realmente na conciliaci\u00f3n da vida familiar e laboral, mellorar a calidade de vida das veci\u00f1as e veci\u00f1os, sobre todo os m\u00e1is novos, e forma parte das pol\u00edticas contra a crise demogr\u00e1fica, orientadas a frear a diminuci\u00f3n de poboaci\u00f3n na localidade\u201d.<\/p>\n","protected":false},"excerpt":{"rendered":"<p>\u25cf O concello da Guarda levar\u00e1 a pleno a aprobaci\u00f3n do proxecto da nova Escola Infantil e asinar\u00e1 en breve o convenio para a s\u00faa construci\u00f3n. \u25cf O custo da obra ascende a 691.747\u20ac dos cales o concello ter\u00e1 que &hellip; <\/p>\n","protected":false},"author":2,"featured_media":20382,"comment_status":"open","ping_status":"open","sticky":false,"template":"","format":"standard","meta":[],"categories":[37],"tags":[226,237,513,308],"yoast_head":"<!-- This site is optimized with the Yoast SEO plugin v21.1 - https:\/\/yoast.com\/wordpress\/plugins\/seo\/ -->\n<title>Despois de anos de xesti\u00f3ns municipais a nova Escola Infantil da Guarda m\u00e1is cerca de facerse realidade - Concello da Guarda<\/title>\n<meta name=\"robots\" content=\"index, follow, max-snippet:-1, max-image-preview:large, max-video-preview:-1\" \/>\n<link rel=\"canonical\" href=\"https:\/\/www.aguarda.es\/en\/despois-de-anos-de-xestions-municipais-a-nova-escola-infantil-da-guarda-mais-cerca-de-facerse-realidade\/\" \/>\n<meta property=\"og:locale\" content=\"en_US\" \/>\n<meta property=\"og:type\" content=\"article\" \/>\n<meta property=\"og:title\" content=\"Despois de anos de xesti\u00f3ns municipais a nova Escola Infantil da Guarda m\u00e1is cerca de facerse realidade - Concello da Guarda\" \/>\n<meta property=\"og:description\" content=\"\u25cf O concello da Guarda levar\u00e1 a pleno a aprobaci\u00f3n do proxecto da nova Escola Infantil e asinar\u00e1 en breve o convenio para a s\u00faa construci\u00f3n. \u25cf O custo da obra ascende a 691.747\u20ac dos cales o concello ter\u00e1 que &hellip;\" \/>\n<meta property=\"og:url\" content=\"https:\/\/www.aguarda.es\/en\/despois-de-anos-de-xestions-municipais-a-nova-escola-infantil-da-guarda-mais-cerca-de-facerse-realidade\/\" \/>\n<meta property=\"og:site_name\" content=\"Concello da Guarda\" \/>\n<meta property=\"article:publisher\" content=\"https:\/\/www.facebook.com\/ConcellodaGuarda\" \/>\n<meta property=\"article:published_time\" content=\"2020-01-18T16:05:31+00:00\" \/>\n<meta property=\"og:image\" content=\"https:\/\/www.aguarda.es\/wp-content\/uploads\/2020\/01\/NP-18012020-Despois-de-anos-de-xesti\u00f3ns-municipais-a-nova-Escola-Infantil-da-Guarda-m\u00e1is-cerca-de-facerse-realidade.jpg\" \/>\n\t<meta property=\"og:image:width\" content=\"2221\" \/>\n\t<meta property=\"og:image:height\" content=\"913\" \/>\n\t<meta property=\"og:image:type\" content=\"image\/jpeg\" \/>\n<meta name=\"author\" content=\"prensa\" \/>\n<meta name=\"twitter:card\" content=\"summary_large_image\" \/>\n<meta name=\"twitter:creator\" content=\"@AGuarda_es\" \/>\n<meta name=\"twitter:site\" content=\"@AGuarda_es\" \/>\n<meta name=\"twitter:label1\" content=\"Written by\" \/>\n\t<meta name=\"twitter:data1\" content=\"prensa\" \/>\n\t<meta name=\"twitter:label2\" content=\"Est. reading time\" \/>\n\t<meta name=\"twitter:data2\" content=\"1 minute\" \/>\n<script type=\"application\/ld+json\" class=\"yoast-schema-graph\">{\"@context\":\"https:\/\/schema.org\",\"@graph\":[{\"@type\":\"WebPage\",\"@id\":\"https:\/\/www.aguarda.es\/en\/despois-de-anos-de-xestions-municipais-a-nova-escola-infantil-da-guarda-mais-cerca-de-facerse-realidade\/\",\"url\":\"https:\/\/www.aguarda.es\/en\/despois-de-anos-de-xestions-municipais-a-nova-escola-infantil-da-guarda-mais-cerca-de-facerse-realidade\/\",\"name\":\"Despois de anos de xesti\u00f3ns municipais a nova Escola Infantil da Guarda m\u00e1is cerca de facerse realidade - Concello da Guarda\",\"isPartOf\":{\"@id\":\"https:\/\/www.aguarda.es\/en\/#website\"},\"datePublished\":\"2020-01-18T16:05:31+00:00\",\"dateModified\":\"2020-01-18T16:05:31+00:00\",\"author\":{\"@id\":\"https:\/\/www.aguarda.es\/en\/#\/schema\/person\/c463ca3006858ffb349d11179d044f21\"},\"breadcrumb\":{\"@id\":\"https:\/\/www.aguarda.es\/en\/despois-de-anos-de-xestions-municipais-a-nova-escola-infantil-da-guarda-mais-cerca-de-facerse-realidade\/#breadcrumb\"},\"inLanguage\":\"en-US\",\"potentialAction\":[{\"@type\":\"ReadAction\",\"target\":[\"https:\/\/www.aguarda.es\/en\/despois-de-anos-de-xestions-municipais-a-nova-escola-infantil-da-guarda-mais-cerca-de-facerse-realidade\/\"]}]},{\"@type\":\"BreadcrumbList\",\"@id\":\"https:\/\/www.aguarda.es\/en\/despois-de-anos-de-xestions-municipais-a-nova-escola-infantil-da-guarda-mais-cerca-de-facerse-realidade\/#breadcrumb\",\"itemListElement\":[{\"@type\":\"ListItem\",\"position\":1,\"name\":\"Portada\",\"item\":\"https:\/\/www.aguarda.es\/en\/\"},{\"@type\":\"ListItem\",\"position\":2,\"name\":\"Despois de anos de xesti\u00f3ns municipais a nova Escola Infantil da Guarda m\u00e1is cerca de facerse realidade\"}]},{\"@type\":\"WebSite\",\"@id\":\"https:\/\/www.aguarda.es\/en\/#website\",\"url\":\"https:\/\/www.aguarda.es\/en\/\",\"name\":\"Concello da Guarda\",\"description\":\"P\u00e1xina web do concello da Guarda\",\"potentialAction\":[{\"@type\":\"SearchAction\",\"target\":{\"@type\":\"EntryPoint\",\"urlTemplate\":\"https:\/\/www.aguarda.es\/en\/?s={search_term_string}\"},\"query-input\":\"required name=search_term_string\"}],\"inLanguage\":\"en-US\"},{\"@type\":\"Person\",\"@id\":\"https:\/\/www.aguarda.es\/en\/#\/schema\/person\/c463ca3006858ffb349d11179d044f21\",\"name\":\"prensa\",\"image\":{\"@type\":\"ImageObject\",\"inLanguage\":\"en-US\",\"@id\":\"https:\/\/www.aguarda.es\/en\/#\/schema\/person\/image\/\",\"url\":\"https:\/\/secure.gravatar.com\/avatar\/5f90ef536b0f98306edf5c7a1135ffa1?s=96&d=mm&r=g\",\"contentUrl\":\"https:\/\/secure.gravatar.com\/avatar\/5f90ef536b0f98306edf5c7a1135ffa1?s=96&d=mm&r=g\",\"caption\":\"prensa\"},\"url\":\"https:\/\/www.aguarda.es\/en\/author\/prensa\/\"}]}<\/script>\n<!-- \/ Yoast SEO plugin. -->","yoast_head_json":{"title":"Despois de anos de xesti\u00f3ns municipais a nova Escola Infantil da Guarda m\u00e1is cerca de facerse realidade - Concello da Guarda","robots":{"index":"index","follow":"follow","max-snippet":"max-snippet:-1","max-image-preview":"max-image-preview:large","max-video-preview":"max-video-preview:-1"},"canonical":"https:\/\/www.aguarda.es\/en\/despois-de-anos-de-xestions-municipais-a-nova-escola-infantil-da-guarda-mais-cerca-de-facerse-realidade\/","og_locale":"en_US","og_type":"article","og_title":"Despois de anos de xesti\u00f3ns municipais a nova Escola Infantil da Guarda m\u00e1is cerca de facerse realidade - Concello da Guarda","og_description":"\u25cf O concello da Guarda levar\u00e1 a pleno a aprobaci\u00f3n do proxecto da nova Escola Infantil e asinar\u00e1 en breve o convenio para a s\u00faa construci\u00f3n. \u25cf O custo da obra ascende a 691.747\u20ac dos cales o concello ter\u00e1 que &hellip;","og_url":"https:\/\/www.aguarda.es\/en\/despois-de-anos-de-xestions-municipais-a-nova-escola-infantil-da-guarda-mais-cerca-de-facerse-realidade\/","og_site_name":"Concello da Guarda","article_publisher":"https:\/\/www.facebook.com\/ConcellodaGuarda","article_published_time":"2020-01-18T16:05:31+00:00","og_image":[{"width":2221,"height":913,"url":"https:\/\/www.aguarda.es\/wp-content\/uploads\/2020\/01\/NP-18012020-Despois-de-anos-de-xesti\u00f3ns-municipais-a-nova-Escola-Infantil-da-Guarda-m\u00e1is-cerca-de-facerse-realidade.jpg","type":"image\/jpeg"}],"author":"prensa","twitter_card":"summary_large_image","twitter_creator":"@AGuarda_es","twitter_site":"@AGuarda_es","twitter_misc":{"Written by":"prensa","Est. reading time":"1 minute"},"schema":{"@context":"https:\/\/schema.org","@graph":[{"@type":"WebPage","@id":"https:\/\/www.aguarda.es\/en\/despois-de-anos-de-xestions-municipais-a-nova-escola-infantil-da-guarda-mais-cerca-de-facerse-realidade\/","url":"https:\/\/www.aguarda.es\/en\/despois-de-anos-de-xestions-municipais-a-nova-escola-infantil-da-guarda-mais-cerca-de-facerse-realidade\/","name":"Despois de anos de xesti\u00f3ns municipais a nova Escola Infantil da Guarda m\u00e1is cerca de facerse realidade - Concello da Guarda","isPartOf":{"@id":"https:\/\/www.aguarda.es\/en\/#website"},"datePublished":"2020-01-18T16:05:31+00:00","dateModified":"2020-01-18T16:05:31+00:00","author":{"@id":"https:\/\/www.aguarda.es\/en\/#\/schema\/person\/c463ca3006858ffb349d11179d044f21"},"breadcrumb":{"@id":"https:\/\/www.aguarda.es\/en\/despois-de-anos-de-xestions-municipais-a-nova-escola-infantil-da-guarda-mais-cerca-de-facerse-realidade\/#breadcrumb"},"inLanguage":"en-US","potentialAction":[{"@type":"ReadAction","target":["https:\/\/www.aguarda.es\/en\/despois-de-anos-de-xestions-municipais-a-nova-escola-infantil-da-guarda-mais-cerca-de-facerse-realidade\/"]}]},{"@type":"BreadcrumbList","@id":"https:\/\/www.aguarda.es\/en\/despois-de-anos-de-xestions-municipais-a-nova-escola-infantil-da-guarda-mais-cerca-de-facerse-realidade\/#breadcrumb","itemListElement":[{"@type":"ListItem","position":1,"name":"Portada","item":"https:\/\/www.aguarda.es\/en\/"},{"@type":"ListItem","position":2,"name":"Despois de anos de xesti\u00f3ns municipais a nova Escola Infantil da Guarda m\u00e1is cerca de facerse realidade"}]},{"@type":"WebSite","@id":"https:\/\/www.aguarda.es\/en\/#website","url":"https:\/\/www.aguarda.es\/en\/","name":"Concello da Guarda","description":"P\u00e1xina web do concello da Guarda","potentialAction":[{"@type":"SearchAction","target":{"@type":"EntryPoint","urlTemplate":"https:\/\/www.aguarda.es\/en\/?s={search_term_string}"},"query-input":"required name=search_term_string"}],"inLanguage":"en-US"},{"@type":"Person","@id":"https:\/\/www.aguarda.es\/en\/#\/schema\/person\/c463ca3006858ffb349d11179d044f21","name":"prensa","image":{"@type":"ImageObject","inLanguage":"en-US","@id":"https:\/\/www.aguarda.es\/en\/#\/schema\/person\/image\/","url":"https:\/\/secure.gravatar.com\/avatar\/5f90ef536b0f98306edf5c7a1135ffa1?s=96&d=mm&r=g","contentUrl":"https:\/\/secure.gravatar.com\/avatar\/5f90ef536b0f98306edf5c7a1135ffa1?s=96&d=mm&r=g","caption":"prensa"},"url":"https:\/\/www.aguarda.es\/en\/author\/prensa\/"}]}},"_links":{"self":[{"href":"https:\/\/www.aguarda.es\/en\/wp-json\/wp\/v2\/posts\/20381"}],"collection":[{"href":"https:\/\/www.aguarda.es\/en\/wp-json\/wp\/v2\/posts"}],"about":[{"href":"https:\/\/www.aguarda.es\/en\/wp-json\/wp\/v2\/types\/post"}],"author":[{"embeddable":true,"href":"https:\/\/www.aguarda.es\/en\/wp-json\/wp\/v2\/users\/2"}],"replies":[{"embeddable":true,"href":"https:\/\/www.aguarda.es\/en\/wp-json\/wp\/v2\/comments?post=20381"}],"version-history":[{"count":1,"href":"https:\/\/www.aguarda.es\/en\/wp-json\/wp\/v2\/posts\/20381\/revisions"}],"predecessor-version":[{"id":20384,"href":"https:\/\/www.aguarda.es\/en\/wp-json\/wp\/v2\/posts\/20381\/revisions\/20384"}],"wp:featuredmedia":[{"embeddable":true,"href":"https:\/\/www.aguarda.es\/en\/wp-json\/wp\/v2\/media\/20382"}],"wp:attachment":[{"href":"https:\/\/www.aguarda.es\/en\/wp-json\/wp\/v2\/media?parent=20381"}],"wp:term":[{"taxonomy":"category","embeddable":true,"href":"https:\/\/www.aguarda.es\/en\/wp-json\/wp\/v2\/categories?post=20381"},{"taxonomy":"post_tag","embeddable":true,"href":"https:\/\/www.aguarda.es\/en\/wp-json\/wp\/v2\/tags?post=20381"}],"curies":[{"name":"wp","href":"https:\/\/api.w.org\/{rel}","templated":true}]}}