{"id":20388,"date":"2020-01-21T09:15:48","date_gmt":"2020-01-21T09:15:48","guid":{"rendered":"https:\/\/www.aguarda.es\/?p=20388"},"modified":"2020-01-21T09:15:48","modified_gmt":"2020-01-21T09:15:48","slug":"ultimas-prazas-para-a-xornada-medioambiental-o-camino-aguardate","status":"publish","type":"post","link":"https:\/\/www.aguarda.es\/en\/ultimas-prazas-para-a-xornada-medioambiental-o-camino-aguardate\/","title":{"rendered":"\u00daltimas prazas para a Xornada Medioambiental \u201cO Cami\u00f1o Agu\u00e1rdate\u201d"},"content":{"rendered":"<p style=\"text-align: justify\">Esta fin de semana A Guarda acolle a primeira das actividades do proxecto \u201cO Cami\u00f1o Agu\u00e1rdate\u201d, coa que o concello participa no programa O Teu Xacobeo da Xunta de Galicia.<\/p>\n<p style=\"text-align: justify\">A finalidade do proxecto \u00e9 divulgar os valores do cami\u00f1o entre a poboaci\u00f3n local e buscar un maior achegamento entre estes e os peregrinos.<\/p>\n<p style=\"text-align: justify\">Nesta primeira actividade conv\u00eddase tanto a veci\u00f1os da Guarda, como da contorna a co\u00f1ecer o Cami\u00f1o de Santiago dende a perspectiva medioambiental, contando coa colaboraci\u00f3n da Asociaci\u00f3n A Jalleira AFEA e a Comunidade de Montes de Camposancos.<\/p>\n<p style=\"text-align: justify\">Os participantes nesta actividade percorrer\u00e1n o Cami\u00f1o de Santiago dende a Pasaxe ata a ladeira do Monte Trega, co\u00f1ecendo durante a ruta os valores ambientais deste tramo e problem\u00e1tica das especies invasoras \u00f3 longo do cami\u00f1o e os m\u00e9todos para a s\u00faa erradicaci\u00f3n, posteriormente os participantes prantar\u00e1n \u00e1rbores aut\u00f3ctonas que conviv\u00edan antigamente no Cami\u00f1o como cereixeiras, nogueiras ou casti\u00f1eiros. Esta prantaci\u00f3n realizarase nos terreos cedidos para a ocasi\u00f3n pola Comunidade de Montes de Camposancos e \u00f3 remate da xornada unha pequena merenda coa que rep\u00f3r as forzas e comentar as experiencias do d\u00eda.<\/p>\n<p style=\"text-align: justify\">Esta actividade que se realizar\u00e1 o s\u00e1bado 25 e o domingo 26 de xaneiro en horario de 10 a 13h., ten un aforo limitado de 25 prazas por d\u00eda, polo que \u00e9 preciso anotarse previamente en cultura@aguarda.es, no 986610000 ext.5, ou no formulario online <a href=\"https:\/\/forms.gle\/pdP648PRndqLHRQ9A\">https:\/\/forms.gle\/pdP648PRndqLHRQ9A<\/a> . A estaci\u00f3n do Ferry ser\u00e1 o punto de encontro para iniciar a andaina.<\/p>\n<p style=\"text-align: left\"><strong>Ma\u00eds actividades<\/strong><br \/>\n\u00abO Cami\u00f1o Agu\u00e1rdate\u00bb traer\u00e1 \u00e1 Guarda ademais unhas Xornadas Divulgativas sobre o Cami\u00f1o de Santiago e visitas teatralizadas.<\/p>\n<p style=\"text-align: left\">As Xornadas Divulgativas contar\u00e1n coa participaci\u00f3n de especialistas universitarios e do mundo empresarial co obxectivo de debater sobre o Cami\u00f1o de Santiago e a s\u00faa evoluci\u00f3n e atraer \u00e1 poboaci\u00f3n local a que se interese e reflexione sobre a importancia que ten en moitos aspectos da vida diaria da vila, realizaranse en varias sesi\u00f3ns no vindeiro ano 2020.<\/p>\n<p style=\"text-align: left\">As visitas teatralizadas mistura a creatividade teatral, a divulgaci\u00f3n dos valores patrimoniais entorno \u00f3 cami\u00f1o e a revalorizaci\u00f3n da peregrinaxe coma forma diferente de viaxar.<\/p>\n<p style=\"text-align: left\">A compa\u00f1\u00eda Os Quinquill\u00e1ns, ser\u00e1n os encargados de realizar as visitas teatralizadas que ter\u00e1n lugar no Castro do Monte Santa Trega cun total de 8 sesi\u00f3ns, para o p\u00fablico xeral e alumnos de secundaria, ata a primavera do 2020.<\/p>\n<p>[vc_row][vc_column][vc_column_text]<\/p>\n<p>[\/vc_column_text][\/vc_column][\/vc_row][vc_row][vc_column][vc_raw_html]JTNDaWZyYW1lJTIwc3JjJTNEJTIyaHR0cHMlM0ElMkYlMkZkb2NzLmdvb2dsZS5jb20lMkZmb3JtcyUyRmQlMkZlJTJGMUZBSXBRTFNkbWNjOXBNSnhicVo3QV96SGRyS3lfdDYyNHI3YnNsOUthOENHbEVvcmhTdFdXZEElMkZ2aWV3Zm9ybSUzRmVtYmVkZGVkJTNEdHJ1ZSUyMiUyMHdpZHRoJTNEJTIyNjQwJTIyJTIwaGVpZ2h0JTNEJTIyMTE2MiUyMiUyMGZyYW1lYm9yZGVyJTNEJTIyMCUyMiUyMG1hcmdpbmhlaWdodCUzRCUyMjAlMjIlMjBtYXJnaW53aWR0aCUzRCUyMjAlMjIlM0VDYXJnYW5kbyVFMiU4MCVBNiUzQyUyRmlmcmFtZSUzRQ==[\/vc_raw_html][\/vc_column][\/vc_row]<\/p>\n","protected":false},"excerpt":{"rendered":"<p>Esta fin de semana A Guarda acolle a primeira das actividades do proxecto \u201cO Cami\u00f1o Agu\u00e1rdate\u201d, coa que o concello participa no programa O Teu Xacobeo da Xunta de Galicia. A finalidade do proxecto \u00e9 divulgar os valores do cami\u00f1o &hellip; <\/p>\n","protected":false},"author":2,"featured_media":20389,"comment_status":"open","ping_status":"open","sticky":false,"template":"","format":"standard","meta":[],"categories":[34,40],"tags":[226,2008,2018,2053,2054],"yoast_head":"<!-- This site is optimized with the Yoast SEO plugin v21.1 - https:\/\/yoast.com\/wordpress\/plugins\/seo\/ -->\n<title>\u00daltimas prazas para a Xornada Medioambiental \u201cO Cami\u00f1o Agu\u00e1rdate\u201d - Concello da Guarda<\/title>\n<meta name=\"robots\" content=\"index, follow, max-snippet:-1, max-image-preview:large, max-video-preview:-1\" \/>\n<link rel=\"canonical\" href=\"https:\/\/www.aguarda.es\/en\/ultimas-prazas-para-a-xornada-medioambiental-o-camino-aguardate\/\" \/>\n<meta property=\"og:locale\" content=\"en_US\" \/>\n<meta property=\"og:type\" content=\"article\" \/>\n<meta property=\"og:title\" content=\"\u00daltimas prazas para a Xornada Medioambiental \u201cO Cami\u00f1o Agu\u00e1rdate\u201d - Concello da Guarda\" \/>\n<meta property=\"og:description\" content=\"Esta fin de semana A Guarda acolle a primeira das actividades do proxecto \u201cO Cami\u00f1o Agu\u00e1rdate\u201d, coa que o concello participa no programa O Teu Xacobeo da Xunta de Galicia. A finalidade do proxecto \u00e9 divulgar os valores do cami\u00f1o &hellip;\" \/>\n<meta property=\"og:url\" content=\"https:\/\/www.aguarda.es\/en\/ultimas-prazas-para-a-xornada-medioambiental-o-camino-aguardate\/\" \/>\n<meta property=\"og:site_name\" content=\"Concello da Guarda\" \/>\n<meta property=\"article:publisher\" content=\"https:\/\/www.facebook.com\/ConcellodaGuarda\" \/>\n<meta property=\"article:published_time\" content=\"2020-01-21T09:15:48+00:00\" \/>\n<meta property=\"og:image\" content=\"https:\/\/www.aguarda.es\/wp-content\/uploads\/2020\/01\/CARTEL-JORNADA-MEDIOAMBIENTAL_25-26-copia.jpg\" \/>\n\t<meta property=\"og:image:width\" content=\"800\" \/>\n\t<meta property=\"og:image:height\" content=\"1064\" \/>\n\t<meta property=\"og:image:type\" content=\"image\/jpeg\" \/>\n<meta name=\"author\" content=\"prensa\" \/>\n<meta name=\"twitter:card\" content=\"summary_large_image\" \/>\n<meta name=\"twitter:creator\" content=\"@AGuarda_es\" \/>\n<meta name=\"twitter:site\" content=\"@AGuarda_es\" \/>\n<meta name=\"twitter:label1\" content=\"Written by\" \/>\n\t<meta name=\"twitter:data1\" content=\"prensa\" \/>\n\t<meta name=\"twitter:label2\" content=\"Est. reading time\" \/>\n\t<meta name=\"twitter:data2\" content=\"2 minutes\" \/>\n<script type=\"application\/ld+json\" class=\"yoast-schema-graph\">{\"@context\":\"https:\/\/schema.org\",\"@graph\":[{\"@type\":\"WebPage\",\"@id\":\"https:\/\/www.aguarda.es\/en\/ultimas-prazas-para-a-xornada-medioambiental-o-camino-aguardate\/\",\"url\":\"https:\/\/www.aguarda.es\/en\/ultimas-prazas-para-a-xornada-medioambiental-o-camino-aguardate\/\",\"name\":\"\u00daltimas prazas para a Xornada Medioambiental \u201cO Cami\u00f1o Agu\u00e1rdate\u201d - Concello da Guarda\",\"isPartOf\":{\"@id\":\"https:\/\/www.aguarda.es\/en\/#website\"},\"datePublished\":\"2020-01-21T09:15:48+00:00\",\"dateModified\":\"2020-01-21T09:15:48+00:00\",\"author\":{\"@id\":\"https:\/\/www.aguarda.es\/en\/#\/schema\/person\/c463ca3006858ffb349d11179d044f21\"},\"breadcrumb\":{\"@id\":\"https:\/\/www.aguarda.es\/en\/ultimas-prazas-para-a-xornada-medioambiental-o-camino-aguardate\/#breadcrumb\"},\"inLanguage\":\"en-US\",\"potentialAction\":[{\"@type\":\"ReadAction\",\"target\":[\"https:\/\/www.aguarda.es\/en\/ultimas-prazas-para-a-xornada-medioambiental-o-camino-aguardate\/\"]}]},{\"@type\":\"BreadcrumbList\",\"@id\":\"https:\/\/www.aguarda.es\/en\/ultimas-prazas-para-a-xornada-medioambiental-o-camino-aguardate\/#breadcrumb\",\"itemListElement\":[{\"@type\":\"ListItem\",\"position\":1,\"name\":\"Portada\",\"item\":\"https:\/\/www.aguarda.es\/en\/\"},{\"@type\":\"ListItem\",\"position\":2,\"name\":\"\u00daltimas prazas para a Xornada Medioambiental \u201cO Cami\u00f1o Agu\u00e1rdate\u201d\"}]},{\"@type\":\"WebSite\",\"@id\":\"https:\/\/www.aguarda.es\/en\/#website\",\"url\":\"https:\/\/www.aguarda.es\/en\/\",\"name\":\"Concello da Guarda\",\"description\":\"P\u00e1xina web do concello da Guarda\",\"potentialAction\":[{\"@type\":\"SearchAction\",\"target\":{\"@type\":\"EntryPoint\",\"urlTemplate\":\"https:\/\/www.aguarda.es\/en\/?s={search_term_string}\"},\"query-input\":\"required name=search_term_string\"}],\"inLanguage\":\"en-US\"},{\"@type\":\"Person\",\"@id\":\"https:\/\/www.aguarda.es\/en\/#\/schema\/person\/c463ca3006858ffb349d11179d044f21\",\"name\":\"prensa\",\"image\":{\"@type\":\"ImageObject\",\"inLanguage\":\"en-US\",\"@id\":\"https:\/\/www.aguarda.es\/en\/#\/schema\/person\/image\/\",\"url\":\"https:\/\/secure.gravatar.com\/avatar\/5f90ef536b0f98306edf5c7a1135ffa1?s=96&d=mm&r=g\",\"contentUrl\":\"https:\/\/secure.gravatar.com\/avatar\/5f90ef536b0f98306edf5c7a1135ffa1?s=96&d=mm&r=g\",\"caption\":\"prensa\"},\"url\":\"https:\/\/www.aguarda.es\/en\/author\/prensa\/\"}]}<\/script>\n<!-- \/ Yoast SEO plugin. -->","yoast_head_json":{"title":"\u00daltimas prazas para a Xornada Medioambiental \u201cO Cami\u00f1o Agu\u00e1rdate\u201d - Concello da Guarda","robots":{"index":"index","follow":"follow","max-snippet":"max-snippet:-1","max-image-preview":"max-image-preview:large","max-video-preview":"max-video-preview:-1"},"canonical":"https:\/\/www.aguarda.es\/en\/ultimas-prazas-para-a-xornada-medioambiental-o-camino-aguardate\/","og_locale":"en_US","og_type":"article","og_title":"\u00daltimas prazas para a Xornada Medioambiental \u201cO Cami\u00f1o Agu\u00e1rdate\u201d - Concello da Guarda","og_description":"Esta fin de semana A Guarda acolle a primeira das actividades do proxecto \u201cO Cami\u00f1o Agu\u00e1rdate\u201d, coa que o concello participa no programa O Teu Xacobeo da Xunta de Galicia. A finalidade do proxecto \u00e9 divulgar os valores do cami\u00f1o &hellip;","og_url":"https:\/\/www.aguarda.es\/en\/ultimas-prazas-para-a-xornada-medioambiental-o-camino-aguardate\/","og_site_name":"Concello da Guarda","article_publisher":"https:\/\/www.facebook.com\/ConcellodaGuarda","article_published_time":"2020-01-21T09:15:48+00:00","og_image":[{"width":800,"height":1064,"url":"https:\/\/www.aguarda.es\/wp-content\/uploads\/2020\/01\/CARTEL-JORNADA-MEDIOAMBIENTAL_25-26-copia.jpg","type":"image\/jpeg"}],"author":"prensa","twitter_card":"summary_large_image","twitter_creator":"@AGuarda_es","twitter_site":"@AGuarda_es","twitter_misc":{"Written by":"prensa","Est. reading time":"2 minutes"},"schema":{"@context":"https:\/\/schema.org","@graph":[{"@type":"WebPage","@id":"https:\/\/www.aguarda.es\/en\/ultimas-prazas-para-a-xornada-medioambiental-o-camino-aguardate\/","url":"https:\/\/www.aguarda.es\/en\/ultimas-prazas-para-a-xornada-medioambiental-o-camino-aguardate\/","name":"\u00daltimas prazas para a Xornada Medioambiental \u201cO Cami\u00f1o Agu\u00e1rdate\u201d - Concello da Guarda","isPartOf":{"@id":"https:\/\/www.aguarda.es\/en\/#website"},"datePublished":"2020-01-21T09:15:48+00:00","dateModified":"2020-01-21T09:15:48+00:00","author":{"@id":"https:\/\/www.aguarda.es\/en\/#\/schema\/person\/c463ca3006858ffb349d11179d044f21"},"breadcrumb":{"@id":"https:\/\/www.aguarda.es\/en\/ultimas-prazas-para-a-xornada-medioambiental-o-camino-aguardate\/#breadcrumb"},"inLanguage":"en-US","potentialAction":[{"@type":"ReadAction","target":["https:\/\/www.aguarda.es\/en\/ultimas-prazas-para-a-xornada-medioambiental-o-camino-aguardate\/"]}]},{"@type":"BreadcrumbList","@id":"https:\/\/www.aguarda.es\/en\/ultimas-prazas-para-a-xornada-medioambiental-o-camino-aguardate\/#breadcrumb","itemListElement":[{"@type":"ListItem","position":1,"name":"Portada","item":"https:\/\/www.aguarda.es\/en\/"},{"@type":"ListItem","position":2,"name":"\u00daltimas prazas para a Xornada Medioambiental \u201cO Cami\u00f1o Agu\u00e1rdate\u201d"}]},{"@type":"WebSite","@id":"https:\/\/www.aguarda.es\/en\/#website","url":"https:\/\/www.aguarda.es\/en\/","name":"Concello da Guarda","description":"P\u00e1xina web do concello da Guarda","potentialAction":[{"@type":"SearchAction","target":{"@type":"EntryPoint","urlTemplate":"https:\/\/www.aguarda.es\/en\/?s={search_term_string}"},"query-input":"required name=search_term_string"}],"inLanguage":"en-US"},{"@type":"Person","@id":"https:\/\/www.aguarda.es\/en\/#\/schema\/person\/c463ca3006858ffb349d11179d044f21","name":"prensa","image":{"@type":"ImageObject","inLanguage":"en-US","@id":"https:\/\/www.aguarda.es\/en\/#\/schema\/person\/image\/","url":"https:\/\/secure.gravatar.com\/avatar\/5f90ef536b0f98306edf5c7a1135ffa1?s=96&d=mm&r=g","contentUrl":"https:\/\/secure.gravatar.com\/avatar\/5f90ef536b0f98306edf5c7a1135ffa1?s=96&d=mm&r=g","caption":"prensa"},"url":"https:\/\/www.aguarda.es\/en\/author\/prensa\/"}]}},"_links":{"self":[{"href":"https:\/\/www.aguarda.es\/en\/wp-json\/wp\/v2\/posts\/20388"}],"collection":[{"href":"https:\/\/www.aguarda.es\/en\/wp-json\/wp\/v2\/posts"}],"about":[{"href":"https:\/\/www.aguarda.es\/en\/wp-json\/wp\/v2\/types\/post"}],"author":[{"embeddable":true,"href":"https:\/\/www.aguarda.es\/en\/wp-json\/wp\/v2\/users\/2"}],"replies":[{"embeddable":true,"href":"https:\/\/www.aguarda.es\/en\/wp-json\/wp\/v2\/comments?post=20388"}],"version-history":[{"count":1,"href":"https:\/\/www.aguarda.es\/en\/wp-json\/wp\/v2\/posts\/20388\/revisions"}],"predecessor-version":[{"id":20391,"href":"https:\/\/www.aguarda.es\/en\/wp-json\/wp\/v2\/posts\/20388\/revisions\/20391"}],"wp:featuredmedia":[{"embeddable":true,"href":"https:\/\/www.aguarda.es\/en\/wp-json\/wp\/v2\/media\/20389"}],"wp:attachment":[{"href":"https:\/\/www.aguarda.es\/en\/wp-json\/wp\/v2\/media?parent=20388"}],"wp:term":[{"taxonomy":"category","embeddable":true,"href":"https:\/\/www.aguarda.es\/en\/wp-json\/wp\/v2\/categories?post=20388"},{"taxonomy":"post_tag","embeddable":true,"href":"https:\/\/www.aguarda.es\/en\/wp-json\/wp\/v2\/tags?post=20388"}],"curies":[{"name":"wp","href":"https:\/\/api.w.org\/{rel}","templated":true}]}}