{"id":20396,"date":"2020-02-06T08:00:24","date_gmt":"2020-02-06T08:00:24","guid":{"rendered":"https:\/\/www.aguarda.es\/?p=20396"},"modified":"2020-02-06T12:45:48","modified_gmt":"2020-02-06T12:45:48","slug":"convocatoria-e-bases-para-prover-por-concurso-oposicion-1-praza-condutor-con-caracter-interino-mibm","status":"publish","type":"post","link":"https:\/\/www.aguarda.es\/en\/convocatoria-e-bases-para-prover-por-concurso-oposicion-1-praza-condutor-con-caracter-interino-mibm\/","title":{"rendered":"Convocatoria e bases para prover por concurso-oposici\u00f3n 1 praza condutor con car\u00e1cter interino MIBM"},"content":{"rendered":"<p style=\"text-align: justify\">A Mancomunidade Intermunicipal do Baixo Mi\u00f1o convoca a provisi\u00f3n dunha (1) praza condutor persoal laboral temporal para cubrir a baixa por enfermidade do actual titular.<\/p>\n<p style=\"text-align: left\">1\u00aa.- OBXECTO DA CONVOCATORIA E CARACTER\u00cdSTICAS DA PRAZA<br \/>\na) \u00c9 obxecto da presente convocatoria a provisi\u00f3n dunha (1) praza condutor persoal laboral temporal para cubrir a baixa por enfermidade do actual titular e aquelas outras que na plantilla de condutores da MIBM poidan ter lugar.<br \/>\nb) A praza config\u00farase como persoal temporal para substituci\u00f3n da baixa dos titulares das prazas.<br \/>\nc) As caracter\u00edsticas do posto son:<br \/>\nClase: persoal laboral temporal interino.<br \/>\nNivel de titulaci\u00f3n m\u00ednimo esixido: Graduado escolar , ESO o equivalente.<br \/>\nGrupo: D<br \/>\nNivel: 14<br \/>\nXornada: A tempo completo.<br \/>\nRetribuci\u00f3ns: As que figuran no orzamento da Mancomunidade do Baixo Mi\u00f1o.<\/p>\n<p style=\"text-align: left\">Funci\u00f3ns:<br \/>\nEntre as funci\u00f3ns a desenvolver est\u00e1n a conduci\u00f3n de veh\u00edculos e maquinaria da MIBM que a continuaci\u00f3n se citan, e realizar o mantemento mec\u00e1nico b\u00e1sico e conservaci\u00f3n dos veh\u00edculos, as\u00ed como na conduci\u00f3n de maquinaria pesada que a MIBM estime oportuna, como cami\u00f3ns, tractores con apeiros axustados, etc.<\/p>\n<p style=\"text-align: left\">En todo caso ser\u00e1n obrigas do condutor a conduci\u00f3n da seguinte maquinaria de titularidade da MIBM:<br \/>\n.-pala retrocargadora.<br \/>\n.-cami\u00f3n basculante.<br \/>\n.-pala motoniveladora .<\/p>\n<p style=\"text-align: left\">2\u00aa.- CONDICI\u00d3NS DAS PERSOAS ASPIRANTES:<br \/>\na) Ser espa\u00f1ol\/a ou nacional dalg\u00fan estado membro da UE, de conformidade co previsto no artigo 1 da Lei 17\/1993, de 23 de decembro.<br \/>\nb) Ter cumpridos 18 anos de idade.<br \/>\nc) Estar en posesi\u00f3n del T\u00edtulo de Graduado Escolar, E.S.O. o equivalente, tendo que presentar fotocopia acreditativa do mesmo.<br \/>\nd) Estar en posesi\u00f3n del permiso de conducir Tipo C<br \/>\ne) Estar en posesi\u00f3n del Certificado de Aptitude Profesional (CAP) en vigor a dia de la fecha debendo aportar una fotocopia del mesmo.<br \/>\nf) Non padecer enfermidade ou defecto f\u00edsico que impida ou menoscabe o exercicio das s\u00faas funci\u00f3ns. A persoa seleccionada ter\u00e1 que presentar antes da sinatura do correspondente contrato e no prazo de dous d\u00edas dende a proposta do Tribunal o correspondente certificado m\u00e9dico.<br \/>\ng) Non estar separado\/a mediante expediente disciplinario do servizo do Estado, comunidade aut\u00f3noma ou administraci\u00f3n local, nin atoparse inhabilitado\/a para o desempe\u00f1o de funci\u00f3ns p\u00fablicas.<br \/>\nh ) Non incorrer en causa de incapacidade ou incompatibilidade previstas na lexislaci\u00f3n vixente.<br \/>\nI) Estar en posesi\u00f3n do t\u00edtulo da lingua galega nivel perfeccionamento, ou CELGA 4 ou dos estudos equivalentes homologados polo \u00f3rgano competente en materia de pol\u00edtica ling\u00fc\u00edstica.<br \/>\nOs\/as aspirantes que non estean en posesi\u00f3n da devandita titulaci\u00f3n deber\u00e1n realizar unha proba sobre o co\u00f1ecemento da lingua galega.<br \/>\nOs extremos contidos nos apartados a) e b) acreditaranse con fotocopia compulsada do documento nacional de identidade; os do apartado c) d) e) I) con fotocopia compulsada do t\u00edtulo legalmente expedido ou certificaci\u00f3n acreditativa; o do apartado f) a trav\u00e9s de certificado m\u00e9dico oficial (s\u00f3 para a persoa seleccionada), sen prexu\u00edzo de superar o oportuno reco\u00f1ecemento m\u00e9dico; os do apartados g) h) mediante declaraci\u00f3n xurada ao efecto.<\/p>\n<p style=\"text-align: left\">M\u00e1is informaci\u00f3n e bases completas aqu\u00ed: <a href=\"https:\/\/www.aguarda.es\/wp-content\/uploads\/2020\/01\/20200110_Acordo_bases-segunda-seleccion-conductoir-interino-MIBM.pdf\">Ver Bases<\/a><\/p>\n<p><a href=\"https:\/\/www.aguarda.es\/wp-content\/uploads\/2020\/02\/autobaremo.pdf\">Modelo de autobaremaci\u00f3n<\/a><\/p>\n<p><a href=\"https:\/\/www.aguarda.es\/wp-content\/uploads\/2020\/02\/Solicitude.pdf\">Modelo de solicitude<\/a><\/p>\n","protected":false},"excerpt":{"rendered":"<p>A Mancomunidade Intermunicipal do Baixo Mi\u00f1o convoca a provisi\u00f3n dunha (1) praza condutor persoal laboral temporal para cubrir a baixa por enfermidade do actual titular. 1\u00aa.- OBXECTO DA CONVOCATORIA E CARACTER\u00cdSTICAS DA PRAZA a) \u00c9 obxecto da presente convocatoria a &hellip; <\/p>\n","protected":false},"author":2,"featured_media":8844,"comment_status":"open","ping_status":"open","sticky":false,"template":"","format":"standard","meta":[],"categories":[33],"tags":[226,1534,2056,867,2055],"yoast_head":"<!-- This site is optimized with the Yoast SEO plugin v21.1 - https:\/\/yoast.com\/wordpress\/plugins\/seo\/ -->\n<title>Convocatoria e bases para prover por concurso-oposici\u00f3n 1 praza condutor con car\u00e1cter interino MIBM - Concello da Guarda<\/title>\n<meta name=\"robots\" content=\"index, follow, max-snippet:-1, max-image-preview:large, max-video-preview:-1\" \/>\n<link rel=\"canonical\" href=\"https:\/\/www.aguarda.es\/en\/convocatoria-e-bases-para-prover-por-concurso-oposicion-1-praza-condutor-con-caracter-interino-mibm\/\" \/>\n<meta property=\"og:locale\" content=\"en_US\" \/>\n<meta property=\"og:type\" content=\"article\" \/>\n<meta property=\"og:title\" content=\"Convocatoria e bases para prover por concurso-oposici\u00f3n 1 praza condutor con car\u00e1cter interino MIBM - Concello da Guarda\" \/>\n<meta property=\"og:description\" content=\"A Mancomunidade Intermunicipal do Baixo Mi\u00f1o convoca a provisi\u00f3n dunha (1) praza condutor persoal laboral temporal para cubrir a baixa por enfermidade do actual titular. 1\u00aa.- OBXECTO DA CONVOCATORIA E CARACTER\u00cdSTICAS DA PRAZA a) \u00c9 obxecto da presente convocatoria a &hellip;\" \/>\n<meta property=\"og:url\" content=\"https:\/\/www.aguarda.es\/en\/convocatoria-e-bases-para-prover-por-concurso-oposicion-1-praza-condutor-con-caracter-interino-mibm\/\" \/>\n<meta property=\"og:site_name\" content=\"Concello da Guarda\" \/>\n<meta property=\"article:publisher\" content=\"https:\/\/www.facebook.com\/ConcellodaGuarda\" \/>\n<meta property=\"article:published_time\" content=\"2020-02-06T08:00:24+00:00\" \/>\n<meta property=\"article:modified_time\" content=\"2020-02-06T12:45:48+00:00\" \/>\n<meta property=\"og:image\" content=\"https:\/\/www.aguarda.es\/wp-content\/uploads\/2017\/06\/escudo-full.jpg\" \/>\n\t<meta property=\"og:image:width\" content=\"1135\" \/>\n\t<meta property=\"og:image:height\" content=\"712\" \/>\n\t<meta property=\"og:image:type\" content=\"image\/jpeg\" \/>\n<meta name=\"author\" content=\"prensa\" \/>\n<meta name=\"twitter:card\" content=\"summary_large_image\" \/>\n<meta name=\"twitter:creator\" content=\"@AGuarda_es\" \/>\n<meta name=\"twitter:site\" content=\"@AGuarda_es\" \/>\n<meta name=\"twitter:label1\" content=\"Written by\" \/>\n\t<meta name=\"twitter:data1\" content=\"prensa\" \/>\n\t<meta name=\"twitter:label2\" content=\"Est. reading time\" \/>\n\t<meta name=\"twitter:data2\" content=\"3 minutes\" \/>\n<script type=\"application\/ld+json\" class=\"yoast-schema-graph\">{\"@context\":\"https:\/\/schema.org\",\"@graph\":[{\"@type\":\"WebPage\",\"@id\":\"https:\/\/www.aguarda.es\/en\/convocatoria-e-bases-para-prover-por-concurso-oposicion-1-praza-condutor-con-caracter-interino-mibm\/\",\"url\":\"https:\/\/www.aguarda.es\/en\/convocatoria-e-bases-para-prover-por-concurso-oposicion-1-praza-condutor-con-caracter-interino-mibm\/\",\"name\":\"Convocatoria e bases para prover por concurso-oposici\u00f3n 1 praza condutor con car\u00e1cter interino MIBM - Concello da Guarda\",\"isPartOf\":{\"@id\":\"https:\/\/www.aguarda.es\/en\/#website\"},\"datePublished\":\"2020-02-06T08:00:24+00:00\",\"dateModified\":\"2020-02-06T12:45:48+00:00\",\"author\":{\"@id\":\"https:\/\/www.aguarda.es\/en\/#\/schema\/person\/c463ca3006858ffb349d11179d044f21\"},\"breadcrumb\":{\"@id\":\"https:\/\/www.aguarda.es\/en\/convocatoria-e-bases-para-prover-por-concurso-oposicion-1-praza-condutor-con-caracter-interino-mibm\/#breadcrumb\"},\"inLanguage\":\"en-US\",\"potentialAction\":[{\"@type\":\"ReadAction\",\"target\":[\"https:\/\/www.aguarda.es\/en\/convocatoria-e-bases-para-prover-por-concurso-oposicion-1-praza-condutor-con-caracter-interino-mibm\/\"]}]},{\"@type\":\"BreadcrumbList\",\"@id\":\"https:\/\/www.aguarda.es\/en\/convocatoria-e-bases-para-prover-por-concurso-oposicion-1-praza-condutor-con-caracter-interino-mibm\/#breadcrumb\",\"itemListElement\":[{\"@type\":\"ListItem\",\"position\":1,\"name\":\"Portada\",\"item\":\"https:\/\/www.aguarda.es\/en\/\"},{\"@type\":\"ListItem\",\"position\":2,\"name\":\"Convocatoria e bases para prover por concurso-oposici\u00f3n 1 praza condutor con car\u00e1cter interino MIBM\"}]},{\"@type\":\"WebSite\",\"@id\":\"https:\/\/www.aguarda.es\/en\/#website\",\"url\":\"https:\/\/www.aguarda.es\/en\/\",\"name\":\"Concello da Guarda\",\"description\":\"P\u00e1xina web do concello da Guarda\",\"potentialAction\":[{\"@type\":\"SearchAction\",\"target\":{\"@type\":\"EntryPoint\",\"urlTemplate\":\"https:\/\/www.aguarda.es\/en\/?s={search_term_string}\"},\"query-input\":\"required name=search_term_string\"}],\"inLanguage\":\"en-US\"},{\"@type\":\"Person\",\"@id\":\"https:\/\/www.aguarda.es\/en\/#\/schema\/person\/c463ca3006858ffb349d11179d044f21\",\"name\":\"prensa\",\"image\":{\"@type\":\"ImageObject\",\"inLanguage\":\"en-US\",\"@id\":\"https:\/\/www.aguarda.es\/en\/#\/schema\/person\/image\/\",\"url\":\"https:\/\/secure.gravatar.com\/avatar\/5f90ef536b0f98306edf5c7a1135ffa1?s=96&d=mm&r=g\",\"contentUrl\":\"https:\/\/secure.gravatar.com\/avatar\/5f90ef536b0f98306edf5c7a1135ffa1?s=96&d=mm&r=g\",\"caption\":\"prensa\"},\"url\":\"https:\/\/www.aguarda.es\/en\/author\/prensa\/\"}]}<\/script>\n<!-- \/ Yoast SEO plugin. -->","yoast_head_json":{"title":"Convocatoria e bases para prover por concurso-oposici\u00f3n 1 praza condutor con car\u00e1cter interino MIBM - Concello da Guarda","robots":{"index":"index","follow":"follow","max-snippet":"max-snippet:-1","max-image-preview":"max-image-preview:large","max-video-preview":"max-video-preview:-1"},"canonical":"https:\/\/www.aguarda.es\/en\/convocatoria-e-bases-para-prover-por-concurso-oposicion-1-praza-condutor-con-caracter-interino-mibm\/","og_locale":"en_US","og_type":"article","og_title":"Convocatoria e bases para prover por concurso-oposici\u00f3n 1 praza condutor con car\u00e1cter interino MIBM - Concello da Guarda","og_description":"A Mancomunidade Intermunicipal do Baixo Mi\u00f1o convoca a provisi\u00f3n dunha (1) praza condutor persoal laboral temporal para cubrir a baixa por enfermidade do actual titular. 1\u00aa.- OBXECTO DA CONVOCATORIA E CARACTER\u00cdSTICAS DA PRAZA a) \u00c9 obxecto da presente convocatoria a &hellip;","og_url":"https:\/\/www.aguarda.es\/en\/convocatoria-e-bases-para-prover-por-concurso-oposicion-1-praza-condutor-con-caracter-interino-mibm\/","og_site_name":"Concello da Guarda","article_publisher":"https:\/\/www.facebook.com\/ConcellodaGuarda","article_published_time":"2020-02-06T08:00:24+00:00","article_modified_time":"2020-02-06T12:45:48+00:00","og_image":[{"width":1135,"height":712,"url":"https:\/\/www.aguarda.es\/wp-content\/uploads\/2017\/06\/escudo-full.jpg","type":"image\/jpeg"}],"author":"prensa","twitter_card":"summary_large_image","twitter_creator":"@AGuarda_es","twitter_site":"@AGuarda_es","twitter_misc":{"Written by":"prensa","Est. reading time":"3 minutes"},"schema":{"@context":"https:\/\/schema.org","@graph":[{"@type":"WebPage","@id":"https:\/\/www.aguarda.es\/en\/convocatoria-e-bases-para-prover-por-concurso-oposicion-1-praza-condutor-con-caracter-interino-mibm\/","url":"https:\/\/www.aguarda.es\/en\/convocatoria-e-bases-para-prover-por-concurso-oposicion-1-praza-condutor-con-caracter-interino-mibm\/","name":"Convocatoria e bases para prover por concurso-oposici\u00f3n 1 praza condutor con car\u00e1cter interino MIBM - Concello da Guarda","isPartOf":{"@id":"https:\/\/www.aguarda.es\/en\/#website"},"datePublished":"2020-02-06T08:00:24+00:00","dateModified":"2020-02-06T12:45:48+00:00","author":{"@id":"https:\/\/www.aguarda.es\/en\/#\/schema\/person\/c463ca3006858ffb349d11179d044f21"},"breadcrumb":{"@id":"https:\/\/www.aguarda.es\/en\/convocatoria-e-bases-para-prover-por-concurso-oposicion-1-praza-condutor-con-caracter-interino-mibm\/#breadcrumb"},"inLanguage":"en-US","potentialAction":[{"@type":"ReadAction","target":["https:\/\/www.aguarda.es\/en\/convocatoria-e-bases-para-prover-por-concurso-oposicion-1-praza-condutor-con-caracter-interino-mibm\/"]}]},{"@type":"BreadcrumbList","@id":"https:\/\/www.aguarda.es\/en\/convocatoria-e-bases-para-prover-por-concurso-oposicion-1-praza-condutor-con-caracter-interino-mibm\/#breadcrumb","itemListElement":[{"@type":"ListItem","position":1,"name":"Portada","item":"https:\/\/www.aguarda.es\/en\/"},{"@type":"ListItem","position":2,"name":"Convocatoria e bases para prover por concurso-oposici\u00f3n 1 praza condutor con car\u00e1cter interino MIBM"}]},{"@type":"WebSite","@id":"https:\/\/www.aguarda.es\/en\/#website","url":"https:\/\/www.aguarda.es\/en\/","name":"Concello da Guarda","description":"P\u00e1xina web do concello da Guarda","potentialAction":[{"@type":"SearchAction","target":{"@type":"EntryPoint","urlTemplate":"https:\/\/www.aguarda.es\/en\/?s={search_term_string}"},"query-input":"required name=search_term_string"}],"inLanguage":"en-US"},{"@type":"Person","@id":"https:\/\/www.aguarda.es\/en\/#\/schema\/person\/c463ca3006858ffb349d11179d044f21","name":"prensa","image":{"@type":"ImageObject","inLanguage":"en-US","@id":"https:\/\/www.aguarda.es\/en\/#\/schema\/person\/image\/","url":"https:\/\/secure.gravatar.com\/avatar\/5f90ef536b0f98306edf5c7a1135ffa1?s=96&d=mm&r=g","contentUrl":"https:\/\/secure.gravatar.com\/avatar\/5f90ef536b0f98306edf5c7a1135ffa1?s=96&d=mm&r=g","caption":"prensa"},"url":"https:\/\/www.aguarda.es\/en\/author\/prensa\/"}]}},"_links":{"self":[{"href":"https:\/\/www.aguarda.es\/en\/wp-json\/wp\/v2\/posts\/20396"}],"collection":[{"href":"https:\/\/www.aguarda.es\/en\/wp-json\/wp\/v2\/posts"}],"about":[{"href":"https:\/\/www.aguarda.es\/en\/wp-json\/wp\/v2\/types\/post"}],"author":[{"embeddable":true,"href":"https:\/\/www.aguarda.es\/en\/wp-json\/wp\/v2\/users\/2"}],"replies":[{"embeddable":true,"href":"https:\/\/www.aguarda.es\/en\/wp-json\/wp\/v2\/comments?post=20396"}],"version-history":[{"count":3,"href":"https:\/\/www.aguarda.es\/en\/wp-json\/wp\/v2\/posts\/20396\/revisions"}],"predecessor-version":[{"id":20535,"href":"https:\/\/www.aguarda.es\/en\/wp-json\/wp\/v2\/posts\/20396\/revisions\/20535"}],"wp:featuredmedia":[{"embeddable":true,"href":"https:\/\/www.aguarda.es\/en\/wp-json\/wp\/v2\/media\/8844"}],"wp:attachment":[{"href":"https:\/\/www.aguarda.es\/en\/wp-json\/wp\/v2\/media?parent=20396"}],"wp:term":[{"taxonomy":"category","embeddable":true,"href":"https:\/\/www.aguarda.es\/en\/wp-json\/wp\/v2\/categories?post=20396"},{"taxonomy":"post_tag","embeddable":true,"href":"https:\/\/www.aguarda.es\/en\/wp-json\/wp\/v2\/tags?post=20396"}],"curies":[{"name":"wp","href":"https:\/\/api.w.org\/{rel}","templated":true}]}}