{"id":20402,"date":"2020-01-22T18:31:04","date_gmt":"2020-01-22T18:31:04","guid":{"rendered":"https:\/\/www.aguarda.es\/?p=20402"},"modified":"2020-01-22T18:37:45","modified_gmt":"2020-01-22T18:37:45","slug":"o-xeodestino-ria-de-vigo-e-baixo-mino-presenta-en-fitur-o-primeiro-reino-medieval-de-europa","status":"publish","type":"post","link":"https:\/\/www.aguarda.es\/en\/o-xeodestino-ria-de-vigo-e-baixo-mino-presenta-en-fitur-o-primeiro-reino-medieval-de-europa\/","title":{"rendered":"O Xeodestino R\u00eda de Vigo e Baixo Mi\u00f1o presenta en FITUR o primeiro reino medieval de Europa"},"content":{"rendered":"<p style=\"text-align: justify\">Posta de longo por todo o alto en FITUR do Xeodestino R\u00eda de Vigo e Baixo Mi\u00f1o. A Directora de Turismo de Galicia, Nava Castro, e alcaldes, alcaldesas e outros representantes dos 14 concellos que abrangue este xeodestino (A Guarda, Baiona, Fornelos de Montes, Gondomar, Mos, Nigr\u00e1n, O Porri\u00f1o, O Rosal, Oia, Pazos de Borb\u00e9n, Redondela, Soutomaior, Tomi\u00f1o e Tui) presentaron este m\u00e9rcores en Madrid o primeiro produto do xeodestino: unha ruta tur\u00edstica polo primeiro reino medieval de Europa. Tr\u00e1tase dun percorrido artellado a trav\u00e9s de diferentes etapas, dende os primeiros poboadores que deixaron o seu selo nas pedras ata os nosos d\u00edas. \u201cBuscamos impulsar a creaci\u00f3n de produto que evidencie a importancia do rol desempe\u00f1ado polo noso xeodestino na historia de Galicia, un produto sostible, singular, perdurable e diferente\u201d, sinalou a alcaldesa de Redondela, Digna Rivas, durante a presentaci\u00f3n.<\/p>\n<p style=\"text-align: justify\">Esta ruta ten un marcado enfoque vertebrador do xeodestino: que o turista se mova por todo o territorio de R\u00eda de Vigo e Baixo Mi\u00f1o. \u201cPersoas que durman en Tui ter\u00e1n escusas para visitar San Sim\u00f3n e as que fagan noite en Baiona seguro que poder\u00e1n achegarse ao Baixo Mi\u00f1o\u201d, destacou Sandra Gonz\u00e1lez, alcaldesa de Tomi\u00f1o e presidenta da Asociaci\u00f3n de Desenvolvemento Galicia Suroeste Eurural, quen recalcou que \u201cqueremos ofrecer ao turista elementos perdurables e que nos identifiquen. Na actualidade, as persoas son moi activas percorrendo un destino e compartindo a s\u00faa experiencia nun mundo cada vez m\u00e1is dixital. A nosa proposta \u00e9 que esa experiencia, eses recordos, sexan gardados para a posteridade\u201d.<\/p>\n<p style=\"text-align: justify\">Para conseguilo, o Xeodestino xa ten a disposici\u00f3n do p\u00fablico dous elementos promocionais singulares. Por un lado, unha postal sonora, unha postal para enviar por correo coa imaxe a\u00e9rea de Tui e cunha pisa de audio engadida que se poder\u00e1 escoitar nun tocadiscos ou a trav\u00e9s dun c\u00f3digo QR. Nesta postal soa m\u00fasicade Frai Rosendo Salvado, emblem\u00e1tico misioneiro de Tui que levou a Galicia \u00e1s Ant\u00edpodas, interpretada pola prestixiosa pianista tudense Andrea Gonz\u00e1lez. Haber\u00e1 unha postal por cada un dos 14 concellos do xeodestino.<\/p>\n<p style=\"text-align: justify\">Ademais, o p\u00fablico poder\u00e1 ter informaci\u00f3n deste primeiro destino tur\u00edstico grazas a un mapa do xeodestino, ideado como un mapa ou folleto coleccionable que asegure a s\u00faa perdurabilidade. Este primeiro mapa conta cas ilustraci\u00f3ns da artista pl\u00e1stica Mar\u00eda Meijide, que recolle un percorrido pola historia do xeodestio a trav\u00e9s de catro etapas diferenciadas: antiguidade, medievo, idade moderna e idade contempor\u00e1nea.<\/p>\n<p style=\"text-align: justify\"><em><strong>Plans de futuro<\/strong><\/em><\/p>\n<p style=\"text-align: justify\">O Xeodestino R\u00eda de Vigo e Baixo Mi\u00f1o conta cunha folla de ruta para os vindeiros 5 anos centrada en 10 li\u00f1as de traballo a trav\u00e9s das que xerar produto, \u201c10 apostas que non deben de ser compartimentos estancos, sen\u00f3n que aparecer\u00e1n nexos com\u00fans e se buscar\u00e1n sinerx\u00edas\u201d, como explicou durante a presentaci\u00f3n a alcaldesa de Mos, Nidia Ar\u00e9valo. \u201cGalicia destaca polo seu patrimonio, a s\u00faa historia, a s\u00faa cultura, pero tam\u00e9n pola s\u00faa paisaxe e recursos naturais, pola s\u00faa gastronom\u00eda e, como non, unha xoia: o Cami\u00f1o de Santiago\u201d, recordou ao tempo que destacaba outros elementos que favorecen a singularidade do territorio, como a pedra, a fronteira con Portugal, a auga, a pr\u00e1ctica deportiva, as festas ou ofrecer un destino tur\u00edstico tradicional e contrastado para familias en per\u00edodo estival. \u201cE \u00e9 que a ampla variedade de recursos que conviven na R\u00eda de Vigo e Baixo Mi\u00f1o facilitan artellar o produto tur\u00edstico, iniciativas que buscar\u00e1n levar \u00e1 excelencia a experiencia tur\u00edstica das persoas que nos visitan\u201d, conclu\u00edu.<\/p>\n<p style=\"text-align: center\"><img decoding=\"async\" loading=\"lazy\" class=\"aligncenter size-full wp-image-20403\" src=\"https:\/\/www.aguarda.es\/wp-content\/uploads\/2020\/01\/PRES-XEODESTINO-FITUR-22-ENE-2020.jpg\" alt=\"\" width=\"600\" height=\"336\" srcset=\"https:\/\/www.aguarda.es\/wp-content\/uploads\/2020\/01\/PRES-XEODESTINO-FITUR-22-ENE-2020.jpg 600w, https:\/\/www.aguarda.es\/wp-content\/uploads\/2020\/01\/PRES-XEODESTINO-FITUR-22-ENE-2020-300x168.jpg 300w\" sizes=\"(max-width: 600px) 100vw, 600px\" \/><\/p>\n","protected":false},"excerpt":{"rendered":"<p>Posta de longo por todo o alto en FITUR do Xeodestino R\u00eda de Vigo e Baixo Mi\u00f1o. A Directora de Turismo de Galicia, Nava Castro, e alcaldes, alcaldesas e outros representantes dos 14 concellos que abrangue este xeodestino (A Guarda, &hellip; <\/p>\n","protected":false},"author":2,"featured_media":20406,"comment_status":"open","ping_status":"open","sticky":false,"template":"","format":"standard","meta":[],"categories":[56],"tags":[226,824,232,1533],"yoast_head":"<!-- This site is optimized with the Yoast SEO plugin v21.1 - https:\/\/yoast.com\/wordpress\/plugins\/seo\/ -->\n<title>O Xeodestino R\u00eda de Vigo e Baixo Mi\u00f1o presenta en FITUR o primeiro reino medieval de Europa - Concello da Guarda<\/title>\n<meta name=\"robots\" content=\"index, follow, max-snippet:-1, max-image-preview:large, max-video-preview:-1\" \/>\n<link rel=\"canonical\" href=\"https:\/\/www.aguarda.es\/en\/o-xeodestino-ria-de-vigo-e-baixo-mino-presenta-en-fitur-o-primeiro-reino-medieval-de-europa\/\" \/>\n<meta property=\"og:locale\" content=\"en_US\" \/>\n<meta property=\"og:type\" content=\"article\" \/>\n<meta property=\"og:title\" content=\"O Xeodestino R\u00eda de Vigo e Baixo Mi\u00f1o presenta en FITUR o primeiro reino medieval de Europa - Concello da Guarda\" \/>\n<meta property=\"og:description\" content=\"Posta de longo por todo o alto en FITUR do Xeodestino R\u00eda de Vigo e Baixo Mi\u00f1o. A Directora de Turismo de Galicia, Nava Castro, e alcaldes, alcaldesas e outros representantes dos 14 concellos que abrangue este xeodestino (A Guarda, &hellip;\" \/>\n<meta property=\"og:url\" content=\"https:\/\/www.aguarda.es\/en\/o-xeodestino-ria-de-vigo-e-baixo-mino-presenta-en-fitur-o-primeiro-reino-medieval-de-europa\/\" \/>\n<meta property=\"og:site_name\" content=\"Concello da Guarda\" \/>\n<meta property=\"article:publisher\" content=\"https:\/\/www.facebook.com\/ConcellodaGuarda\" \/>\n<meta property=\"article:published_time\" content=\"2020-01-22T18:31:04+00:00\" \/>\n<meta property=\"article:modified_time\" content=\"2020-01-22T18:37:45+00:00\" \/>\n<meta property=\"og:image\" content=\"https:\/\/www.aguarda.es\/wp-content\/uploads\/2020\/01\/A-GUARDA-EN-FITUR.jpg\" \/>\n\t<meta property=\"og:image:width\" content=\"800\" \/>\n\t<meta property=\"og:image:height\" content=\"497\" \/>\n\t<meta property=\"og:image:type\" content=\"image\/jpeg\" \/>\n<meta name=\"author\" content=\"prensa\" \/>\n<meta name=\"twitter:card\" content=\"summary_large_image\" \/>\n<meta name=\"twitter:creator\" content=\"@AGuarda_es\" \/>\n<meta name=\"twitter:site\" content=\"@AGuarda_es\" \/>\n<meta name=\"twitter:label1\" content=\"Written by\" \/>\n\t<meta name=\"twitter:data1\" content=\"prensa\" \/>\n\t<meta name=\"twitter:label2\" content=\"Est. reading time\" \/>\n\t<meta name=\"twitter:data2\" content=\"3 minutes\" \/>\n<script type=\"application\/ld+json\" class=\"yoast-schema-graph\">{\"@context\":\"https:\/\/schema.org\",\"@graph\":[{\"@type\":\"WebPage\",\"@id\":\"https:\/\/www.aguarda.es\/en\/o-xeodestino-ria-de-vigo-e-baixo-mino-presenta-en-fitur-o-primeiro-reino-medieval-de-europa\/\",\"url\":\"https:\/\/www.aguarda.es\/en\/o-xeodestino-ria-de-vigo-e-baixo-mino-presenta-en-fitur-o-primeiro-reino-medieval-de-europa\/\",\"name\":\"O Xeodestino R\u00eda de Vigo e Baixo Mi\u00f1o presenta en FITUR o primeiro reino medieval de Europa - Concello da Guarda\",\"isPartOf\":{\"@id\":\"https:\/\/www.aguarda.es\/en\/#website\"},\"datePublished\":\"2020-01-22T18:31:04+00:00\",\"dateModified\":\"2020-01-22T18:37:45+00:00\",\"author\":{\"@id\":\"https:\/\/www.aguarda.es\/en\/#\/schema\/person\/c463ca3006858ffb349d11179d044f21\"},\"breadcrumb\":{\"@id\":\"https:\/\/www.aguarda.es\/en\/o-xeodestino-ria-de-vigo-e-baixo-mino-presenta-en-fitur-o-primeiro-reino-medieval-de-europa\/#breadcrumb\"},\"inLanguage\":\"en-US\",\"potentialAction\":[{\"@type\":\"ReadAction\",\"target\":[\"https:\/\/www.aguarda.es\/en\/o-xeodestino-ria-de-vigo-e-baixo-mino-presenta-en-fitur-o-primeiro-reino-medieval-de-europa\/\"]}]},{\"@type\":\"BreadcrumbList\",\"@id\":\"https:\/\/www.aguarda.es\/en\/o-xeodestino-ria-de-vigo-e-baixo-mino-presenta-en-fitur-o-primeiro-reino-medieval-de-europa\/#breadcrumb\",\"itemListElement\":[{\"@type\":\"ListItem\",\"position\":1,\"name\":\"Portada\",\"item\":\"https:\/\/www.aguarda.es\/en\/\"},{\"@type\":\"ListItem\",\"position\":2,\"name\":\"O Xeodestino R\u00eda de Vigo e Baixo Mi\u00f1o presenta en FITUR o primeiro reino medieval de Europa\"}]},{\"@type\":\"WebSite\",\"@id\":\"https:\/\/www.aguarda.es\/en\/#website\",\"url\":\"https:\/\/www.aguarda.es\/en\/\",\"name\":\"Concello da Guarda\",\"description\":\"P\u00e1xina web do concello da Guarda\",\"potentialAction\":[{\"@type\":\"SearchAction\",\"target\":{\"@type\":\"EntryPoint\",\"urlTemplate\":\"https:\/\/www.aguarda.es\/en\/?s={search_term_string}\"},\"query-input\":\"required name=search_term_string\"}],\"inLanguage\":\"en-US\"},{\"@type\":\"Person\",\"@id\":\"https:\/\/www.aguarda.es\/en\/#\/schema\/person\/c463ca3006858ffb349d11179d044f21\",\"name\":\"prensa\",\"image\":{\"@type\":\"ImageObject\",\"inLanguage\":\"en-US\",\"@id\":\"https:\/\/www.aguarda.es\/en\/#\/schema\/person\/image\/\",\"url\":\"https:\/\/secure.gravatar.com\/avatar\/5f90ef536b0f98306edf5c7a1135ffa1?s=96&d=mm&r=g\",\"contentUrl\":\"https:\/\/secure.gravatar.com\/avatar\/5f90ef536b0f98306edf5c7a1135ffa1?s=96&d=mm&r=g\",\"caption\":\"prensa\"},\"url\":\"https:\/\/www.aguarda.es\/en\/author\/prensa\/\"}]}<\/script>\n<!-- \/ Yoast SEO plugin. -->","yoast_head_json":{"title":"O Xeodestino R\u00eda de Vigo e Baixo Mi\u00f1o presenta en FITUR o primeiro reino medieval de Europa - Concello da Guarda","robots":{"index":"index","follow":"follow","max-snippet":"max-snippet:-1","max-image-preview":"max-image-preview:large","max-video-preview":"max-video-preview:-1"},"canonical":"https:\/\/www.aguarda.es\/en\/o-xeodestino-ria-de-vigo-e-baixo-mino-presenta-en-fitur-o-primeiro-reino-medieval-de-europa\/","og_locale":"en_US","og_type":"article","og_title":"O Xeodestino R\u00eda de Vigo e Baixo Mi\u00f1o presenta en FITUR o primeiro reino medieval de Europa - Concello da Guarda","og_description":"Posta de longo por todo o alto en FITUR do Xeodestino R\u00eda de Vigo e Baixo Mi\u00f1o. A Directora de Turismo de Galicia, Nava Castro, e alcaldes, alcaldesas e outros representantes dos 14 concellos que abrangue este xeodestino (A Guarda, &hellip;","og_url":"https:\/\/www.aguarda.es\/en\/o-xeodestino-ria-de-vigo-e-baixo-mino-presenta-en-fitur-o-primeiro-reino-medieval-de-europa\/","og_site_name":"Concello da Guarda","article_publisher":"https:\/\/www.facebook.com\/ConcellodaGuarda","article_published_time":"2020-01-22T18:31:04+00:00","article_modified_time":"2020-01-22T18:37:45+00:00","og_image":[{"width":800,"height":497,"url":"https:\/\/www.aguarda.es\/wp-content\/uploads\/2020\/01\/A-GUARDA-EN-FITUR.jpg","type":"image\/jpeg"}],"author":"prensa","twitter_card":"summary_large_image","twitter_creator":"@AGuarda_es","twitter_site":"@AGuarda_es","twitter_misc":{"Written by":"prensa","Est. reading time":"3 minutes"},"schema":{"@context":"https:\/\/schema.org","@graph":[{"@type":"WebPage","@id":"https:\/\/www.aguarda.es\/en\/o-xeodestino-ria-de-vigo-e-baixo-mino-presenta-en-fitur-o-primeiro-reino-medieval-de-europa\/","url":"https:\/\/www.aguarda.es\/en\/o-xeodestino-ria-de-vigo-e-baixo-mino-presenta-en-fitur-o-primeiro-reino-medieval-de-europa\/","name":"O Xeodestino R\u00eda de Vigo e Baixo Mi\u00f1o presenta en FITUR o primeiro reino medieval de Europa - Concello da Guarda","isPartOf":{"@id":"https:\/\/www.aguarda.es\/en\/#website"},"datePublished":"2020-01-22T18:31:04+00:00","dateModified":"2020-01-22T18:37:45+00:00","author":{"@id":"https:\/\/www.aguarda.es\/en\/#\/schema\/person\/c463ca3006858ffb349d11179d044f21"},"breadcrumb":{"@id":"https:\/\/www.aguarda.es\/en\/o-xeodestino-ria-de-vigo-e-baixo-mino-presenta-en-fitur-o-primeiro-reino-medieval-de-europa\/#breadcrumb"},"inLanguage":"en-US","potentialAction":[{"@type":"ReadAction","target":["https:\/\/www.aguarda.es\/en\/o-xeodestino-ria-de-vigo-e-baixo-mino-presenta-en-fitur-o-primeiro-reino-medieval-de-europa\/"]}]},{"@type":"BreadcrumbList","@id":"https:\/\/www.aguarda.es\/en\/o-xeodestino-ria-de-vigo-e-baixo-mino-presenta-en-fitur-o-primeiro-reino-medieval-de-europa\/#breadcrumb","itemListElement":[{"@type":"ListItem","position":1,"name":"Portada","item":"https:\/\/www.aguarda.es\/en\/"},{"@type":"ListItem","position":2,"name":"O Xeodestino R\u00eda de Vigo e Baixo Mi\u00f1o presenta en FITUR o primeiro reino medieval de Europa"}]},{"@type":"WebSite","@id":"https:\/\/www.aguarda.es\/en\/#website","url":"https:\/\/www.aguarda.es\/en\/","name":"Concello da Guarda","description":"P\u00e1xina web do concello da Guarda","potentialAction":[{"@type":"SearchAction","target":{"@type":"EntryPoint","urlTemplate":"https:\/\/www.aguarda.es\/en\/?s={search_term_string}"},"query-input":"required name=search_term_string"}],"inLanguage":"en-US"},{"@type":"Person","@id":"https:\/\/www.aguarda.es\/en\/#\/schema\/person\/c463ca3006858ffb349d11179d044f21","name":"prensa","image":{"@type":"ImageObject","inLanguage":"en-US","@id":"https:\/\/www.aguarda.es\/en\/#\/schema\/person\/image\/","url":"https:\/\/secure.gravatar.com\/avatar\/5f90ef536b0f98306edf5c7a1135ffa1?s=96&d=mm&r=g","contentUrl":"https:\/\/secure.gravatar.com\/avatar\/5f90ef536b0f98306edf5c7a1135ffa1?s=96&d=mm&r=g","caption":"prensa"},"url":"https:\/\/www.aguarda.es\/en\/author\/prensa\/"}]}},"_links":{"self":[{"href":"https:\/\/www.aguarda.es\/en\/wp-json\/wp\/v2\/posts\/20402"}],"collection":[{"href":"https:\/\/www.aguarda.es\/en\/wp-json\/wp\/v2\/posts"}],"about":[{"href":"https:\/\/www.aguarda.es\/en\/wp-json\/wp\/v2\/types\/post"}],"author":[{"embeddable":true,"href":"https:\/\/www.aguarda.es\/en\/wp-json\/wp\/v2\/users\/2"}],"replies":[{"embeddable":true,"href":"https:\/\/www.aguarda.es\/en\/wp-json\/wp\/v2\/comments?post=20402"}],"version-history":[{"count":3,"href":"https:\/\/www.aguarda.es\/en\/wp-json\/wp\/v2\/posts\/20402\/revisions"}],"predecessor-version":[{"id":20409,"href":"https:\/\/www.aguarda.es\/en\/wp-json\/wp\/v2\/posts\/20402\/revisions\/20409"}],"wp:featuredmedia":[{"embeddable":true,"href":"https:\/\/www.aguarda.es\/en\/wp-json\/wp\/v2\/media\/20406"}],"wp:attachment":[{"href":"https:\/\/www.aguarda.es\/en\/wp-json\/wp\/v2\/media?parent=20402"}],"wp:term":[{"taxonomy":"category","embeddable":true,"href":"https:\/\/www.aguarda.es\/en\/wp-json\/wp\/v2\/categories?post=20402"},{"taxonomy":"post_tag","embeddable":true,"href":"https:\/\/www.aguarda.es\/en\/wp-json\/wp\/v2\/tags?post=20402"}],"curies":[{"name":"wp","href":"https:\/\/api.w.org\/{rel}","templated":true}]}}